{"id":860,"date":"2022-03-31T21:37:17","date_gmt":"2022-03-31T21:37:17","guid":{"rendered":"https:\/\/revistacongresodigital.com\/?p=860"},"modified":"2022-04-20T23:39:36","modified_gmt":"2022-04-20T23:39:36","slug":"comision-constitucional-comision-primera-constitucional","status":"publish","type":"post","link":"https:\/\/revistacongresodigital.com\/?p=860","title":{"rendered":"COMISION CONSTITUCIONAL"},"content":{"rendered":"\t\t<div data-elementor-type=\"wp-post\" data-elementor-id=\"860\" class=\"elementor elementor-860\">\n\t\t\t\t\t\t<section class=\"elementor-section elementor-top-section elementor-element elementor-element-a7c9585 elementor-section-boxed elementor-section-height-default elementor-section-height-default\" data-id=\"a7c9585\" data-element_type=\"section\" data-e-type=\"section\">\n\t\t\t\t\t\t<div class=\"elementor-container elementor-column-gap-default\">\n\t\t\t\t\t<div class=\"elementor-column elementor-col-100 elementor-top-column elementor-element elementor-element-9a6c329\" data-id=\"9a6c329\" data-element_type=\"column\" data-e-type=\"column\">\n\t\t\t<div class=\"elementor-widget-wrap elementor-element-populated\">\n\t\t\t\t\t\t<div class=\"elementor-element elementor-element-7e9a8ee elementor-widget elementor-widget-heading\" data-id=\"7e9a8ee\" data-element_type=\"widget\" data-e-type=\"widget\" data-widget_type=\"heading.default\">\n\t\t\t\t<div class=\"elementor-widget-container\">\n\t\t\t\t\t<h3 class=\"elementor-heading-title elementor-size-default\">COMISION PRIMERA CONSTITUCIONAL\nPERMANENTE LEGISLATURA: 2021 - 2022<\/h3>\t\t\t\t<\/div>\n\t\t\t\t<\/div>\n\t\t\t\t\t<\/div>\n\t\t<\/div>\n\t\t\t\t\t<\/div>\n\t\t<\/section>\n\t\t\t\t<section class=\"elementor-section elementor-top-section elementor-element elementor-element-2e1c109 elementor-section-boxed elementor-section-height-default elementor-section-height-default\" data-id=\"2e1c109\" data-element_type=\"section\" data-e-type=\"section\">\n\t\t\t\t\t\t<div class=\"elementor-container elementor-column-gap-default\">\n\t\t\t\t\t<div class=\"elementor-column elementor-col-100 elementor-top-column elementor-element elementor-element-da734e6\" data-id=\"da734e6\" data-element_type=\"column\" data-e-type=\"column\">\n\t\t\t<div class=\"elementor-widget-wrap elementor-element-populated\">\n\t\t\t\t\t\t<div class=\"elementor-element elementor-element-64ee459 elementor-widget elementor-widget-spacer\" data-id=\"64ee459\" data-element_type=\"widget\" data-e-type=\"widget\" data-widget_type=\"spacer.default\">\n\t\t\t\t<div class=\"elementor-widget-container\">\n\t\t\t\t\t\t\t<div class=\"elementor-spacer\">\n\t\t\t<div class=\"elementor-spacer-inner\"><\/div>\n\t\t<\/div>\n\t\t\t\t\t\t<\/div>\n\t\t\t\t<\/div>\n\t\t\t\t\t<\/div>\n\t\t<\/div>\n\t\t\t\t\t<\/div>\n\t\t<\/section>\n\t\t\t\t<section class=\"elementor-section elementor-top-section elementor-element elementor-element-0cd0594 elementor-section-boxed elementor-section-height-default elementor-section-height-default\" data-id=\"0cd0594\" data-element_type=\"section\" data-e-type=\"section\">\n\t\t\t\t\t\t<div class=\"elementor-container elementor-column-gap-default\">\n\t\t\t\t\t<div class=\"elementor-column elementor-col-100 elementor-top-column elementor-element elementor-element-6f0dc77\" data-id=\"6f0dc77\" data-element_type=\"column\" data-e-type=\"column\">\n\t\t\t<div class=\"elementor-widget-wrap elementor-element-populated\">\n\t\t\t\t\t\t<div class=\"elementor-element elementor-element-a47a0de elementor-widget elementor-widget-text-editor\" data-id=\"a47a0de\" data-element_type=\"widget\" data-e-type=\"widget\" data-widget_type=\"text-editor.default\">\n\t\t\t\t<div class=\"elementor-widget-container\">\n\t\t\t\t\t\t\t\t\t<p>Descripci\u00f3n<\/p>\n<p><!-- \/wp:paragraph --><!-- wp:paragraph --><\/p>\n<p>La Comisi\u00f3n Primera Constitucional, est\u00e1 compuesta por treinta y ocho\u00a0(38) miembros en la C\u00e1mara de Representantes, esta conocer\u00e1 de temas relacionados con:<br \/><br \/>1. Reformas Constitucionales;\u00a0<br \/>2. Leyes Estatutarias;\u00a0<br \/>3. Organizaci\u00f3n Territorial;<br \/>4. Reglamentos de los Organismos de Control;<br \/>5. Normas generales sobre contrataci\u00f3n administrativa;<br \/>6. Notariado y Registro;<br \/>7. Estructura y organizaci\u00f3n de la administraci\u00f3n Nacional Central;<br \/>8. de derechos, las garant\u00edas y los deberes;<br \/>9. Rama Legislativa;<br \/>10. Estrategias y pol\u00edticas para la paz;<br \/>11. Propiedad intelectual;<br \/>12. Variaci\u00f3n de la residencia de los altos poderes nacionales;<br \/>13. Asuntos \u00e9tnicos.<\/p>\t\t\t\t\t\t\t\t<\/div>\n\t\t\t\t<\/div>\n\t\t\t\t\t<\/div>\n\t\t<\/div>\n\t\t\t\t\t<\/div>\n\t\t<\/section>\n\t\t\t\t<section class=\"elementor-section elementor-top-section elementor-element elementor-element-5d332a3 elementor-section-boxed elementor-section-height-default elementor-section-height-default\" data-id=\"5d332a3\" data-element_type=\"section\" data-e-type=\"section\">\n\t\t\t\t\t\t<div class=\"elementor-container elementor-column-gap-default\">\n\t\t\t\t\t<div class=\"elementor-column elementor-col-100 elementor-top-column elementor-element elementor-element-12eaaa5\" data-id=\"12eaaa5\" data-element_type=\"column\" data-e-type=\"column\">\n\t\t\t<div class=\"elementor-widget-wrap elementor-element-populated\">\n\t\t\t\t\t\t<div class=\"elementor-element elementor-element-bccb7c5 elementor-widget elementor-widget-heading\" data-id=\"bccb7c5\" data-element_type=\"widget\" data-e-type=\"widget\" data-widget_type=\"heading.default\">\n\t\t\t\t<div class=\"elementor-widget-container\">\n\t\t\t\t\t<h2 class=\"elementor-heading-title elementor-size-default\">Integrantes -   Periodo Legislativo 2021 - 2022<\/h2>\t\t\t\t<\/div>\n\t\t\t\t<\/div>\n\t\t\t\t\t<\/div>\n\t\t<\/div>\n\t\t\t\t\t<\/div>\n\t\t<\/section>\n\t\t\t\t<section class=\"elementor-section elementor-top-section elementor-element elementor-element-64fc4ca elementor-section-boxed elementor-section-height-default elementor-section-height-default\" data-id=\"64fc4ca\" data-element_type=\"section\" data-e-type=\"section\">\n\t\t\t\t\t\t<div class=\"elementor-container elementor-column-gap-default\">\n\t\t\t\t\t<div class=\"elementor-column elementor-col-100 elementor-top-column elementor-element elementor-element-7cd9a28\" data-id=\"7cd9a28\" data-element_type=\"column\" data-e-type=\"column\">\n\t\t\t<div class=\"elementor-widget-wrap elementor-element-populated\">\n\t\t\t\t\t\t<div class=\"elementor-element elementor-element-d872b05 elementor-widget elementor-widget-spacer\" data-id=\"d872b05\" data-element_type=\"widget\" data-e-type=\"widget\" data-widget_type=\"spacer.default\">\n\t\t\t\t<div class=\"elementor-widget-container\">\n\t\t\t\t\t\t\t<div class=\"elementor-spacer\">\n\t\t\t<div class=\"elementor-spacer-inner\"><\/div>\n\t\t<\/div>\n\t\t\t\t\t\t<\/div>\n\t\t\t\t<\/div>\n\t\t\t\t\t<\/div>\n\t\t<\/div>\n\t\t\t\t\t<\/div>\n\t\t<\/section>\n\t\t\t\t<section class=\"elementor-section elementor-top-section elementor-element elementor-element-fb8d99a elementor-section-boxed elementor-section-height-default elementor-section-height-default\" data-id=\"fb8d99a\" data-element_type=\"section\" data-e-type=\"section\">\n\t\t\t\t\t\t<div class=\"elementor-container elementor-column-gap-default\">\n\t\t\t\t\t<div class=\"elementor-column elementor-col-25 elementor-top-column elementor-element elementor-element-b7af572\" data-id=\"b7af572\" data-element_type=\"column\" data-e-type=\"column\">\n\t\t\t<div class=\"elementor-widget-wrap elementor-element-populated\">\n\t\t\t\t\t\t<div class=\"elementor-element elementor-element-8e44e33 elementor-widget elementor-widget-image\" data-id=\"8e44e33\" data-element_type=\"widget\" data-e-type=\"widget\" data-widget_type=\"image.default\">\n\t\t\t\t<div class=\"elementor-widget-container\">\n\t\t\t\t\t\t\t\t\t\t\t\t<figure class=\"wp-caption\">\n\t\t\t\t\t\t\t\t\t\t<img decoding=\"async\" width=\"150\" height=\"190\" src=\"https:\/\/revistacongresodigital.com\/wp-content\/uploads\/2022\/03\/JULIO-CESAR-TRIANA-QUINTERO.png\" class=\"attachment-large size-large wp-image-1667\" alt=\"JULIO CESAR TRIANA QUINTERO\" \/>\t\t\t\t\t\t\t\t\t\t\t<figcaption class=\"widget-image-caption wp-caption-text\">Julio Cesar Triana Quintero Presidente<\/figcaption>\n\t\t\t\t\t\t\t\t\t\t<\/figure>\n\t\t\t\t\t\t\t\t\t<\/div>\n\t\t\t\t<\/div>\n\t\t\t\t\t<\/div>\n\t\t<\/div>\n\t\t\t\t<div class=\"elementor-column elementor-col-25 elementor-top-column elementor-element elementor-element-f788cf7\" data-id=\"f788cf7\" data-element_type=\"column\" data-e-type=\"column\">\n\t\t\t<div class=\"elementor-widget-wrap elementor-element-populated\">\n\t\t\t\t\t\t<div class=\"elementor-element elementor-element-52f0094 elementor-widget elementor-widget-image\" data-id=\"52f0094\" data-element_type=\"widget\" data-e-type=\"widget\" data-widget_type=\"image.default\">\n\t\t\t\t<div class=\"elementor-widget-container\">\n\t\t\t\t\t\t\t\t\t\t\t\t<figure class=\"wp-caption\">\n\t\t\t\t\t\t\t\t\t\t<img decoding=\"async\" width=\"150\" height=\"190\" src=\"https:\/\/revistacongresodigital.com\/wp-content\/uploads\/2022\/03\/MARGARITA-MARIA-RESTREPO-ARANGO.jpg\" class=\"attachment-large size-large wp-image-1671\" alt=\"MARGARITA MAR\u00cdA RESTREPO ARANGO\" \/>\t\t\t\t\t\t\t\t\t\t\t<figcaption class=\"widget-image-caption wp-caption-text\">Margarita Maria Restrepo Arango Vicepresidente<\/figcaption>\n\t\t\t\t\t\t\t\t\t\t<\/figure>\n\t\t\t\t\t\t\t\t\t<\/div>\n\t\t\t\t<\/div>\n\t\t\t\t\t<\/div>\n\t\t<\/div>\n\t\t\t\t<div class=\"elementor-column elementor-col-25 elementor-top-column elementor-element elementor-element-df71353\" data-id=\"df71353\" data-element_type=\"column\" data-e-type=\"column\">\n\t\t\t<div class=\"elementor-widget-wrap elementor-element-populated\">\n\t\t\t\t\t\t<div class=\"elementor-element elementor-element-25ae03c elementor-widget elementor-widget-image\" data-id=\"25ae03c\" data-element_type=\"widget\" data-e-type=\"widget\" data-widget_type=\"image.default\">\n\t\t\t\t<div class=\"elementor-widget-container\">\n\t\t\t\t\t\t\t\t\t\t\t\t<figure class=\"wp-caption\">\n\t\t\t\t\t\t\t\t\t\t<img decoding=\"async\" width=\"150\" height=\"190\" src=\"https:\/\/revistacongresodigital.com\/wp-content\/uploads\/2022\/03\/Amparito-C.jpg\" class=\"attachment-large size-large wp-image-1676\" alt=\"Amparito C\" \/>\t\t\t\t\t\t\t\t\t\t\t<figcaption class=\"widget-image-caption wp-caption-text\">Amparo Yaneth Calderon Perdomo Secretaria<\/figcaption>\n\t\t\t\t\t\t\t\t\t\t<\/figure>\n\t\t\t\t\t\t\t\t\t<\/div>\n\t\t\t\t<\/div>\n\t\t\t\t\t<\/div>\n\t\t<\/div>\n\t\t\t\t<div class=\"elementor-column elementor-col-25 elementor-top-column elementor-element elementor-element-644d229\" data-id=\"644d229\" data-element_type=\"column\" data-e-type=\"column\">\n\t\t\t<div class=\"elementor-widget-wrap elementor-element-populated\">\n\t\t\t\t\t\t<div class=\"elementor-element elementor-element-5bc7d90 elementor-widget elementor-widget-image\" data-id=\"5bc7d90\" data-element_type=\"widget\" data-e-type=\"widget\" data-widget_type=\"image.default\">\n\t\t\t\t<div class=\"elementor-widget-container\">\n\t\t\t\t\t\t\t\t\t\t\t\t<figure class=\"wp-caption\">\n\t\t\t\t\t\t\t\t\t\t<img loading=\"lazy\" decoding=\"async\" width=\"150\" height=\"190\" src=\"https:\/\/revistacongresodigital.com\/wp-content\/uploads\/2022\/03\/Sonia-Cortes.._0.jpg\" class=\"attachment-large size-large wp-image-1680\" alt=\"Sonia Cortes.._0\" \/>\t\t\t\t\t\t\t\t\t\t\t<figcaption class=\"widget-image-caption wp-caption-text\">Dora Sonia Cortes Castillo Subsecretaria<\/figcaption>\n\t\t\t\t\t\t\t\t\t\t<\/figure>\n\t\t\t\t\t\t\t\t\t<\/div>\n\t\t\t\t<\/div>\n\t\t\t\t\t<\/div>\n\t\t<\/div>\n\t\t\t\t\t<\/div>\n\t\t<\/section>\n\t\t\t\t<section class=\"elementor-section elementor-top-section elementor-element elementor-element-54dfb65 elementor-section-boxed elementor-section-height-default elementor-section-height-default\" data-id=\"54dfb65\" data-element_type=\"section\" data-e-type=\"section\">\n\t\t\t\t\t\t<div class=\"elementor-container elementor-column-gap-default\">\n\t\t\t\t\t<div class=\"elementor-column elementor-col-100 elementor-top-column elementor-element elementor-element-8caffb9\" data-id=\"8caffb9\" data-element_type=\"column\" data-e-type=\"column\">\n\t\t\t<div class=\"elementor-widget-wrap elementor-element-populated\">\n\t\t\t\t\t\t<div class=\"elementor-element elementor-element-4b21232 elementor-widget elementor-widget-spacer\" data-id=\"4b21232\" data-element_type=\"widget\" data-e-type=\"widget\" data-widget_type=\"spacer.default\">\n\t\t\t\t<div class=\"elementor-widget-container\">\n\t\t\t\t\t\t\t<div class=\"elementor-spacer\">\n\t\t\t<div class=\"elementor-spacer-inner\"><\/div>\n\t\t<\/div>\n\t\t\t\t\t\t<\/div>\n\t\t\t\t<\/div>\n\t\t\t\t\t<\/div>\n\t\t<\/div>\n\t\t\t\t\t<\/div>\n\t\t<\/section>\n\t\t\t\t<section class=\"elementor-section elementor-top-section elementor-element elementor-element-f53b960 elementor-section-boxed elementor-section-height-default elementor-section-height-default\" data-id=\"f53b960\" data-element_type=\"section\" data-e-type=\"section\">\n\t\t\t\t\t\t<div class=\"elementor-container elementor-column-gap-default\">\n\t\t\t\t\t<div class=\"elementor-column elementor-col-100 elementor-top-column elementor-element elementor-element-206fffa\" data-id=\"206fffa\" data-element_type=\"column\" data-e-type=\"column\">\n\t\t\t<div class=\"elementor-widget-wrap elementor-element-populated\">\n\t\t\t\t\t\t<div class=\"elementor-element elementor-element-388172f elementor-widget elementor-widget-heading\" data-id=\"388172f\" data-element_type=\"widget\" data-e-type=\"widget\" data-widget_type=\"heading.default\">\n\t\t\t\t<div class=\"elementor-widget-container\">\n\t\t\t\t\t<h4 class=\"elementor-heading-title elementor-size-default\">39 INTEGRANTES<\/h4>\t\t\t\t<\/div>\n\t\t\t\t<\/div>\n\t\t\t\t\t<\/div>\n\t\t<\/div>\n\t\t\t\t\t<\/div>\n\t\t<\/section>\n\t\t\t\t<section class=\"elementor-section elementor-top-section elementor-element elementor-element-b7ea369 elementor-section-boxed elementor-section-height-default elementor-section-height-default\" data-id=\"b7ea369\" data-element_type=\"section\" data-e-type=\"section\">\n\t\t\t\t\t\t<div class=\"elementor-container elementor-column-gap-default\">\n\t\t\t\t\t<div class=\"elementor-column elementor-col-100 elementor-top-column elementor-element elementor-element-1d28f92\" data-id=\"1d28f92\" data-element_type=\"column\" data-e-type=\"column\">\n\t\t\t<div class=\"elementor-widget-wrap elementor-element-populated\">\n\t\t\t\t\t\t<div class=\"elementor-element elementor-element-6f916cf elementor-widget elementor-widget-spacer\" data-id=\"6f916cf\" data-element_type=\"widget\" data-e-type=\"widget\" data-widget_type=\"spacer.default\">\n\t\t\t\t<div class=\"elementor-widget-container\">\n\t\t\t\t\t\t\t<div class=\"elementor-spacer\">\n\t\t\t<div class=\"elementor-spacer-inner\"><\/div>\n\t\t<\/div>\n\t\t\t\t\t\t<\/div>\n\t\t\t\t<\/div>\n\t\t\t\t\t<\/div>\n\t\t<\/div>\n\t\t\t\t\t<\/div>\n\t\t<\/section>\n\t\t\t\t<section class=\"elementor-section elementor-top-section elementor-element elementor-element-880eb24 elementor-section-boxed elementor-section-height-default elementor-section-height-default\" data-id=\"880eb24\" data-element_type=\"section\" data-e-type=\"section\">\n\t\t\t\t\t\t<div class=\"elementor-container elementor-column-gap-default\">\n\t\t\t\t\t<div class=\"elementor-column elementor-col-100 elementor-top-column elementor-element elementor-element-15c818c\" data-id=\"15c818c\" data-element_type=\"column\" data-e-type=\"column\">\n\t\t\t<div class=\"elementor-widget-wrap elementor-element-populated\">\n\t\t\t\t\t\t<section class=\"elementor-section elementor-inner-section elementor-element elementor-element-6868629 elementor-section-boxed elementor-section-height-default elementor-section-height-default\" data-id=\"6868629\" data-element_type=\"section\" data-e-type=\"section\">\n\t\t\t\t\t\t<div class=\"elementor-container elementor-column-gap-default\">\n\t\t\t\t\t<div class=\"elementor-column elementor-col-50 elementor-inner-column elementor-element elementor-element-2e0d36e\" data-id=\"2e0d36e\" data-element_type=\"column\" data-e-type=\"column\">\n\t\t\t<div class=\"elementor-widget-wrap elementor-element-populated\">\n\t\t\t\t\t\t<div class=\"elementor-element elementor-element-9aaa498 elementor-widget elementor-widget-text-editor\" data-id=\"9aaa498\" data-element_type=\"widget\" data-e-type=\"widget\" data-widget_type=\"text-editor.default\">\n\t\t\t\t<div class=\"elementor-widget-container\">\n\t\t\t\t\t\t\t\t\t<p><a href=\"https:\/\/www.camara.gov.co\/comision\/comision-primera-constitucional-permanente\/?location=undefined#\">Luis Alberto Alb\u00e1n UrbanoValle del Cauca| Partido Comunes<\/a><\/p>\n<p><!-- \/wp:paragraph --><!-- wp:paragraph --><\/p>\n<p><a href=\"https:\/\/www.camara.gov.co\/comision\/comision-primera-constitucional-permanente\/?location=undefined#\">Inti Ra\u00fal Asprilla ReyesBogot\u00e1|Partido Verde<\/a><\/p>\n<p><!-- \/wp:paragraph --><!-- wp:paragraph --><\/p>\n<p><a href=\"https:\/\/www.camara.gov.co\/comision\/comision-primera-constitucional-permanente\/?location=undefined#\">Juanita Mar\u00eda Goebertus EstradaBogot\u00e1|Partido Verde<\/a><\/p>\n<p><!-- \/wp:paragraph --><!-- wp:paragraph --><\/p>\n<p><a href=\"https:\/\/www.camara.gov.co\/comision\/comision-primera-constitucional-permanente\/?location=undefined#\">\u00c1ngela Mar\u00eda Robledo G\u00f3mezEstatuto de Oposici\u00f3n| Colombia Humana<\/a><\/p>\n<p><!-- \/wp:paragraph --><!-- wp:paragraph --><\/p>\n<p><a href=\"https:\/\/www.camara.gov.co\/comision\/comision-primera-constitucional-permanente\/?location=undefined#\">Jorge Eli\u00e9cer Tamayo MarulandaValle del Cauca| Partido de la U<\/a><\/p>\n<p><!-- \/wp:paragraph --><!-- wp:paragraph --><\/p>\n<p><a href=\"https:\/\/www.camara.gov.co\/comision\/comision-primera-constitucional-permanente\/?location=undefined#\">John Jairo Hoyos Garc\u00edaValle del Cauca| Partido de la U<\/a><\/p>\n<p><!-- \/wp:paragraph --><!-- wp:paragraph --><\/p>\n<p><a href=\"https:\/\/www.camara.gov.co\/comision\/comision-primera-constitucional-permanente\/?location=undefined#\">Jorge Enrique Burgos LugoC\u00f3rdoba|Partido de la U<\/a><\/p>\n<p><!-- \/wp:paragraph --><!-- wp:paragraph --><\/p>\n<p><a href=\"https:\/\/www.camara.gov.co\/comision\/comision-primera-constitucional-permanente\/?location=undefined#\">Alfredo Rafael Deluque ZuletaLa Guajira|Partido de la U<\/a><\/p>\n<p><!-- \/wp:paragraph --><!-- wp:paragraph --><\/p>\n<p><a href=\"https:\/\/www.camara.gov.co\/comision\/comision-primera-constitucional-permanente\/?location=undefined#\">Elbert D\u00edaz LozanoValle del Cauca|Partido de la U<\/a><\/p>\n<p><!-- \/wp:paragraph --><!-- wp:paragraph --><\/p>\n<p><a href=\"https:\/\/www.camara.gov.co\/comision\/comision-primera-constitucional-permanente\/?location=undefined#\">Adriana Magali Matiz VargasTolima|Partido Conservador Colombiano<\/a><\/p>\n<p><!-- \/wp:paragraph --><!-- wp:paragraph --><\/p>\n<p><a href=\"https:\/\/www.camara.gov.co\/comision\/comision-primera-constitucional-permanente\/?location=undefined#\">Juan Carlos Wills OspinaBogot\u00e1|Partido Conservador Colombiano<\/a><\/p>\n<p><!-- \/wp:paragraph --><!-- wp:paragraph --><\/p>\n<p><a href=\"https:\/\/www.camara.gov.co\/comision\/comision-primera-constitucional-permanente\/?location=undefined#\">Jos\u00e9 Gustavo Padilla OrozcoValle del Cauca|Partido Conservador Colombiano<\/a><\/p>\n<p><!-- \/wp:paragraph --><!-- wp:paragraph --><\/p>\n<p><a href=\"https:\/\/www.camara.gov.co\/comision\/comision-primera-constitucional-permanente\/?location=undefined#\">Buenaventura Le\u00f3n Le\u00f3nCundinamarca|Partido Conservador Colombiano<\/a><\/p>\n<p><!-- \/wp:paragraph --><!-- wp:paragraph --><\/p>\n<p><a href=\"https:\/\/www.camara.gov.co\/comision\/comision-primera-constitucional-permanente\/?location=undefined#\">Erwin Arias BetancurCaldas|Cambio Radical<\/a><\/p>\n<p><a href=\"https:\/\/www.camara.gov.co\/comision\/comision-primera-constitucional-permanente\/?location=undefined#\">C\u00e9sar Augusto Lorduy MaldonadoAtl\u00e1ntico|Cambio Radical<\/a><\/p>\n<p><!-- \/wp:paragraph --><!-- wp:paragraph --><\/p>\n<p><a href=\"https:\/\/www.camara.gov.co\/comision\/comision-primera-constitucional-permanente\/?location=undefined#\">David Ernesto Pulido NovoaGuaviare|Cambio Radical<\/a><\/p>\n<p><!-- \/wp:paragraph --><!-- wp:paragraph --><\/p>\n<p><a href=\"https:\/\/www.camara.gov.co\/comision\/comision-primera-constitucional-permanente\/?location=undefined#\">Jaime Rodr\u00edguez ContrerasMeta|Cambio Radical<\/a><\/p>\n<p><!-- \/wp:paragraph --><!-- wp:paragraph --><\/p>\n<p><a href=\"https:\/\/www.camara.gov.co\/comision\/comision-primera-constitucional-permanente\/?location=undefined#\">Julio C\u00e9sar Triana QuinteroHuila|Cambio Radical<\/a><\/p>\n<p><!-- \/wp:paragraph --><!-- wp:paragraph --><\/p>\n<p><a href=\"https:\/\/www.camara.gov.co\/comision\/comision-primera-constitucional-permanente\/?location=undefined#\">Jos\u00e9 Daniel L\u00f3pez Jim\u00e9nezBogot\u00e1|Cambio Radical<\/a><\/p>\n<p><!-- \/wp:paragraph --><!-- wp:paragraph --><\/p>\n<div aria-hidden=\"true\">\n<p><a href=\"https:\/\/www.camara.gov.co\/comision\/comision-primera-constitucional-permanente\/?location=undefined#\">Oscar Leonardo Villamizar MenesesSantander|Centro Democr\u00e1tico<\/a><\/p>\n<p><!-- \/wp:paragraph --><!-- wp:paragraph --><\/p>\n<\/div>\t\t\t\t\t\t\t\t<\/div>\n\t\t\t\t<\/div>\n\t\t\t\t\t<\/div>\n\t\t<\/div>\n\t\t\t\t<div class=\"elementor-column elementor-col-50 elementor-inner-column elementor-element elementor-element-2fe292d\" data-id=\"2fe292d\" data-element_type=\"column\" data-e-type=\"column\">\n\t\t\t<div class=\"elementor-widget-wrap elementor-element-populated\">\n\t\t\t\t\t\t<div class=\"elementor-element elementor-element-2463f9e elementor-widget elementor-widget-text-editor\" data-id=\"2463f9e\" data-element_type=\"widget\" data-e-type=\"widget\" data-widget_type=\"text-editor.default\">\n\t\t\t\t<div class=\"elementor-widget-container\">\n\t\t\t\t\t\t\t\t\t<p><!-- \/wp:paragraph --><!-- wp:paragraph --><\/p>\n<p><a href=\"https:\/\/www.camara.gov.co\/comision\/comision-primera-constitucional-permanente\/?location=undefined#\">Gabriel Jaime Vallejo ChujfiRisaralda|Centro Democr\u00e1tico<\/a><\/p>\n<p><!-- \/wp:paragraph --><!-- wp:paragraph --><\/p>\n<p><a href=\"https:\/\/www.camara.gov.co\/comision\/comision-primera-constitucional-permanente\/?location=undefined#\">Jos\u00e9 Jaime Usc\u00e1tegui PastranaBogot\u00e1|Centro Democr\u00e1tico<\/a><\/p>\n<p><!-- \/wp:paragraph --><!-- wp:paragraph --><\/p>\n<p><a href=\"https:\/\/www.camara.gov.co\/comision\/comision-primera-constitucional-permanente\/?location=undefined#\">Gabriel Santos Garc\u00edaBogot\u00e1|Centro Democr\u00e1tico<\/a><\/p>\n<p><!-- \/wp:paragraph --><!-- wp:paragraph --><\/p>\n<p><a href=\"https:\/\/www.camara.gov.co\/comision\/comision-primera-constitucional-permanente\/?location=undefined#\">Edward David Rodr\u00edguez Rodr\u00edguezBogot\u00e1|Centro Democr\u00e1tico<\/a><\/p>\n<p><!-- \/wp:paragraph --><!-- wp:paragraph --><\/p>\n<p><a href=\"https:\/\/www.camara.gov.co\/comision\/comision-primera-constitucional-permanente\/?location=undefined#\">Henry Cu\u00e9llar RicoHuila|Centro Democr\u00e1tico<\/a><\/p>\n<p><!-- \/wp:paragraph --><!-- wp:paragraph --><\/p>\n<p><a href=\"https:\/\/www.camara.gov.co\/comision\/comision-primera-constitucional-permanente\/?location=undefined#\">Margarita Mar\u00eda Restrepo ArangoAntioquia|Centro Democr\u00e1tico<\/a><\/p>\n<p><!-- \/wp:paragraph --><!-- wp:paragraph --><\/p>\n<p><a href=\"https:\/\/www.camara.gov.co\/comision\/comision-primera-constitucional-permanente\/?location=undefined#\">Carlos Germ\u00e1n Navas TaleroBogot\u00e1|Polo Democr\u00e1tico Alternativo<\/a><\/p>\n<p><!-- \/wp:paragraph --><!-- wp:paragraph --><\/p>\n<p><a href=\"https:\/\/www.camara.gov.co\/comision\/comision-primera-constitucional-permanente\/?location=undefined#\">Nilton C\u00f3rdoba ManyomaChoc\u00f3|Partido Liberal<\/a><\/p>\n<p><!-- \/wp:paragraph --><!-- wp:paragraph --><\/p>\n<p><a href=\"https:\/\/www.camara.gov.co\/comision\/comision-primera-constitucional-permanente\/?location=undefined#\">Hern\u00e1n Gustavo Estupi\u00f1an CalvacheNari\u00f1o|Partido Liberal<\/a><\/p>\n<p><!-- \/wp:paragraph --><!-- wp:paragraph --><\/p>\n<p><a href=\"https:\/\/www.camara.gov.co\/comision\/comision-primera-constitucional-permanente\/?location=undefined#\">Harry Giovanny Gonz\u00e1lez Garc\u00edaCaquet\u00e1|Partido Liberal<\/a><\/p>\n<p><!-- \/wp:paragraph --><!-- wp:paragraph --><\/p>\n<p><a href=\"https:\/\/www.camara.gov.co\/comision\/comision-primera-constitucional-permanente\/?location=undefined#\">Oscar Hern\u00e1n S\u00e1nchez Le\u00f3nCundinamarca|Partido Liberal<\/a><\/p>\n<p><!-- \/wp:paragraph --><!-- wp:paragraph --><\/p>\n<p><a href=\"https:\/\/www.camara.gov.co\/comision\/comision-primera-constitucional-permanente\/?location=undefined#\">Alejandro Alberto Vega P\u00e9rezMeta|Partido Liberal<\/a><\/p>\n<p><!-- \/wp:paragraph --><!-- wp:paragraph --><\/p>\n<p><a href=\"https:\/\/www.camara.gov.co\/comision\/comision-primera-constitucional-permanente\/?location=undefined#\">Andr\u00e9s David Calle AguasC\u00f3rdoba|Partido Liberal<\/a><\/p>\n<p><!-- \/wp:paragraph --><!-- wp:paragraph --><\/p>\n<p><a href=\"https:\/\/www.camara.gov.co\/comision\/comision-primera-constitucional-permanente\/?location=undefined#\">Juan Fernando Reyes KuriValle del Cauca|Partido Liberal<\/a><\/p>\n<p><!-- \/wp:paragraph --><!-- wp:paragraph --><\/p>\n<p><a href=\"https:\/\/www.camara.gov.co\/comision\/comision-primera-constitucional-permanente\/?location=undefined#\">Julian Peinado Ram\u00edrezAntioquia|Partido Liberal<\/a><\/p>\n<p><!-- \/wp:paragraph --><!-- wp:paragraph --><\/p>\n<p><a href=\"https:\/\/www.camara.gov.co\/comision\/comision-primera-constitucional-permanente\/?location=undefined#\">Juan Carlos Lozada VargasBogot\u00e1|Partido Liberal<\/a><\/p>\n<p><!-- \/wp:paragraph --><!-- wp:paragraph --><\/p>\n<p><a href=\"https:\/\/www.camara.gov.co\/comision\/comision-primera-constitucional-permanente\/?location=undefined#\">Jorge M\u00e9ndez Hern\u00e1ndezSan Andr\u00e9s y Providencia| Cambio Radical<\/a><\/p>\n<p><!-- \/wp:paragraph --><!-- wp:paragraph --><\/p>\n<p><a href=\"https:\/\/www.camara.gov.co\/comision\/comision-primera-constitucional-permanente\/?location=undefined#\">\u00c1ngela Mar\u00eda Robledo G\u00f3mezEstatuto de Oposici\u00f3n| Colombia Humana<\/a><\/p>\n<p><!-- \/wp:paragraph --><!-- wp:paragraph --><\/p>\n<p><a href=\"https:\/\/www.camara.gov.co\/comision\/comision-primera-constitucional-permanente\/?location=undefined#\">Juan Manuel Daza Iguar\u00e1nBogot\u00e1| Centro Democr\u00e1tico<\/a><\/p>\n<p><!-- \/wp:paragraph --><!-- wp:spacer {\"height\":\"18px\"} --><\/p>\t\t\t\t\t\t\t\t<\/div>\n\t\t\t\t<\/div>\n\t\t\t\t\t<\/div>\n\t\t<\/div>\n\t\t\t\t\t<\/div>\n\t\t<\/section>\n\t\t\t\t\t<\/div>\n\t\t<\/div>\n\t\t\t\t\t<\/div>\n\t\t<\/section>\n\t\t\t\t<section class=\"elementor-section elementor-top-section elementor-element elementor-element-751f2e3 elementor-section-boxed elementor-section-height-default elementor-section-height-default\" data-id=\"751f2e3\" data-element_type=\"section\" data-e-type=\"section\">\n\t\t\t\t\t\t<div class=\"elementor-container elementor-column-gap-default\">\n\t\t\t\t\t<div class=\"elementor-column elementor-col-100 elementor-top-column elementor-element elementor-element-5983ff0\" data-id=\"5983ff0\" data-element_type=\"column\" data-e-type=\"column\">\n\t\t\t<div class=\"elementor-widget-wrap elementor-element-populated\">\n\t\t\t\t\t\t<div class=\"elementor-element elementor-element-5a9f68e elementor-widget elementor-widget-spacer\" data-id=\"5a9f68e\" data-element_type=\"widget\" data-e-type=\"widget\" data-widget_type=\"spacer.default\">\n\t\t\t\t<div class=\"elementor-widget-container\">\n\t\t\t\t\t\t\t<div class=\"elementor-spacer\">\n\t\t\t<div class=\"elementor-spacer-inner\"><\/div>\n\t\t<\/div>\n\t\t\t\t\t\t<\/div>\n\t\t\t\t<\/div>\n\t\t\t\t\t<\/div>\n\t\t<\/div>\n\t\t\t\t\t<\/div>\n\t\t<\/section>\n\t\t\t\t<section class=\"elementor-section elementor-top-section elementor-element elementor-element-610339e elementor-section-boxed elementor-section-height-default elementor-section-height-default\" data-id=\"610339e\" data-element_type=\"section\" data-e-type=\"section\">\n\t\t\t\t\t\t<div class=\"elementor-container elementor-column-gap-default\">\n\t\t\t\t\t<div class=\"elementor-column elementor-col-100 elementor-top-column elementor-element elementor-element-471ae8d\" data-id=\"471ae8d\" data-element_type=\"column\" data-e-type=\"column\">\n\t\t\t<div class=\"elementor-widget-wrap elementor-element-populated\">\n\t\t\t\t\t\t<div class=\"elementor-element elementor-element-c453baa elementor-widget elementor-widget-heading\" data-id=\"c453baa\" data-element_type=\"widget\" data-e-type=\"widget\" data-widget_type=\"heading.default\">\n\t\t\t\t<div class=\"elementor-widget-container\">\n\t\t\t\t\t<h4 class=\"elementor-heading-title elementor-size-default\">FUNCIONARIOS<\/h4>\t\t\t\t<\/div>\n\t\t\t\t<\/div>\n\t\t\t\t\t<\/div>\n\t\t<\/div>\n\t\t\t\t\t<\/div>\n\t\t<\/section>\n\t\t\t\t<section class=\"elementor-section elementor-top-section elementor-element elementor-element-9e322a0 elementor-section-boxed elementor-section-height-default elementor-section-height-default\" data-id=\"9e322a0\" data-element_type=\"section\" data-e-type=\"section\">\n\t\t\t\t\t\t<div class=\"elementor-container elementor-column-gap-default\">\n\t\t\t\t\t<div class=\"elementor-column elementor-col-100 elementor-top-column elementor-element elementor-element-fa1761b\" data-id=\"fa1761b\" data-element_type=\"column\" data-e-type=\"column\">\n\t\t\t<div class=\"elementor-widget-wrap elementor-element-populated\">\n\t\t\t\t\t\t<div class=\"elementor-element elementor-element-0fe06ed elementor-widget elementor-widget-spacer\" data-id=\"0fe06ed\" data-element_type=\"widget\" data-e-type=\"widget\" data-widget_type=\"spacer.default\">\n\t\t\t\t<div class=\"elementor-widget-container\">\n\t\t\t\t\t\t\t<div class=\"elementor-spacer\">\n\t\t\t<div class=\"elementor-spacer-inner\"><\/div>\n\t\t<\/div>\n\t\t\t\t\t\t<\/div>\n\t\t\t\t<\/div>\n\t\t\t\t\t<\/div>\n\t\t<\/div>\n\t\t\t\t\t<\/div>\n\t\t<\/section>\n\t\t\t\t<section class=\"elementor-section elementor-top-section elementor-element elementor-element-9ebcd7d elementor-section-boxed elementor-section-height-default elementor-section-height-default\" data-id=\"9ebcd7d\" data-element_type=\"section\" data-e-type=\"section\">\n\t\t\t\t\t\t<div class=\"elementor-container elementor-column-gap-default\">\n\t\t\t\t\t<div class=\"elementor-column elementor-col-20 elementor-top-column elementor-element elementor-element-19d33ed\" data-id=\"19d33ed\" data-element_type=\"column\" data-e-type=\"column\">\n\t\t\t<div class=\"elementor-widget-wrap elementor-element-populated\">\n\t\t\t\t\t\t<div class=\"elementor-element elementor-element-63bb77c elementor-widget elementor-widget-image\" data-id=\"63bb77c\" data-element_type=\"widget\" data-e-type=\"widget\" data-widget_type=\"image.default\">\n\t\t\t\t<div class=\"elementor-widget-container\">\n\t\t\t\t\t\t\t\t\t\t\t\t<figure class=\"wp-caption\">\n\t\t\t\t\t\t\t\t\t\t<img loading=\"lazy\" decoding=\"async\" width=\"250\" height=\"250\" src=\"https:\/\/revistacongresodigital.com\/wp-content\/uploads\/2022\/03\/perfil.png\" class=\"attachment-medium size-medium wp-image-1685\" alt=\"perfil\" srcset=\"https:\/\/revistacongresodigital.com\/wp-content\/uploads\/2022\/03\/perfil.png 250w, https:\/\/revistacongresodigital.com\/wp-content\/uploads\/2022\/03\/perfil-150x150.png 150w\" sizes=\"(max-width: 250px) 100vw, 250px\" \/>\t\t\t\t\t\t\t\t\t\t\t<figcaption class=\"widget-image-caption wp-caption-text\">Aura Ester Alvarez Rico  Transcriptor<\/figcaption>\n\t\t\t\t\t\t\t\t\t\t<\/figure>\n\t\t\t\t\t\t\t\t\t<\/div>\n\t\t\t\t<\/div>\n\t\t\t\t<div class=\"elementor-element elementor-element-510b5d9 elementor-widget elementor-widget-image\" data-id=\"510b5d9\" data-element_type=\"widget\" data-e-type=\"widget\" data-widget_type=\"image.default\">\n\t\t\t\t<div class=\"elementor-widget-container\">\n\t\t\t\t\t\t\t\t\t\t\t\t<figure class=\"wp-caption\">\n\t\t\t\t\t\t\t\t\t\t<img loading=\"lazy\" decoding=\"async\" width=\"250\" height=\"250\" src=\"https:\/\/revistacongresodigital.com\/wp-content\/uploads\/2022\/03\/perfil.png\" class=\"attachment-medium size-medium wp-image-1685\" alt=\"perfil\" srcset=\"https:\/\/revistacongresodigital.com\/wp-content\/uploads\/2022\/03\/perfil.png 250w, https:\/\/revistacongresodigital.com\/wp-content\/uploads\/2022\/03\/perfil-150x150.png 150w\" sizes=\"(max-width: 250px) 100vw, 250px\" \/>\t\t\t\t\t\t\t\t\t\t\t<figcaption class=\"widget-image-caption wp-caption-text\">Diana Gonz\u00e1lez Rodr\u00edguez Profesional U<\/figcaption>\n\t\t\t\t\t\t\t\t\t\t<\/figure>\n\t\t\t\t\t\t\t\t\t<\/div>\n\t\t\t\t<\/div>\n\t\t\t\t\t<\/div>\n\t\t<\/div>\n\t\t\t\t<div class=\"elementor-column elementor-col-20 elementor-top-column elementor-element elementor-element-e48a58c\" data-id=\"e48a58c\" data-element_type=\"column\" data-e-type=\"column\">\n\t\t\t<div class=\"elementor-widget-wrap elementor-element-populated\">\n\t\t\t\t\t\t<div class=\"elementor-element elementor-element-e93b5a3 elementor-widget elementor-widget-image\" data-id=\"e93b5a3\" data-element_type=\"widget\" data-e-type=\"widget\" data-widget_type=\"image.default\">\n\t\t\t\t<div class=\"elementor-widget-container\">\n\t\t\t\t\t\t\t\t\t\t\t\t<figure class=\"wp-caption\">\n\t\t\t\t\t\t\t\t\t\t<img loading=\"lazy\" decoding=\"async\" width=\"250\" height=\"250\" src=\"https:\/\/revistacongresodigital.com\/wp-content\/uploads\/2022\/03\/perfil.png\" class=\"attachment-medium size-medium wp-image-1685\" alt=\"perfil\" srcset=\"https:\/\/revistacongresodigital.com\/wp-content\/uploads\/2022\/03\/perfil.png 250w, https:\/\/revistacongresodigital.com\/wp-content\/uploads\/2022\/03\/perfil-150x150.png 150w\" sizes=\"(max-width: 250px) 100vw, 250px\" \/>\t\t\t\t\t\t\t\t\t\t\t<figcaption class=\"widget-image-caption wp-caption-text\">H\u00e9ctor Julio R\u00e1mirez Molano Conductor<\/figcaption>\n\t\t\t\t\t\t\t\t\t\t<\/figure>\n\t\t\t\t\t\t\t\t\t<\/div>\n\t\t\t\t<\/div>\n\t\t\t\t<div class=\"elementor-element elementor-element-4e5cba6 elementor-widget elementor-widget-image\" data-id=\"4e5cba6\" data-element_type=\"widget\" data-e-type=\"widget\" data-widget_type=\"image.default\">\n\t\t\t\t<div class=\"elementor-widget-container\">\n\t\t\t\t\t\t\t\t\t\t\t\t<figure class=\"wp-caption\">\n\t\t\t\t\t\t\t\t\t\t<img loading=\"lazy\" decoding=\"async\" width=\"250\" height=\"250\" src=\"https:\/\/revistacongresodigital.com\/wp-content\/uploads\/2022\/03\/perfil.png\" class=\"attachment-medium size-medium wp-image-1685\" alt=\"perfil\" srcset=\"https:\/\/revistacongresodigital.com\/wp-content\/uploads\/2022\/03\/perfil.png 250w, https:\/\/revistacongresodigital.com\/wp-content\/uploads\/2022\/03\/perfil-150x150.png 150w\" sizes=\"(max-width: 250px) 100vw, 250px\" \/>\t\t\t\t\t\t\t\t\t\t\t<figcaption class=\"widget-image-caption wp-caption-text\">Hern\u00e1n Alonso Alba Pinz\u00f3n Mensajero<\/figcaption>\n\t\t\t\t\t\t\t\t\t\t<\/figure>\n\t\t\t\t\t\t\t\t\t<\/div>\n\t\t\t\t<\/div>\n\t\t\t\t\t<\/div>\n\t\t<\/div>\n\t\t\t\t<div class=\"elementor-column elementor-col-20 elementor-top-column elementor-element elementor-element-145383d\" data-id=\"145383d\" data-element_type=\"column\" data-e-type=\"column\">\n\t\t\t<div class=\"elementor-widget-wrap elementor-element-populated\">\n\t\t\t\t\t\t<div class=\"elementor-element elementor-element-22b20f9 elementor-widget elementor-widget-image\" data-id=\"22b20f9\" data-element_type=\"widget\" data-e-type=\"widget\" data-widget_type=\"image.default\">\n\t\t\t\t<div class=\"elementor-widget-container\">\n\t\t\t\t\t\t\t\t\t\t\t\t<figure class=\"wp-caption\">\n\t\t\t\t\t\t\t\t\t\t<img loading=\"lazy\" decoding=\"async\" width=\"250\" height=\"250\" src=\"https:\/\/revistacongresodigital.com\/wp-content\/uploads\/2022\/03\/perfil.png\" class=\"attachment-large size-large wp-image-1685\" alt=\"perfil\" srcset=\"https:\/\/revistacongresodigital.com\/wp-content\/uploads\/2022\/03\/perfil.png 250w, https:\/\/revistacongresodigital.com\/wp-content\/uploads\/2022\/03\/perfil-150x150.png 150w\" sizes=\"(max-width: 250px) 100vw, 250px\" \/>\t\t\t\t\t\t\t\t\t\t\t<figcaption class=\"widget-image-caption wp-caption-text\">Javier Eduardo Figueroa P\u00falido Secretario Ejecutivo<\/figcaption>\n\t\t\t\t\t\t\t\t\t\t<\/figure>\n\t\t\t\t\t\t\t\t\t<\/div>\n\t\t\t\t<\/div>\n\t\t\t\t<div class=\"elementor-element elementor-element-2b0a8e1 elementor-widget elementor-widget-image\" data-id=\"2b0a8e1\" data-element_type=\"widget\" data-e-type=\"widget\" data-widget_type=\"image.default\">\n\t\t\t\t<div class=\"elementor-widget-container\">\n\t\t\t\t\t\t\t\t\t\t\t\t<figure class=\"wp-caption\">\n\t\t\t\t\t\t\t\t\t\t<img loading=\"lazy\" decoding=\"async\" width=\"250\" height=\"250\" src=\"https:\/\/revistacongresodigital.com\/wp-content\/uploads\/2022\/03\/perfil.png\" class=\"attachment-large size-large wp-image-1685\" alt=\"perfil\" srcset=\"https:\/\/revistacongresodigital.com\/wp-content\/uploads\/2022\/03\/perfil.png 250w, https:\/\/revistacongresodigital.com\/wp-content\/uploads\/2022\/03\/perfil-150x150.png 150w\" sizes=\"(max-width: 250px) 100vw, 250px\" \/>\t\t\t\t\t\t\t\t\t\t\t<figcaption class=\"widget-image-caption wp-caption-text\">Maria Elena Ricardo Perdomo Secretaria Ejecutiva<\/figcaption>\n\t\t\t\t\t\t\t\t\t\t<\/figure>\n\t\t\t\t\t\t\t\t\t<\/div>\n\t\t\t\t<\/div>\n\t\t\t\t\t<\/div>\n\t\t<\/div>\n\t\t\t\t<div class=\"elementor-column elementor-col-20 elementor-top-column elementor-element elementor-element-665be52\" data-id=\"665be52\" data-element_type=\"column\" data-e-type=\"column\">\n\t\t\t<div class=\"elementor-widget-wrap elementor-element-populated\">\n\t\t\t\t\t\t<div class=\"elementor-element elementor-element-859f3fc elementor-widget elementor-widget-image\" data-id=\"859f3fc\" data-element_type=\"widget\" data-e-type=\"widget\" data-widget_type=\"image.default\">\n\t\t\t\t<div class=\"elementor-widget-container\">\n\t\t\t\t\t\t\t\t\t\t\t\t<figure class=\"wp-caption\">\n\t\t\t\t\t\t\t\t\t\t<img loading=\"lazy\" decoding=\"async\" width=\"250\" height=\"250\" src=\"https:\/\/revistacongresodigital.com\/wp-content\/uploads\/2022\/03\/perfil.png\" class=\"attachment-medium size-medium wp-image-1685\" alt=\"perfil\" srcset=\"https:\/\/revistacongresodigital.com\/wp-content\/uploads\/2022\/03\/perfil.png 250w, https:\/\/revistacongresodigital.com\/wp-content\/uploads\/2022\/03\/perfil-150x150.png 150w\" sizes=\"(max-width: 250px) 100vw, 250px\" \/>\t\t\t\t\t\t\t\t\t\t\t<figcaption class=\"widget-image-caption wp-caption-text\">Paola Andrea Santos Malag\u00f3n Mecan\u00f3grafa<\/figcaption>\n\t\t\t\t\t\t\t\t\t\t<\/figure>\n\t\t\t\t\t\t\t\t\t<\/div>\n\t\t\t\t<\/div>\n\t\t\t\t<div class=\"elementor-element elementor-element-90f1fe9 elementor-widget elementor-widget-image\" data-id=\"90f1fe9\" data-element_type=\"widget\" data-e-type=\"widget\" data-widget_type=\"image.default\">\n\t\t\t\t<div class=\"elementor-widget-container\">\n\t\t\t\t\t\t\t\t\t\t\t\t<figure class=\"wp-caption\">\n\t\t\t\t\t\t\t\t\t\t<img loading=\"lazy\" decoding=\"async\" width=\"250\" height=\"250\" src=\"https:\/\/revistacongresodigital.com\/wp-content\/uploads\/2022\/03\/perfil.png\" class=\"attachment-large size-large wp-image-1685\" alt=\"perfil\" srcset=\"https:\/\/revistacongresodigital.com\/wp-content\/uploads\/2022\/03\/perfil.png 250w, https:\/\/revistacongresodigital.com\/wp-content\/uploads\/2022\/03\/perfil-150x150.png 150w\" sizes=\"(max-width: 250px) 100vw, 250px\" \/>\t\t\t\t\t\t\t\t\t\t\t<figcaption class=\"widget-image-caption wp-caption-text\">Victor Manuel Rodriguez Mari\u00f1o Operador De Equipo<\/figcaption>\n\t\t\t\t\t\t\t\t\t\t<\/figure>\n\t\t\t\t\t\t\t\t\t<\/div>\n\t\t\t\t<\/div>\n\t\t\t\t\t<\/div>\n\t\t<\/div>\n\t\t\t\t<div class=\"elementor-column elementor-col-20 elementor-top-column elementor-element elementor-element-07df06e\" data-id=\"07df06e\" data-element_type=\"column\" data-e-type=\"column\">\n\t\t\t<div class=\"elementor-widget-wrap elementor-element-populated\">\n\t\t\t\t\t\t<div class=\"elementor-element elementor-element-c3924ca elementor-widget elementor-widget-image\" data-id=\"c3924ca\" data-element_type=\"widget\" data-e-type=\"widget\" data-widget_type=\"image.default\">\n\t\t\t\t<div class=\"elementor-widget-container\">\n\t\t\t\t\t\t\t\t\t\t\t\t<figure class=\"wp-caption\">\n\t\t\t\t\t\t\t\t\t\t<img loading=\"lazy\" decoding=\"async\" width=\"250\" height=\"250\" src=\"https:\/\/revistacongresodigital.com\/wp-content\/uploads\/2022\/03\/perfil.png\" class=\"attachment-large size-large wp-image-1685\" alt=\"perfil\" srcset=\"https:\/\/revistacongresodigital.com\/wp-content\/uploads\/2022\/03\/perfil.png 250w, https:\/\/revistacongresodigital.com\/wp-content\/uploads\/2022\/03\/perfil-150x150.png 150w\" sizes=\"(max-width: 250px) 100vw, 250px\" \/>\t\t\t\t\t\t\t\t\t\t\t<figcaption class=\"widget-image-caption wp-caption-text\">William Pinilla Gonzalez Operador de Sistemas<\/figcaption>\n\t\t\t\t\t\t\t\t\t\t<\/figure>\n\t\t\t\t\t\t\t\t\t<\/div>\n\t\t\t\t<\/div>\n\t\t\t\t\t<\/div>\n\t\t<\/div>\n\t\t\t\t\t<\/div>\n\t\t<\/section>\n\t\t\t\t<section class=\"elementor-section elementor-top-section elementor-element elementor-element-f104932 elementor-section-boxed elementor-section-height-default elementor-section-height-default\" data-id=\"f104932\" data-element_type=\"section\" data-e-type=\"section\">\n\t\t\t\t\t\t<div class=\"elementor-container elementor-column-gap-default\">\n\t\t\t\t\t<div class=\"elementor-column elementor-col-100 elementor-top-column elementor-element elementor-element-546f556\" data-id=\"546f556\" data-element_type=\"column\" data-e-type=\"column\">\n\t\t\t<div class=\"elementor-widget-wrap elementor-element-populated\">\n\t\t\t\t\t\t<div class=\"elementor-element elementor-element-df0f3af elementor-widget elementor-widget-spacer\" data-id=\"df0f3af\" data-element_type=\"widget\" data-e-type=\"widget\" data-widget_type=\"spacer.default\">\n\t\t\t\t<div class=\"elementor-widget-container\">\n\t\t\t\t\t\t\t<div class=\"elementor-spacer\">\n\t\t\t<div class=\"elementor-spacer-inner\"><\/div>\n\t\t<\/div>\n\t\t\t\t\t\t<\/div>\n\t\t\t\t<\/div>\n\t\t\t\t\t<\/div>\n\t\t<\/div>\n\t\t\t\t\t<\/div>\n\t\t<\/section>\n\t\t\t\t<section class=\"elementor-section elementor-top-section elementor-element elementor-element-139c7bb elementor-section-boxed elementor-section-height-default elementor-section-height-default\" data-id=\"139c7bb\" data-element_type=\"section\" data-e-type=\"section\">\n\t\t\t\t\t\t<div class=\"elementor-container elementor-column-gap-default\">\n\t\t\t\t\t<div class=\"elementor-column elementor-col-100 elementor-top-column elementor-element elementor-element-3707458\" data-id=\"3707458\" data-element_type=\"column\" data-e-type=\"column\">\n\t\t\t<div class=\"elementor-widget-wrap elementor-element-populated\">\n\t\t\t\t\t\t<div class=\"elementor-element elementor-element-4de6b72 elementor-widget elementor-widget-heading\" data-id=\"4de6b72\" data-element_type=\"widget\" data-e-type=\"widget\" data-widget_type=\"heading.default\">\n\t\t\t\t<div class=\"elementor-widget-container\">\n\t\t\t\t\t<h4 class=\"elementor-heading-title elementor-size-default\">Comisi\u00f3n Segunda o de Relaciones Internacionales\n\nLegislatura:2021 \u2013 2022<\/h4>\t\t\t\t<\/div>\n\t\t\t\t<\/div>\n\t\t\t\t\t<\/div>\n\t\t<\/div>\n\t\t\t\t\t<\/div>\n\t\t<\/section>\n\t\t\t\t<section class=\"elementor-section elementor-top-section elementor-element elementor-element-ff26cb6 elementor-section-boxed elementor-section-height-default elementor-section-height-default\" data-id=\"ff26cb6\" data-element_type=\"section\" data-e-type=\"section\">\n\t\t\t\t\t\t<div class=\"elementor-container elementor-column-gap-default\">\n\t\t\t\t\t<div class=\"elementor-column elementor-col-100 elementor-top-column elementor-element elementor-element-127e74a\" data-id=\"127e74a\" data-element_type=\"column\" data-e-type=\"column\">\n\t\t\t<div class=\"elementor-widget-wrap elementor-element-populated\">\n\t\t\t\t\t\t<div class=\"elementor-element elementor-element-e40f5a1 elementor-widget elementor-widget-spacer\" data-id=\"e40f5a1\" data-element_type=\"widget\" data-e-type=\"widget\" data-widget_type=\"spacer.default\">\n\t\t\t\t<div class=\"elementor-widget-container\">\n\t\t\t\t\t\t\t<div class=\"elementor-spacer\">\n\t\t\t<div class=\"elementor-spacer-inner\"><\/div>\n\t\t<\/div>\n\t\t\t\t\t\t<\/div>\n\t\t\t\t<\/div>\n\t\t\t\t\t<\/div>\n\t\t<\/div>\n\t\t\t\t\t<\/div>\n\t\t<\/section>\n\t\t\t\t<section class=\"elementor-section elementor-top-section elementor-element elementor-element-e77d744 elementor-section-boxed elementor-section-height-default elementor-section-height-default\" data-id=\"e77d744\" data-element_type=\"section\" data-e-type=\"section\">\n\t\t\t\t\t\t<div class=\"elementor-container elementor-column-gap-default\">\n\t\t\t\t\t<div class=\"elementor-column elementor-col-100 elementor-top-column elementor-element elementor-element-f6b2786\" data-id=\"f6b2786\" data-element_type=\"column\" data-e-type=\"column\">\n\t\t\t<div class=\"elementor-widget-wrap elementor-element-populated\">\n\t\t\t\t\t\t<div class=\"elementor-element elementor-element-1b9bce2 elementor-widget elementor-widget-text-editor\" data-id=\"1b9bce2\" data-element_type=\"widget\" data-e-type=\"widget\" data-widget_type=\"text-editor.default\">\n\t\t\t\t<div class=\"elementor-widget-container\">\n\t\t\t\t\t\t\t\t\t<div class=\"wp-block-columns\">\n<div class=\"wp-block-column\">\n<p>Descripci\u00f3n<\/p>\n<!-- \/wp:paragraph --><!-- wp:paragraph -->\n<p>La Comisi\u00f3n Segunda Constitucional, est\u00e1 compuesta por diecinueve (19) miembros en la C\u00e1mara de Representantes y trece (13) miembros en el Senado de la Republica, esta conocer\u00e1 de temas relacionados con:<br \/><br \/>1. Pol\u00edtica Internacional;<br \/>2. Defensa Nacional y Fuerza P\u00fablica;<br \/>3. Tratados P\u00fablicos;<br \/>4. Carrera Diplom\u00e1tica y Consular;<br \/>5. Comercio Exterior e Integraci\u00f3n Econ\u00f3mica;<br \/>6. Pol\u00edtica portuaria;<br \/>7. Relaciones Parlamentarias, Internacionales y supranacionales;<br \/>8. Asuntos diplom\u00e1ticos no reservados constitucionalmente al gobierno;<br \/>9. Fronteras;<br \/>10. Nacionalidad;<br \/>11. Extranjeros;<br \/>12. Migraci\u00f3n;<br \/>13. Honores y monumentos p\u00fablicos;<br \/>14. Servicio militar;<br \/>15. Zonas francas y de libre comercio;<br \/>16. Contrataci\u00f3n Internacional.<\/p>\n<\/div>\n<\/div>\t\t\t\t\t\t\t\t<\/div>\n\t\t\t\t<\/div>\n\t\t\t\t\t<\/div>\n\t\t<\/div>\n\t\t\t\t\t<\/div>\n\t\t<\/section>\n\t\t\t\t<section class=\"elementor-section elementor-top-section elementor-element elementor-element-7103883 elementor-section-boxed elementor-section-height-default elementor-section-height-default\" data-id=\"7103883\" data-element_type=\"section\" data-e-type=\"section\">\n\t\t\t\t\t\t<div class=\"elementor-container elementor-column-gap-default\">\n\t\t\t\t\t<div class=\"elementor-column elementor-col-100 elementor-top-column elementor-element elementor-element-51ba78f\" data-id=\"51ba78f\" data-element_type=\"column\" data-e-type=\"column\">\n\t\t\t<div class=\"elementor-widget-wrap elementor-element-populated\">\n\t\t\t\t\t\t<div class=\"elementor-element elementor-element-7c60ecb elementor-widget elementor-widget-heading\" data-id=\"7c60ecb\" data-element_type=\"widget\" data-e-type=\"widget\" data-widget_type=\"heading.default\">\n\t\t\t\t<div class=\"elementor-widget-container\">\n\t\t\t\t\t<h2 class=\"elementor-heading-title elementor-size-default\">Integrantes -   Periodo Legislativo 2021 - 2022<\/h2>\t\t\t\t<\/div>\n\t\t\t\t<\/div>\n\t\t\t\t\t<\/div>\n\t\t<\/div>\n\t\t\t\t\t<\/div>\n\t\t<\/section>\n\t\t\t\t<section class=\"elementor-section elementor-top-section elementor-element elementor-element-089b7b5 elementor-section-boxed elementor-section-height-default elementor-section-height-default\" data-id=\"089b7b5\" data-element_type=\"section\" data-e-type=\"section\">\n\t\t\t\t\t\t<div class=\"elementor-container elementor-column-gap-default\">\n\t\t\t\t\t<div class=\"elementor-column elementor-col-100 elementor-top-column elementor-element elementor-element-4c4dab5\" data-id=\"4c4dab5\" data-element_type=\"column\" data-e-type=\"column\">\n\t\t\t<div class=\"elementor-widget-wrap elementor-element-populated\">\n\t\t\t\t\t\t<div class=\"elementor-element elementor-element-2332d2c elementor-widget elementor-widget-spacer\" data-id=\"2332d2c\" data-element_type=\"widget\" data-e-type=\"widget\" data-widget_type=\"spacer.default\">\n\t\t\t\t<div class=\"elementor-widget-container\">\n\t\t\t\t\t\t\t<div class=\"elementor-spacer\">\n\t\t\t<div class=\"elementor-spacer-inner\"><\/div>\n\t\t<\/div>\n\t\t\t\t\t\t<\/div>\n\t\t\t\t<\/div>\n\t\t\t\t\t<\/div>\n\t\t<\/div>\n\t\t\t\t\t<\/div>\n\t\t<\/section>\n\t\t\t\t<section class=\"elementor-section elementor-top-section elementor-element elementor-element-dd5eec5 elementor-section-boxed elementor-section-height-default elementor-section-height-default\" data-id=\"dd5eec5\" data-element_type=\"section\" data-e-type=\"section\">\n\t\t\t\t\t\t<div class=\"elementor-container elementor-column-gap-default\">\n\t\t\t\t\t<div class=\"elementor-column elementor-col-25 elementor-top-column elementor-element elementor-element-04ca161\" data-id=\"04ca161\" data-element_type=\"column\" data-e-type=\"column\">\n\t\t\t<div class=\"elementor-widget-wrap elementor-element-populated\">\n\t\t\t\t\t\t<div class=\"elementor-element elementor-element-5d7c533 elementor-widget elementor-widget-image\" data-id=\"5d7c533\" data-element_type=\"widget\" data-e-type=\"widget\" data-widget_type=\"image.default\">\n\t\t\t\t<div class=\"elementor-widget-container\">\n\t\t\t\t\t\t\t\t\t\t\t\t<figure class=\"wp-caption\">\n\t\t\t\t\t\t\t\t\t\t<img loading=\"lazy\" decoding=\"async\" width=\"150\" height=\"190\" src=\"https:\/\/revistacongresodigital.com\/wp-content\/uploads\/2022\/03\/ALEJANDRO-CARLOS-CHACON-CAMARGO.png\" class=\"attachment-large size-large wp-image-1704\" alt=\"ALEJANDRO CARLOS CHAC\u00d3N CAMARGO\" \/>\t\t\t\t\t\t\t\t\t\t\t<figcaption class=\"widget-image-caption wp-caption-text\">Alejandro Carlos Chac\u00f3n Camargo Presidente<\/figcaption>\n\t\t\t\t\t\t\t\t\t\t<\/figure>\n\t\t\t\t\t\t\t\t\t<\/div>\n\t\t\t\t<\/div>\n\t\t\t\t\t<\/div>\n\t\t<\/div>\n\t\t\t\t<div class=\"elementor-column elementor-col-25 elementor-top-column elementor-element elementor-element-99d28e8\" data-id=\"99d28e8\" data-element_type=\"column\" data-e-type=\"column\">\n\t\t\t<div class=\"elementor-widget-wrap elementor-element-populated\">\n\t\t\t\t\t\t<div class=\"elementor-element elementor-element-bfc7883 elementor-widget elementor-widget-image\" data-id=\"bfc7883\" data-element_type=\"widget\" data-e-type=\"widget\" data-widget_type=\"image.default\">\n\t\t\t\t<div class=\"elementor-widget-container\">\n\t\t\t\t\t\t\t\t\t\t\t\t<figure class=\"wp-caption\">\n\t\t\t\t\t\t\t\t\t\t<img loading=\"lazy\" decoding=\"async\" width=\"150\" height=\"190\" src=\"https:\/\/revistacongresodigital.com\/wp-content\/uploads\/2022\/03\/GERMAN-ALCIDES-BLANCO-ALVAREZ.jpg\" class=\"attachment-large size-large wp-image-1706\" alt=\"GERM\u00c1N ALCIDES BLANCO \u00c1LVAREZ\" \/>\t\t\t\t\t\t\t\t\t\t\t<figcaption class=\"widget-image-caption wp-caption-text\">Germ\u00e1n Alcides Blanco \u00c1lvarez Vicepresidente<\/figcaption>\n\t\t\t\t\t\t\t\t\t\t<\/figure>\n\t\t\t\t\t\t\t\t\t<\/div>\n\t\t\t\t<\/div>\n\t\t\t\t\t<\/div>\n\t\t<\/div>\n\t\t\t\t<div class=\"elementor-column elementor-col-25 elementor-top-column elementor-element elementor-element-8817f62\" data-id=\"8817f62\" data-element_type=\"column\" data-e-type=\"column\">\n\t\t\t<div class=\"elementor-widget-wrap elementor-element-populated\">\n\t\t\t\t\t\t<div class=\"elementor-element elementor-element-d8a4a9d elementor-widget elementor-widget-image\" data-id=\"d8a4a9d\" data-element_type=\"widget\" data-e-type=\"widget\" data-widget_type=\"image.default\">\n\t\t\t\t<div class=\"elementor-widget-container\">\n\t\t\t\t\t\t\t\t\t\t\t\t<figure class=\"wp-caption\">\n\t\t\t\t\t\t\t\t\t\t<img loading=\"lazy\" decoding=\"async\" width=\"150\" height=\"190\" src=\"https:\/\/revistacongresodigital.com\/wp-content\/uploads\/2022\/03\/FOTO-OLGA-GRAJALES1.jpeg\" class=\"attachment-large size-large wp-image-1707\" alt=\"FOTO OLGA GRAJALES(1)\" \/>\t\t\t\t\t\t\t\t\t\t\t<figcaption class=\"widget-image-caption wp-caption-text\">Olga Lucia Grajales Grajales Secretaria<\/figcaption>\n\t\t\t\t\t\t\t\t\t\t<\/figure>\n\t\t\t\t\t\t\t\t\t<\/div>\n\t\t\t\t<\/div>\n\t\t\t\t\t<\/div>\n\t\t<\/div>\n\t\t\t\t<div class=\"elementor-column elementor-col-25 elementor-top-column elementor-element elementor-element-0eb9ac3\" data-id=\"0eb9ac3\" data-element_type=\"column\" data-e-type=\"column\">\n\t\t\t<div class=\"elementor-widget-wrap elementor-element-populated\">\n\t\t\t\t\t\t<div class=\"elementor-element elementor-element-dcc67c5 elementor-widget elementor-widget-image\" data-id=\"dcc67c5\" data-element_type=\"widget\" data-e-type=\"widget\" data-widget_type=\"image.default\">\n\t\t\t\t<div class=\"elementor-widget-container\">\n\t\t\t\t\t\t\t\t\t\t\t\t<figure class=\"wp-caption\">\n\t\t\t\t\t\t\t\t\t\t<img loading=\"lazy\" decoding=\"async\" width=\"1024\" height=\"909\" src=\"https:\/\/revistacongresodigital.com\/wp-content\/uploads\/2022\/03\/PERFIL-MUJER.jpg\" class=\"attachment-2048x2048 size-2048x2048 wp-image-1708\" alt=\"PERFIL MUJER\" srcset=\"https:\/\/revistacongresodigital.com\/wp-content\/uploads\/2022\/03\/PERFIL-MUJER.jpg 1024w, https:\/\/revistacongresodigital.com\/wp-content\/uploads\/2022\/03\/PERFIL-MUJER-300x266.jpg 300w, https:\/\/revistacongresodigital.com\/wp-content\/uploads\/2022\/03\/PERFIL-MUJER-768x682.jpg 768w\" sizes=\"(max-width: 1024px) 100vw, 1024px\" \/>\t\t\t\t\t\t\t\t\t\t\t<figcaption class=\"widget-image-caption wp-caption-text\">Carmen Susana Arias Perdomo Subsecretaria<\/figcaption>\n\t\t\t\t\t\t\t\t\t\t<\/figure>\n\t\t\t\t\t\t\t\t\t<\/div>\n\t\t\t\t<\/div>\n\t\t\t\t\t<\/div>\n\t\t<\/div>\n\t\t\t\t\t<\/div>\n\t\t<\/section>\n\t\t\t\t<section class=\"elementor-section elementor-top-section elementor-element elementor-element-60b2524 elementor-section-boxed elementor-section-height-default elementor-section-height-default\" data-id=\"60b2524\" data-element_type=\"section\" data-e-type=\"section\">\n\t\t\t\t\t\t<div class=\"elementor-container elementor-column-gap-default\">\n\t\t\t\t\t<div class=\"elementor-column elementor-col-100 elementor-top-column elementor-element elementor-element-42e7a62\" data-id=\"42e7a62\" data-element_type=\"column\" data-e-type=\"column\">\n\t\t\t<div class=\"elementor-widget-wrap elementor-element-populated\">\n\t\t\t\t\t\t<div class=\"elementor-element elementor-element-9a28fe5 elementor-widget elementor-widget-spacer\" data-id=\"9a28fe5\" data-element_type=\"widget\" data-e-type=\"widget\" data-widget_type=\"spacer.default\">\n\t\t\t\t<div class=\"elementor-widget-container\">\n\t\t\t\t\t\t\t<div class=\"elementor-spacer\">\n\t\t\t<div class=\"elementor-spacer-inner\"><\/div>\n\t\t<\/div>\n\t\t\t\t\t\t<\/div>\n\t\t\t\t<\/div>\n\t\t\t\t\t<\/div>\n\t\t<\/div>\n\t\t\t\t\t<\/div>\n\t\t<\/section>\n\t\t\t\t<section class=\"elementor-section elementor-top-section elementor-element elementor-element-7b29bbc elementor-section-boxed elementor-section-height-default elementor-section-height-default\" data-id=\"7b29bbc\" data-element_type=\"section\" data-e-type=\"section\">\n\t\t\t\t\t\t<div class=\"elementor-container elementor-column-gap-default\">\n\t\t\t\t\t<div class=\"elementor-column elementor-col-100 elementor-top-column elementor-element elementor-element-36068ba\" data-id=\"36068ba\" data-element_type=\"column\" data-e-type=\"column\">\n\t\t\t<div class=\"elementor-widget-wrap elementor-element-populated\">\n\t\t\t\t\t\t<div class=\"elementor-element elementor-element-93adf23 elementor-widget elementor-widget-heading\" data-id=\"93adf23\" data-element_type=\"widget\" data-e-type=\"widget\" data-widget_type=\"heading.default\">\n\t\t\t\t<div class=\"elementor-widget-container\">\n\t\t\t\t\t<h4 class=\"elementor-heading-title elementor-size-default\">17 INTEGRANTES<\/h4>\t\t\t\t<\/div>\n\t\t\t\t<\/div>\n\t\t\t\t\t<\/div>\n\t\t<\/div>\n\t\t\t\t\t<\/div>\n\t\t<\/section>\n\t\t\t\t<section class=\"elementor-section elementor-top-section elementor-element elementor-element-d6d1a55 elementor-section-boxed elementor-section-height-default elementor-section-height-default\" data-id=\"d6d1a55\" data-element_type=\"section\" data-e-type=\"section\">\n\t\t\t\t\t\t<div class=\"elementor-container elementor-column-gap-default\">\n\t\t\t\t\t<div class=\"elementor-column elementor-col-100 elementor-top-column elementor-element elementor-element-6619dab\" data-id=\"6619dab\" data-element_type=\"column\" data-e-type=\"column\">\n\t\t\t<div class=\"elementor-widget-wrap elementor-element-populated\">\n\t\t\t\t\t\t<div class=\"elementor-element elementor-element-ed98ebc elementor-widget elementor-widget-spacer\" data-id=\"ed98ebc\" data-element_type=\"widget\" data-e-type=\"widget\" data-widget_type=\"spacer.default\">\n\t\t\t\t<div class=\"elementor-widget-container\">\n\t\t\t\t\t\t\t<div class=\"elementor-spacer\">\n\t\t\t<div class=\"elementor-spacer-inner\"><\/div>\n\t\t<\/div>\n\t\t\t\t\t\t<\/div>\n\t\t\t\t<\/div>\n\t\t\t\t\t<\/div>\n\t\t<\/div>\n\t\t\t\t\t<\/div>\n\t\t<\/section>\n\t\t\t\t<section class=\"elementor-section elementor-top-section elementor-element elementor-element-b7fbf48 elementor-section-boxed elementor-section-height-default elementor-section-height-default\" data-id=\"b7fbf48\" data-element_type=\"section\" data-e-type=\"section\">\n\t\t\t\t\t\t<div class=\"elementor-container elementor-column-gap-default\">\n\t\t\t\t\t<div class=\"elementor-column elementor-col-100 elementor-top-column elementor-element elementor-element-d3d1211\" data-id=\"d3d1211\" data-element_type=\"column\" data-e-type=\"column\">\n\t\t\t<div class=\"elementor-widget-wrap elementor-element-populated\">\n\t\t\t\t\t\t<section class=\"elementor-section elementor-inner-section elementor-element elementor-element-71d6d7b elementor-section-boxed elementor-section-height-default elementor-section-height-default\" data-id=\"71d6d7b\" data-element_type=\"section\" data-e-type=\"section\">\n\t\t\t\t\t\t<div class=\"elementor-container elementor-column-gap-default\">\n\t\t\t\t\t<div class=\"elementor-column elementor-col-50 elementor-inner-column elementor-element elementor-element-e55cc5d\" data-id=\"e55cc5d\" data-element_type=\"column\" data-e-type=\"column\">\n\t\t\t<div class=\"elementor-widget-wrap elementor-element-populated\">\n\t\t\t\t\t\t<div class=\"elementor-element elementor-element-825610c elementor-widget elementor-widget-text-editor\" data-id=\"825610c\" data-element_type=\"widget\" data-e-type=\"widget\" data-widget_type=\"text-editor.default\">\n\t\t\t\t<div class=\"elementor-widget-container\">\n\t\t\t\t\t\t\t\t\t<p><a href=\"https:\/\/www.camara.gov.co\/comision\/comision-segunda-o-de-relaciones-internacionales\/?location=p4#\">Carlos Adolfo Ardila EspinosaPutumayo|Partido Liberal<\/a><\/p>\n<p><!-- \/wp:paragraph --><!-- wp:paragraph --><\/p>\n<p><a href=\"https:\/\/www.camara.gov.co\/comision\/comision-segunda-o-de-relaciones-internacionales\/?location=p4#\">Germ\u00e1n Alcides Blanco \u00c1lvarezAntioquia|Partido Conservador Colombiano<\/a><\/p>\n<p><!-- \/wp:paragraph --><!-- wp:paragraph --><\/p>\n<p><a href=\"https:\/\/www.camara.gov.co\/comision\/comision-segunda-o-de-relaciones-internacionales\/?location=p4#\">Jos\u00e9 Vicente Carre\u00f1o CastroArauca|Centro Democr\u00e1tico<\/a><\/p>\n<p><!-- \/wp:paragraph --><!-- wp:paragraph --><\/p>\n<p><a href=\"https:\/\/www.camara.gov.co\/comision\/comision-segunda-o-de-relaciones-internacionales\/?location=p4#\">Alejandro Carlos Chac\u00f3n CamargoNorte de Santander|Partido Liberal<\/a><\/p>\n<p><!-- \/wp:paragraph --><!-- wp:paragraph --><\/p>\n<p><a href=\"https:\/\/www.camara.gov.co\/comision\/comision-segunda-o-de-relaciones-internacionales\/?location=p4#\">Ricardo Alfonso Ferro LozanoTolima|Centro Democr\u00e1tico<\/a><\/p>\n<p><!-- \/wp:paragraph --><!-- wp:paragraph --><\/p>\n<p><a href=\"https:\/\/www.camara.gov.co\/comision\/comision-segunda-o-de-relaciones-internacionales\/?location=p4#\">Atilano Alonso Giraldo ArboledaQuind\u00edo|Cambio Radical<\/a><\/p>\n<p><!-- \/wp:paragraph --><!-- wp:paragraph --><\/p>\n<p><a href=\"https:\/\/www.camara.gov.co\/comision\/comision-segunda-o-de-relaciones-internacionales\/?location=p4#\">Anatolio Hern\u00e1ndez LozanoGuain\u00eda|Partido de la U<\/a><\/p>\n<p><!-- \/wp:paragraph --><!-- wp:paragraph --><\/p>\n<p><a href=\"https:\/\/www.camara.gov.co\/comision\/comision-segunda-o-de-relaciones-internacionales\/?location=p4#\">Abel David Jaramillo LargoCirc. Esp. Ind\u00edgenas|Movimiento Alternativo Ind\u00edgena y Social<\/a><\/p>\n<p><!-- \/wp:paragraph --><!-- wp:paragraph --><\/p>\n<p><a href=\"https:\/\/www.camara.gov.co\/comision\/comision-segunda-o-de-relaciones-internacionales\/?location=p4#\">Gustavo Londo\u00f1o Garc\u00edaVichada|Centro Democr\u00e1tico<\/a><\/p>\n<p><!-- \/wp:paragraph --><!-- wp:paragraph --><\/p>\n<p>\u00a0<\/p>\t\t\t\t\t\t\t\t<\/div>\n\t\t\t\t<\/div>\n\t\t\t\t\t<\/div>\n\t\t<\/div>\n\t\t\t\t<div class=\"elementor-column elementor-col-50 elementor-inner-column elementor-element elementor-element-0a59713\" data-id=\"0a59713\" data-element_type=\"column\" data-e-type=\"column\">\n\t\t\t<div class=\"elementor-widget-wrap elementor-element-populated\">\n\t\t\t\t\t\t<div class=\"elementor-element elementor-element-a1b04ee elementor-widget elementor-widget-text-editor\" data-id=\"a1b04ee\" data-element_type=\"widget\" data-e-type=\"widget\" data-widget_type=\"text-editor.default\">\n\t\t\t\t<div class=\"elementor-widget-container\">\n\t\t\t\t\t\t\t\t\t<p><a href=\"https:\/\/www.camara.gov.co\/comision\/comision-segunda-o-de-relaciones-internacionales\/?location=p4#\">Jaime Felipe Lozada PolancoHuila|Partido Conservador Colombiano<\/a><\/p>\n<p><!-- \/wp:paragraph --><!-- wp:paragraph --><\/p>\n<p><a href=\"https:\/\/www.camara.gov.co\/comision\/comision-segunda-o-de-relaciones-internacionales\/?location=p4#\">Mauricio Parodi DiazAntioquia|Cambio Radical<\/a><\/p>\n<p><!-- \/wp:paragraph --><!-- wp:paragraph --><\/p>\n<p><a href=\"https:\/\/www.camara.gov.co\/comision\/comision-segunda-o-de-relaciones-internacionales\/?location=p4#\">Jos\u00e9 Joaqu\u00edn MarchenaArauca|Partido Liberal<\/a><\/p>\n<p><!-- \/wp:paragraph --><!-- wp:paragraph --><\/p>\n<p><a href=\"https:\/\/www.camara.gov.co\/comision\/comision-segunda-o-de-relaciones-internacionales\/?location=p4#\">Neyla Ruiz CorreaBoyac\u00e1|Partido Verde<\/a><\/p>\n<p><!-- \/wp:paragraph --><!-- wp:paragraph --><\/p>\n<p><a href=\"https:\/\/www.camara.gov.co\/comision\/comision-segunda-o-de-relaciones-internacionales\/?location=p4#\">Astrid S\u00e1nchez Montes De OcaChoc\u00f3|Partido de la U<\/a><\/p>\n<p><!-- \/wp:paragraph --><!-- wp:paragraph --><\/p>\n<p><a href=\"https:\/\/www.camara.gov.co\/comision\/comision-segunda-o-de-relaciones-internacionales\/?location=p4#\">Juan David Velez TrujilloCiudadanos en el exterior|Centro Democr\u00e1tico<\/a><\/p>\n<p><!-- \/wp:paragraph --><!-- wp:paragraph --><\/p>\n<p><a href=\"https:\/\/www.camara.gov.co\/comision\/comision-segunda-o-de-relaciones-internacionales\/?location=p4#\">H\u00e9ctor Javier Vergara SierraSucre|Cambio Radical<\/a><\/p>\n<p><!-- \/wp:paragraph --><!-- wp:paragraph --><\/p>\n<p><a href=\"https:\/\/www.camara.gov.co\/comision\/comision-segunda-o-de-relaciones-internacionales\/?location=p4#\">Jaime Armando Yepes Mart\u00ednezTolima|Partido de la U<\/a><\/p>\n<p><!-- \/wp:paragraph --><!-- wp:spacer {\"height\":\"19px\"} --><\/p>\n<div class=\"wp-block-spacer\" style=\"height: 19px;\" aria-hidden=\"true\">\u00a0<\/div>\t\t\t\t\t\t\t\t<\/div>\n\t\t\t\t<\/div>\n\t\t\t\t\t<\/div>\n\t\t<\/div>\n\t\t\t\t\t<\/div>\n\t\t<\/section>\n\t\t\t\t\t<\/div>\n\t\t<\/div>\n\t\t\t\t\t<\/div>\n\t\t<\/section>\n\t\t\t\t<section class=\"elementor-section elementor-top-section elementor-element elementor-element-7bede837 elementor-section-boxed elementor-section-height-default elementor-section-height-default\" data-id=\"7bede837\" data-element_type=\"section\" data-e-type=\"section\">\n\t\t\t\t\t\t<div class=\"elementor-container elementor-column-gap-default\">\n\t\t\t\t\t<div class=\"elementor-column elementor-col-100 elementor-top-column elementor-element elementor-element-434f0b6e\" data-id=\"434f0b6e\" data-element_type=\"column\" data-e-type=\"column\">\n\t\t\t<div class=\"elementor-widget-wrap elementor-element-populated\">\n\t\t\t\t\t\t<div class=\"elementor-element elementor-element-49c9623d elementor-widget elementor-widget-text-editor\" data-id=\"49c9623d\" data-element_type=\"widget\" data-e-type=\"widget\" data-widget_type=\"text-editor.default\">\n\t\t\t\t<div class=\"elementor-widget-container\">\n\t\t\t\t\t\t\t\t\t<!-- wp:paragraph {\"style\":{\"typography\":{\"fontStyle\":\"normal\",\"fontWeight\":\"400\",\"fontSize\":\"18px\"}}} --><!-- \/wp:paragraph --><!-- wp:paragraph --><!-- \/wp:columns --><!-- wp:paragraph --><!-- \/wp:image --><!-- wp:image {\"align\":\"left\",\"width\":112,\"height\":142,\"className\":\"is-style-rounded\"} --><!-- \/wp:paragraph --><!-- wp:paragraph -->\n<div class=\"wp-block-spacer\" style=\"height: 19px;\" aria-hidden=\"true\">\u00a0<\/div>\n<!-- \/wp:spacer --><!-- wp:columns -->\n<div class=\"wp-block-columns\"><!-- wp:column -->\n<div class=\"wp-block-column\"><!-- wp:image {\"align\":\"left\",\"width\":89,\"height\":89,\"className\":\"is-style-rounded\"} -->\n<div id=\"block-a9f81420-1e23-4a1b-bdb4-534196090487\" class=\"wp-block-image is-style-rounded\">\n<figure class=\"alignleft is-resized\"><img loading=\"lazy\" decoding=\"async\" src=\"https:\/\/visiosensefronteres.org\/wp-content\/uploads\/2018\/06\/perfil-hombre.png\" alt=\"perfil hombre - Visi\u00f3 Sense Fronteres ONG\" width=\"89\" height=\"89\" \/>\n<figcaption>Nora Camargo De La Hoz<em> Secretaria Ejecutiva<\/em><\/figcaption>\n<\/figure>\n<\/div>\n<!-- \/wp:image --><!-- wp:image {\"align\":\"left\",\"width\":91,\"height\":91,\"className\":\"is-style-rounded\"} -->\n<div id=\"block-a9f81420-1e23-4a1b-bdb4-534196090487\" class=\"wp-block-image is-style-rounded\">\n<figure class=\"alignleft is-resized\"><img loading=\"lazy\" decoding=\"async\" src=\"https:\/\/visiosensefronteres.org\/wp-content\/uploads\/2018\/06\/perfil-hombre.png\" alt=\"perfil hombre - Visi\u00f3 Sense Fronteres ONG\" width=\"91\" height=\"91\" \/>\n<figcaption>Janeth Roci\u00f3 Casta\u00f1eda Mican <em>Operador De Sistemas<\/em><\/figcaption>\n<\/figure>\n<\/div>\n<!-- \/wp:image --><!-- wp:image {\"align\":\"left\",\"width\":91,\"height\":91,\"className\":\"is-style-rounded\"} -->\n<div id=\"block-a9f81420-1e23-4a1b-bdb4-534196090487\" class=\"wp-block-image is-style-rounded\">\n<figure class=\"alignleft is-resized\"><img loading=\"lazy\" decoding=\"async\" src=\"https:\/\/visiosensefronteres.org\/wp-content\/uploads\/2018\/06\/perfil-hombre.png\" alt=\"perfil hombre - Visi\u00f3 Sense Fronteres ONG\" width=\"91\" height=\"91\" \/>\n<figcaption>Olga Marisol P\u00e9rez Daza<br \/><em>Mecan\u00f3grafa<\/em><\/figcaption>\n<\/figure>\n<\/div>\n<!-- \/wp:image --><!-- wp:image {\"align\":\"left\",\"width\":91,\"height\":91,\"className\":\"is-style-rounded\"} -->\n<div id=\"block-a9f81420-1e23-4a1b-bdb4-534196090487\" class=\"wp-block-image is-style-rounded\">\n<figure class=\"alignleft is-resized\"><img loading=\"lazy\" decoding=\"async\" src=\"https:\/\/visiosensefronteres.org\/wp-content\/uploads\/2018\/06\/perfil-hombre.png\" alt=\"perfil hombre - Visi\u00f3 Sense Fronteres ONG\" width=\"91\" height=\"91\" \/>\n<figcaption>Carmen Susana Arias Perdomo<br \/><em>Subsecretaria<\/em><\/figcaption>\n<\/figure>\n<\/div>\n<!-- \/wp:image --><!-- wp:image {\"align\":\"left\",\"width\":91,\"height\":91,\"className\":\"is-style-rounded\"} -->\n<div id=\"block-a9f81420-1e23-4a1b-bdb4-534196090487\" class=\"wp-block-image is-style-rounded\">\n<figure class=\"alignleft is-resized\"><img loading=\"lazy\" decoding=\"async\" src=\"https:\/\/visiosensefronteres.org\/wp-content\/uploads\/2018\/06\/perfil-hombre.png\" alt=\"perfil hombre - Visi\u00f3 Sense Fronteres ONG\" width=\"91\" height=\"91\" \/>\n<figcaption>Olga Lucia Grajales Grajales<br \/>S<em>ecretario<\/em><\/figcaption>\n<\/figure>\n<\/div>\n<!-- \/wp:image --><\/div>\n<!-- \/wp:column --><\/div>\n<!-- \/wp:columns --><!-- wp:columns -->\n<div class=\"wp-block-columns\"><!-- wp:column {\"verticalAlignment\":\"top\"} -->\n<div class=\"wp-block-column is-vertically-aligned-top\"><!-- wp:columns -->\n<div class=\"wp-block-columns\"><!-- wp:column -->\n<div class=\"wp-block-column\"><!-- wp:image {\"align\":\"left\",\"width\":90,\"height\":90,\"className\":\"is-style-rounded\"} -->\n<div id=\"block-a9f81420-1e23-4a1b-bdb4-534196090487\" class=\"wp-block-image is-style-rounded\">\n<figure class=\"alignleft is-resized\"><img loading=\"lazy\" decoding=\"async\" src=\"https:\/\/visiosensefronteres.org\/wp-content\/uploads\/2018\/06\/perfil-hombre.png\" alt=\"perfil hombre - Visi\u00f3 Sense Fronteres ONG\" width=\"90\" height=\"90\" \/>\n<figcaption>Lalian Katerine Guti\u00e9rrez Quesada<br \/><em>Transcriptor<\/em><\/figcaption>\n<\/figure>\n<\/div>\n<!-- \/wp:image --><!-- wp:image {\"align\":\"left\",\"width\":91,\"height\":91,\"className\":\"is-style-rounded\"} -->\n<div id=\"block-a9f81420-1e23-4a1b-bdb4-534196090487\" class=\"wp-block-image is-style-rounded\">\n<figure class=\"alignleft is-resized\"><img loading=\"lazy\" decoding=\"async\" src=\"https:\/\/visiosensefronteres.org\/wp-content\/uploads\/2018\/06\/perfil-hombre.png\" alt=\"perfil hombre - Visi\u00f3 Sense Fronteres ONG\" width=\"91\" height=\"91\" \/>\n<figcaption>Hugo Manuel Altamiranda Hernandez<br \/><em>Operador De Equipo<\/em><\/figcaption>\n<\/figure>\n<\/div>\n<!-- \/wp:image --><!-- wp:image {\"align\":\"left\",\"width\":91,\"height\":91,\"className\":\"is-style-rounded\"} -->\n<div id=\"block-a9f81420-1e23-4a1b-bdb4-534196090487\" class=\"wp-block-image is-style-rounded\">\n<figure class=\"alignleft is-resized\"><img loading=\"lazy\" decoding=\"async\" src=\"https:\/\/visiosensefronteres.org\/wp-content\/uploads\/2018\/06\/perfil-hombre.png\" alt=\"perfil hombre - Visi\u00f3 Sense Fronteres ONG\" width=\"91\" height=\"91\" \/>\n<figcaption>Margadila Sanchez Cuero<br \/><em>Mensajera<\/em><\/figcaption>\n<\/figure>\n<\/div>\n<!-- \/wp:image --><!-- wp:image {\"align\":\"left\",\"width\":91,\"height\":91,\"className\":\"is-style-rounded\"} -->\n<div id=\"block-a9f81420-1e23-4a1b-bdb4-534196090487\" class=\"wp-block-image is-style-rounded\">\n<figure class=\"alignleft is-resized\"><img loading=\"lazy\" decoding=\"async\" src=\"https:\/\/visiosensefronteres.org\/wp-content\/uploads\/2018\/06\/perfil-hombre.png\" alt=\"perfil hombre - Visi\u00f3 Sense Fronteres ONG\" width=\"91\" height=\"91\" \/>\n<figcaption>Tahys Mar\u00eda Vanegas Carrillo<br \/><em>Secretaria Ejecutiva<\/em><\/figcaption>\n<\/figure>\n<\/div>\n<!-- \/wp:image --><!-- wp:image {\"align\":\"left\",\"width\":91,\"height\":91,\"className\":\"is-style-rounded\"} -->\n<div id=\"block-a9f81420-1e23-4a1b-bdb4-534196090487\" class=\"wp-block-image is-style-rounded\">\n<figure class=\"alignleft is-resized\"><img loading=\"lazy\" decoding=\"async\" src=\"https:\/\/visiosensefronteres.org\/wp-content\/uploads\/2018\/06\/perfil-hombre.png\" alt=\"perfil hombre - Visi\u00f3 Sense Fronteres ONG\" width=\"91\" height=\"91\" \/>\n<figcaption>Jaime Alberto Torres Camacho<br \/><em>Transcriptor<\/em><\/figcaption>\n<\/figure>\n<\/div>\n<!-- \/wp:image --><\/div>\n<!-- \/wp:column --><\/div>\n<!-- \/wp:columns --><\/div>\n<!-- \/wp:column --><\/div>\n<!-- \/wp:columns --><!-- wp:paragraph -->\n<p><strong>Comisi\u00f3n Tercera o de Hacienda y Cr\u00e9dito P\u00fablico<\/strong><\/p>\n<!-- \/wp:paragraph --><!-- wp:paragraph -->\n<p>Legislatura:2021 &#8211; 2022<\/p>\n<!-- \/wp:paragraph --><!-- wp:paragraph -->\n<p>Descripci\u00f3n<\/p>\n<!-- \/wp:paragraph --><!-- wp:paragraph -->\n<p>La Comisi\u00f3n Tercera Constitucional est\u00e1 compuesta por veintinueve (29) miembros en la C\u00e1mara de Representantes y quince (15) miembros en el Senado de la Republica, esta conocer\u00e1 de temas relacionados con:<\/p>\n<!-- \/wp:paragraph --><!-- wp:list {\"ordered\":true} -->\n<ol>\n<li>\u00a0Hacienda y Cr\u00e9dito P\u00fablico;<\/li>\n<li>\u00a0Impuesto y contribuciones;<\/li>\n<li>\u00a0Exenciones Tributarias;<\/li>\n<li>\u00a0R\u00e9gimen Monetario;<\/li>\n<li>\u00a0Leyes sobre el Banco de la Rep\u00fablica;<\/li>\n<li>\u00a0Sistema de Banca Central;<\/li>\n<li>\u00a0Leyes sobre monopolios;<\/li>\n<li>\u00a0Autorizaci\u00f3n de empr\u00e9stitos;<\/li>\n<li>\u00a0Mercado de Valores;<\/li>\n<li>\u00a0Regulaci\u00f3n econ\u00f3mica;<\/li>\n<li>\u00a0Planeaci\u00f3n Nacional;<\/li>\n<li>\u00a0R\u00e9gimen de cambios,<\/li>\n<li>\u00a0Actividad Financiera,<\/li>\n<li>\u00a0Burs\u00e1til,<\/li>\n<li>\u00a0Aseguradora y de Captaci\u00f3n de Ahorro.<\/li>\n<\/ol>\n<!-- \/wp:list --><!-- wp:spacer {\"height\":\"20px\"} -->\n<div class=\"wp-block-spacer\" style=\"height: 20px;\" aria-hidden=\"true\">\u00a0<\/div>\n<!-- \/wp:spacer --><!-- wp:paragraph -->\n<p><strong>INTEGRANTES<\/strong><\/p>\n<!-- \/wp:paragraph --><!-- wp:paragraph -->\n<p>Periodo Legislativo 2021 &#8211; 2022<\/p>\n<!-- \/wp:paragraph --><!-- wp:image {\"align\":\"left\",\"width\":126,\"height\":162,\"linkDestination\":\"custom\",\"className\":\"is-style-rounded\"} -->\n<div class=\"wp-block-image is-style-rounded\">\n<figure class=\"alignleft is-resized\"><a href=\"https:\/\/www.camara.gov.co\/representantes\/wilmer-ramiro-carrillo-mendoza\"><img loading=\"lazy\" decoding=\"async\" src=\"https:\/\/www.camara.gov.co\/sites\/default\/files\/styles\/mesa_plenaria\/public\/2017-08\/WILMER%20RAMIRO%20CARRILLO%20MENDOZA.png?itok=GBYLXWh3\" alt=\"Imagen del Representante Wilmer Ramiro Carrillo\" width=\"126\" height=\"162\" \/><\/a>\n<figcaption>Wilmer Ramiro Carrillo Mendoza<br \/>Presidente<\/figcaption>\n<\/figure>\n<\/div>\n<!-- \/wp:image --><!-- wp:image {\"align\":\"left\",\"width\":125,\"height\":158,\"className\":\"is-style-rounded\"} -->\n<div class=\"wp-block-image is-style-rounded\">\n<figure class=\"alignleft is-resized\"><img loading=\"lazy\" decoding=\"async\" src=\"https:\/\/www.camara.gov.co\/sites\/default\/files\/styles\/mesa_plenaria\/public\/2020-04\/NIDIA%20MARCELA%20OSORIO.png?itok=m06AJ6Sp\" alt=\"Imagen de la representante Nidia Osorio\" width=\"125\" height=\"158\" \/>\n<figcaption>Nidia Marcela Osorio Salgado<br \/>Vicepresidente<\/figcaption>\n<\/figure>\n<\/div>\n<!-- \/wp:image --><!-- wp:image {\"align\":\"left\",\"width\":122,\"height\":155,\"className\":\"is-style-rounded\"} -->\n<div class=\"wp-block-image is-style-rounded\">\n<figure class=\"alignleft is-resized\"><img loading=\"lazy\" decoding=\"async\" src=\"https:\/\/www.camara.gov.co\/sites\/default\/files\/styles\/mesa_plenaria\/public\/2020-08\/FOTO%20ELIZABETH%20MARTINEZ%20BARRERA.jpg?itok=L0QwVSHA\" alt=\"Foto Doctora Elizabeth Martinez Barrera\" width=\"122\" height=\"155\" \/>\n<figcaption>Elizabeth Martinez Barrera <br \/>Secretaria<\/figcaption>\n<\/figure>\n<\/div>\n<!-- \/wp:image --><!-- wp:image {\"align\":\"left\",\"width\":119,\"height\":151,\"className\":\"is-style-rounded\"} -->\n<div class=\"wp-block-image is-style-rounded\">\n<figure class=\"alignleft is-resized\"><img loading=\"lazy\" decoding=\"async\" src=\"https:\/\/www.camara.gov.co\/sites\/default\/files\/styles\/mesa_plenaria\/public\/2021-11\/Alex%20Bele%C3%B1o%20Urrea.jpeg?itok=6xvQoYOW\" alt=\"Alex Bele\u00f1o Subsecretario Comisi\u00f3n tercera.\" width=\"119\" height=\"151\" \/>\n<figcaption>Alexander Bele\u00f1o Urrea<br \/>Subsecretario<\/figcaption>\n<\/figure>\n<\/div>\n<!-- \/wp:image --><!-- wp:group -->\n<div class=\"wp-block-group\"><!-- wp:spacer {\"height\":\"27px\"} -->\n<div class=\"wp-block-spacer\" style=\"height: 27px;\" aria-hidden=\"true\">\u00a0<\/div>\n<!-- \/wp:spacer --><!-- wp:paragraph -->\n<p>Representantes Periodo Legislativo Actual<\/p>\n<!-- \/wp:paragraph --><!-- wp:paragraph -->\n<p><strong>31 <\/strong>Integrantes<\/p>\n<!-- \/wp:paragraph --><!-- wp:paragraph -->\n<p><a href=\"https:\/\/www.camara.gov.co\/comision\/comision-tercera-o-de-hacienda-y-credito-publico\/?location=p17#\">Jos\u00e9 Gabriel Amar Sep\u00falvedaAtl\u00e1ntico|Cambio Radical<\/a><\/p>\n<!-- \/wp:paragraph --><!-- wp:paragraph -->\n<p><a href=\"https:\/\/www.camara.gov.co\/comision\/comision-tercera-o-de-hacienda-y-credito-publico\/?location=p17#\">Yamil Hernando Arana PadauiBol\u00edvar|Partido Conservador Colombiano<\/a><\/p>\n<!-- \/wp:paragraph --><!-- wp:paragraph -->\n<p><a href=\"https:\/\/www.camara.gov.co\/comision\/comision-tercera-o-de-hacienda-y-credito-publico\/?location=p17#\">Fabio Fernando Arroyave RivasValle del Cauca|Partido Liberal<\/a><\/p>\n<!-- \/wp:paragraph --><!-- wp:paragraph -->\n<p><a href=\"https:\/\/www.camara.gov.co\/comision\/comision-tercera-o-de-hacienda-y-credito-publico\/?location=p17#\">John Jairo Berrio L\u00f3pezAntioquia|Centro Democr\u00e1tico<\/a><\/p>\n<!-- \/wp:paragraph --><!-- wp:paragraph -->\n<p><a href=\"https:\/\/www.camara.gov.co\/comision\/comision-tercera-o-de-hacienda-y-credito-publico\/?location=p17#\">Bayardo Gilberto Betancourt P\u00e9rezNari\u00f1o|Cambio Radical<\/a><\/p>\n<!-- \/wp:paragraph --><!-- wp:paragraph -->\n<p><a href=\"https:\/\/www.camara.gov.co\/comision\/comision-tercera-o-de-hacienda-y-credito-publico\/?location=p17#\">Carlos Julio Bonilla SotoCauca|Partido Liberal<\/a><\/p>\n<!-- \/wp:paragraph --><!-- wp:paragraph -->\n<p><a href=\"https:\/\/www.camara.gov.co\/comision\/comision-tercera-o-de-hacienda-y-credito-publico\/?location=p17#\">Enrique Cabrales BaqueroBogot\u00e1|Centro Democr\u00e1tico<\/a><\/p>\n<!-- \/wp:paragraph --><!-- wp:paragraph -->\n<p><a href=\"https:\/\/www.camara.gov.co\/comision\/comision-tercera-o-de-hacienda-y-credito-publico\/?location=p17#\">John Jairo C\u00e1rdenas Mor\u00e1nCauca|Partido de la U<\/a><\/p>\n<!-- \/wp:paragraph --><!-- wp:paragraph -->\n<p><a href=\"https:\/\/www.camara.gov.co\/comision\/comision-tercera-o-de-hacienda-y-credito-publico\/?location=p17#\">Silvio Jos\u00e9 Carrasquilla TorresBol\u00edvar|Partido Liberal<\/a><\/p>\n<!-- \/wp:paragraph --><!-- wp:paragraph -->\n<p><a href=\"https:\/\/www.camara.gov.co\/comision\/comision-tercera-o-de-hacienda-y-credito-publico\/?location=p17#\">Carlos Alberto Carre\u00f1o MarinBogot\u00e1|Partido Comunes<\/a><\/p>\n<!-- \/wp:paragraph --><!-- wp:paragraph -->\n<p><a href=\"https:\/\/www.camara.gov.co\/comision\/comision-tercera-o-de-hacienda-y-credito-publico\/?location=p17#\">Wilmer Ramiro Carrillo MendozaNorte de Santander|Partido de la U<\/a><\/p>\n<!-- \/wp:paragraph --><!-- wp:paragraph -->\n<p><a href=\"https:\/\/www.camara.gov.co\/comision\/comision-tercera-o-de-hacienda-y-credito-publico\/?location=p17#\">Juan Pablo Celis VergelNorte de Santander|Centro Democr\u00e1tico<\/a><\/p>\n<!-- \/wp:paragraph --><!-- wp:paragraph -->\n<p><a href=\"https:\/\/www.camara.gov.co\/comision\/comision-tercera-o-de-hacienda-y-credito-publico\/?location=p17#\">Carlos Mario Farelo DazaMagdalena|Cambio Radical<\/a><\/p>\n<!-- \/wp:paragraph --><!-- wp:paragraph -->\n<p><a href=\"https:\/\/www.camara.gov.co\/comision\/comision-tercera-o-de-hacienda-y-credito-publico\/?location=p17#\">Christian Munir Garces AljureValle del Cauca|Centro Democr\u00e1tico<\/a><\/p>\n<!-- \/wp:paragraph --><!-- wp:paragraph -->\n<p><a href=\"https:\/\/www.camara.gov.co\/comision\/comision-tercera-o-de-hacienda-y-credito-publico\/?location=p17#\">Kelyn Johana Gonz\u00e1lez DuarteMagdalena|Partido Liberal<\/a><\/p>\n<!-- \/wp:paragraph --><!-- wp:paragraph -->\n<p><a href=\"https:\/\/www.camara.gov.co\/comision\/comision-tercera-o-de-hacienda-y-credito-publico\/?location=p17#\">Nubia L\u00f3pez MoralesSantander|Partido Liberal<\/a><\/p>\n<!-- \/wp:paragraph --><!-- wp:paragraph -->\n<p><a href=\"https:\/\/www.camara.gov.co\/comision\/comision-tercera-o-de-hacienda-y-credito-publico\/?location=p17#\">Wadith Alberto Manzur ImbettC\u00f3rdoba|Partido Conservador Colombiano<\/a><\/p>\n<!-- \/wp:paragraph --><!-- wp:paragraph -->\n<p><a href=\"https:\/\/www.camara.gov.co\/comision\/comision-tercera-o-de-hacienda-y-credito-publico\/?location=p17#\">Katherine Miranda Pe\u00f1aBogot\u00e1|Partido Verde<\/a><\/p>\n<!-- \/wp:paragraph --><!-- wp:paragraph -->\n<p><a href=\"https:\/\/www.camara.gov.co\/comision\/comision-tercera-o-de-hacienda-y-credito-publico\/?location=p17#\">Christian Jos\u00e9 Moreno VillamizarCesar|Partido de la U<\/a><\/p>\n<!-- \/wp:paragraph --><!-- wp:paragraph -->\n<p><a href=\"https:\/\/www.camara.gov.co\/comision\/comision-tercera-o-de-hacienda-y-credito-publico\/?location=p17#\">V\u00edctor Manuel Ortiz JoyaSantander|Partido Liberal<\/a><\/p>\n<!-- \/wp:paragraph --><!-- wp:paragraph -->\n<p><a href=\"https:\/\/www.camara.gov.co\/comision\/comision-tercera-o-de-hacienda-y-credito-publico\/?location=p17#\">Nidia Marcela Osorio SalgadoAntioquia|Partido Conservador Colombiano<\/a><\/p>\n<!-- \/wp:paragraph --><!-- wp:paragraph -->\n<p><a href=\"https:\/\/www.camara.gov.co\/comision\/comision-tercera-o-de-hacienda-y-credito-publico\/?location=p17#\">\u00d3scar Dar\u00edo P\u00e9rez PinedaAntioquia|Centro Democr\u00e1tico<\/a><\/p>\n<!-- \/wp:paragraph --><!-- wp:paragraph -->\n<p><a href=\"https:\/\/www.camara.gov.co\/comision\/comision-tercera-o-de-hacienda-y-credito-publico\/?location=p17#\">Sara Elena Piedrahita LyonsC\u00f3rdoba|Partido de la U<\/a><\/p>\n<!-- \/wp:paragraph --><!-- wp:paragraph -->\n<p><a href=\"https:\/\/www.camara.gov.co\/comision\/comision-tercera-o-de-hacienda-y-credito-publico\/?location=p17#\">Gustavo Hern\u00e1n Puentes D\u00edazBoyac\u00e1|Cambio Radical<\/a><\/p>\n<!-- \/wp:paragraph --><!-- wp:paragraph -->\n<p><a href=\"https:\/\/www.camara.gov.co\/comision\/comision-tercera-o-de-hacienda-y-credito-publico\/?location=p17#\">David Ricardo Racero MayorcaBogot\u00e1|Decentes<\/a><\/p>\n<!-- \/wp:paragraph --><!-- wp:paragraph -->\n<p><a href=\"https:\/\/www.camara.gov.co\/comision\/comision-tercera-o-de-hacienda-y-credito-publico\/?location=p17#\">Nestor Leonardo Rico RicoCundinamarca|Cambio Radical<\/a><\/p>\n<!-- \/wp:paragraph --><!-- wp:paragraph -->\n<p><a href=\"https:\/\/www.camara.gov.co\/comision\/comision-tercera-o-de-hacienda-y-credito-publico\/?location=p17#\">John Jairo Roldan Avenda\u00f1oAntioquia|Partido Liberal<\/a><\/p>\n<!-- \/wp:paragraph --><!-- wp:paragraph -->\n<p><a href=\"https:\/\/www.camara.gov.co\/comision\/comision-tercera-o-de-hacienda-y-credito-publico\/?location=p17#\">Edwin Alberto Vald\u00e9s Rodr\u00edguezCaquet\u00e1|Centro Democr\u00e1tico<\/a><\/p>\n<!-- \/wp:paragraph --><!-- wp:paragraph -->\n<p><a href=\"https:\/\/www.camara.gov.co\/comision\/comision-tercera-o-de-hacienda-y-credito-publico\/?location=p17#\">Salim Villamil QuessepSucre|Cambio Radical<\/a><\/p>\n<!-- \/wp:paragraph --><!-- wp:paragraph -->\n<p><a href=\"https:\/\/www.camara.gov.co\/comision\/comision-tercera-o-de-hacienda-y-credito-publico\/?location=p17#\">Armando Antonio Zabara\u00edn de ArceAtl\u00e1ntico|Partido Conservador Colombiano<\/a><\/p>\n<!-- \/wp:paragraph --><!-- wp:paragraph -->\n<p><a href=\"https:\/\/www.camara.gov.co\/comision\/comision-tercera-o-de-hacienda-y-credito-publico\/?location=p17#\">Erasmo El\u00edas Zuleta BecharaC\u00f3rdoba|Partido de la U<\/a><\/p>\n<!-- \/wp:paragraph --><\/div>\n<!-- \/wp:group --><!-- wp:spacer {\"height\":\"17px\"} -->\n<div class=\"wp-block-spacer\" style=\"height: 17px;\" aria-hidden=\"true\">\u00a0<\/div>\n<!-- \/wp:spacer --><!-- wp:columns -->\n<div class=\"wp-block-columns\"><!-- wp:column -->\n<div class=\"wp-block-column\"><!-- wp:group -->\n<div class=\"wp-block-group\"><!-- wp:image {\"align\":\"left\",\"width\":103,\"height\":103,\"className\":\"is-style-rounded\"} -->\n<div class=\"wp-block-image is-style-rounded\">\n<figure class=\"alignleft is-resized\"><img loading=\"lazy\" decoding=\"async\" src=\"https:\/\/visiosensefronteres.org\/wp-content\/uploads\/2018\/06\/perfil-hombre.png\" alt=\"perfil hombre - Visi\u00f3 Sense Fronteres ONG\" width=\"103\" height=\"103\" \/>\n<figcaption>Ramiro Ram\u00edrez Morales<br \/><em>Secretario Ejecutivo<\/em><\/figcaption>\n<\/figure>\n<\/div>\n<!-- \/wp:image --><\/div>\n<!-- \/wp:group --><!-- wp:group -->\n<div class=\"wp-block-group\"><!-- wp:image {\"align\":\"left\",\"width\":99,\"height\":99,\"className\":\"is-style-rounded\"} -->\n<div class=\"wp-block-image is-style-rounded\">\n<figure class=\"alignleft is-resized\"><img loading=\"lazy\" decoding=\"async\" src=\"https:\/\/visiosensefronteres.org\/wp-content\/uploads\/2018\/06\/perfil-hombre.png\" alt=\"perfil hombre - Visi\u00f3 Sense Fronteres ONG\" width=\"99\" height=\"99\" \/>\n<figcaption>Claudia Patricia L\u00f3pez Buitrago <em>Transcriptora<\/em><\/figcaption>\n<\/figure>\n<\/div>\n<!-- \/wp:image --><\/div>\n<!-- \/wp:group --><!-- wp:group -->\n<div class=\"wp-block-group\"><!-- wp:image {\"align\":\"left\",\"width\":100,\"height\":100,\"className\":\"is-style-rounded\"} -->\n<div class=\"wp-block-image is-style-rounded\">\n<figure class=\"alignleft is-resized\"><img loading=\"lazy\" decoding=\"async\" src=\"https:\/\/visiosensefronteres.org\/wp-content\/uploads\/2018\/06\/perfil-hombre.png\" alt=\"perfil hombre - Visi\u00f3 Sense Fronteres ONG\" width=\"100\" height=\"100\" \/>\n<figcaption>Alexander Bele\u00f1o Urrea<br \/><em>Subsecretario<\/em><\/figcaption>\n<\/figure>\n<\/div>\n<!-- \/wp:image --><!-- wp:image {\"align\":\"left\",\"width\":101,\"height\":101,\"className\":\"is-style-rounded\"} -->\n<div class=\"wp-block-image is-style-rounded\">\n<figure class=\"alignleft is-resized\"><img loading=\"lazy\" decoding=\"async\" src=\"https:\/\/visiosensefronteres.org\/wp-content\/uploads\/2018\/06\/perfil-hombre.png\" alt=\"perfil hombre - Visi\u00f3 Sense Fronteres ONG\" width=\"101\" height=\"101\" \/>\n<figcaption>Misael Prada S\u00e1nchez <em>Conductor<\/em><\/figcaption>\n<\/figure>\n<\/div>\n<!-- \/wp:image --><\/div>\n<!-- \/wp:group --><\/div>\n<!-- \/wp:column --><\/div>\n<!-- \/wp:columns --><!-- wp:columns -->\n<div class=\"wp-block-columns\"><!-- wp:column -->\n<div class=\"wp-block-column\"><!-- wp:image {\"align\":\"left\",\"width\":98,\"height\":98,\"className\":\"is-style-rounded\"} -->\n<div class=\"wp-block-image is-style-rounded\">\n<figure class=\"alignleft is-resized\"><img loading=\"lazy\" decoding=\"async\" src=\"https:\/\/visiosensefronteres.org\/wp-content\/uploads\/2018\/06\/perfil-hombre.png\" alt=\"perfil hombre - Visi\u00f3 Sense Fronteres ONG\" width=\"98\" height=\"98\" \/>\n<figcaption>Zory Yalida Quintana Mosquera<br \/><em>Asesor II<\/em><\/figcaption>\n<\/figure>\n<\/div>\n<!-- \/wp:image --><!-- wp:image {\"align\":\"left\",\"width\":98,\"height\":98,\"className\":\"is-style-rounded\"} -->\n<div class=\"wp-block-image is-style-rounded\">\n<figure class=\"alignleft is-resized\"><img loading=\"lazy\" decoding=\"async\" src=\"https:\/\/visiosensefronteres.org\/wp-content\/uploads\/2018\/06\/perfil-hombre.png\" alt=\"perfil hombre - Visi\u00f3 Sense Fronteres ONG\" width=\"98\" height=\"98\" \/>\n<figcaption>Nulbia Suescun Jim\u00e9nez<br \/><em>Subsecretaria<\/em><\/figcaption>\n<\/figure>\n<\/div>\n<!-- \/wp:image --><!-- wp:image {\"align\":\"left\",\"width\":97,\"height\":97,\"className\":\"is-style-rounded\"} -->\n<div class=\"wp-block-image is-style-rounded\">\n<figure class=\"alignleft is-resized\"><img loading=\"lazy\" decoding=\"async\" src=\"https:\/\/visiosensefronteres.org\/wp-content\/uploads\/2018\/06\/perfil-hombre.png\" alt=\"perfil hombre - Visi\u00f3 Sense Fronteres ONG\" width=\"97\" height=\"97\" \/>\n<figcaption>Alix Victoria Ardila Guzm\u00e1n<br \/><em>Operador De Sistemas<\/em><\/figcaption>\n<\/figure>\n<\/div>\n<!-- \/wp:image --><!-- wp:image {\"align\":\"left\",\"width\":97,\"height\":97,\"className\":\"is-style-rounded\"} -->\n<div class=\"wp-block-image is-style-rounded\">\n<figure class=\"alignleft is-resized\"><img loading=\"lazy\" decoding=\"async\" src=\"https:\/\/visiosensefronteres.org\/wp-content\/uploads\/2018\/06\/perfil-hombre.png\" alt=\"perfil hombre - Visi\u00f3 Sense Fronteres ONG\" width=\"97\" height=\"97\" \/>\n<figcaption>Emma Elizabeth Revelo Molina<br \/><em>Operadora de sistemas<\/em><\/figcaption>\n<\/figure>\n<\/div>\n<!-- \/wp:image --><\/div>\n<!-- \/wp:column --><\/div>\n<!-- \/wp:columns --><!-- wp:spacer {\"height\":\"19px\"} -->\n<div class=\"wp-block-spacer\" style=\"height: 19px;\" aria-hidden=\"true\">\u00a0<\/div>\n<!-- \/wp:spacer --><!-- wp:paragraph -->\n<p><strong>Comisi\u00f3n Cuarta o Presupuesto<\/strong><\/p>\n<!-- \/wp:paragraph --><!-- wp:paragraph -->\n<p>Legislatura:2021 &#8211; 2022<\/p>\n<!-- \/wp:paragraph --><!-- wp:paragraph -->\n<p>Descripci\u00f3n<\/p>\n<!-- \/wp:paragraph --><!-- wp:paragraph -->\n<p>La Comisi\u00f3n Cuarta Constitucional, Compuesta de veintisiete (27) miembros en la C\u00e1mara de Representantes y quince (15) miembros en el Senado de la Rep\u00fablica, esta conocer\u00e1 de temas relacionados con:<\/p>\n<!-- \/wp:paragraph --><!-- wp:paragraph -->\n<p>1. Leyes Org\u00e1nicas de Presupuesto;<\/p>\n<!-- \/wp:paragraph --><!-- wp:paragraph -->\n<p>2. Sistema de Control Fiscal Financiero;<\/p>\n<!-- \/wp:paragraph --><!-- wp:paragraph -->\n<p>3. Enajenaci\u00f3n y destinaci\u00f3n de Bienes Nacionales;<\/p>\n<!-- \/wp:paragraph --><!-- wp:paragraph -->\n<p>4. Regulaci\u00f3n del R\u00e9gimen de propiedad industrial, patentes y marcas;<\/p>\n<!-- \/wp:paragraph --><!-- wp:paragraph -->\n<p>5. Creaci\u00f3n, supresi\u00f3n, reforma u organizaci\u00f3n de establecimientos P\u00fablicos Nacionales;<\/p>\n<!-- \/wp:paragraph --><!-- wp:paragraph -->\n<p>6. Control de calidad y precios y;<\/p>\n<!-- \/wp:paragraph --><!-- wp:paragraph -->\n<p>7. Contrataci\u00f3n Administrativa.<\/p>\n<!-- \/wp:paragraph --><!-- wp:spacer {\"height\":\"20px\"} -->\n<div class=\"wp-block-spacer\" style=\"height: 20px;\" aria-hidden=\"true\">\u00a0<\/div>\n<!-- \/wp:spacer --><!-- wp:paragraph -->\n<p><strong>INTEGRANTES<\/strong><\/p>\n<!-- \/wp:paragraph --><!-- wp:paragraph -->\n<p>Periodo Legislativo 2021 &#8211; 2022<\/p>\n<!-- \/wp:paragraph --><!-- wp:image {\"align\":\"left\",\"width\":122,\"height\":155,\"linkDestination\":\"custom\",\"className\":\"is-style-rounded\"} -->\n<div class=\"wp-block-image is-style-rounded\">\n<figure class=\"alignleft is-resized\"><a href=\"https:\/\/www.camara.gov.co\/representantes\/yenica-sugein-acosta-infante\"><img loading=\"lazy\" decoding=\"async\" src=\"https:\/\/www.camara.gov.co\/sites\/default\/files\/styles\/mesa_plenaria\/public\/2020-04\/YENICA%20SUGEN%20ACOSTA%20INFANTE.png?itok=Vfwlfg6e\" alt=\"Imagen de la Representante Yenica Sugein Acosta\" width=\"122\" height=\"155\" \/><\/a>\n<figcaption>Yenica Sugein Acosta Infante<br \/>Presidente<\/figcaption>\n<\/figure>\n<\/div>\n<!-- \/wp:image --><!-- wp:image {\"align\":\"left\",\"width\":122,\"height\":154,\"className\":\"is-style-rounded\"} -->\n<div class=\"wp-block-image is-style-rounded\">\n<figure class=\"alignleft is-resized\"><img loading=\"lazy\" decoding=\"async\" src=\"https:\/\/www.camara.gov.co\/sites\/default\/files\/styles\/mesa_plenaria\/public\/2020-04\/MODESTO%20ENRIQUE%20AGUILERA%20VIDES.png?itok=_BrXEY-m\" alt=\"Imagen del representante Modesto Aguilera\" width=\"122\" height=\"154\" \/>\n<figcaption>Modesto Enrique Aguilera Vides<br \/>Vicepresidente<\/figcaption>\n<\/figure>\n<\/div>\n<!-- \/wp:image --><!-- wp:spacer {\"height\":\"10px\"} -->\n<div class=\"wp-block-spacer\" style=\"height: 10px;\" aria-hidden=\"true\">\u00a0<\/div>\n<!-- \/wp:spacer --><!-- wp:image {\"align\":\"left\",\"width\":158,\"height\":140,\"style\":{\"color\":{\"duotone\":[\"#abb8c3\",\"rgba(255, 241, 120, 0.18)\"]}},\"className\":\"is-style-rounded\"} -->\n<div class=\"wp-block-image is-style-rounded\">\n<figure class=\"alignleft is-resized\"><img loading=\"lazy\" decoding=\"async\" src=\"https:\/\/conteudo.imguol.com.br\/blogs\/174\/files\/2018\/05\/iStock-648229868-1024x909.jpg\" alt=\"Foto do perfil: uma imagem de utilidade p\u00fablica - Blog da Lia Bock - UOL\" width=\"158\" height=\"140\" \/>\n<figcaption>Maria Regina <br \/>Zuluaga Henao<br \/>Secretaria<\/figcaption>\n<\/figure>\n<\/div>\n<!-- \/wp:image --><!-- wp:image {\"align\":\"left\",\"width\":158,\"height\":140,\"style\":{\"color\":{\"duotone\":[\"#abb8c3\",\"rgba(255, 241, 120, 0.18)\"]}},\"className\":\"is-style-rounded\"} -->\n<div class=\"wp-block-image is-style-rounded\">\n<figure class=\"alignleft is-resized\"><img loading=\"lazy\" decoding=\"async\" src=\"https:\/\/conteudo.imguol.com.br\/blogs\/174\/files\/2018\/05\/iStock-648229868-1024x909.jpg\" alt=\"Foto do perfil: uma imagem de utilidade p\u00fablica - Blog da Lia Bock - UOL\" width=\"158\" height=\"140\" \/>\n<figcaption>Claudia Patricia <br \/>Santa Mar\u00eda Pe\u00f1a<br \/>Subsecretaria<\/figcaption>\n<\/figure>\n<\/div>\n<!-- \/wp:image --><!-- wp:spacer {\"height\":\"26px\"} -->\n<div class=\"wp-block-spacer\" style=\"height: 26px;\" aria-hidden=\"true\">\u00a0<\/div>\n<!-- \/wp:spacer --><!-- wp:paragraph -->\n<p>Representantes Periodo Legislativo<\/p>\n<!-- \/wp:paragraph --><!-- wp:paragraph -->\n<p>26 Integrantes<\/p>\n<!-- \/wp:paragraph --><!-- wp:paragraph -->\n<p><a href=\"https:\/\/www.camara.gov.co\/comision\/comision-cuarta-o-presupuesto\/integrantes#\">Diela Liliana Benavides SolarteNari\u00f1o|Partido Conservador Colombiano<\/a><\/p>\n<!-- \/wp:paragraph --><!-- wp:paragraph -->\n<p><a href=\"https:\/\/www.camara.gov.co\/comision\/comision-cuarta-o-presupuesto\/integrantes#\">Juan Carlos Rivera Pe\u00f1aRisaralda|Partido Conservador Colombiano<\/a><\/p>\n<!-- \/wp:paragraph --><!-- wp:paragraph -->\n<p><a href=\"https:\/\/www.camara.gov.co\/comision\/comision-cuarta-o-presupuesto\/integrantes#\">Eloy Chich\u00ed Quintero RomeroCesar|Cambio Radical<\/a><\/p>\n<!-- \/wp:paragraph --><!-- wp:paragraph -->\n<p><a href=\"https:\/\/www.camara.gov.co\/comision\/comision-cuarta-o-presupuesto\/integrantes#\">Felipe Andr\u00e9s Mu\u00f1oz DelgadoNari\u00f1o|Partido Conservador Colombiano<\/a><\/p>\n<!-- \/wp:paragraph --><!-- wp:paragraph -->\n<p><a href=\"https:\/\/www.camara.gov.co\/comision\/comision-cuarta-o-presupuesto\/integrantes#\">Oscar Tulio Lizcano GonzalezCaldas|Partido de la U<\/a><\/p>\n<!-- \/wp:paragraph --><!-- wp:paragraph -->\n<p><a href=\"https:\/\/www.camara.gov.co\/comision\/comision-cuarta-o-presupuesto\/integrantes#\">Hern\u00e1n Banguero AndradeCirc. Esp. Com. Afro, Raizales y Palenqueras|Consejo Comunitario La Mamuncia<\/a><\/p>\n<!-- \/wp:paragraph --><!-- wp:paragraph -->\n<p><a href=\"https:\/\/www.camara.gov.co\/comision\/comision-cuarta-o-presupuesto\/integrantes#\">Diego Javier Osorio JimenezQuind\u00edo|Centro Democr\u00e1tico<\/a><\/p>\n<!-- \/wp:paragraph --><!-- wp:paragraph -->\n<p><a href=\"https:\/\/www.camara.gov.co\/comision\/comision-cuarta-o-presupuesto\/integrantes#\">Yenica Sugein Acosta InfanteAmazonas|Centro Democr\u00e1tico<\/a><\/p>\n<!-- \/wp:paragraph --><!-- wp:paragraph -->\n<p><a href=\"https:\/\/www.camara.gov.co\/comision\/comision-cuarta-o-presupuesto\/integrantes#\">John Jairo Berm\u00fadez Garc\u00e9sAntioquia|Centro Democr\u00e1tico<\/a><\/p>\n<!-- \/wp:paragraph --><!-- wp:paragraph -->\n<p><a href=\"https:\/\/www.camara.gov.co\/comision\/comision-cuarta-o-presupuesto\/integrantes#\">Hern\u00e1n Humberto Garz\u00f3n Rodr\u00edguezCundinamarca|Centro Democr\u00e1tico<\/a><\/p>\n<!-- \/wp:paragraph --><!-- wp:paragraph -->\n<p><a href=\"https:\/\/www.camara.gov.co\/comision\/comision-cuarta-o-presupuesto\/integrantes#\">Carlos Alberto Cuenca ChauxGuain\u00eda|Cambio Radical<\/a><\/p>\n<!-- \/wp:paragraph --><!-- wp:paragraph -->\n<p><a href=\"https:\/\/www.camara.gov.co\/comision\/comision-cuarta-o-presupuesto\/integrantes#\">Modesto Enrique Aguilera VidesAtl\u00e1ntico|Cambio Radical<\/a><\/p>\n<!-- \/wp:paragraph --><!-- wp:paragraph -->\n<p><a href=\"https:\/\/www.camara.gov.co\/comision\/comision-cuarta-o-presupuesto\/integrantes#\">Jos\u00e9 Luis Pinedo CampoMagdalena|Cambio Radical<\/a><\/p>\n<!-- \/wp:paragraph --><!-- wp:paragraph -->\n<p><a href=\"https:\/\/www.camara.gov.co\/comision\/comision-cuarta-o-presupuesto\/integrantes#\">Jos\u00e9 Elver Hern\u00e1ndez CasasTolima|Partido Conservador Colombiano<\/a><\/p>\n<!-- \/wp:paragraph --><!-- wp:paragraph -->\n<p><a href=\"https:\/\/www.camara.gov.co\/comision\/comision-cuarta-o-presupuesto\/integrantes#\">Gloria Betty Zorro AfricanoCundinamarca|Cambio Radical<\/a><\/p>\n<!-- \/wp:paragraph --><!-- wp:paragraph -->\n<p><a href=\"https:\/\/www.camara.gov.co\/comision\/comision-cuarta-o-presupuesto\/integrantes#\">Alvaro Henry Monedero RiveraValle del Cauca|Partido Liberal<\/a><\/p>\n<!-- \/wp:paragraph --><!-- wp:paragraph -->\n<p><a href=\"https:\/\/www.camara.gov.co\/comision\/comision-cuarta-o-presupuesto\/integrantes#\">Jezmi Lizeth Barraza ArrautAtl\u00e1ntico|Partido Liberal<\/a><\/p>\n<!-- \/wp:paragraph --><!-- wp:paragraph -->\n<p><a href=\"https:\/\/www.camara.gov.co\/comision\/comision-cuarta-o-presupuesto\/integrantes#\">Alexander Harley Berm\u00fadez LassoGuaviare|Partido Liberal<\/a><\/p>\n<!-- \/wp:paragraph --><!-- wp:paragraph -->\n<p><a href=\"https:\/\/www.camara.gov.co\/comision\/comision-cuarta-o-presupuesto\/integrantes#\">Edgar Alfonso G\u00f3mez Rom\u00e1nSantander|Partido Liberal<\/a><\/p>\n<!-- \/wp:paragraph --><!-- wp:paragraph -->\n<p><a href=\"https:\/\/www.camara.gov.co\/comision\/comision-cuarta-o-presupuesto\/integrantes#\">Elizabeth Jay-Pang D\u00edazSan Andr\u00e9s y Providencia|Partido Liberal<\/a><\/p>\n<!-- \/wp:paragraph --><!-- wp:paragraph -->\n<p><a href=\"https:\/\/www.camara.gov.co\/comision\/comision-cuarta-o-presupuesto\/integrantes#\">Irma Luz Herrera Rodr\u00edguezBogot\u00e1|MIRA<\/a><\/p>\n<!-- \/wp:paragraph --><!-- wp:paragraph -->\n<p><a href=\"https:\/\/www.camara.gov.co\/comision\/comision-cuarta-o-presupuesto\/integrantes#\">Milene Jarava DiazSucre|Partido de la U<\/a><\/p>\n<!-- \/wp:paragraph --><!-- wp:paragraph -->\n<p><a href=\"https:\/\/www.camara.gov.co\/comision\/comision-cuarta-o-presupuesto\/integrantes#\">Catalina Ortiz LalindeValle del Cauca|Partido Verde<\/a><\/p>\n<!-- \/wp:paragraph --><!-- wp:paragraph -->\n<p><a href=\"https:\/\/www.camara.gov.co\/comision\/comision-cuarta-o-presupuesto\/integrantes#\">Harold Augusto Valencia InfanteAmazonas|Partido de la U<\/a><\/p>\n<!-- \/wp:paragraph --><!-- wp:paragraph -->\n<p><a href=\"https:\/\/www.camara.gov.co\/comision\/comision-cuarta-o-presupuesto\/integrantes#\">Hernando Guida PonceMagdalena|Partido de la U<\/a><\/p>\n<!-- \/wp:paragraph --><!-- wp:paragraph -->\n<p><a href=\"https:\/\/www.camara.gov.co\/comision\/comision-cuarta-o-presupuesto\/integrantes#\">Jos\u00e9 Eli\u00e9cer Salazar L\u00f3pezCesar|Partido de la U<\/a><\/p>\n<!-- \/wp:paragraph --><!-- wp:paragraph -->\n<p>\u00a0<\/p>\n<!-- \/wp:paragraph --><!-- wp:paragraph -->\n<p>FUNCIONARIOS<\/p>\n<!-- \/wp:paragraph --><!-- wp:columns -->\n<div class=\"wp-block-columns\"><!-- wp:column -->\n<div class=\"wp-block-column\"><!-- wp:image {\"align\":\"left\",\"width\":101,\"height\":101,\"className\":\"is-style-rounded\"} -->\n<div class=\"wp-block-image is-style-rounded\">\n<figure class=\"alignleft is-resized\"><img loading=\"lazy\" decoding=\"async\" src=\"https:\/\/visiosensefronteres.org\/wp-content\/uploads\/2018\/06\/perfil-hombre.png\" alt=\"perfil hombre - Visi\u00f3 Sense Fronteres ONG\" width=\"101\" height=\"101\" \/>\n<figcaption>Maria Regina Zuluaga Henao<br \/><em>Secretaria<\/em><\/figcaption>\n<\/figure>\n<\/div>\n<!-- \/wp:image --><!-- wp:image {\"align\":\"left\",\"width\":101,\"height\":101,\"className\":\"is-style-rounded\"} -->\n<div class=\"wp-block-image is-style-rounded\">\n<figure class=\"alignleft is-resized\"><img loading=\"lazy\" decoding=\"async\" src=\"https:\/\/visiosensefronteres.org\/wp-content\/uploads\/2018\/06\/perfil-hombre.png\" alt=\"perfil hombre - Visi\u00f3 Sense Fronteres ONG\" width=\"101\" height=\"101\" \/>\n<figcaption>Mar\u00eda Catalina Villalobos L\u00f3pez<br \/><em>Secretaria Ejecutiva<\/em><\/figcaption>\n<\/figure>\n<\/div>\n<!-- \/wp:image --><!-- wp:image {\"align\":\"left\",\"width\":101,\"height\":101,\"className\":\"is-style-rounded\"} -->\n<div class=\"wp-block-image is-style-rounded\">\n<figure class=\"alignleft is-resized\"><img loading=\"lazy\" decoding=\"async\" src=\"https:\/\/visiosensefronteres.org\/wp-content\/uploads\/2018\/06\/perfil-hombre.png\" alt=\"perfil hombre - Visi\u00f3 Sense Fronteres ONG\" width=\"101\" height=\"101\" \/>\n<figcaption>Jhoniemn Edgardo Rodr\u00edguez Rodr\u00edguez<br \/><em>Mensajero<\/em><\/figcaption>\n<\/figure>\n<\/div>\n<!-- \/wp:image --><!-- wp:image {\"align\":\"left\",\"width\":101,\"height\":101,\"className\":\"is-style-rounded\"} -->\n<div class=\"wp-block-image is-style-rounded\">\n<figure class=\"alignleft is-resized\"><img loading=\"lazy\" decoding=\"async\" src=\"https:\/\/visiosensefronteres.org\/wp-content\/uploads\/2018\/06\/perfil-hombre.png\" alt=\"perfil hombre - Visi\u00f3 Sense Fronteres ONG\" width=\"101\" height=\"101\" \/>\n<figcaption>Juan Fernando Barrera Zambrano<br \/><em>Operador De Equipo<\/em><\/figcaption>\n<\/figure>\n<\/div>\n<!-- \/wp:image --><\/div>\n<!-- \/wp:column --><\/div>\n<!-- \/wp:columns --><!-- wp:columns -->\n<div class=\"wp-block-columns\"><!-- wp:column -->\n<div class=\"wp-block-column\"><!-- wp:image {\"align\":\"left\",\"width\":101,\"height\":101,\"className\":\"is-style-rounded\"} -->\n<div class=\"wp-block-image is-style-rounded\">\n<figure class=\"alignleft is-resized\"><img loading=\"lazy\" decoding=\"async\" src=\"https:\/\/visiosensefronteres.org\/wp-content\/uploads\/2018\/06\/perfil-hombre.png\" alt=\"perfil hombre - Visi\u00f3 Sense Fronteres ONG\" width=\"101\" height=\"101\" \/>\n<figcaption>Claudia Patricia Santa Mar\u00eda Pe\u00f1a<br \/><em>Asesor I<\/em><\/figcaption>\n<\/figure>\n<\/div>\n<!-- \/wp:image --><!-- wp:image {\"align\":\"left\",\"width\":101,\"height\":101,\"className\":\"is-style-rounded\"} -->\n<div class=\"wp-block-image is-style-rounded\">\n<figure class=\"alignleft is-resized\"><img loading=\"lazy\" decoding=\"async\" src=\"https:\/\/visiosensefronteres.org\/wp-content\/uploads\/2018\/06\/perfil-hombre.png\" alt=\"perfil hombre - Visi\u00f3 Sense Fronteres ONG\" width=\"101\" height=\"101\" \/>\n<figcaption>Sonia Esperanza Vergara Guio<br \/><em>Secretaria Ejecutiva<\/em><\/figcaption>\n<\/figure>\n<\/div>\n<!-- \/wp:image --><!-- wp:image {\"align\":\"left\",\"width\":101,\"height\":101,\"className\":\"is-style-rounded\"} -->\n<div class=\"wp-block-image is-style-rounded\">\n<figure class=\"alignleft is-resized\"><img loading=\"lazy\" decoding=\"async\" src=\"https:\/\/visiosensefronteres.org\/wp-content\/uploads\/2018\/06\/perfil-hombre.png\" alt=\"perfil hombre - Visi\u00f3 Sense Fronteres ONG\" width=\"101\" height=\"101\" \/>\n<figcaption>Mar\u00eda Del Carmen Triana<br \/><em>Transcriptora<\/em><\/figcaption>\n<\/figure>\n<\/div>\n<!-- \/wp:image --><!-- wp:image {\"align\":\"left\",\"width\":101,\"height\":101,\"className\":\"is-style-rounded\"} -->\n<div class=\"wp-block-image is-style-rounded\">\n<figure class=\"alignleft is-resized\"><img loading=\"lazy\" decoding=\"async\" src=\"https:\/\/visiosensefronteres.org\/wp-content\/uploads\/2018\/06\/perfil-hombre.png\" alt=\"perfil hombre - Visi\u00f3 Sense Fronteres ONG\" width=\"101\" height=\"101\" \/>\n<figcaption>H\u00e9ctor Hern\u00e1n Salinas Soto<br \/><em>Operador De Sistemas<\/em><\/figcaption>\n<\/figure>\n<\/div>\n<!-- \/wp:image --><\/div>\n<!-- \/wp:column --><\/div>\n<!-- \/wp:columns --><!-- wp:paragraph -->\n<p>\u00a0<\/p>\n<!-- \/wp:paragraph --><!-- wp:paragraph -->\n<p><strong>Comisi\u00f3n Quinta Constitucional Permanente<\/strong><\/p>\n<!-- \/wp:paragraph --><!-- wp:paragraph -->\n<p>Legislatura:2021 &#8211; 2022<\/p>\n<!-- \/wp:paragraph --><!-- wp:paragraph -->\n<p>Descripci\u00f3n<\/p>\n<!-- \/wp:paragraph --><!-- wp:paragraph -->\n<p>La Comisi\u00f3n Quinta Constitucional, Compuesta de diecinueve (19) miembros en la C\u00e1mara de Representantes y trece (13) miembros en el Senado, esta conocer\u00e1 de temas relacionados con:<\/p>\n<!-- \/wp:paragraph --><!-- wp:list -->\n<ul>\n<li>1. R\u00e9gimen agropecuario.<\/li>\n<li>2. Ecolog\u00eda; medio ambiente y recursos naturales.\u00a0<\/li>\n<li>3. Adjudicaci\u00f3n y recuperaci\u00f3n de tierras.<\/li>\n<li>4. Recursos ictiol\u00f3gicos y asuntos del mar.<\/li>\n<li>5. Minas y energ\u00eda.<\/li>\n<li>6. Corporaciones aut\u00f3nomas regionales.<\/li>\n<\/ul>\n<!-- \/wp:list --><!-- wp:paragraph -->\n<p>\u00a0<\/p>\n<!-- \/wp:paragraph --><!-- wp:paragraph -->\n<p><strong>INTEGRANTES<\/strong><\/p>\n<!-- \/wp:paragraph --><!-- wp:paragraph -->\n<p>Periodo Legislativo 2021 &#8211; 2022<\/p>\n<!-- \/wp:paragraph --><!-- wp:image {\"align\":\"left\",\"linkDestination\":\"custom\",\"className\":\"is-style-rounded\"} -->\n<div class=\"wp-block-image is-style-rounded\">\n<figure class=\"alignleft\"><a href=\"https:\/\/www.camara.gov.co\/representantes\/nicolas-albeiro-echeverry-alvaran\"><img decoding=\"async\" src=\"https:\/\/www.camara.gov.co\/sites\/default\/files\/styles\/mesa_plenaria\/public\/2017-05\/NICOL%C3%81S%20ALBEIRO%20ECHEVERRY%20ALVAR%C3%81N.jpg?itok=EI45hmq5\" alt=\"Fotograf\u00eda del Representante Nicolas Albeiro Echeverry Alvar\u00e1n \" \/><\/a>\n<figcaption>Nicol\u00e1s Albeiro Echeverry Alvar\u00e1n<br \/>Presidente<\/figcaption>\n<\/figure>\n<\/div>\n<!-- \/wp:image --><!-- wp:image {\"align\":\"left\",\"className\":\"is-style-rounded\"} -->\n<div class=\"wp-block-image is-style-rounded\">\n<figure class=\"alignleft\"><img decoding=\"async\" src=\"https:\/\/www.camara.gov.co\/sites\/default\/files\/styles\/mesa_plenaria\/public\/2018-04\/FLORA%20PERDOMO%20%20ANDRADE.png?itok=iZlW4ok2\" alt=\"Imagen de la Representante Flora Perdomo Andrade\" \/>\n<figcaption>Flora Perdomo Andrade<br \/>Vicepresidente<\/figcaption>\n<\/figure>\n<\/div>\n<!-- \/wp:image --><!-- wp:image {\"align\":\"left\",\"width\":202,\"height\":179,\"style\":{\"color\":{\"duotone\":[\"#abb8c3\",\"rgba(255, 241, 120, 0.18)\"]}},\"className\":\"is-style-rounded\"} -->\n<div class=\"wp-block-image is-style-rounded\">\n<figure class=\"alignleft is-resized\"><img loading=\"lazy\" decoding=\"async\" src=\"https:\/\/conteudo.imguol.com.br\/blogs\/174\/files\/2018\/05\/iStock-648229868-1024x909.jpg\" alt=\"Foto do perfil: uma imagem de utilidade p\u00fablica - Blog da Lia Bock - UOL\" width=\"202\" height=\"179\" \/>\n<figcaption>Jair Jose Ebratt Diaz<br \/>Secretario<\/figcaption>\n<\/figure>\n<\/div>\n<!-- \/wp:image --><!-- wp:spacer {\"height\":\"19px\"} -->\n<div class=\"wp-block-spacer\" style=\"height: 19px;\" aria-hidden=\"true\">\u00a0<\/div>\n<!-- \/wp:spacer --><!-- wp:paragraph -->\n<p>Representantes Periodo Legislativo<\/p>\n<!-- \/wp:paragraph --><!-- wp:paragraph -->\n<p><strong>20<\/strong> Integrantes<\/p>\n<!-- \/wp:paragraph --><!-- wp:paragraph -->\n<p><a href=\"https:\/\/www.camara.gov.co\/comision\/comision-quinta-constitucional-permanente\/#\">Oscar Camilo Arango CardenasVichada|Cambio Radical<\/a><\/p>\n<!-- \/wp:paragraph --><!-- wp:paragraph -->\n<p><a href=\"https:\/\/www.camara.gov.co\/comision\/comision-quinta-constitucional-permanente\/#\">Edwin Gilberto Ballesteros ArchilaSantander|Centro Democr\u00e1tico<\/a><\/p>\n<!-- \/wp:paragraph --><!-- wp:paragraph -->\n<p><a href=\"https:\/\/www.camara.gov.co\/comision\/comision-quinta-constitucional-permanente\/#\">Jos\u00e9 Edilberto Caicedo SastoqueCundinamarca|Partido de la U<\/a><\/p>\n<!-- \/wp:paragraph --><!-- wp:paragraph -->\n<p><a href=\"https:\/\/www.camara.gov.co\/comision\/comision-quinta-constitucional-permanente\/#\">Felix Alejandro Chica CorreaCaldas|Partido Conservador Colombiano<\/a><\/p>\n<!-- \/wp:paragraph --><!-- wp:paragraph -->\n<p><a href=\"https:\/\/www.camara.gov.co\/comision\/comision-quinta-constitucional-permanente\/#\">Karen Violette Cure CorcioneBol\u00edvar|Cambio Radical<\/a><\/p>\n<!-- \/wp:paragraph --><!-- wp:paragraph -->\n<p><a href=\"https:\/\/www.camara.gov.co\/comision\/comision-quinta-constitucional-permanente\/#\">Alonso Jos\u00e9 del Rio CabarcasBol\u00edvar|Partido de la U<\/a><\/p>\n<!-- \/wp:paragraph --><!-- wp:paragraph -->\n<p><a href=\"https:\/\/www.camara.gov.co\/comision\/comision-quinta-constitucional-permanente\/#\">Nicol\u00e1s Albeiro Echeverry Alvar\u00e1nAntioquia|Partido Conservador Colombiano<\/a><\/p>\n<!-- \/wp:paragraph --><!-- wp:paragraph -->\n<p><a href=\"https:\/\/www.camara.gov.co\/comision\/comision-quinta-constitucional-permanente\/#\">Teresa De Jes\u00fas Enr\u00edquez RoseroNari\u00f1o|Partido de la U<\/a><\/p>\n<!-- \/wp:paragraph --><!-- wp:paragraph -->\n<p><a href=\"https:\/\/www.camara.gov.co\/comision\/comision-quinta-constitucional-permanente\/#\">Juan Fernando Espinal RamirezAntioquia|Centro Democr\u00e1tico<\/a><\/p>\n<!-- \/wp:paragraph --><!-- wp:paragraph -->\n<p><a href=\"https:\/\/www.camara.gov.co\/comision\/comision-quinta-constitucional-permanente\/#\">Ciro Fern\u00e1ndez N\u00fa\u00f1ezSantander|Cambio Radical<\/a><\/p>\n<!-- \/wp:paragraph --><!-- wp:paragraph -->\n<p><a href=\"https:\/\/www.camara.gov.co\/comision\/comision-quinta-constitucional-permanente\/#\">Ricardo Alfonso Ferro LozanoTolima|Centro Democr\u00e1tico<\/a><\/p>\n<!-- \/wp:paragraph --><!-- wp:paragraph -->\n<p><a href=\"https:\/\/www.camara.gov.co\/comision\/comision-quinta-constitucional-permanente\/#\">\u00c1ngel Mar\u00eda Gait\u00e1n PulidoTolima|Partido Liberal<\/a><\/p>\n<!-- \/wp:paragraph --><!-- wp:paragraph -->\n<p><a href=\"https:\/\/www.camara.gov.co\/comision\/comision-quinta-constitucional-permanente\/#\">Luciano Grisales Londo\u00f1oQuind\u00edo|Partido Liberal<\/a><\/p>\n<!-- \/wp:paragraph --><!-- wp:paragraph -->\n<p><a href=\"https:\/\/www.camara.gov.co\/comision\/comision-quinta-constitucional-permanente\/#\">Franklin Del Cristo Lozano De La OssaMagdalena|Opci\u00f3n Ciudadana<\/a><\/p>\n<!-- \/wp:paragraph --><!-- wp:paragraph -->\n<p><a href=\"https:\/\/www.camara.gov.co\/comision\/comision-quinta-constitucional-permanente\/#\">Rub\u00e9n Dar\u00edo Molano Pi\u00f1erosCundinamarca|Centro Democr\u00e1tico<\/a><\/p>\n<!-- \/wp:paragraph --><!-- wp:paragraph -->\n<p><a href=\"https:\/\/www.camara.gov.co\/comision\/comision-quinta-constitucional-permanente\/#\">H\u00e9ctor \u00c1ngel Ortiz N\u00fa\u00f1ezBoyac\u00e1|Centro Democr\u00e1tico<\/a><\/p>\n<!-- \/wp:paragraph --><!-- wp:paragraph -->\n<p><a href=\"https:\/\/www.camara.gov.co\/comision\/comision-quinta-constitucional-permanente\/#\">C\u00e9sar Augusto Ortiz ZorroCasanare|Partido Verde<\/a><\/p>\n<!-- \/wp:paragraph --><!-- wp:paragraph -->\n<p><a href=\"https:\/\/www.camara.gov.co\/comision\/comision-quinta-constitucional-permanente\/#\">C\u00e9sar Augusto Pach\u00f3n AchuryBoyac\u00e1|Movimiento Alternativo Ind\u00edgena y Social<\/a><\/p>\n<!-- \/wp:paragraph --><!-- wp:paragraph -->\n<p><a href=\"https:\/\/www.camara.gov.co\/comision\/comision-quinta-constitucional-permanente\/#\">Flora Perdomo AndradeHuila|Partido Liberal<\/a><\/p>\n<!-- \/wp:paragraph --><!-- wp:paragraph -->\n<p><a href=\"https:\/\/www.camara.gov.co\/comision\/comision-quinta-constitucional-permanente\/#\">Crisanto Pisso MazabuelCauca|Partido Liberal<\/a><\/p>\n<!-- \/wp:paragraph --><!-- wp:paragraph -->\n<p>\u00a0<\/p>\n<!-- \/wp:paragraph --><!-- wp:paragraph -->\n<p>FUNCIONARIOS<\/p>\n<!-- \/wp:paragraph --><!-- wp:columns -->\n<div class=\"wp-block-columns\"><!-- wp:column -->\n<div class=\"wp-block-column\"><!-- wp:columns -->\n<div class=\"wp-block-columns\"><!-- wp:column -->\n<div class=\"wp-block-column\"><!-- wp:image {\"align\":\"left\",\"width\":101,\"height\":101,\"className\":\"is-style-rounded\"} -->\n<div class=\"wp-block-image is-style-rounded\">\n<figure class=\"alignleft is-resized\"><img loading=\"lazy\" decoding=\"async\" src=\"https:\/\/visiosensefronteres.org\/wp-content\/uploads\/2018\/06\/perfil-hombre.png\" alt=\"perfil hombre - Visi\u00f3 Sense Fronteres ONG\" width=\"101\" height=\"101\" \/>\n<figcaption>Rosalba Carvajal Parra<br \/><em>Secretaria Ejecutiva<\/em><\/figcaption>\n<\/figure>\n<\/div>\n<!-- \/wp:image --><!-- wp:image {\"align\":\"left\",\"width\":101,\"height\":101,\"className\":\"is-style-rounded\"} -->\n<div class=\"wp-block-image is-style-rounded\">\n<figure class=\"alignleft is-resized\"><img loading=\"lazy\" decoding=\"async\" src=\"https:\/\/visiosensefronteres.org\/wp-content\/uploads\/2018\/06\/perfil-hombre.png\" alt=\"perfil hombre - Visi\u00f3 Sense Fronteres ONG\" width=\"101\" height=\"101\" \/>\n<figcaption>Luz Dary Segura Cord\u00f3n<br \/><em>Transcriptora<\/em><\/figcaption>\n<\/figure>\n<\/div>\n<!-- \/wp:image --><!-- wp:image {\"align\":\"left\",\"width\":101,\"height\":101,\"className\":\"is-style-rounded\"} -->\n<div class=\"wp-block-image is-style-rounded\">\n<figure class=\"alignleft is-resized\"><img loading=\"lazy\" decoding=\"async\" src=\"https:\/\/visiosensefronteres.org\/wp-content\/uploads\/2018\/06\/perfil-hombre.png\" alt=\"perfil hombre - Visi\u00f3 Sense Fronteres ONG\" width=\"101\" height=\"101\" \/>\n<figcaption>Luis Carlos Rojas Ortiz<br \/><em>Operador De Sistemas<\/em><\/figcaption>\n<\/figure>\n<\/div>\n<!-- \/wp:image --><!-- wp:image {\"align\":\"left\",\"width\":101,\"height\":101,\"className\":\"is-style-rounded\"} -->\n<div class=\"wp-block-image is-style-rounded\">\n<figure class=\"alignleft is-resized\"><img loading=\"lazy\" decoding=\"async\" src=\"https:\/\/visiosensefronteres.org\/wp-content\/uploads\/2018\/06\/perfil-hombre.png\" alt=\"perfil hombre - Visi\u00f3 Sense Fronteres ONG\" width=\"101\" height=\"101\" \/>\n<figcaption>Edgar Rodriguez<br \/><em>Mecanografo<\/em><\/figcaption>\n<\/figure>\n<\/div>\n<!-- \/wp:image --><\/div>\n<!-- \/wp:column --><\/div>\n<!-- \/wp:columns --><!-- wp:columns -->\n<div class=\"wp-block-columns\"><!-- wp:column -->\n<div class=\"wp-block-column\"><!-- wp:columns -->\n<div class=\"wp-block-columns\"><!-- wp:column -->\n<div class=\"wp-block-column\"><!-- wp:image {\"align\":\"left\",\"width\":101,\"height\":101,\"className\":\"is-style-rounded\"} -->\n<div class=\"wp-block-image is-style-rounded\">\n<figure class=\"alignleft is-resized\"><img loading=\"lazy\" decoding=\"async\" src=\"https:\/\/visiosensefronteres.org\/wp-content\/uploads\/2018\/06\/perfil-hombre.png\" alt=\"perfil hombre - Visi\u00f3 Sense Fronteres ONG\" width=\"101\" height=\"101\" \/>\n<figcaption>Jacqueline Granados Colpas<br \/><em>Secretaria Ejecutiva<\/em><\/figcaption>\n<\/figure>\n<\/div>\n<!-- \/wp:image --><!-- wp:image {\"align\":\"left\",\"width\":101,\"height\":101,\"className\":\"is-style-rounded\"} -->\n<div class=\"wp-block-image is-style-rounded\">\n<figure class=\"alignleft is-resized\"><img loading=\"lazy\" decoding=\"async\" src=\"https:\/\/visiosensefronteres.org\/wp-content\/uploads\/2018\/06\/perfil-hombre.png\" alt=\"perfil hombre - Visi\u00f3 Sense Fronteres ONG\" width=\"101\" height=\"101\" \/>\n<figcaption>Jes\u00fas Antonio Ladino Triana<br \/><em>Transcriptor<\/em><\/figcaption>\n<\/figure>\n<\/div>\n<!-- \/wp:image --><!-- wp:image {\"align\":\"left\",\"width\":101,\"height\":101,\"className\":\"is-style-rounded\"} -->\n<div class=\"wp-block-image is-style-rounded\">\n<figure class=\"alignleft is-resized\"><img loading=\"lazy\" decoding=\"async\" src=\"https:\/\/visiosensefronteres.org\/wp-content\/uploads\/2018\/06\/perfil-hombre.png\" alt=\"perfil hombre - Visi\u00f3 Sense Fronteres ONG\" width=\"101\" height=\"101\" \/>\n<figcaption>Tomas Jos\u00e9 Barrios Beltr\u00e1n<br \/><em>Operador De Equipo<\/em><\/figcaption>\n<\/figure>\n<\/div>\n<!-- \/wp:image --><!-- wp:image {\"align\":\"left\",\"width\":101,\"height\":101,\"className\":\"is-style-rounded\"} -->\n<div class=\"wp-block-image is-style-rounded\">\n<figure class=\"alignleft is-resized\"><img loading=\"lazy\" decoding=\"async\" src=\"https:\/\/visiosensefronteres.org\/wp-content\/uploads\/2018\/06\/perfil-hombre.png\" alt=\"perfil hombre - Visi\u00f3 Sense Fronteres ONG\" width=\"101\" height=\"101\" \/>\n<figcaption>Guiancarlo Alfaro Calderon<br \/><em>Conductor<\/em><\/figcaption>\n<\/figure>\n<\/div>\n<!-- \/wp:image --><\/div>\n<!-- \/wp:column --><\/div>\n<!-- \/wp:columns --><!-- wp:paragraph -->\n<p>\u00a0<\/p>\n<!-- \/wp:paragraph --><\/div>\n<!-- \/wp:column --><\/div>\n<!-- \/wp:columns --><!-- wp:paragraph -->\n<p><strong>Comisi\u00f3n Sexta o de Transportes y Comunicaciones<\/strong><\/p>\n<!-- \/wp:paragraph --><!-- wp:paragraph -->\n<p>Legislatura:2021 &#8211; 2022<\/p>\n<!-- \/wp:paragraph --><!-- wp:paragraph -->\n<p>Descripci\u00f3n<\/p>\n<!-- \/wp:paragraph --><!-- wp:paragraph -->\n<p>La Comisi\u00f3n Sexta Constitucional, Compuesta por dieciocho (18) miembros en la C\u00e1mara de Representantes y trece (13) miembros en el Senado de la Republica, esta conocer\u00e1 de temas relacionados con:<\/p>\n<!-- \/wp:paragraph --><!-- wp:paragraph -->\n<p>1. Comunicaciones<\/p>\n<!-- \/wp:paragraph --><!-- wp:paragraph -->\n<p>2. Tarifas<\/p>\n<!-- \/wp:paragraph --><!-- wp:paragraph -->\n<p>3. Calamidades P\u00fablicas<\/p>\n<!-- \/wp:paragraph --><!-- wp:paragraph -->\n<p>4. Funciones P\u00fablicas y prestaci\u00f3n de los Servicios P\u00fablicos<\/p>\n<!-- \/wp:paragraph --><!-- wp:paragraph -->\n<p>5. Medios de comunicaci\u00f3n<\/p>\n<!-- \/wp:paragraph --><!-- wp:paragraph -->\n<p>6. Investigaci\u00f3n cient\u00edfica y tecnol\u00f3gica<\/p>\n<!-- \/wp:paragraph --><!-- wp:paragraph -->\n<p>7. Espectros electromagn\u00e9ticos<\/p>\n<!-- \/wp:paragraph --><!-- wp:paragraph -->\n<p>8. \u00d3rbita geoestacionaria<\/p>\n<!-- \/wp:paragraph --><!-- wp:paragraph -->\n<p>9. Sistemas digitales de comunicaci\u00f3n e inform\u00e1tica<\/p>\n<!-- \/wp:paragraph --><!-- wp:paragraph -->\n<p>10. Espacio a\u00e9reo<\/p>\n<!-- \/wp:paragraph --><!-- wp:paragraph -->\n<p>11. Obras p\u00fablicas y transporte<\/p>\n<!-- \/wp:paragraph --><!-- wp:paragraph -->\n<p>12. Turismo y desarrollo tur\u00edstico<\/p>\n<!-- \/wp:paragraph --><!-- wp:paragraph -->\n<p>13. Educaci\u00f3n y cultura.<\/p>\n<!-- \/wp:paragraph --><!-- wp:paragraph -->\n<p>\u00a0<\/p>\n<!-- \/wp:paragraph --><!-- wp:paragraph -->\n<p>INTEGRANTES<\/p>\n<!-- \/wp:paragraph --><!-- wp:paragraph -->\n<p>Periodo Legislativo 2021 &#8211; 2022<\/p>\n<!-- \/wp:paragraph --><!-- wp:image {\"align\":\"left\",\"width\":140,\"linkDestination\":\"custom\",\"className\":\"is-style-rounded\"} -->\n<div class=\"wp-block-image is-style-rounded\">\n<figure class=\"alignleft is-resized\"><a href=\"https:\/\/www.camara.gov.co\/representantes\/rodrigo-arturo-rojas-lara\"><img decoding=\"async\" src=\"https:\/\/www.camara.gov.co\/sites\/default\/files\/styles\/mesa_plenaria\/public\/2020-04\/RODRIGO%20ARTURO%20ROJAS%20LARA.png?itok=TBY5Lr98\" alt=\"Imagen del representante Rodrigo Rojas\" width=\"140\" \/><\/a>\n<figcaption>Rodrigo Arturo Rojas Lara<br \/>Presidente<\/figcaption>\n<\/figure>\n<\/div>\n<!-- \/wp:image --><!-- wp:image {\"align\":\"left\",\"width\":140,\"className\":\"is-style-rounded\"} -->\n<div class=\"wp-block-image is-style-rounded\">\n<figure class=\"alignleft is-resized\"><img decoding=\"async\" src=\"https:\/\/www.camara.gov.co\/sites\/default\/files\/styles\/mesa_plenaria\/public\/2020-04\/MONICA%20LILIANA%20VALENCIA%20MONTA%C3%91A.png?itok=SZUKMju4\" alt=\"Imagen de la representante M\u00f3nica Valencia\" width=\"140\" \/>\n<figcaption>Monica Liliana Valencia Monta\u00f1a<br \/>Vicepresidente<\/figcaption>\n<\/figure>\n<\/div>\n<!-- \/wp:image --><!-- wp:image {\"align\":\"left\",\"width\":140,\"className\":\"is-style-rounded\"} -->\n<div class=\"wp-block-image is-style-rounded\">\n<figure class=\"alignleft is-resized\"><img decoding=\"async\" src=\"https:\/\/www.camara.gov.co\/sites\/default\/files\/styles\/mesa_plenaria\/public\/2020-06\/DIANA%20MARCELA.jpg?itok=p5mkkuCf\" alt=\"Foto doctora Diana Marcela Morales\" width=\"140\" \/>\n<figcaption>Diana Marcela Morales Rojas <br \/>Secretaria<\/figcaption>\n<\/figure>\n<\/div>\n<!-- \/wp:image --><!-- wp:image {\"align\":\"left\",\"width\":140,\"className\":\"is-style-rounded\"} -->\n<div class=\"wp-block-image is-style-rounded\">\n<figure class=\"alignleft is-resized\"><img decoding=\"async\" src=\"https:\/\/www.camara.gov.co\/sites\/default\/files\/styles\/mesa_plenaria\/public\/2017-06\/CLAUDIA%20SAENZ.jpg?itok=06nx9xOW\" alt=\"Foto doctora Ruth Claudia Saenz Forero\" width=\"140\" \/>\n<figcaption>Ruth Claudia S\u00e1enz Forero<br \/>Subsecretaria<\/figcaption>\n<\/figure>\n<\/div>\n<!-- \/wp:image --><!-- wp:spacer {\"height\":\"19px\"} -->\n<div class=\"wp-block-spacer\" style=\"height: 19px;\" aria-hidden=\"true\">\u00a0<\/div>\n<!-- \/wp:spacer --><\/div>\n<!-- \/wp:column --><\/div>\n<!-- \/wp:columns --><!-- wp:paragraph -->\n<p><strong>18<\/strong> Integrantes<\/p>\n<!-- \/wp:paragraph --><!-- wp:paragraph -->\n<p><a href=\"https:\/\/www.camara.gov.co\/comision\/comision-sexta-o-de-transportes-y-comunicaciones\/#\">Esteban Quintero CardonaAntioquia|Centro Democr\u00e1tico<\/a><\/p>\n<!-- \/wp:paragraph --><!-- wp:paragraph -->\n<p><a href=\"https:\/\/www.camara.gov.co\/comision\/comision-sexta-o-de-transportes-y-comunicaciones\/#\">Wilmer Leal P\u00e9rezBoyac\u00e1|Partido Verde<\/a><\/p>\n<!-- \/wp:paragraph --><!-- wp:paragraph -->\n<p><a href=\"https:\/\/www.camara.gov.co\/comision\/comision-sexta-o-de-transportes-y-comunicaciones\/#\">Aquileo Medina ArteagaTolima|Cambio Radical<\/a><\/p>\n<!-- \/wp:paragraph --><!-- wp:paragraph -->\n<p><a href=\"https:\/\/www.camara.gov.co\/comision\/comision-sexta-o-de-transportes-y-comunicaciones\/#\">Rodrigo Arturo Rojas LaraBoyac\u00e1|Partido Liberal<\/a><\/p>\n<!-- \/wp:paragraph --><!-- wp:paragraph -->\n<p><a href=\"https:\/\/www.camara.gov.co\/comision\/comision-sexta-o-de-transportes-y-comunicaciones\/#\">Monica Liliana Valencia Monta\u00f1aVaup\u00e9s|Partido de la U<\/a><\/p>\n<!-- \/wp:paragraph --><!-- wp:paragraph -->\n<p><a href=\"https:\/\/www.camara.gov.co\/comision\/comision-sexta-o-de-transportes-y-comunicaciones\/#\">Le\u00f3n Fredy Mu\u00f1oz LoperaAntioquia|Partido Verde<\/a><\/p>\n<!-- \/wp:paragraph --><!-- wp:paragraph -->\n<p><a href=\"https:\/\/www.camara.gov.co\/comision\/comision-sexta-o-de-transportes-y-comunicaciones\/#\">Diego Pati\u00f1o AmarilesRisaralda|Partido Liberal<\/a><\/p>\n<!-- \/wp:paragraph --><!-- wp:paragraph -->\n<p><a href=\"https:\/\/www.camara.gov.co\/comision\/comision-sexta-o-de-transportes-y-comunicaciones\/#\">Monica Maria Raigoza MoralesAntioquia|Partido de la U<\/a><\/p>\n<!-- \/wp:paragraph --><!-- wp:paragraph -->\n<p><a href=\"https:\/\/www.camara.gov.co\/comision\/comision-sexta-o-de-transportes-y-comunicaciones\/#\">Ciro Antonio Rodr\u00edguez Pinz\u00f3nNorte de Santander|Partido Conservador Colombiano<\/a><\/p>\n<!-- \/wp:paragraph --><!-- wp:paragraph -->\n<p><a href=\"https:\/\/www.camara.gov.co\/comision\/comision-sexta-o-de-transportes-y-comunicaciones\/#\">Karina Estefan\u00eda Rojano PalacioAtl\u00e1ntico|Cambio Radical<\/a><\/p>\n<!-- \/wp:paragraph --><!-- wp:paragraph -->\n<p><a href=\"https:\/\/www.camara.gov.co\/comision\/comision-sexta-o-de-transportes-y-comunicaciones\/#\">Milton Hugo Angulo ViverosValle del Cauca|Centro Democr\u00e1tico<\/a><\/p>\n<!-- \/wp:paragraph --><!-- wp:paragraph -->\n<p><a href=\"https:\/\/www.camara.gov.co\/comision\/comision-sexta-o-de-transportes-y-comunicaciones\/#\">Mar\u00eda Jos\u00e9 Pizarro Rodr\u00edguezBogot\u00e1|Decentes<\/a><\/p>\n<!-- \/wp:paragraph --><!-- wp:paragraph -->\n<p><a href=\"https:\/\/www.camara.gov.co\/comision\/comision-sexta-o-de-transportes-y-comunicaciones\/#\">Luis Fernando G\u00f3mez BetancourtCaldas|Centro Democr\u00e1tico<\/a><\/p>\n<!-- \/wp:paragraph --><!-- wp:paragraph -->\n<p><a href=\"https:\/\/www.camara.gov.co\/comision\/comision-sexta-o-de-transportes-y-comunicaciones\/#\">Oswaldo Arcos BenavidesValle del Cauca|Cambio Radical<\/a><\/p>\n<!-- \/wp:paragraph --><!-- wp:paragraph -->\n<p><a href=\"https:\/\/www.camara.gov.co\/comision\/comision-sexta-o-de-transportes-y-comunicaciones\/#\">Emeterio Jos\u00e9 Montes De CastroBol\u00edvar|Partido Conservador Colombiano<\/a><\/p>\n<!-- \/wp:paragraph --><!-- wp:paragraph -->\n<p><a href=\"https:\/\/www.camara.gov.co\/comision\/comision-sexta-o-de-transportes-y-comunicaciones\/#\">Martha Patricia Villalba HodwalkerAtl\u00e1ntico|Partido de la U<\/a><\/p>\n<!-- \/wp:paragraph --><!-- wp:paragraph -->\n<p><a href=\"https:\/\/www.camara.gov.co\/comision\/comision-sexta-o-de-transportes-y-comunicaciones\/#\">Adriana G\u00f3mez Mill\u00e1nValle del Cauca|Partido Liberal<\/a><\/p>\n<!-- \/wp:paragraph --><!-- wp:paragraph -->\n<p><a href=\"https:\/\/www.camara.gov.co\/comision\/comision-sexta-o-de-transportes-y-comunicaciones\/#\">Alfredo Ape Cuello BauteCesar|Partido Conservador Colombiano<\/a><\/p>\n<!-- \/wp:paragraph --><!-- wp:paragraph -->\n<p>\u00a0<\/p>\n<!-- \/wp:paragraph --><!-- wp:paragraph -->\n<p>FUNCIONARIOS<\/p>\n<!-- \/wp:paragraph --><!-- wp:columns -->\n<div class=\"wp-block-columns\"><!-- wp:column -->\n<div class=\"wp-block-column\"><!-- wp:image {\"align\":\"left\",\"width\":98,\"height\":98,\"className\":\"is-style-rounded\"} -->\n<div id=\"block-f05f8538-1a7e-4220-990c-335bd25edf4d\" class=\"wp-block-image is-style-rounded\">\n<figure class=\"alignleft is-resized\"><img loading=\"lazy\" decoding=\"async\" src=\"https:\/\/visiosensefronteres.org\/wp-content\/uploads\/2018\/06\/perfil-hombre.png\" alt=\"perfil hombre - Visi\u00f3 Sense Fronteres ONG\" width=\"98\" height=\"98\" \/>\n<figcaption>Gloria Amparo G\u00f3mez G\u00f3mez<br \/><em>Secretaria Ejecutiva<\/em><\/figcaption>\n<\/figure>\n<\/div>\n<!-- \/wp:image --><!-- wp:image {\"align\":\"left\",\"width\":98,\"height\":98,\"className\":\"is-style-rounded\"} -->\n<div id=\"block-f05f8538-1a7e-4220-990c-335bd25edf4d\" class=\"wp-block-image is-style-rounded\">\n<figure class=\"alignleft is-resized\"><img loading=\"lazy\" decoding=\"async\" src=\"https:\/\/visiosensefronteres.org\/wp-content\/uploads\/2018\/06\/perfil-hombre.png\" alt=\"perfil hombre - Visi\u00f3 Sense Fronteres ONG\" width=\"98\" height=\"98\" \/>\n<figcaption>Edwin Ancizar S\u00e1nchez Estrada<br \/><em>Transcriptor<\/em><\/figcaption>\n<\/figure>\n<\/div>\n<!-- \/wp:image --><!-- wp:image {\"align\":\"left\",\"width\":98,\"height\":98,\"className\":\"is-style-rounded\"} -->\n<div id=\"block-f05f8538-1a7e-4220-990c-335bd25edf4d\" class=\"wp-block-image is-style-rounded\">\n<figure class=\"alignleft is-resized\"><img loading=\"lazy\" decoding=\"async\" src=\"https:\/\/visiosensefronteres.org\/wp-content\/uploads\/2018\/06\/perfil-hombre.png\" alt=\"perfil hombre - Visi\u00f3 Sense Fronteres ONG\" width=\"98\" height=\"98\" \/>\n<figcaption>Luis Alberto Ramos Maldonado<br \/><em>Operador De Equipo<\/em><\/figcaption>\n<\/figure>\n<\/div>\n<!-- \/wp:image --><!-- wp:image {\"align\":\"left\",\"width\":98,\"height\":98,\"className\":\"is-style-rounded\"} -->\n<div id=\"block-f05f8538-1a7e-4220-990c-335bd25edf4d\" class=\"wp-block-image is-style-rounded\">\n<figure class=\"alignleft is-resized\"><img loading=\"lazy\" decoding=\"async\" src=\"https:\/\/visiosensefronteres.org\/wp-content\/uploads\/2018\/06\/perfil-hombre.png\" alt=\"perfil hombre - Visi\u00f3 Sense Fronteres ONG\" width=\"98\" height=\"98\" \/>\n<figcaption>Edwin Daniel Albarrac\u00edn Ortega<br \/><em>Conductor<\/em><\/figcaption>\n<\/figure>\n<\/div>\n<!-- \/wp:image --><!-- wp:image {\"align\":\"left\",\"width\":98,\"height\":98,\"className\":\"is-style-rounded\"} -->\n<div id=\"block-f05f8538-1a7e-4220-990c-335bd25edf4d\" class=\"wp-block-image is-style-rounded\">\n<figure class=\"alignleft is-resized\"><img loading=\"lazy\" decoding=\"async\" src=\"https:\/\/visiosensefronteres.org\/wp-content\/uploads\/2018\/06\/perfil-hombre.png\" alt=\"perfil hombre - Visi\u00f3 Sense Fronteres ONG\" width=\"98\" height=\"98\" \/>\n<figcaption>Ruth Claudia S\u00e1enz Forero<br \/><em>Subsecretaria<\/em><\/figcaption>\n<\/figure>\n<\/div>\n<!-- \/wp:image --><\/div>\n<!-- \/wp:column --><\/div>\n<!-- \/wp:columns --><!-- wp:columns -->\n<div class=\"wp-block-columns\"><!-- wp:column -->\n<div class=\"wp-block-column\"><!-- wp:image {\"align\":\"left\",\"width\":97,\"height\":97,\"className\":\"is-style-rounded\"} -->\n<div id=\"block-45808e5f-903f-472a-bbae-e3ef1e66715e\" class=\"wp-block-image is-style-rounded\">\n<figure class=\"alignleft is-resized\"><img loading=\"lazy\" decoding=\"async\" src=\"https:\/\/visiosensefronteres.org\/wp-content\/uploads\/2018\/06\/perfil-hombre.png\" alt=\"perfil hombre - Visi\u00f3 Sense Fronteres ONG\" width=\"97\" height=\"97\" \/>\n<figcaption>Martha Liliana Cort\u00e9s Arias<br \/><em>Transcriptorar<\/em><\/figcaption>\n<\/figure>\n<\/div>\n<!-- \/wp:image --><!-- wp:image {\"align\":\"left\",\"width\":97,\"height\":97,\"className\":\"is-style-rounded\"} -->\n<div id=\"block-45808e5f-903f-472a-bbae-e3ef1e66715e\" class=\"wp-block-image is-style-rounded\">\n<figure class=\"alignleft is-resized\"><img loading=\"lazy\" decoding=\"async\" src=\"https:\/\/visiosensefronteres.org\/wp-content\/uploads\/2018\/06\/perfil-hombre.png\" alt=\"perfil hombre - Visi\u00f3 Sense Fronteres ONG\" width=\"97\" height=\"97\" \/>\n<figcaption>Mar\u00eda Alejandra Rozo Vargas<br \/><em>Operadora de sistemas<\/em><\/figcaption>\n<\/figure>\n<\/div>\n<!-- \/wp:image --><!-- wp:image {\"align\":\"left\",\"width\":97,\"height\":97,\"className\":\"is-style-rounded\"} -->\n<div id=\"block-45808e5f-903f-472a-bbae-e3ef1e66715e\" class=\"wp-block-image is-style-rounded\">\n<figure class=\"alignleft is-resized\"><img loading=\"lazy\" decoding=\"async\" src=\"https:\/\/visiosensefronteres.org\/wp-content\/uploads\/2018\/06\/perfil-hombre.png\" alt=\"perfil hombre - Visi\u00f3 Sense Fronteres ONG\" width=\"97\" height=\"97\" \/>\n<figcaption>In\u00e9s Stella S\u00e1nchez Botello<br \/><em>Auxiliar Archv. Legislativo<\/em><\/figcaption>\n<\/figure>\n<\/div>\n<!-- \/wp:image --><!-- wp:image {\"align\":\"left\",\"width\":97,\"height\":97,\"className\":\"is-style-rounded\"} -->\n<div id=\"block-45808e5f-903f-472a-bbae-e3ef1e66715e\" class=\"wp-block-image is-style-rounded\">\n<figure class=\"alignleft is-resized\"><img loading=\"lazy\" decoding=\"async\" src=\"https:\/\/visiosensefronteres.org\/wp-content\/uploads\/2018\/06\/perfil-hombre.png\" alt=\"perfil hombre - Visi\u00f3 Sense Fronteres ONG\" width=\"97\" height=\"97\" \/>\n<figcaption>Diana Marcela Morales Rojas<br \/><em>Secretaria<\/em><\/figcaption>\n<\/figure>\n<\/div>\n<!-- \/wp:image --><\/div>\n<!-- \/wp:column --><\/div>\n<!-- \/wp:columns --><!-- wp:columns -->\n<div class=\"wp-block-columns\"><!-- wp:column -->\n<div class=\"wp-block-column\">\u00a0<\/div>\n<!-- \/wp:column --><\/div>\n<!-- \/wp:columns --><!-- wp:paragraph -->\n<p><strong>Comisi\u00f3n S\u00e9ptima Constitucional Permanente<\/strong><\/p>\n<!-- \/wp:paragraph --><!-- wp:paragraph -->\n<p>Legislatura:2021 &#8211; 2022Descripci\u00f3n<\/p>\n<!-- \/wp:paragraph --><!-- wp:paragraph -->\n<p>La Comisi\u00f3n S\u00e9ptima Constitucional, compuesta por diecinueve (19) en la C\u00e1mara de Representantes y catorce (14) miembros en el Senado de la Republica, esta conocer\u00e1 de temas relacionados con:<\/p>\n<!-- \/wp:paragraph --><!-- wp:paragraph -->\n<p>1. Estatuto del servidor p\u00fablico y trabajador particular;<\/p>\n<!-- \/wp:paragraph --><!-- wp:paragraph -->\n<p>2. R\u00e9gimen salarial y prestacional del servidor p\u00fablico;<\/p>\n<!-- \/wp:paragraph --><!-- wp:paragraph -->\n<p>3. Organizaciones sindicales; sociedades de auxilio mutuo;<\/p>\n<!-- \/wp:paragraph --><!-- wp:paragraph -->\n<p>4. Seguridad social;<\/p>\n<!-- \/wp:paragraph --><!-- wp:paragraph -->\n<p>5. Cajas de previsi\u00f3n social;<\/p>\n<!-- \/wp:paragraph --><!-- wp:paragraph -->\n<p>6. Fondos de prestaciones;<\/p>\n<!-- \/wp:paragraph --><!-- wp:paragraph -->\n<p>7. Carrera administrativa;<\/p>\n<!-- \/wp:paragraph --><!-- wp:paragraph -->\n<p>8. Servicio civil;<\/p>\n<!-- \/wp:paragraph --><!-- wp:paragraph -->\n<p>9. Recreaci\u00f3n, deportes, salud, organizaciones comunitarias;<\/p>\n<!-- \/wp:paragraph --><!-- wp:paragraph -->\n<p>10. Vivienda<\/p>\n<!-- \/wp:paragraph --><!-- wp:paragraph -->\n<p>11. Econom\u00eda solidaria y; asuntos de la mujer y de la familia.<\/p>\n<!-- \/wp:paragraph --><!-- wp:paragraph -->\n<p>\u00a0<\/p>\n<!-- \/wp:paragraph --><!-- wp:paragraph -->\n<p><strong>INTEGRANTES<\/strong><\/p>\n<!-- \/wp:paragraph --><!-- wp:paragraph -->\n<p>Periodo Legislativo 2021 &#8211; 2022<\/p>\n<!-- \/wp:paragraph --><!-- wp:image {\"align\":\"left\",\"linkDestination\":\"custom\",\"className\":\"is-style-rounded\"} -->\n<div class=\"wp-block-image is-style-rounded\">\n<figure class=\"alignleft\"><a href=\"https:\/\/www.camara.gov.co\/representantes\/jairo-humberto-cristo-correa\"><img decoding=\"async\" src=\"https:\/\/www.camara.gov.co\/sites\/default\/files\/styles\/mesa_plenaria\/public\/2020-04\/JAIRO%20HUMBERTO%20CRISTO%20CORREA.png?itok=DU4oa1m4\" alt=\"Imagen del representante Jairo Cristo\" \/><\/a>\n<figcaption>Jairo Humberto Cristo Correa<br \/>Presidente<\/figcaption>\n<\/figure>\n<\/div>\n<!-- \/wp:image --><!-- wp:image {\"align\":\"left\",\"className\":\"is-style-rounded\"} -->\n<div class=\"wp-block-image is-style-rounded\">\n<figure class=\"alignleft\"><img decoding=\"async\" src=\"https:\/\/www.camara.gov.co\/sites\/default\/files\/styles\/mesa_plenaria\/public\/2020-04\/CARLOS%20EDUARDO%20ACOSTA.png?itok=YrR5TRrM\" alt=\"Imagen del representante Carlos Acosta\" \/>\n<figcaption>Carlos Eduardo Acosta Lozano<br \/>Vicepresidente<\/figcaption>\n<\/figure>\n<\/div>\n<!-- \/wp:image --><!-- wp:image {\"align\":\"left\",\"className\":\"is-style-rounded\"} -->\n<div class=\"wp-block-image is-style-rounded\">\n<figure class=\"alignleft\"><img decoding=\"async\" src=\"https:\/\/www.camara.gov.co\/sites\/default\/files\/styles\/mesa_plenaria\/public\/2020-08\/ORLANDO%20ANIBAL%20GUERRA.png?itok=onT5ikK3\" alt=\"Imagen orlando anibal guerra\" \/>\n<figcaption>Orlando An\u00edbal Guerra De La Rosa<br \/>Secretario<\/figcaption>\n<\/figure>\n<\/div>\n<!-- \/wp:image --><!-- wp:image {\"align\":\"left\",\"className\":\"is-style-rounded\"} -->\n<div class=\"wp-block-image is-style-rounded\">\n<figure class=\"alignleft\"><img decoding=\"async\" src=\"https:\/\/www.camara.gov.co\/sites\/default\/files\/styles\/mesa_plenaria\/public\/2017-09\/Emiro%20Enrique%20_Subsecretario%20Com.%207.jpg?itok=s2dDzRrT\" alt=\"Emiro Enrique Gonzalez Mart\u00ednez, Subsecretario Comision Septima\" \/>\n<figcaption>Emiro Enrique Gonzalez Martinez<br \/>Subsecretario<\/figcaption>\n<\/figure>\n<\/div>\n<!-- \/wp:image --><!-- wp:spacer {\"height\":\"20px\"} -->\n<div class=\"wp-block-spacer\" style=\"height: 20px;\" aria-hidden=\"true\">\u00a0<\/div>\n<!-- \/wp:spacer --><!-- wp:paragraph -->\n<p><strong>19<\/strong> Integrantes<\/p>\n<!-- \/wp:paragraph --><!-- wp:paragraph -->\n<p><a href=\"https:\/\/www.camara.gov.co\/comision\/comision-septima-constitucional-permanente\/#\">Carlos Eduardo Acosta LozanoBogot\u00e1|Colombia Justa Libres<\/a><\/p>\n<!-- \/wp:paragraph --><!-- wp:paragraph -->\n<p><a href=\"https:\/\/www.camara.gov.co\/comision\/comision-septima-constitucional-permanente\/#\">Jennifer Kristin Arias FallaMeta|Centro Democr\u00e1tico<\/a><\/p>\n<!-- \/wp:paragraph --><!-- wp:paragraph -->\n<p><a href=\"https:\/\/www.camara.gov.co\/comision\/comision-septima-constitucional-permanente\/#\">Jorge Enrique Benedetti MarteloBol\u00edvar|Cambio Radical<\/a><\/p>\n<!-- \/wp:paragraph --><!-- wp:paragraph -->\n<p><a href=\"https:\/\/www.camara.gov.co\/comision\/comision-septima-constitucional-permanente\/#\">Jairo Reinaldo Cala Su\u00e1rezSantander|Partido Comunes<\/a><\/p>\n<!-- \/wp:paragraph --><!-- wp:paragraph -->\n<p><a href=\"https:\/\/www.camara.gov.co\/comision\/comision-septima-constitucional-permanente\/#\">Jos\u00e9 Luis Correa L\u00f3pezCaldas|Partido Liberal<\/a><\/p>\n<!-- \/wp:paragraph --><!-- wp:paragraph -->\n<p><a href=\"https:\/\/www.camara.gov.co\/comision\/comision-septima-constitucional-permanente\/#\">Henry Fernando Correal HerreraVaup\u00e9s|Partido Liberal<\/a><\/p>\n<!-- \/wp:paragraph --><!-- wp:paragraph -->\n<p><a href=\"https:\/\/www.camara.gov.co\/comision\/comision-septima-constitucional-permanente\/#\">Jairo Giovany Cristancho TaracheCasanare|Centro Democr\u00e1tico<\/a><\/p>\n<!-- \/wp:paragraph --><!-- wp:paragraph -->\n<p><a href=\"https:\/\/www.camara.gov.co\/comision\/comision-septima-constitucional-permanente\/#\">Jairo Humberto Cristo CorreaNorte de Santander|Cambio Radical<\/a><\/p>\n<!-- \/wp:paragraph --><!-- wp:paragraph -->\n<p><a href=\"https:\/\/www.camara.gov.co\/comision\/comision-septima-constitucional-permanente\/#\">Fabi\u00e1n D\u00edaz PlataSantander|Coalicion Alternativa Santandereana<\/a><\/p>\n<!-- \/wp:paragraph --><!-- wp:paragraph -->\n<p><a href=\"https:\/\/www.camara.gov.co\/comision\/comision-septima-constitucional-permanente\/#\">Juan Diego Echavarr\u00eda S\u00e1nchezAntioquia|Partido Liberal<\/a><\/p>\n<!-- \/wp:paragraph --><!-- wp:paragraph -->\n<p><a href=\"https:\/\/www.camara.gov.co\/comision\/comision-septima-constitucional-permanente\/#\">Jorge Alberto G\u00f3mez GallegoAntioquia|Partido Dignidad<\/a><\/p>\n<!-- \/wp:paragraph --><!-- wp:paragraph -->\n<p><a href=\"https:\/\/www.camara.gov.co\/comision\/comision-septima-constitucional-permanente\/#\">Norma Hurtado S\u00e1nchezValle del Cauca|Partido de la U<\/a><\/p>\n<!-- \/wp:paragraph --><!-- wp:paragraph -->\n<p><a href=\"https:\/\/www.camara.gov.co\/comision\/comision-septima-constitucional-permanente\/#\">Faber Alberto Mu\u00f1oz Cer\u00f3nCauca|Partido de la U<\/a><\/p>\n<!-- \/wp:paragraph --><!-- wp:paragraph -->\n<p><a href=\"https:\/\/www.camara.gov.co\/comision\/comision-septima-constitucional-permanente\/#\">Jhon Arley Murillo Ben\u00edtezCirc. Esp. Com. Afro, Raizales y Palenqueras|Partido Colombia Renaciente<\/a><\/p>\n<!-- \/wp:paragraph --><!-- wp:paragraph -->\n<p><a href=\"https:\/\/www.camara.gov.co\/comision\/comision-septima-constitucional-permanente\/#\">Juan Carlos Reinales AgudeloRisaralda|Partido Liberal<\/a><\/p>\n<!-- \/wp:paragraph --><!-- wp:paragraph -->\n<p><a href=\"https:\/\/www.camara.gov.co\/comision\/comision-septima-constitucional-permanente\/#\">Omar De Jes\u00fas Restrepo CorreaAntioquia|Partido Comunes<\/a><\/p>\n<!-- \/wp:paragraph --><!-- wp:paragraph -->\n<p><a href=\"https:\/\/www.camara.gov.co\/comision\/comision-septima-constitucional-permanente\/#\">\u00c1ngela Patricia S\u00e1nchez LealBogot\u00e1|Cambio Radical<\/a><\/p>\n<!-- \/wp:paragraph --><!-- wp:paragraph -->\n<p><a href=\"https:\/\/www.camara.gov.co\/comision\/comision-septima-constitucional-permanente\/#\">Mar\u00eda Cristina Soto De G\u00f3mezLa Guajira|Partido Conservador Colombiano<\/a><\/p>\n<!-- \/wp:paragraph --><!-- wp:paragraph -->\n<p><a href=\"https:\/\/www.camara.gov.co\/comision\/comision-septima-constitucional-permanente\/#\">Mauricio Andr\u00e9s Toro OrjuelaBogot\u00e1|Partido Verde<\/a><\/p>\n<!-- \/wp:paragraph --><!-- wp:paragraph -->\n<p>\u00a0<\/p>\n<!-- \/wp:paragraph --><!-- wp:paragraph -->\n<p>FUNCIONARIOS<\/p>\n<!-- \/wp:paragraph --><!-- wp:columns -->\n<div class=\"wp-block-columns\"><!-- wp:column -->\n<div class=\"wp-block-column\"><!-- wp:image {\"align\":\"left\",\"width\":91,\"height\":91,\"className\":\"is-style-rounded\"} -->\n<div id=\"block-24de4c98-d823-462f-8480-85503a3913fb\" class=\"wp-block-image is-style-rounded\">\n<figure class=\"alignleft is-resized\"><img loading=\"lazy\" decoding=\"async\" src=\"https:\/\/visiosensefronteres.org\/wp-content\/uploads\/2018\/06\/perfil-hombre.png\" alt=\"perfil hombre - Visi\u00f3 Sense Fronteres ONG\" width=\"91\" height=\"91\" \/>\n<figcaption>Emiro Enrique Gonzalez Martinez <em>Subsecretario<\/em><\/figcaption>\n<\/figure>\n<\/div>\n<!-- \/wp:image --><!-- wp:image {\"align\":\"left\",\"width\":91,\"height\":91,\"className\":\"is-style-rounded\"} -->\n<div id=\"block-24de4c98-d823-462f-8480-85503a3913fb\" class=\"wp-block-image is-style-rounded\">\n<figure class=\"alignleft is-resized\"><img loading=\"lazy\" decoding=\"async\" src=\"https:\/\/visiosensefronteres.org\/wp-content\/uploads\/2018\/06\/perfil-hombre.png\" alt=\"perfil hombre - Visi\u00f3 Sense Fronteres ONG\" width=\"91\" height=\"91\" \/>\n<figcaption>Flor Nidia Zamudio Vargas<br \/><em>Transcriptora<\/em><\/figcaption>\n<\/figure>\n<\/div>\n<!-- \/wp:image --><!-- wp:image {\"align\":\"left\",\"width\":91,\"height\":91,\"className\":\"is-style-rounded\"} -->\n<div id=\"block-24de4c98-d823-462f-8480-85503a3913fb\" class=\"wp-block-image is-style-rounded\">\n<figure class=\"alignleft is-resized\"><img loading=\"lazy\" decoding=\"async\" src=\"https:\/\/visiosensefronteres.org\/wp-content\/uploads\/2018\/06\/perfil-hombre.png\" alt=\"perfil hombre - Visi\u00f3 Sense Fronteres ONG\" width=\"91\" height=\"91\" \/>\n<figcaption>Mar\u00eda Jeovani Puentes Soto<br \/><em>Operador de Equipo<\/em> Rojas<br \/><em>Secretaria<\/em><\/figcaption>\n<\/figure>\n<\/div>\n<!-- \/wp:image --><!-- wp:image {\"align\":\"left\",\"width\":91,\"height\":91,\"className\":\"is-style-rounded\"} -->\n<div id=\"block-24de4c98-d823-462f-8480-85503a3913fb\" class=\"wp-block-image is-style-rounded\">\n<figure class=\"alignleft is-resized\"><img loading=\"lazy\" decoding=\"async\" src=\"https:\/\/visiosensefronteres.org\/wp-content\/uploads\/2018\/06\/perfil-hombre.png\" alt=\"perfil hombre - Visi\u00f3 Sense Fronteres ONG\" width=\"91\" height=\"91\" \/>\n<figcaption>Jessika Dayanna Mojica Mosquera<br \/><em>Mensajera<\/em><\/figcaption>\n<\/figure>\n<\/div>\n<!-- \/wp:image --><\/div>\n<!-- \/wp:column --><\/div>\n<!-- \/wp:columns --><!-- wp:columns -->\n<div class=\"wp-block-columns\"><!-- wp:column -->\n<div class=\"wp-block-column\"><!-- wp:image {\"align\":\"left\",\"width\":91,\"height\":91,\"className\":\"is-style-rounded\"} -->\n<div id=\"block-24de4c98-d823-462f-8480-85503a3913fb\" class=\"wp-block-image is-style-rounded\">\n<figure class=\"alignleft is-resized\"><img loading=\"lazy\" decoding=\"async\" src=\"https:\/\/visiosensefronteres.org\/wp-content\/uploads\/2018\/06\/perfil-hombre.png\" alt=\"perfil hombre - Visi\u00f3 Sense Fronteres ONG\" width=\"91\" height=\"91\" \/>\n<figcaption>Augusto Cardona Trujillo<br \/><em>Secretario Ejecutivo<\/em><\/figcaption>\n<\/figure>\n<\/div>\n<!-- \/wp:image --><!-- wp:image {\"align\":\"left\",\"width\":91,\"height\":91,\"className\":\"is-style-rounded\"} -->\n<div id=\"block-24de4c98-d823-462f-8480-85503a3913fb\" class=\"wp-block-image is-style-rounded\">\n<figure class=\"alignleft is-resized\"><img loading=\"lazy\" decoding=\"async\" src=\"https:\/\/visiosensefronteres.org\/wp-content\/uploads\/2018\/06\/perfil-hombre.png\" alt=\"perfil hombre - Visi\u00f3 Sense Fronteres ONG\" width=\"91\" height=\"91\" \/>\n<figcaption>Libia Stella Otero Fern\u00e1ndez<br \/><em>Secretaria Ejecutiva<\/em><\/figcaption>\n<\/figure>\n<\/div>\n<!-- \/wp:image --><!-- wp:image {\"align\":\"left\",\"width\":91,\"height\":91,\"className\":\"is-style-rounded\"} -->\n<div id=\"block-24de4c98-d823-462f-8480-85503a3913fb\" class=\"wp-block-image is-style-rounded\">\n<figure class=\"alignleft is-resized\"><img loading=\"lazy\" decoding=\"async\" src=\"https:\/\/visiosensefronteres.org\/wp-content\/uploads\/2018\/06\/perfil-hombre.png\" alt=\"perfil hombre - Visi\u00f3 Sense Fronteres ONG\" width=\"91\" height=\"91\" \/>\n<figcaption>Pedro Pablo Barrios Lobelo<br \/><em>Mecan\u00f3grafa<\/em><\/figcaption>\n<\/figure>\n<\/div>\n<!-- \/wp:image --><\/div>\n<!-- \/wp:column --><\/div>\n<!-- \/wp:columns --><!-- wp:paragraph -->\n<p>\u00a0<\/p>\n<!-- \/wp:paragraph --><!-- wp:paragraph -->\n<p>\u00a0<\/p>\n<!-- \/wp:paragraph -->\t\t\t\t\t\t\t\t<\/div>\n\t\t\t\t<\/div>\n\t\t\t\t\t<\/div>\n\t\t<\/div>\n\t\t\t\t\t<\/div>\n\t\t<\/section>\n\t\t\t\t<\/div>\n\t\t","protected":false},"excerpt":{"rendered":"<p>COMISION PRIMERA CONSTITUCIONAL PERMANENTE LEGISLATURA: 2021 &#8211; 2022 Descripci\u00f3n La Comisi\u00f3n Primera Constitucional, est\u00e1 compuesta por treinta y ocho\u00a0(38) miembros en la C\u00e1mara de Representantes, esta conocer\u00e1 de temas relacionados&hellip; <\/p>\n","protected":false},"author":2,"featured_media":1198,"comment_status":"open","ping_status":"open","sticky":false,"template":"","format":"standard","meta":{"footnotes":""},"categories":[43],"tags":[],"class_list":["post-860","post","type-post","status-publish","format-standard","has-post-thumbnail","hentry","category-comisiones"],"yoast_head":"<!-- This site is optimized with the Yoast SEO plugin v27.3 - https:\/\/yoast.com\/product\/yoast-seo-wordpress\/ -->\n<title>COMISION CONSTITUCIONAL - Revista Congreso Digital<\/title>\n<meta name=\"robots\" content=\"index, follow, max-snippet:-1, max-image-preview:large, max-video-preview:-1\" \/>\n<link rel=\"canonical\" href=\"https:\/\/revistacongresodigital.com\/?p=860\" \/>\n<meta property=\"og:locale\" content=\"es_ES\" \/>\n<meta property=\"og:type\" content=\"article\" \/>\n<meta property=\"og:title\" content=\"COMISION CONSTITUCIONAL - Revista Congreso Digital\" \/>\n<meta property=\"og:description\" content=\"COMISION PRIMERA CONSTITUCIONAL PERMANENTE LEGISLATURA: 2021 &#8211; 2022 Descripci\u00f3n La Comisi\u00f3n Primera Constitucional, est\u00e1 compuesta por treinta y ocho\u00a0(38) miembros en la C\u00e1mara de Representantes, esta conocer\u00e1 de temas relacionados&hellip;\" \/>\n<meta property=\"og:url\" content=\"https:\/\/revistacongresodigital.com\/?p=860\" \/>\n<meta property=\"og:site_name\" content=\"Revista Congreso Digital\" \/>\n<meta property=\"article:published_time\" content=\"2022-03-31T21:37:17+00:00\" \/>\n<meta property=\"article:modified_time\" content=\"2022-04-20T23:39:36+00:00\" \/>\n<meta property=\"og:image\" content=\"https:\/\/revistacongresodigital.com\/wp-content\/uploads\/2022\/03\/800px-Camara_de_Representantes_de_Colombia.svg_.png\" \/>\n\t<meta property=\"og:image:width\" content=\"800\" \/>\n\t<meta property=\"og:image:height\" content=\"800\" \/>\n\t<meta property=\"og:image:type\" content=\"image\/png\" \/>\n<meta name=\"author\" content=\"Paola Pardo\" \/>\n<meta name=\"twitter:card\" content=\"summary_large_image\" \/>\n<meta name=\"twitter:label1\" content=\"Escrito por\" \/>\n\t<meta name=\"twitter:data1\" content=\"Paola Pardo\" \/>\n\t<meta name=\"twitter:label2\" content=\"Tiempo de lectura\" \/>\n\t<meta name=\"twitter:data2\" content=\"28 minutos\" \/>\n<script type=\"application\/ld+json\" class=\"yoast-schema-graph\">{\"@context\":\"https:\\\/\\\/schema.org\",\"@graph\":[{\"@type\":\"Article\",\"@id\":\"https:\\\/\\\/revistacongresodigital.com\\\/?p=860#article\",\"isPartOf\":{\"@id\":\"https:\\\/\\\/revistacongresodigital.com\\\/?p=860\"},\"author\":{\"name\":\"Paola Pardo\",\"@id\":\"https:\\\/\\\/www.revistacongresodigital.com\\\/#\\\/schema\\\/person\\\/48fdd26fc226b8cbb305dd638a8e6723\"},\"headline\":\"COMISION CONSTITUCIONAL\",\"datePublished\":\"2022-03-31T21:37:17+00:00\",\"dateModified\":\"2022-04-20T23:39:36+00:00\",\"mainEntityOfPage\":{\"@id\":\"https:\\\/\\\/revistacongresodigital.com\\\/?p=860\"},\"wordCount\":2555,\"commentCount\":0,\"publisher\":{\"@id\":\"https:\\\/\\\/www.revistacongresodigital.com\\\/#organization\"},\"image\":{\"@id\":\"https:\\\/\\\/revistacongresodigital.com\\\/?p=860#primaryimage\"},\"thumbnailUrl\":\"https:\\\/\\\/revistacongresodigital.com\\\/wp-content\\\/uploads\\\/2022\\\/03\\\/800px-Camara_de_Representantes_de_Colombia.svg_.png\",\"articleSection\":[\"COMISIONES\"],\"inLanguage\":\"es\",\"potentialAction\":[{\"@type\":\"CommentAction\",\"name\":\"Comment\",\"target\":[\"https:\\\/\\\/revistacongresodigital.com\\\/?p=860#respond\"]}]},{\"@type\":\"WebPage\",\"@id\":\"https:\\\/\\\/revistacongresodigital.com\\\/?p=860\",\"url\":\"https:\\\/\\\/revistacongresodigital.com\\\/?p=860\",\"name\":\"COMISION CONSTITUCIONAL - Revista Congreso Digital\",\"isPartOf\":{\"@id\":\"https:\\\/\\\/www.revistacongresodigital.com\\\/#website\"},\"primaryImageOfPage\":{\"@id\":\"https:\\\/\\\/revistacongresodigital.com\\\/?p=860#primaryimage\"},\"image\":{\"@id\":\"https:\\\/\\\/revistacongresodigital.com\\\/?p=860#primaryimage\"},\"thumbnailUrl\":\"https:\\\/\\\/revistacongresodigital.com\\\/wp-content\\\/uploads\\\/2022\\\/03\\\/800px-Camara_de_Representantes_de_Colombia.svg_.png\",\"datePublished\":\"2022-03-31T21:37:17+00:00\",\"dateModified\":\"2022-04-20T23:39:36+00:00\",\"breadcrumb\":{\"@id\":\"https:\\\/\\\/revistacongresodigital.com\\\/?p=860#breadcrumb\"},\"inLanguage\":\"es\",\"potentialAction\":[{\"@type\":\"ReadAction\",\"target\":[\"https:\\\/\\\/revistacongresodigital.com\\\/?p=860\"]}]},{\"@type\":\"ImageObject\",\"inLanguage\":\"es\",\"@id\":\"https:\\\/\\\/revistacongresodigital.com\\\/?p=860#primaryimage\",\"url\":\"https:\\\/\\\/revistacongresodigital.com\\\/wp-content\\\/uploads\\\/2022\\\/03\\\/800px-Camara_de_Representantes_de_Colombia.svg_.png\",\"contentUrl\":\"https:\\\/\\\/revistacongresodigital.com\\\/wp-content\\\/uploads\\\/2022\\\/03\\\/800px-Camara_de_Representantes_de_Colombia.svg_.png\",\"width\":800,\"height\":800},{\"@type\":\"BreadcrumbList\",\"@id\":\"https:\\\/\\\/revistacongresodigital.com\\\/?p=860#breadcrumb\",\"itemListElement\":[{\"@type\":\"ListItem\",\"position\":1,\"name\":\"Portada\",\"item\":\"https:\\\/\\\/www.revistacongresodigital.com\\\/\"},{\"@type\":\"ListItem\",\"position\":2,\"name\":\"COMISION CONSTITUCIONAL\"}]},{\"@type\":\"WebSite\",\"@id\":\"https:\\\/\\\/www.revistacongresodigital.com\\\/#website\",\"url\":\"https:\\\/\\\/www.revistacongresodigital.com\\\/\",\"name\":\"Revista Congreso Digital\",\"description\":\"Revista Congreso Digital\",\"publisher\":{\"@id\":\"https:\\\/\\\/www.revistacongresodigital.com\\\/#organization\"},\"potentialAction\":[{\"@type\":\"SearchAction\",\"target\":{\"@type\":\"EntryPoint\",\"urlTemplate\":\"https:\\\/\\\/www.revistacongresodigital.com\\\/?s={search_term_string}\"},\"query-input\":{\"@type\":\"PropertyValueSpecification\",\"valueRequired\":true,\"valueName\":\"search_term_string\"}}],\"inLanguage\":\"es\"},{\"@type\":\"Organization\",\"@id\":\"https:\\\/\\\/www.revistacongresodigital.com\\\/#organization\",\"name\":\"Revista Congreso Digital\",\"url\":\"https:\\\/\\\/www.revistacongresodigital.com\\\/\",\"logo\":{\"@type\":\"ImageObject\",\"inLanguage\":\"es\",\"@id\":\"https:\\\/\\\/www.revistacongresodigital.com\\\/#\\\/schema\\\/logo\\\/image\\\/\",\"url\":\"https:\\\/\\\/revistacongresodigital.com\\\/wp-content\\\/uploads\\\/2022\\\/03\\\/cropped-FIRMA-JP-e1648679804884.png\",\"contentUrl\":\"https:\\\/\\\/revistacongresodigital.com\\\/wp-content\\\/uploads\\\/2022\\\/03\\\/cropped-FIRMA-JP-e1648679804884.png\",\"width\":512,\"height\":512,\"caption\":\"Revista Congreso Digital\"},\"image\":{\"@id\":\"https:\\\/\\\/www.revistacongresodigital.com\\\/#\\\/schema\\\/logo\\\/image\\\/\"}},{\"@type\":\"Person\",\"@id\":\"https:\\\/\\\/www.revistacongresodigital.com\\\/#\\\/schema\\\/person\\\/48fdd26fc226b8cbb305dd638a8e6723\",\"name\":\"Paola Pardo\",\"image\":{\"@type\":\"ImageObject\",\"inLanguage\":\"es\",\"@id\":\"https:\\\/\\\/revistacongresodigital.com\\\/wp-content\\\/litespeed\\\/avatar\\\/f533aab78141e009c40006efb62d3767.jpg?ver=1777169215\",\"url\":\"https:\\\/\\\/revistacongresodigital.com\\\/wp-content\\\/litespeed\\\/avatar\\\/f533aab78141e009c40006efb62d3767.jpg?ver=1777169215\",\"contentUrl\":\"https:\\\/\\\/revistacongresodigital.com\\\/wp-content\\\/litespeed\\\/avatar\\\/f533aab78141e009c40006efb62d3767.jpg?ver=1777169215\",\"caption\":\"Paola Pardo\"},\"url\":\"https:\\\/\\\/revistacongresodigital.com\\\/?author=2\"}]}<\/script>\n<!-- \/ Yoast SEO plugin. -->","yoast_head_json":{"title":"COMISION CONSTITUCIONAL - Revista Congreso Digital","robots":{"index":"index","follow":"follow","max-snippet":"max-snippet:-1","max-image-preview":"max-image-preview:large","max-video-preview":"max-video-preview:-1"},"canonical":"https:\/\/revistacongresodigital.com\/?p=860","og_locale":"es_ES","og_type":"article","og_title":"COMISION CONSTITUCIONAL - Revista Congreso Digital","og_description":"COMISION PRIMERA CONSTITUCIONAL PERMANENTE LEGISLATURA: 2021 &#8211; 2022 Descripci\u00f3n La Comisi\u00f3n Primera Constitucional, est\u00e1 compuesta por treinta y ocho\u00a0(38) miembros en la C\u00e1mara de Representantes, esta conocer\u00e1 de temas relacionados&hellip;","og_url":"https:\/\/revistacongresodigital.com\/?p=860","og_site_name":"Revista Congreso Digital","article_published_time":"2022-03-31T21:37:17+00:00","article_modified_time":"2022-04-20T23:39:36+00:00","og_image":[{"width":800,"height":800,"url":"https:\/\/revistacongresodigital.com\/wp-content\/uploads\/2022\/03\/800px-Camara_de_Representantes_de_Colombia.svg_.png","type":"image\/png"}],"author":"Paola Pardo","twitter_card":"summary_large_image","twitter_misc":{"Escrito por":"Paola Pardo","Tiempo de lectura":"28 minutos"},"schema":{"@context":"https:\/\/schema.org","@graph":[{"@type":"Article","@id":"https:\/\/revistacongresodigital.com\/?p=860#article","isPartOf":{"@id":"https:\/\/revistacongresodigital.com\/?p=860"},"author":{"name":"Paola Pardo","@id":"https:\/\/www.revistacongresodigital.com\/#\/schema\/person\/48fdd26fc226b8cbb305dd638a8e6723"},"headline":"COMISION CONSTITUCIONAL","datePublished":"2022-03-31T21:37:17+00:00","dateModified":"2022-04-20T23:39:36+00:00","mainEntityOfPage":{"@id":"https:\/\/revistacongresodigital.com\/?p=860"},"wordCount":2555,"commentCount":0,"publisher":{"@id":"https:\/\/www.revistacongresodigital.com\/#organization"},"image":{"@id":"https:\/\/revistacongresodigital.com\/?p=860#primaryimage"},"thumbnailUrl":"https:\/\/revistacongresodigital.com\/wp-content\/uploads\/2022\/03\/800px-Camara_de_Representantes_de_Colombia.svg_.png","articleSection":["COMISIONES"],"inLanguage":"es","potentialAction":[{"@type":"CommentAction","name":"Comment","target":["https:\/\/revistacongresodigital.com\/?p=860#respond"]}]},{"@type":"WebPage","@id":"https:\/\/revistacongresodigital.com\/?p=860","url":"https:\/\/revistacongresodigital.com\/?p=860","name":"COMISION CONSTITUCIONAL - Revista Congreso Digital","isPartOf":{"@id":"https:\/\/www.revistacongresodigital.com\/#website"},"primaryImageOfPage":{"@id":"https:\/\/revistacongresodigital.com\/?p=860#primaryimage"},"image":{"@id":"https:\/\/revistacongresodigital.com\/?p=860#primaryimage"},"thumbnailUrl":"https:\/\/revistacongresodigital.com\/wp-content\/uploads\/2022\/03\/800px-Camara_de_Representantes_de_Colombia.svg_.png","datePublished":"2022-03-31T21:37:17+00:00","dateModified":"2022-04-20T23:39:36+00:00","breadcrumb":{"@id":"https:\/\/revistacongresodigital.com\/?p=860#breadcrumb"},"inLanguage":"es","potentialAction":[{"@type":"ReadAction","target":["https:\/\/revistacongresodigital.com\/?p=860"]}]},{"@type":"ImageObject","inLanguage":"es","@id":"https:\/\/revistacongresodigital.com\/?p=860#primaryimage","url":"https:\/\/revistacongresodigital.com\/wp-content\/uploads\/2022\/03\/800px-Camara_de_Representantes_de_Colombia.svg_.png","contentUrl":"https:\/\/revistacongresodigital.com\/wp-content\/uploads\/2022\/03\/800px-Camara_de_Representantes_de_Colombia.svg_.png","width":800,"height":800},{"@type":"BreadcrumbList","@id":"https:\/\/revistacongresodigital.com\/?p=860#breadcrumb","itemListElement":[{"@type":"ListItem","position":1,"name":"Portada","item":"https:\/\/www.revistacongresodigital.com\/"},{"@type":"ListItem","position":2,"name":"COMISION CONSTITUCIONAL"}]},{"@type":"WebSite","@id":"https:\/\/www.revistacongresodigital.com\/#website","url":"https:\/\/www.revistacongresodigital.com\/","name":"Revista Congreso Digital","description":"Revista Congreso Digital","publisher":{"@id":"https:\/\/www.revistacongresodigital.com\/#organization"},"potentialAction":[{"@type":"SearchAction","target":{"@type":"EntryPoint","urlTemplate":"https:\/\/www.revistacongresodigital.com\/?s={search_term_string}"},"query-input":{"@type":"PropertyValueSpecification","valueRequired":true,"valueName":"search_term_string"}}],"inLanguage":"es"},{"@type":"Organization","@id":"https:\/\/www.revistacongresodigital.com\/#organization","name":"Revista Congreso Digital","url":"https:\/\/www.revistacongresodigital.com\/","logo":{"@type":"ImageObject","inLanguage":"es","@id":"https:\/\/www.revistacongresodigital.com\/#\/schema\/logo\/image\/","url":"https:\/\/revistacongresodigital.com\/wp-content\/uploads\/2022\/03\/cropped-FIRMA-JP-e1648679804884.png","contentUrl":"https:\/\/revistacongresodigital.com\/wp-content\/uploads\/2022\/03\/cropped-FIRMA-JP-e1648679804884.png","width":512,"height":512,"caption":"Revista Congreso Digital"},"image":{"@id":"https:\/\/www.revistacongresodigital.com\/#\/schema\/logo\/image\/"}},{"@type":"Person","@id":"https:\/\/www.revistacongresodigital.com\/#\/schema\/person\/48fdd26fc226b8cbb305dd638a8e6723","name":"Paola Pardo","image":{"@type":"ImageObject","inLanguage":"es","@id":"https:\/\/revistacongresodigital.com\/wp-content\/litespeed\/avatar\/f533aab78141e009c40006efb62d3767.jpg?ver=1777169215","url":"https:\/\/revistacongresodigital.com\/wp-content\/litespeed\/avatar\/f533aab78141e009c40006efb62d3767.jpg?ver=1777169215","contentUrl":"https:\/\/revistacongresodigital.com\/wp-content\/litespeed\/avatar\/f533aab78141e009c40006efb62d3767.jpg?ver=1777169215","caption":"Paola Pardo"},"url":"https:\/\/revistacongresodigital.com\/?author=2"}]}},"_links":{"self":[{"href":"https:\/\/revistacongresodigital.com\/index.php?rest_route=\/wp\/v2\/posts\/860","targetHints":{"allow":["GET"]}}],"collection":[{"href":"https:\/\/revistacongresodigital.com\/index.php?rest_route=\/wp\/v2\/posts"}],"about":[{"href":"https:\/\/revistacongresodigital.com\/index.php?rest_route=\/wp\/v2\/types\/post"}],"author":[{"embeddable":true,"href":"https:\/\/revistacongresodigital.com\/index.php?rest_route=\/wp\/v2\/users\/2"}],"replies":[{"embeddable":true,"href":"https:\/\/revistacongresodigital.com\/index.php?rest_route=%2Fwp%2Fv2%2Fcomments&post=860"}],"version-history":[{"count":95,"href":"https:\/\/revistacongresodigital.com\/index.php?rest_route=\/wp\/v2\/posts\/860\/revisions"}],"predecessor-version":[{"id":1728,"href":"https:\/\/revistacongresodigital.com\/index.php?rest_route=\/wp\/v2\/posts\/860\/revisions\/1728"}],"wp:featuredmedia":[{"embeddable":true,"href":"https:\/\/revistacongresodigital.com\/index.php?rest_route=\/wp\/v2\/media\/1198"}],"wp:attachment":[{"href":"https:\/\/revistacongresodigital.com\/index.php?rest_route=%2Fwp%2Fv2%2Fmedia&parent=860"}],"wp:term":[{"taxonomy":"category","embeddable":true,"href":"https:\/\/revistacongresodigital.com\/index.php?rest_route=%2Fwp%2Fv2%2Fcategories&post=860"},{"taxonomy":"post_tag","embeddable":true,"href":"https:\/\/revistacongresodigital.com\/index.php?rest_route=%2Fwp%2Fv2%2Ftags&post=860"}],"curies":[{"name":"wp","href":"https:\/\/api.w.org\/{rel}","templated":true}]}}