{"id":853,"date":"2022-03-31T20:28:37","date_gmt":"2022-03-31T20:28:37","guid":{"rendered":"https:\/\/revistacongresodigital.com\/?p=853"},"modified":"2022-04-12T19:04:33","modified_gmt":"2022-04-12T19:04:33","slug":"que-es-la-camara","status":"publish","type":"post","link":"https:\/\/revistacongresodigital.com\/?p=853","title":{"rendered":"\u00bfQUE ES LA CAMARA?"},"content":{"rendered":"\t\t<div data-elementor-type=\"wp-post\" data-elementor-id=\"853\" class=\"elementor elementor-853\">\n\t\t\t\t\t\t<section class=\"elementor-section elementor-top-section elementor-element elementor-element-df2f626 elementor-section-boxed elementor-section-height-default elementor-section-height-default\" data-id=\"df2f626\" data-element_type=\"section\" data-e-type=\"section\">\n\t\t\t\t\t\t<div class=\"elementor-container elementor-column-gap-default\">\n\t\t\t\t\t<div class=\"elementor-column elementor-col-100 elementor-top-column elementor-element elementor-element-337c5440\" data-id=\"337c5440\" data-element_type=\"column\" data-e-type=\"column\">\n\t\t\t<div class=\"elementor-widget-wrap elementor-element-populated\">\n\t\t\t\t\t\t<div class=\"elementor-element elementor-element-4a32a965 elementor-widget elementor-widget-text-editor\" data-id=\"4a32a965\" data-element_type=\"widget\" data-e-type=\"widget\" data-widget_type=\"text-editor.default\">\n\t\t\t\t<div class=\"elementor-widget-container\">\n\t\t\t\t\t\t\t\t\t\n<p>La C\u00e1mara de Representantes constituye parte de la Rama Legislativa del Estado, compuesta tambi\u00e9n por el Senado de la Rep\u00fablica, fue creada cuando se promulg\u00f3 la constituci\u00f3n de 1821 y hoy en d\u00eda es un organismo integrado por 172&nbsp;legisladores, llamados Representantes a la C\u00e1mara.&nbsp;<br><\/p>\n\n\n\n<p>La representaci\u00f3n pol\u00edtica de los ciudadanos ante el Congreso de la Rep\u00fablica es la m\u00e1s importante muestra de la existencia de la Democracia, los ciudadanos pueden elegir y ser elegidos seg\u00fan las disposiciones de la ley y la libertad establecidas en la constituci\u00f3n de 1991. La C\u00e1mara de Representantes y sus miembros, deben actuar de conformidad con la justicia y buscar siempre el bien com\u00fan. La C\u00e1mara de Representantes y sus miembros son responsables pol\u00edticamente ante la sociedad y sus electores de cumplir con las obligaciones correspondientes seg\u00fan su cargo. Los Representantes a la C\u00e1mara son elegidos en el orden nacional por circunscripci\u00f3n electoral territorial, especial y una circunscripci\u00f3n internacional as\u00ed: dos representantes por cada circunscripci\u00f3n territorial y uno m\u00e1s por cada trescientos sesenta y cinco mil habitantes o fracci\u00f3n mayor de ciento ochenta y dos mil quinientos que tengan en exceso sobre los primeros trescientos sesenta y cinco mil.<\/p>\n\n\n\n<p>Para la elecci\u00f3n de Representantes a la C\u00e1mara, cada Departamento y el Distrito Capital de Bogot\u00e1 conforman una circunscripci\u00f3n territorial. La ley puede establecer una circunscripci\u00f3n especial para asegurar la participaci\u00f3n en la C\u00e1mara de Representantes de los grupos \u00e9tnicos y de las minor\u00edas pol\u00edticas. Mediante esta circunscripci\u00f3n se pueden elegir hasta cuatro Representantes. Para los colombianos residentes en el exterior existe una circunscripci\u00f3n internacional mediante la cual se elige un Representante a la C\u00e1mara. En ella, s\u00f3lo se contabilizar\u00e1n los votos depositados fuera del territorio nacional por ciudadanos residentes en el exterior.<br>Para ser elegido como Representante a la C\u00e1mara se requiere ser ciudadano en ejercicio y tener m\u00e1s de 25 a\u00f1os de edad en la fecha de la elecci\u00f3n. Los miembros de la C\u00e1mara de Representantes representan al pueblo, su voto ante el cuerpo colegiado debe ser nominal y p\u00fablico exceptuando los casos que la ley determina.<\/p>\n\t\t\t\t\t\t\t\t<\/div>\n\t\t\t\t<\/div>\n\t\t\t\t\t<\/div>\n\t\t<\/div>\n\t\t\t\t\t<\/div>\n\t\t<\/section>\n\t\t\t\t<\/div>\n\t\t","protected":false},"excerpt":{"rendered":"<p>La C\u00e1mara de Representantes constituye parte de la Rama Legislativa del Estado, compuesta tambi\u00e9n por el Senado de la Rep\u00fablica, fue creada cuando se promulg\u00f3 la constituci\u00f3n de 1821 y&hellip; <\/p>\n","protected":false},"author":2,"featured_media":1095,"comment_status":"open","ping_status":"open","sticky":false,"template":"","format":"standard","meta":{"footnotes":""},"categories":[42],"tags":[],"class_list":["post-853","post","type-post","status-publish","format-standard","has-post-thumbnail","hentry","category-camara-de-representantes"],"yoast_head":"<!-- This site is optimized with the Yoast SEO plugin v27.3 - https:\/\/yoast.com\/product\/yoast-seo-wordpress\/ -->\n<title>\u00bfQUE ES LA CAMARA? - Revista Congreso Digital<\/title>\n<meta name=\"robots\" content=\"index, follow, max-snippet:-1, max-image-preview:large, max-video-preview:-1\" \/>\n<link rel=\"canonical\" href=\"https:\/\/revistacongresodigital.com\/?p=853\" \/>\n<meta property=\"og:locale\" content=\"es_ES\" \/>\n<meta property=\"og:type\" content=\"article\" \/>\n<meta property=\"og:title\" content=\"\u00bfQUE ES LA CAMARA? - Revista Congreso Digital\" \/>\n<meta property=\"og:description\" content=\"La C\u00e1mara de Representantes constituye parte de la Rama Legislativa del Estado, compuesta tambi\u00e9n por el Senado de la Rep\u00fablica, fue creada cuando se promulg\u00f3 la constituci\u00f3n de 1821 y&hellip;\" \/>\n<meta property=\"og:url\" content=\"https:\/\/revistacongresodigital.com\/?p=853\" \/>\n<meta property=\"og:site_name\" content=\"Revista Congreso Digital\" \/>\n<meta property=\"article:published_time\" content=\"2022-03-31T20:28:37+00:00\" \/>\n<meta property=\"article:modified_time\" content=\"2022-04-12T19:04:33+00:00\" \/>\n<meta property=\"og:image\" content=\"https:\/\/revistacongresodigital.com\/wp-content\/uploads\/2022\/03\/camara.jpg\" \/>\n\t<meta property=\"og:image:width\" content=\"500\" \/>\n\t<meta property=\"og:image:height\" content=\"500\" \/>\n\t<meta property=\"og:image:type\" content=\"image\/jpeg\" \/>\n<meta name=\"author\" content=\"Paola Pardo\" \/>\n<meta name=\"twitter:card\" content=\"summary_large_image\" \/>\n<meta name=\"twitter:label1\" content=\"Escrito por\" \/>\n\t<meta name=\"twitter:data1\" content=\"Paola Pardo\" \/>\n\t<meta name=\"twitter:label2\" content=\"Tiempo de lectura\" \/>\n\t<meta name=\"twitter:data2\" content=\"2 minutos\" \/>\n<script type=\"application\/ld+json\" class=\"yoast-schema-graph\">{\"@context\":\"https:\\\/\\\/schema.org\",\"@graph\":[{\"@type\":\"Article\",\"@id\":\"https:\\\/\\\/revistacongresodigital.com\\\/?p=853#article\",\"isPartOf\":{\"@id\":\"https:\\\/\\\/revistacongresodigital.com\\\/?p=853\"},\"author\":{\"name\":\"Paola Pardo\",\"@id\":\"https:\\\/\\\/www.revistacongresodigital.com\\\/#\\\/schema\\\/person\\\/48fdd26fc226b8cbb305dd638a8e6723\"},\"headline\":\"\u00bfQUE ES LA CAMARA?\",\"datePublished\":\"2022-03-31T20:28:37+00:00\",\"dateModified\":\"2022-04-12T19:04:33+00:00\",\"mainEntityOfPage\":{\"@id\":\"https:\\\/\\\/revistacongresodigital.com\\\/?p=853\"},\"wordCount\":388,\"commentCount\":0,\"publisher\":{\"@id\":\"https:\\\/\\\/www.revistacongresodigital.com\\\/#organization\"},\"image\":{\"@id\":\"https:\\\/\\\/revistacongresodigital.com\\\/?p=853#primaryimage\"},\"thumbnailUrl\":\"https:\\\/\\\/revistacongresodigital.com\\\/wp-content\\\/uploads\\\/2022\\\/03\\\/camara.jpg\",\"articleSection\":[\"CAMARA DE REPRESENTANTES\"],\"inLanguage\":\"es\",\"potentialAction\":[{\"@type\":\"CommentAction\",\"name\":\"Comment\",\"target\":[\"https:\\\/\\\/revistacongresodigital.com\\\/?p=853#respond\"]}]},{\"@type\":\"WebPage\",\"@id\":\"https:\\\/\\\/revistacongresodigital.com\\\/?p=853\",\"url\":\"https:\\\/\\\/revistacongresodigital.com\\\/?p=853\",\"name\":\"\u00bfQUE ES LA CAMARA? - Revista Congreso Digital\",\"isPartOf\":{\"@id\":\"https:\\\/\\\/www.revistacongresodigital.com\\\/#website\"},\"primaryImageOfPage\":{\"@id\":\"https:\\\/\\\/revistacongresodigital.com\\\/?p=853#primaryimage\"},\"image\":{\"@id\":\"https:\\\/\\\/revistacongresodigital.com\\\/?p=853#primaryimage\"},\"thumbnailUrl\":\"https:\\\/\\\/revistacongresodigital.com\\\/wp-content\\\/uploads\\\/2022\\\/03\\\/camara.jpg\",\"datePublished\":\"2022-03-31T20:28:37+00:00\",\"dateModified\":\"2022-04-12T19:04:33+00:00\",\"breadcrumb\":{\"@id\":\"https:\\\/\\\/revistacongresodigital.com\\\/?p=853#breadcrumb\"},\"inLanguage\":\"es\",\"potentialAction\":[{\"@type\":\"ReadAction\",\"target\":[\"https:\\\/\\\/revistacongresodigital.com\\\/?p=853\"]}]},{\"@type\":\"ImageObject\",\"inLanguage\":\"es\",\"@id\":\"https:\\\/\\\/revistacongresodigital.com\\\/?p=853#primaryimage\",\"url\":\"https:\\\/\\\/revistacongresodigital.com\\\/wp-content\\\/uploads\\\/2022\\\/03\\\/camara.jpg\",\"contentUrl\":\"https:\\\/\\\/revistacongresodigital.com\\\/wp-content\\\/uploads\\\/2022\\\/03\\\/camara.jpg\",\"width\":500,\"height\":500},{\"@type\":\"BreadcrumbList\",\"@id\":\"https:\\\/\\\/revistacongresodigital.com\\\/?p=853#breadcrumb\",\"itemListElement\":[{\"@type\":\"ListItem\",\"position\":1,\"name\":\"Portada\",\"item\":\"https:\\\/\\\/www.revistacongresodigital.com\\\/\"},{\"@type\":\"ListItem\",\"position\":2,\"name\":\"\u00bfQUE ES LA CAMARA?\"}]},{\"@type\":\"WebSite\",\"@id\":\"https:\\\/\\\/www.revistacongresodigital.com\\\/#website\",\"url\":\"https:\\\/\\\/www.revistacongresodigital.com\\\/\",\"name\":\"Revista Congreso Digital\",\"description\":\"Revista Congreso Digital\",\"publisher\":{\"@id\":\"https:\\\/\\\/www.revistacongresodigital.com\\\/#organization\"},\"potentialAction\":[{\"@type\":\"SearchAction\",\"target\":{\"@type\":\"EntryPoint\",\"urlTemplate\":\"https:\\\/\\\/www.revistacongresodigital.com\\\/?s={search_term_string}\"},\"query-input\":{\"@type\":\"PropertyValueSpecification\",\"valueRequired\":true,\"valueName\":\"search_term_string\"}}],\"inLanguage\":\"es\"},{\"@type\":\"Organization\",\"@id\":\"https:\\\/\\\/www.revistacongresodigital.com\\\/#organization\",\"name\":\"Revista Congreso Digital\",\"url\":\"https:\\\/\\\/www.revistacongresodigital.com\\\/\",\"logo\":{\"@type\":\"ImageObject\",\"inLanguage\":\"es\",\"@id\":\"https:\\\/\\\/www.revistacongresodigital.com\\\/#\\\/schema\\\/logo\\\/image\\\/\",\"url\":\"https:\\\/\\\/revistacongresodigital.com\\\/wp-content\\\/uploads\\\/2022\\\/03\\\/cropped-FIRMA-JP-e1648679804884.png\",\"contentUrl\":\"https:\\\/\\\/revistacongresodigital.com\\\/wp-content\\\/uploads\\\/2022\\\/03\\\/cropped-FIRMA-JP-e1648679804884.png\",\"width\":512,\"height\":512,\"caption\":\"Revista Congreso Digital\"},\"image\":{\"@id\":\"https:\\\/\\\/www.revistacongresodigital.com\\\/#\\\/schema\\\/logo\\\/image\\\/\"}},{\"@type\":\"Person\",\"@id\":\"https:\\\/\\\/www.revistacongresodigital.com\\\/#\\\/schema\\\/person\\\/48fdd26fc226b8cbb305dd638a8e6723\",\"name\":\"Paola Pardo\",\"image\":{\"@type\":\"ImageObject\",\"inLanguage\":\"es\",\"@id\":\"https:\\\/\\\/revistacongresodigital.com\\\/wp-content\\\/litespeed\\\/avatar\\\/f533aab78141e009c40006efb62d3767.jpg?ver=1777169215\",\"url\":\"https:\\\/\\\/revistacongresodigital.com\\\/wp-content\\\/litespeed\\\/avatar\\\/f533aab78141e009c40006efb62d3767.jpg?ver=1777169215\",\"contentUrl\":\"https:\\\/\\\/revistacongresodigital.com\\\/wp-content\\\/litespeed\\\/avatar\\\/f533aab78141e009c40006efb62d3767.jpg?ver=1777169215\",\"caption\":\"Paola Pardo\"},\"url\":\"https:\\\/\\\/revistacongresodigital.com\\\/?author=2\"}]}<\/script>\n<!-- \/ Yoast SEO plugin. -->","yoast_head_json":{"title":"\u00bfQUE ES LA CAMARA? - Revista Congreso Digital","robots":{"index":"index","follow":"follow","max-snippet":"max-snippet:-1","max-image-preview":"max-image-preview:large","max-video-preview":"max-video-preview:-1"},"canonical":"https:\/\/revistacongresodigital.com\/?p=853","og_locale":"es_ES","og_type":"article","og_title":"\u00bfQUE ES LA CAMARA? - Revista Congreso Digital","og_description":"La C\u00e1mara de Representantes constituye parte de la Rama Legislativa del Estado, compuesta tambi\u00e9n por el Senado de la Rep\u00fablica, fue creada cuando se promulg\u00f3 la constituci\u00f3n de 1821 y&hellip;","og_url":"https:\/\/revistacongresodigital.com\/?p=853","og_site_name":"Revista Congreso Digital","article_published_time":"2022-03-31T20:28:37+00:00","article_modified_time":"2022-04-12T19:04:33+00:00","og_image":[{"width":500,"height":500,"url":"https:\/\/revistacongresodigital.com\/wp-content\/uploads\/2022\/03\/camara.jpg","type":"image\/jpeg"}],"author":"Paola Pardo","twitter_card":"summary_large_image","twitter_misc":{"Escrito por":"Paola Pardo","Tiempo de lectura":"2 minutos"},"schema":{"@context":"https:\/\/schema.org","@graph":[{"@type":"Article","@id":"https:\/\/revistacongresodigital.com\/?p=853#article","isPartOf":{"@id":"https:\/\/revistacongresodigital.com\/?p=853"},"author":{"name":"Paola Pardo","@id":"https:\/\/www.revistacongresodigital.com\/#\/schema\/person\/48fdd26fc226b8cbb305dd638a8e6723"},"headline":"\u00bfQUE ES LA CAMARA?","datePublished":"2022-03-31T20:28:37+00:00","dateModified":"2022-04-12T19:04:33+00:00","mainEntityOfPage":{"@id":"https:\/\/revistacongresodigital.com\/?p=853"},"wordCount":388,"commentCount":0,"publisher":{"@id":"https:\/\/www.revistacongresodigital.com\/#organization"},"image":{"@id":"https:\/\/revistacongresodigital.com\/?p=853#primaryimage"},"thumbnailUrl":"https:\/\/revistacongresodigital.com\/wp-content\/uploads\/2022\/03\/camara.jpg","articleSection":["CAMARA DE REPRESENTANTES"],"inLanguage":"es","potentialAction":[{"@type":"CommentAction","name":"Comment","target":["https:\/\/revistacongresodigital.com\/?p=853#respond"]}]},{"@type":"WebPage","@id":"https:\/\/revistacongresodigital.com\/?p=853","url":"https:\/\/revistacongresodigital.com\/?p=853","name":"\u00bfQUE ES LA CAMARA? - Revista Congreso Digital","isPartOf":{"@id":"https:\/\/www.revistacongresodigital.com\/#website"},"primaryImageOfPage":{"@id":"https:\/\/revistacongresodigital.com\/?p=853#primaryimage"},"image":{"@id":"https:\/\/revistacongresodigital.com\/?p=853#primaryimage"},"thumbnailUrl":"https:\/\/revistacongresodigital.com\/wp-content\/uploads\/2022\/03\/camara.jpg","datePublished":"2022-03-31T20:28:37+00:00","dateModified":"2022-04-12T19:04:33+00:00","breadcrumb":{"@id":"https:\/\/revistacongresodigital.com\/?p=853#breadcrumb"},"inLanguage":"es","potentialAction":[{"@type":"ReadAction","target":["https:\/\/revistacongresodigital.com\/?p=853"]}]},{"@type":"ImageObject","inLanguage":"es","@id":"https:\/\/revistacongresodigital.com\/?p=853#primaryimage","url":"https:\/\/revistacongresodigital.com\/wp-content\/uploads\/2022\/03\/camara.jpg","contentUrl":"https:\/\/revistacongresodigital.com\/wp-content\/uploads\/2022\/03\/camara.jpg","width":500,"height":500},{"@type":"BreadcrumbList","@id":"https:\/\/revistacongresodigital.com\/?p=853#breadcrumb","itemListElement":[{"@type":"ListItem","position":1,"name":"Portada","item":"https:\/\/www.revistacongresodigital.com\/"},{"@type":"ListItem","position":2,"name":"\u00bfQUE ES LA CAMARA?"}]},{"@type":"WebSite","@id":"https:\/\/www.revistacongresodigital.com\/#website","url":"https:\/\/www.revistacongresodigital.com\/","name":"Revista Congreso Digital","description":"Revista Congreso Digital","publisher":{"@id":"https:\/\/www.revistacongresodigital.com\/#organization"},"potentialAction":[{"@type":"SearchAction","target":{"@type":"EntryPoint","urlTemplate":"https:\/\/www.revistacongresodigital.com\/?s={search_term_string}"},"query-input":{"@type":"PropertyValueSpecification","valueRequired":true,"valueName":"search_term_string"}}],"inLanguage":"es"},{"@type":"Organization","@id":"https:\/\/www.revistacongresodigital.com\/#organization","name":"Revista Congreso Digital","url":"https:\/\/www.revistacongresodigital.com\/","logo":{"@type":"ImageObject","inLanguage":"es","@id":"https:\/\/www.revistacongresodigital.com\/#\/schema\/logo\/image\/","url":"https:\/\/revistacongresodigital.com\/wp-content\/uploads\/2022\/03\/cropped-FIRMA-JP-e1648679804884.png","contentUrl":"https:\/\/revistacongresodigital.com\/wp-content\/uploads\/2022\/03\/cropped-FIRMA-JP-e1648679804884.png","width":512,"height":512,"caption":"Revista Congreso Digital"},"image":{"@id":"https:\/\/www.revistacongresodigital.com\/#\/schema\/logo\/image\/"}},{"@type":"Person","@id":"https:\/\/www.revistacongresodigital.com\/#\/schema\/person\/48fdd26fc226b8cbb305dd638a8e6723","name":"Paola Pardo","image":{"@type":"ImageObject","inLanguage":"es","@id":"https:\/\/revistacongresodigital.com\/wp-content\/litespeed\/avatar\/f533aab78141e009c40006efb62d3767.jpg?ver=1777169215","url":"https:\/\/revistacongresodigital.com\/wp-content\/litespeed\/avatar\/f533aab78141e009c40006efb62d3767.jpg?ver=1777169215","contentUrl":"https:\/\/revistacongresodigital.com\/wp-content\/litespeed\/avatar\/f533aab78141e009c40006efb62d3767.jpg?ver=1777169215","caption":"Paola Pardo"},"url":"https:\/\/revistacongresodigital.com\/?author=2"}]}},"_links":{"self":[{"href":"https:\/\/revistacongresodigital.com\/index.php?rest_route=\/wp\/v2\/posts\/853","targetHints":{"allow":["GET"]}}],"collection":[{"href":"https:\/\/revistacongresodigital.com\/index.php?rest_route=\/wp\/v2\/posts"}],"about":[{"href":"https:\/\/revistacongresodigital.com\/index.php?rest_route=\/wp\/v2\/types\/post"}],"author":[{"embeddable":true,"href":"https:\/\/revistacongresodigital.com\/index.php?rest_route=\/wp\/v2\/users\/2"}],"replies":[{"embeddable":true,"href":"https:\/\/revistacongresodigital.com\/index.php?rest_route=%2Fwp%2Fv2%2Fcomments&post=853"}],"version-history":[{"count":5,"href":"https:\/\/revistacongresodigital.com\/index.php?rest_route=\/wp\/v2\/posts\/853\/revisions"}],"predecessor-version":[{"id":1489,"href":"https:\/\/revistacongresodigital.com\/index.php?rest_route=\/wp\/v2\/posts\/853\/revisions\/1489"}],"wp:featuredmedia":[{"embeddable":true,"href":"https:\/\/revistacongresodigital.com\/index.php?rest_route=\/wp\/v2\/media\/1095"}],"wp:attachment":[{"href":"https:\/\/revistacongresodigital.com\/index.php?rest_route=%2Fwp%2Fv2%2Fmedia&parent=853"}],"wp:term":[{"taxonomy":"category","embeddable":true,"href":"https:\/\/revistacongresodigital.com\/index.php?rest_route=%2Fwp%2Fv2%2Fcategories&post=853"},{"taxonomy":"post_tag","embeddable":true,"href":"https:\/\/revistacongresodigital.com\/index.php?rest_route=%2Fwp%2Fv2%2Ftags&post=853"}],"curies":[{"name":"wp","href":"https:\/\/api.w.org\/{rel}","templated":true}]}}