{"id":39,"date":"2020-03-11T14:30:00","date_gmt":"2020-03-11T14:30:00","guid":{"rendered":"http:\/\/themes.tielabs.com\/sahifa5\/?p=39"},"modified":"2022-04-12T19:21:57","modified_gmt":"2022-04-12T19:21:57","slug":"13000-people-have-bought-our-theme","status":"publish","type":"post","link":"https:\/\/revistacongresodigital.com\/?p=39","title":{"rendered":"SENADO DE COLOMBIA"},"content":{"rendered":"\t\t<div data-elementor-type=\"wp-post\" data-elementor-id=\"39\" class=\"elementor elementor-39\">\n\t\t\t\t\t\t<section class=\"elementor-section elementor-top-section elementor-element elementor-element-5a56d723 elementor-section-boxed elementor-section-height-default elementor-section-height-default\" data-id=\"5a56d723\" data-element_type=\"section\" data-e-type=\"section\">\n\t\t\t\t\t\t<div class=\"elementor-container elementor-column-gap-default\">\n\t\t\t\t\t<div class=\"elementor-column elementor-col-100 elementor-top-column elementor-element elementor-element-ed7a9e4\" data-id=\"ed7a9e4\" data-element_type=\"column\" data-e-type=\"column\">\n\t\t\t<div class=\"elementor-widget-wrap elementor-element-populated\">\n\t\t\t\t\t\t<div class=\"elementor-element elementor-element-511e1d22 elementor-widget elementor-widget-text-editor\" data-id=\"511e1d22\" data-element_type=\"widget\" data-e-type=\"widget\" data-widget_type=\"text-editor.default\">\n\t\t\t\t<div class=\"elementor-widget-container\">\n\t\t\t\t\t\t\t\t\t<div id=\"column-wrap-id-1562728712722\" class=\"sppb-col-md-6\">\n<div id=\"column-id-1562728712722\" class=\"sppb-column\">\n<div class=\"sppb-column-addons\">\n<div id=\"sppb-addon-1562728712802\" class=\"clearfix\">\n<div class=\"sppb-addon sppb-addon-text-block  \">\n<div class=\"sppb-addon-content\">\n<\/div>\n<\/div>\n<\/div>\n<\/div>\n<\/div>\n<\/div>\n<h2 class=\"sppb-addon-title\">Normatividad<\/h2>\n<h1>Ley 5ta. de 1992 Reglamento del Congreso<\/h1>\n<p><strong>Art\u00edculo 1o. Funcionamiento y organizaci\u00f3n del Congreso.<\/strong>&nbsp;El presente estatuto contiene las normas reglamentarias sobre reuniones y funcionamiento del Senado, la C\u00e1mara de Representantes y el Congreso de la Rep\u00fablica en pleno.<\/p>\n<p><strong>Art\u00edculo 2o. Principios de interpretaci\u00f3n del reglamento.<\/strong>&nbsp;En la interpretaci\u00f3n y aplicaci\u00f3n de las normas del presente Reglamento, se tendr\u00e1n en cuenta los siguientes principios:<\/p>\n<p><strong>1. Celeridad de los procedimientos.&nbsp;<\/strong>Guardada la correcci\u00f3n formal de los procedimientos, las normas del Reglamento deben servir para impulsar eficazmente el desarrollo de las labores de todo orden del Congreso.<\/p>\n<p><strong>2. Correcci\u00f3n formal de los procedimientos.<\/strong>&nbsp;Tiene por objeto subsanar los vicios de procedimiento que sean corregibles, en el entendido que as\u00ed se garantiza no s\u00f3lo la constitucionalidad del proceso de formaci\u00f3n de las leyes, sino tambi\u00e9n los derechos de las mayor\u00edas y las minor\u00edas y el ordenado adelantamiento de las discusiones y votaciones.<\/p>\n<p><strong>3. Regla de mayor\u00edas.<\/strong>&nbsp;El Reglamento debe aplicarse en forma tal que toda decisi\u00f3n refleje la voluntad de las mayor\u00edas presentes en la respectiva sesi\u00f3n y consulte, en todo momento, la justicia y el bien com\u00fan.<\/p>\n<p><strong>4. Regla de minor\u00edas.<\/strong>&nbsp;El Reglamento garantiza el derecho de las minor\u00edas a ser representadas, a participar y a expresarse tal como lo determina la Constituci\u00f3n.<\/p>\n<p><strong>Art\u00edculo 3o. Fuentes de interpretaci\u00f3n.<\/strong>&nbsp;Cuando en el presente Reglamento no se encuentre disposici\u00f3n aplicable, se acudir\u00e1 a las normas que regulen casos, materias o procedimientos semejantes y, en su defecto, la jurisprudencia y la doctrina constitucional.<\/p>\n<p><strong>Art\u00edculo 4o. Jerarqu\u00eda de la Constituci\u00f3n.&nbsp;<\/strong>La Constituci\u00f3n es norma de normas. En todo caso de incompatibilidad entre la Constituci\u00f3n y esta ley de Reglamento u otra norma jur\u00eddica, se aplicar\u00e1n las disposiciones constitucionales.<\/p>\n<p><strong>Art\u00edculo 5o. Jerarqu\u00eda del reglamento.&nbsp;<\/strong>En desarrollo y aplicaci\u00f3n de este Reglamento se entender\u00e1n como vicios de procedimiento insubsanables de la Constituci\u00f3n Pol\u00edtica:<\/p>\n<p>1. Toda reuni\u00f3n de Congresistas que, con el prop\u00f3sito de ejercer funciones propias de la Rama Legislativa del Poder P\u00fablico, se efect\u00fae fuera de las condiciones constitucionales. En este evento sus decisiones carecer\u00e1n de validez, y a los actos que realice no podr\u00e1 d\u00e1rseles efecto alguno.<\/p>\n<p>2. El vulnerarse las garant\u00edas constitucionales fundamentales.<\/p>\n<p><strong>Par\u00e1grafo.<\/strong>&nbsp;Sobre reformas constitucionales prevalecer\u00e1 lo dispuesto en el art\u00edculo 379 constitucional.<\/p>\n<h2 class=\"sppb-addon-title\">Constituci\u00f3n Pol\u00edtica de 1991<\/h2>\n<p>Ante la necesidad de reformar la Constituci\u00f3n de 1886 un grupo de estudiantes universitarios realiz\u00f3 un plebiscito en 1990. Este fue aprobado y se dispuso la conformaci\u00f3n democr\u00e1tica de la Asamblea Constituyente, integrada por diferentes fuerzas (estudiantes, ind\u00edgenas, guerrilleros reinsertados, liberales, conservadores, etc.).<\/p>\n<p>De la Asamblea Constituyente surge la Constituci\u00f3n Pol\u00edtica de Colombia 1991 en la cual la participaci\u00f3n ciudadana, el respeto por los derechos fundamentales y la consolidaci\u00f3n de la tradici\u00f3n democr\u00e1tica de Colombia ganaron espacios.<\/p>\n<p>Dentro de un inocultable progreso material y con una econom\u00eda m\u00e1s saludable que la de sus vecinos, a pesar del paramilitarismo y la guerrilla, en los \u00faltimos a\u00f1os Colombia se muestra como un pa\u00eds notablemente integrado, diversificado e inteligente en el manejo de sus recursos, con admirable capacidad para lograr sutiles equilibrios en las m\u00e1s dif\u00edciles crisis, pero todav\u00eda distante de resolverlas. Hoy en d\u00eda prosiguen enfrentamientos entre militares, paramilitares y guerrillas en ciertas regiones, sin demasiado riesgo a la poblaci\u00f3n civil de las ciudades, pero es innegable que esto genera desplazados y muertos entre la poblaci\u00f3n civil del campo. Tambi\u00e9n se adelanta una lucha pat\u00e9tica contra los productores y exportadores de droga, en la que han muerto centenares de jueces, varios ministros, varios candidatos presidenciales y millares de civiles y polic\u00edas.<\/p>\n<p>Los \u00faltimos gobiernos han reconocido la necesidad de apertura a la participaci\u00f3n pol\u00edtica de los grupos disidentes, y la han intentado con \u00e9xito parcial. La nueva Constituci\u00f3n de l.991, redactada por ind\u00edgenas, grupos de izquierda, guerrilleros desmovilizados, minor\u00edas religiosas y representantes de los poderes tradicionales, es reconocidamente democr\u00e1tica y bien recibida por la opini\u00f3n p\u00fablica, y con ella los colombianos creen haber abierto un nuevo ambiente institucional a la reconciliaci\u00f3n.<\/p>\n<h2 class=\"sppb-addon-title\">Legislaci\u00f3n Reglamentaria y\/o Complementaria del sujeto obligado<\/h2>\n<p><\/p>\n<p>Estas son algunas leyes que armonizan con el contenido de la ley 5\u00aa de 1992:<\/p>\n<ul>\n<li><a href=\"https:\/\/senado.gov.co\/images\/Archivospdf\/elsenado\/Normatividad\/LegislacionReglamentaria\/LEY31992CONGRESODELAREPUBLICA.pdf\" target=\"_blank\" rel=\"noopener noreferrer\"><strong>Ley 3 de 1992<\/strong>;<\/a>&nbsp;\u00abPor la cual se expiden normas sobre las Comisiones del Congreso de Colombia y se dictan otras disposiciones\u00bb.<\/li>\n<li><a href=\"https:\/\/senado.gov.co\/images\/Archivospdf\/elsenado\/Normatividad\/LegislacionReglamentaria\/LEY1301994CONGRESODELAREPUBLICA.pdf\" target=\"_blank\" rel=\"noopener noreferrer\"><strong>Ley 130 de 1994<\/strong>;<\/a>&nbsp;\u00abPor la cual se dicta el Estatuto b\u00e1sico de los partidos y movimientos pol\u00edticos, se dictan normas sobre su financiaci\u00f3n y la de las campa\u00f1as electorales y se dictan otras disposiciones\u00bb.<\/li>\n<li><a href=\"https:\/\/senado.gov.co\/images\/Archivospdf\/elsenado\/Normatividad\/LegislacionReglamentaria\/LEY1441994CONGRESODELAREPUBLICA.pdf\" target=\"_blank\" rel=\"noopener noreferrer\"><strong>Ley 144 de 1994<\/strong>;<\/a>&nbsp;\u00abPor la cual se establece el procedimiento de p\u00e9rdida de investidura de los congresistas\u00bb.<\/li>\n<li><a href=\"https:\/\/senado.gov.co\/images\/Archivospdf\/elsenado\/Normatividad\/LegislacionReglamentaria\/LEY1861995CONGRESODELAREPUBLICA.pdf\" target=\"_blank\" rel=\"noopener noreferrer\"><strong>Ley 186 de 1995<\/strong>;<\/a>&nbsp;\u00abPor la cual se modifica parcialmente la Ley 5\u00aa de 1992\u00bb.<\/li>\n<li><a href=\"https:\/\/senado.gov.co\/images\/Archivospdf\/elsenado\/Normatividad\/LegislacionReglamentaria\/LEY2731996CONGRESODELAREPUBLICA.pdf\" target=\"_blank\" rel=\"noopener noreferrer\"><strong>Ley 273 de 1996<\/strong>;<\/a>&nbsp;\u00abPor la cual se modifica el Reglamento del Congreso en cuanto al juzgamiento de altos funcionarios\u00bb.<\/li>\n<li><a href=\"https:\/\/senado.gov.co\/images\/Archivospdf\/elsenado\/Normatividad\/LegislacionReglamentaria\/LEY3121996CONGRESODELAREPUBLICA.pdf\" target=\"_blank\" rel=\"noopener noreferrer\"><strong>Ley 312 de 1996<\/strong>;<\/a>&nbsp;\u00abPor medio de la cual se reglamentan las delegaciones permanentes del del Congreso de Colombia ante los Parlamentos Internacionales y se otorgan unas facultades al Gobierno Nacional\u00bb.<\/li>\n<li><a href=\"https:\/\/senado.gov.co\/images\/Archivospdf\/elsenado\/Normatividad\/LegislacionReglamentaria\/LEY4241998CONGRESODELAREPUBLICA.pdf\" target=\"_blank\" rel=\"noopener noreferrer\"><strong>Ley 424 de 1998<\/strong>;<\/a>&nbsp;\u00abPor la cual se ordena el seguimiento a los convenios internacionales suscritos por Colombia\u00bb.<\/li>\n<li><a href=\"https:\/\/senado.gov.co\/images\/Archivospdf\/elsenado\/Normatividad\/LegislacionReglamentaria\/LEY7722002CONGRESODELAREPUBLICA.pdf\" target=\"_blank\" rel=\"noopener noreferrer\"><strong>Ley 772 de 2002<\/strong>;<\/a>&nbsp;\u00abPor medio de la cual se dictan normas concernientes a la elecci\u00f3n de ciudadanos secuestrados\u00bb.<\/li>\n<li><a href=\"https:\/\/senado.gov.co\/images\/Archivospdf\/elsenado\/Normatividad\/LegislacionReglamentaria\/LEY8782004CONGRESODELAREPUBLICA.pdf\" target=\"_blank\" rel=\"noopener noreferrer\"><strong>Ley 878 de 2004<\/strong>;<\/a>&nbsp;\u00abPor la cual se establece la prestaci\u00f3n del servicio de Auxiliar Juridico ad hon\u00f3rem en la Procuraduria General de la Naci\u00f3n y en el Congreso de la Republica para el desempe\u00f1o de la judicatura voluntaria para lo egresados de la Carrera de Derecho\u00bb.<\/li>\n<li><a href=\"https:\/\/senado.gov.co\/images\/Archivospdf\/elsenado\/Normatividad\/LegislacionReglamentaria\/LEY9472005CONGRESODELAREPUBLICA.pdf\" target=\"_blank\" rel=\"noopener noreferrer\"><strong>Ley 947 de 2005<\/strong>;<\/a>&nbsp;\u00abPor la cual se reforma la Ley 424 de 1998 sobre el seguimiento a los convenios internacionales suscritos por Colombia\u00bb.<\/li>\n<li><a href=\"https:\/\/senado.gov.co\/images\/Archivospdf\/elsenado\/Normatividad\/LegislacionReglamentaria\/LEY9552005CONGRESODELAREPUBLICA.pdf\" target=\"_blank\" rel=\"noopener noreferrer\"><strong>Ley 955 de 2005<\/strong>;<\/a>&nbsp;\u00abPor la cual se modifica y aclara la integraci\u00f3n de la Comisi\u00f3n Asesora Presidencial de Relaciones Exteriores en sus art\u00edculos 1\u00b0 y 7\u00b0 de la Ley 68 de 1993\u00bb.<\/li>\n<li><a href=\"https:\/\/senado.gov.co\/images\/Archivospdf\/elsenado\/Normatividad\/LegislacionReglamentaria\/LEY9742005CONGRESODELAREPUBLICA.pdf\" target=\"_blank\" rel=\"noopener noreferrer\"><strong>Ley 974 de 2005<\/strong>;<\/a>&nbsp;\u00abPor la cual se reglamenta la actuaci\u00f3n en bancadas de los miembros de las corporaciones p\u00fablicas y se adecua el Reglamento del Congreso al R\u00e9gimen de Bancadas\u00bb.<\/li>\n<li><a href=\"https:\/\/senado.gov.co\/images\/Archivospdf\/elsenado\/Normatividad\/LegislacionReglamentaria\/LEY11472007CONGRESODELAREPUBLICA.pdf\" target=\"_blank\" rel=\"noopener noreferrer\"><strong>Ley 1147 de 2007<\/strong>;<\/a>&nbsp;\u00abPor la cual se adiciona la Ley 5\u00aa de 1992 y se crean la Comisi\u00f3n Especial de Modernizaci\u00f3n y las Unidades Coordinadoras de Asistencia T\u00e9cnica Legislativa y Atenci\u00f3n Ciudadana del Congreso de la Rep\u00fablica\u00bb.<\/li>\n<\/ul>\n\n\n<h2 class=\"wp-block-heading\">Inducci\u00f3n general<\/h2>\n\n\n\n<figure class=\"wp-block-embed is-type-video is-provider-youtube wp-block-embed-youtube wp-embed-aspect-16-9 wp-has-aspect-ratio\"><div class=\"wp-block-embed__wrapper\">\n<iframe title=\"Inducci\u00f3n \u00f3 Reinducci\u00f3n - Congreso de la Rep\u00fablica\" width=\"1110\" height=\"624\" src=\"https:\/\/www.youtube.com\/embed\/ID0XLDvNvkY?feature=oembed\" frameborder=\"0\" allow=\"accelerometer; autoplay; clipboard-write; encrypted-media; gyroscope; picture-in-picture\" allowfullscreen><\/iframe>\n<\/div><\/figure>\n\n\n\n<h3 class=\"wp-block-heading\">Inducci\u00f3n general<\/h3>\n\n\n\n<p>El&nbsp;<a href=\"https:\/\/senado.gov.co\/index.php\/documentos\/el-senado\/area-administrativa\/division-de-recursos-humanos\/seleccion-y-capacitacion\/3497-manaul-de-induccion\/file\" target=\"_blank\" rel=\"noreferrer noopener\">Manual de Inducci\u00f3n y Reinducci\u00f3n<\/a>&nbsp;es una herramienta b\u00e1sica, para la&nbsp; orientaci\u00f3n&nbsp; del Servidor P\u00fablico,&nbsp; en la&nbsp; cultura&nbsp; organizacional de la entidad, que permite&nbsp; el&nbsp; desarrollo&nbsp; de&nbsp;&nbsp; habilidades&nbsp;&nbsp; gerenciales, adem\u00e1s&nbsp; del conocimiento de la funci\u00f3n p\u00fablica y de la instituci\u00f3n.<\/p>\n\n\n\n<p><a href=\"https:\/\/senado.gov.co\/index.php\/el-senado\/normatividad\">Volver&nbsp;a Normatividad<\/a><\/p>\n\n\n\n<p>A trav\u00e9s de este documento, usted podr\u00e1 encontrar la&nbsp; NORMATIVIDAD (<a href=\"https:\/\/senado.gov.co\/images\/Archivospdf\/elsenado\/Normatividad\/Induccion\/FUNDAMENTACIN_NORMATIVA.pdf\" target=\"_blank\" rel=\"noreferrer noopener\">Fundamentaci\u00f3n normativa<\/a>,&nbsp;<a href=\"https:\/\/senado.gov.co\/images\/Archivospdf\/elsenado\/Normatividad\/Induccion\/RES__009_17_abril_1995.pdf\" target=\"_blank\" rel=\"noreferrer noopener\">Resoluci\u00f3n 009 del 17 de abril de 1995<\/a>&nbsp;y&nbsp;<a href=\"https:\/\/senado.gov.co\/images\/Archivospdf\/elsenado\/Normatividad\/Induccion\/resolucion_237_de_1992.pdf\" target=\"_blank\" rel=\"noreferrer noopener\">Resoluci\u00f3n 237 del 16 de julio de 1992<\/a>)&nbsp; que&nbsp; sustenta&nbsp;&nbsp; el&nbsp;&nbsp; accionar&nbsp; del&nbsp;&nbsp; Senado&nbsp; de&nbsp;&nbsp; la&nbsp;&nbsp; Rep\u00fablica,&nbsp; con&nbsp; el prop\u00f3sito&nbsp; que&nbsp; las conozca,&nbsp; actualizarlo cuando se requiera&nbsp; y&nbsp;&nbsp; velar&nbsp; por&nbsp; el&nbsp; cumplimiento de las mismas&nbsp;<\/p>\n\n\n\n<p><a href=\"https:\/\/s3.amazonaws.com\/online.fliphtml5.com\/xxuic\/nrfn\/index.html\">Seguridad y Salud en el Trabajo<\/a><\/p>\n\t\t\t\t\t\t\t\t<\/div>\n\t\t\t\t<\/div>\n\t\t\t\t\t<\/div>\n\t\t<\/div>\n\t\t\t\t\t<\/div>\n\t\t<\/section>\n\t\t\t\t<\/div>\n\t\t","protected":false},"excerpt":{"rendered":"<p>Normatividad Ley 5ta. de 1992 Reglamento del Congreso Art\u00edculo 1o. Funcionamiento y organizaci\u00f3n del Congreso.&nbsp;El presente estatuto contiene las normas reglamentarias sobre reuniones y funcionamiento del Senado, la C\u00e1mara de&hellip; <\/p>\n","protected":false},"author":3,"featured_media":1201,"comment_status":"open","ping_status":"open","sticky":false,"template":"","format":"standard","meta":{"footnotes":""},"categories":[41],"tags":[],"class_list":["post-39","post","type-post","status-publish","format-standard","has-post-thumbnail","hentry","category-senado"],"yoast_head":"<!-- This site is optimized with the Yoast SEO plugin v27.3 - https:\/\/yoast.com\/product\/yoast-seo-wordpress\/ -->\n<title>SENADO DE COLOMBIA - Revista Congreso Digital<\/title>\n<meta name=\"robots\" content=\"index, follow, max-snippet:-1, max-image-preview:large, max-video-preview:-1\" \/>\n<link rel=\"canonical\" href=\"https:\/\/revistacongresodigital.com\/?p=39\" \/>\n<meta property=\"og:locale\" content=\"es_ES\" \/>\n<meta property=\"og:type\" content=\"article\" \/>\n<meta property=\"og:title\" content=\"SENADO DE COLOMBIA - Revista Congreso Digital\" \/>\n<meta property=\"og:description\" content=\"Normatividad Ley 5ta. de 1992 Reglamento del Congreso Art\u00edculo 1o. Funcionamiento y organizaci\u00f3n del Congreso.&nbsp;El presente estatuto contiene las normas reglamentarias sobre reuniones y funcionamiento del Senado, la C\u00e1mara de&hellip;\" \/>\n<meta property=\"og:url\" content=\"https:\/\/revistacongresodigital.com\/?p=39\" \/>\n<meta property=\"og:site_name\" content=\"Revista Congreso Digital\" \/>\n<meta property=\"article:published_time\" content=\"2020-03-11T14:30:00+00:00\" \/>\n<meta property=\"article:modified_time\" content=\"2022-04-12T19:21:57+00:00\" \/>\n<meta property=\"og:image\" content=\"https:\/\/revistacongresodigital.com\/wp-content\/uploads\/2015\/01\/descarga.jpg\" \/>\n\t<meta property=\"og:image:width\" content=\"225\" \/>\n\t<meta property=\"og:image:height\" content=\"225\" \/>\n\t<meta property=\"og:image:type\" content=\"image\/jpeg\" \/>\n<meta name=\"author\" content=\"victor llanos\" \/>\n<meta name=\"twitter:card\" content=\"summary_large_image\" \/>\n<meta name=\"twitter:label1\" content=\"Escrito por\" \/>\n\t<meta name=\"twitter:data1\" content=\"victor llanos\" \/>\n\t<meta name=\"twitter:label2\" content=\"Tiempo de lectura\" \/>\n\t<meta name=\"twitter:data2\" content=\"6 minutos\" \/>\n<script type=\"application\/ld+json\" class=\"yoast-schema-graph\">{\"@context\":\"https:\\\/\\\/schema.org\",\"@graph\":[{\"@type\":\"Article\",\"@id\":\"https:\\\/\\\/revistacongresodigital.com\\\/?p=39#article\",\"isPartOf\":{\"@id\":\"https:\\\/\\\/revistacongresodigital.com\\\/?p=39\"},\"author\":{\"name\":\"victor llanos\",\"@id\":\"https:\\\/\\\/www.revistacongresodigital.com\\\/#\\\/schema\\\/person\\\/248dac8d5a278ce133073b146973daeb\"},\"headline\":\"SENADO DE COLOMBIA\",\"datePublished\":\"2020-03-11T14:30:00+00:00\",\"dateModified\":\"2022-04-12T19:21:57+00:00\",\"mainEntityOfPage\":{\"@id\":\"https:\\\/\\\/revistacongresodigital.com\\\/?p=39\"},\"wordCount\":1281,\"commentCount\":0,\"publisher\":{\"@id\":\"https:\\\/\\\/www.revistacongresodigital.com\\\/#organization\"},\"image\":{\"@id\":\"https:\\\/\\\/revistacongresodigital.com\\\/?p=39#primaryimage\"},\"thumbnailUrl\":\"https:\\\/\\\/revistacongresodigital.com\\\/wp-content\\\/uploads\\\/2015\\\/01\\\/descarga.jpg\",\"articleSection\":[\"SENADO\"],\"inLanguage\":\"es\",\"potentialAction\":[{\"@type\":\"CommentAction\",\"name\":\"Comment\",\"target\":[\"https:\\\/\\\/revistacongresodigital.com\\\/?p=39#respond\"]}]},{\"@type\":\"WebPage\",\"@id\":\"https:\\\/\\\/revistacongresodigital.com\\\/?p=39\",\"url\":\"https:\\\/\\\/revistacongresodigital.com\\\/?p=39\",\"name\":\"SENADO DE COLOMBIA - Revista Congreso Digital\",\"isPartOf\":{\"@id\":\"https:\\\/\\\/www.revistacongresodigital.com\\\/#website\"},\"primaryImageOfPage\":{\"@id\":\"https:\\\/\\\/revistacongresodigital.com\\\/?p=39#primaryimage\"},\"image\":{\"@id\":\"https:\\\/\\\/revistacongresodigital.com\\\/?p=39#primaryimage\"},\"thumbnailUrl\":\"https:\\\/\\\/revistacongresodigital.com\\\/wp-content\\\/uploads\\\/2015\\\/01\\\/descarga.jpg\",\"datePublished\":\"2020-03-11T14:30:00+00:00\",\"dateModified\":\"2022-04-12T19:21:57+00:00\",\"breadcrumb\":{\"@id\":\"https:\\\/\\\/revistacongresodigital.com\\\/?p=39#breadcrumb\"},\"inLanguage\":\"es\",\"potentialAction\":[{\"@type\":\"ReadAction\",\"target\":[\"https:\\\/\\\/revistacongresodigital.com\\\/?p=39\"]}]},{\"@type\":\"ImageObject\",\"inLanguage\":\"es\",\"@id\":\"https:\\\/\\\/revistacongresodigital.com\\\/?p=39#primaryimage\",\"url\":\"https:\\\/\\\/revistacongresodigital.com\\\/wp-content\\\/uploads\\\/2015\\\/01\\\/descarga.jpg\",\"contentUrl\":\"https:\\\/\\\/revistacongresodigital.com\\\/wp-content\\\/uploads\\\/2015\\\/01\\\/descarga.jpg\",\"width\":225,\"height\":225},{\"@type\":\"BreadcrumbList\",\"@id\":\"https:\\\/\\\/revistacongresodigital.com\\\/?p=39#breadcrumb\",\"itemListElement\":[{\"@type\":\"ListItem\",\"position\":1,\"name\":\"Portada\",\"item\":\"https:\\\/\\\/www.revistacongresodigital.com\\\/\"},{\"@type\":\"ListItem\",\"position\":2,\"name\":\"SENADO DE COLOMBIA\"}]},{\"@type\":\"WebSite\",\"@id\":\"https:\\\/\\\/www.revistacongresodigital.com\\\/#website\",\"url\":\"https:\\\/\\\/www.revistacongresodigital.com\\\/\",\"name\":\"Revista Congreso Digital\",\"description\":\"Revista Congreso Digital\",\"publisher\":{\"@id\":\"https:\\\/\\\/www.revistacongresodigital.com\\\/#organization\"},\"potentialAction\":[{\"@type\":\"SearchAction\",\"target\":{\"@type\":\"EntryPoint\",\"urlTemplate\":\"https:\\\/\\\/www.revistacongresodigital.com\\\/?s={search_term_string}\"},\"query-input\":{\"@type\":\"PropertyValueSpecification\",\"valueRequired\":true,\"valueName\":\"search_term_string\"}}],\"inLanguage\":\"es\"},{\"@type\":\"Organization\",\"@id\":\"https:\\\/\\\/www.revistacongresodigital.com\\\/#organization\",\"name\":\"Revista Congreso Digital\",\"url\":\"https:\\\/\\\/www.revistacongresodigital.com\\\/\",\"logo\":{\"@type\":\"ImageObject\",\"inLanguage\":\"es\",\"@id\":\"https:\\\/\\\/www.revistacongresodigital.com\\\/#\\\/schema\\\/logo\\\/image\\\/\",\"url\":\"https:\\\/\\\/revistacongresodigital.com\\\/wp-content\\\/uploads\\\/2022\\\/03\\\/cropped-FIRMA-JP-e1648679804884.png\",\"contentUrl\":\"https:\\\/\\\/revistacongresodigital.com\\\/wp-content\\\/uploads\\\/2022\\\/03\\\/cropped-FIRMA-JP-e1648679804884.png\",\"width\":512,\"height\":512,\"caption\":\"Revista Congreso Digital\"},\"image\":{\"@id\":\"https:\\\/\\\/www.revistacongresodigital.com\\\/#\\\/schema\\\/logo\\\/image\\\/\"}},{\"@type\":\"Person\",\"@id\":\"https:\\\/\\\/www.revistacongresodigital.com\\\/#\\\/schema\\\/person\\\/248dac8d5a278ce133073b146973daeb\",\"name\":\"victor llanos\",\"image\":{\"@type\":\"ImageObject\",\"inLanguage\":\"es\",\"@id\":\"https:\\\/\\\/revistacongresodigital.com\\\/wp-content\\\/litespeed\\\/avatar\\\/0aa58a63733ef2a778942c0043fd27a1.jpg?ver=1777151316\",\"url\":\"https:\\\/\\\/revistacongresodigital.com\\\/wp-content\\\/litespeed\\\/avatar\\\/0aa58a63733ef2a778942c0043fd27a1.jpg?ver=1777151316\",\"contentUrl\":\"https:\\\/\\\/revistacongresodigital.com\\\/wp-content\\\/litespeed\\\/avatar\\\/0aa58a63733ef2a778942c0043fd27a1.jpg?ver=1777151316\",\"caption\":\"victor llanos\"},\"url\":\"https:\\\/\\\/revistacongresodigital.com\\\/?author=3\"}]}<\/script>\n<!-- \/ Yoast SEO plugin. -->","yoast_head_json":{"title":"SENADO DE COLOMBIA - Revista Congreso Digital","robots":{"index":"index","follow":"follow","max-snippet":"max-snippet:-1","max-image-preview":"max-image-preview:large","max-video-preview":"max-video-preview:-1"},"canonical":"https:\/\/revistacongresodigital.com\/?p=39","og_locale":"es_ES","og_type":"article","og_title":"SENADO DE COLOMBIA - Revista Congreso Digital","og_description":"Normatividad Ley 5ta. de 1992 Reglamento del Congreso Art\u00edculo 1o. Funcionamiento y organizaci\u00f3n del Congreso.&nbsp;El presente estatuto contiene las normas reglamentarias sobre reuniones y funcionamiento del Senado, la C\u00e1mara de&hellip;","og_url":"https:\/\/revistacongresodigital.com\/?p=39","og_site_name":"Revista Congreso Digital","article_published_time":"2020-03-11T14:30:00+00:00","article_modified_time":"2022-04-12T19:21:57+00:00","og_image":[{"width":225,"height":225,"url":"https:\/\/revistacongresodigital.com\/wp-content\/uploads\/2015\/01\/descarga.jpg","type":"image\/jpeg"}],"author":"victor llanos","twitter_card":"summary_large_image","twitter_misc":{"Escrito por":"victor llanos","Tiempo de lectura":"6 minutos"},"schema":{"@context":"https:\/\/schema.org","@graph":[{"@type":"Article","@id":"https:\/\/revistacongresodigital.com\/?p=39#article","isPartOf":{"@id":"https:\/\/revistacongresodigital.com\/?p=39"},"author":{"name":"victor llanos","@id":"https:\/\/www.revistacongresodigital.com\/#\/schema\/person\/248dac8d5a278ce133073b146973daeb"},"headline":"SENADO DE COLOMBIA","datePublished":"2020-03-11T14:30:00+00:00","dateModified":"2022-04-12T19:21:57+00:00","mainEntityOfPage":{"@id":"https:\/\/revistacongresodigital.com\/?p=39"},"wordCount":1281,"commentCount":0,"publisher":{"@id":"https:\/\/www.revistacongresodigital.com\/#organization"},"image":{"@id":"https:\/\/revistacongresodigital.com\/?p=39#primaryimage"},"thumbnailUrl":"https:\/\/revistacongresodigital.com\/wp-content\/uploads\/2015\/01\/descarga.jpg","articleSection":["SENADO"],"inLanguage":"es","potentialAction":[{"@type":"CommentAction","name":"Comment","target":["https:\/\/revistacongresodigital.com\/?p=39#respond"]}]},{"@type":"WebPage","@id":"https:\/\/revistacongresodigital.com\/?p=39","url":"https:\/\/revistacongresodigital.com\/?p=39","name":"SENADO DE COLOMBIA - Revista Congreso Digital","isPartOf":{"@id":"https:\/\/www.revistacongresodigital.com\/#website"},"primaryImageOfPage":{"@id":"https:\/\/revistacongresodigital.com\/?p=39#primaryimage"},"image":{"@id":"https:\/\/revistacongresodigital.com\/?p=39#primaryimage"},"thumbnailUrl":"https:\/\/revistacongresodigital.com\/wp-content\/uploads\/2015\/01\/descarga.jpg","datePublished":"2020-03-11T14:30:00+00:00","dateModified":"2022-04-12T19:21:57+00:00","breadcrumb":{"@id":"https:\/\/revistacongresodigital.com\/?p=39#breadcrumb"},"inLanguage":"es","potentialAction":[{"@type":"ReadAction","target":["https:\/\/revistacongresodigital.com\/?p=39"]}]},{"@type":"ImageObject","inLanguage":"es","@id":"https:\/\/revistacongresodigital.com\/?p=39#primaryimage","url":"https:\/\/revistacongresodigital.com\/wp-content\/uploads\/2015\/01\/descarga.jpg","contentUrl":"https:\/\/revistacongresodigital.com\/wp-content\/uploads\/2015\/01\/descarga.jpg","width":225,"height":225},{"@type":"BreadcrumbList","@id":"https:\/\/revistacongresodigital.com\/?p=39#breadcrumb","itemListElement":[{"@type":"ListItem","position":1,"name":"Portada","item":"https:\/\/www.revistacongresodigital.com\/"},{"@type":"ListItem","position":2,"name":"SENADO DE COLOMBIA"}]},{"@type":"WebSite","@id":"https:\/\/www.revistacongresodigital.com\/#website","url":"https:\/\/www.revistacongresodigital.com\/","name":"Revista Congreso Digital","description":"Revista Congreso Digital","publisher":{"@id":"https:\/\/www.revistacongresodigital.com\/#organization"},"potentialAction":[{"@type":"SearchAction","target":{"@type":"EntryPoint","urlTemplate":"https:\/\/www.revistacongresodigital.com\/?s={search_term_string}"},"query-input":{"@type":"PropertyValueSpecification","valueRequired":true,"valueName":"search_term_string"}}],"inLanguage":"es"},{"@type":"Organization","@id":"https:\/\/www.revistacongresodigital.com\/#organization","name":"Revista Congreso Digital","url":"https:\/\/www.revistacongresodigital.com\/","logo":{"@type":"ImageObject","inLanguage":"es","@id":"https:\/\/www.revistacongresodigital.com\/#\/schema\/logo\/image\/","url":"https:\/\/revistacongresodigital.com\/wp-content\/uploads\/2022\/03\/cropped-FIRMA-JP-e1648679804884.png","contentUrl":"https:\/\/revistacongresodigital.com\/wp-content\/uploads\/2022\/03\/cropped-FIRMA-JP-e1648679804884.png","width":512,"height":512,"caption":"Revista Congreso Digital"},"image":{"@id":"https:\/\/www.revistacongresodigital.com\/#\/schema\/logo\/image\/"}},{"@type":"Person","@id":"https:\/\/www.revistacongresodigital.com\/#\/schema\/person\/248dac8d5a278ce133073b146973daeb","name":"victor llanos","image":{"@type":"ImageObject","inLanguage":"es","@id":"https:\/\/revistacongresodigital.com\/wp-content\/litespeed\/avatar\/0aa58a63733ef2a778942c0043fd27a1.jpg?ver=1777151316","url":"https:\/\/revistacongresodigital.com\/wp-content\/litespeed\/avatar\/0aa58a63733ef2a778942c0043fd27a1.jpg?ver=1777151316","contentUrl":"https:\/\/revistacongresodigital.com\/wp-content\/litespeed\/avatar\/0aa58a63733ef2a778942c0043fd27a1.jpg?ver=1777151316","caption":"victor llanos"},"url":"https:\/\/revistacongresodigital.com\/?author=3"}]}},"_links":{"self":[{"href":"https:\/\/revistacongresodigital.com\/index.php?rest_route=\/wp\/v2\/posts\/39","targetHints":{"allow":["GET"]}}],"collection":[{"href":"https:\/\/revistacongresodigital.com\/index.php?rest_route=\/wp\/v2\/posts"}],"about":[{"href":"https:\/\/revistacongresodigital.com\/index.php?rest_route=\/wp\/v2\/types\/post"}],"author":[{"embeddable":true,"href":"https:\/\/revistacongresodigital.com\/index.php?rest_route=\/wp\/v2\/users\/3"}],"replies":[{"embeddable":true,"href":"https:\/\/revistacongresodigital.com\/index.php?rest_route=%2Fwp%2Fv2%2Fcomments&post=39"}],"version-history":[{"count":8,"href":"https:\/\/revistacongresodigital.com\/index.php?rest_route=\/wp\/v2\/posts\/39\/revisions"}],"predecessor-version":[{"id":1546,"href":"https:\/\/revistacongresodigital.com\/index.php?rest_route=\/wp\/v2\/posts\/39\/revisions\/1546"}],"wp:featuredmedia":[{"embeddable":true,"href":"https:\/\/revistacongresodigital.com\/index.php?rest_route=\/wp\/v2\/media\/1201"}],"wp:attachment":[{"href":"https:\/\/revistacongresodigital.com\/index.php?rest_route=%2Fwp%2Fv2%2Fmedia&parent=39"}],"wp:term":[{"taxonomy":"category","embeddable":true,"href":"https:\/\/revistacongresodigital.com\/index.php?rest_route=%2Fwp%2Fv2%2Fcategories&post=39"},{"taxonomy":"post_tag","embeddable":true,"href":"https:\/\/revistacongresodigital.com\/index.php?rest_route=%2Fwp%2Fv2%2Ftags&post=39"}],"curies":[{"name":"wp","href":"https:\/\/api.w.org\/{rel}","templated":true}]}}