{"id":3669,"date":"2022-05-03T01:45:06","date_gmt":"2022-05-03T01:45:06","guid":{"rendered":"https:\/\/revistacongresodigital.com\/?p=3669"},"modified":"2024-09-13T14:48:35","modified_gmt":"2024-09-13T14:48:35","slug":"porque-profesionales-como-jose-fabio-gallego-gomez-nacido-en-santiago-de-cali-no-es-parte-de-marca-pais","status":"publish","type":"post","link":"https:\/\/revistacongresodigital.com\/?p=3669","title":{"rendered":"HOMENAJE EN EL D\u00cdA DE LAS MADRES A TODAS LAS LIDERESAS SOCIALES DE COLOMBIA"},"content":{"rendered":"\t\t<div data-elementor-type=\"wp-post\" data-elementor-id=\"3669\" class=\"elementor elementor-3669\">\n\t\t\t\t\t\t<section class=\"elementor-section elementor-top-section elementor-element elementor-element-04ccf71 elementor-section-boxed elementor-section-height-default elementor-section-height-default\" data-id=\"04ccf71\" data-element_type=\"section\" data-e-type=\"section\">\n\t\t\t\t\t\t<div class=\"elementor-container elementor-column-gap-default\">\n\t\t\t\t\t<div class=\"elementor-column elementor-col-100 elementor-top-column elementor-element elementor-element-c1aee3a\" data-id=\"c1aee3a\" data-element_type=\"column\" data-e-type=\"column\">\n\t\t\t<div class=\"elementor-widget-wrap elementor-element-populated\">\n\t\t\t\t\t\t<section class=\"elementor-section elementor-inner-section elementor-element elementor-element-8e506d6 elementor-section-boxed elementor-section-height-default elementor-section-height-default\" data-id=\"8e506d6\" data-element_type=\"section\" data-e-type=\"section\">\n\t\t\t\t\t\t<div class=\"elementor-container elementor-column-gap-default\">\n\t\t\t\t\t<div class=\"elementor-column elementor-col-50 elementor-inner-column elementor-element elementor-element-768ea36\" data-id=\"768ea36\" data-element_type=\"column\" data-e-type=\"column\">\n\t\t\t<div class=\"elementor-widget-wrap elementor-element-populated\">\n\t\t\t\t\t\t<div class=\"elementor-element elementor-element-38d548b elementor-widget elementor-widget-image\" data-id=\"38d548b\" data-element_type=\"widget\" data-e-type=\"widget\" data-widget_type=\"image.default\">\n\t\t\t\t<div class=\"elementor-widget-container\">\n\t\t\t\t\t\t\t\t\t\t\t\t\t\t\t<img fetchpriority=\"high\" decoding=\"async\" width=\"701\" height=\"698\" src=\"https:\/\/revistacongresodigital.com\/wp-content\/uploads\/2024\/06\/Foto-3-Andrea.jpg\" class=\"attachment-medium_large size-medium_large wp-image-4090\" alt=\"\" srcset=\"https:\/\/revistacongresodigital.com\/wp-content\/uploads\/2024\/06\/Foto-3-Andrea.jpg 701w, https:\/\/revistacongresodigital.com\/wp-content\/uploads\/2024\/06\/Foto-3-Andrea-300x300.jpg 300w, https:\/\/revistacongresodigital.com\/wp-content\/uploads\/2024\/06\/Foto-3-Andrea-150x150.jpg 150w\" sizes=\"(max-width: 701px) 100vw, 701px\" \/>\t\t\t\t\t\t\t\t\t\t\t\t\t\t\t<\/div>\n\t\t\t\t<\/div>\n\t\t\t\t<div class=\"elementor-element elementor-element-4e08aba elementor-widget elementor-widget-image\" data-id=\"4e08aba\" data-element_type=\"widget\" data-e-type=\"widget\" data-widget_type=\"image.default\">\n\t\t\t\t<div class=\"elementor-widget-container\">\n\t\t\t\t\t\t\t\t\t\t\t\t\t\t\t<img decoding=\"async\" width=\"709\" height=\"944\" src=\"https:\/\/revistacongresodigital.com\/wp-content\/uploads\/2024\/06\/FOto-2-Andrea.jpg\" class=\"attachment-medium_large size-medium_large wp-image-4089\" alt=\"\" srcset=\"https:\/\/revistacongresodigital.com\/wp-content\/uploads\/2024\/06\/FOto-2-Andrea.jpg 709w, https:\/\/revistacongresodigital.com\/wp-content\/uploads\/2024\/06\/FOto-2-Andrea-225x300.jpg 225w\" sizes=\"(max-width: 709px) 100vw, 709px\" \/>\t\t\t\t\t\t\t\t\t\t\t\t\t\t\t<\/div>\n\t\t\t\t<\/div>\n\t\t\t\t\t<\/div>\n\t\t<\/div>\n\t\t\t\t<div class=\"elementor-column elementor-col-50 elementor-inner-column elementor-element elementor-element-a8314c0\" data-id=\"a8314c0\" data-element_type=\"column\" data-e-type=\"column\">\n\t\t\t<div class=\"elementor-widget-wrap elementor-element-populated\">\n\t\t\t\t\t\t<div class=\"elementor-element elementor-element-038a38d elementor-widget elementor-widget-heading\" data-id=\"038a38d\" data-element_type=\"widget\" data-e-type=\"widget\" data-widget_type=\"heading.default\">\n\t\t\t\t<div class=\"elementor-widget-container\">\n\t\t\t\t\t<h2 class=\"elementor-heading-title elementor-size-default\">Este art\u00edculo es un homenaje en el d\u00eda de las madres   a todas las lideresas sociales asesinadas en Colombia y las que siguen siendo v\u00edctimas de atentados, desplazamiento forzado y amenazas. Ya van 17 L\u00edderes y lideresas sociales asesinadas en lo que va del 2022, la Defensor\u00eda Del Pueblo informo que en 2021 asesinaron a 145 l\u00edderes sociales en Cauca, Antioquia y Valle del Cauca, siendo estos los departamentos con m\u00e1s casos registrados.  <\/h2>\t\t\t\t<\/div>\n\t\t\t\t<\/div>\n\t\t\t\t\t<\/div>\n\t\t<\/div>\n\t\t\t\t\t<\/div>\n\t\t<\/section>\n\t\t\t\t\t<\/div>\n\t\t<\/div>\n\t\t\t\t\t<\/div>\n\t\t<\/section>\n\t\t\t\t<section class=\"elementor-section elementor-top-section elementor-element elementor-element-8569348 elementor-section-boxed elementor-section-height-default elementor-section-height-default\" data-id=\"8569348\" data-element_type=\"section\" data-e-type=\"section\">\n\t\t\t\t\t\t<div class=\"elementor-container elementor-column-gap-default\">\n\t\t\t\t\t<div class=\"elementor-column elementor-col-100 elementor-top-column elementor-element elementor-element-0ff32c1\" data-id=\"0ff32c1\" data-element_type=\"column\" data-e-type=\"column\">\n\t\t\t<div class=\"elementor-widget-wrap elementor-element-populated\">\n\t\t\t\t\t\t<div class=\"elementor-element elementor-element-acc4eb2 elementor-drop-cap-yes elementor-drop-cap-view-framed elementor-widget elementor-widget-text-editor\" data-id=\"acc4eb2\" data-element_type=\"widget\" data-e-type=\"widget\" data-settings=\"{&quot;drop_cap&quot;:&quot;yes&quot;}\" data-widget_type=\"text-editor.default\">\n\t\t\t\t<div class=\"elementor-widget-container\">\n\t\t\t\t\t\t\t\t\t<p>\u00bfPorque las matan?<\/p><p>Rosalba Carmenza Tarazona Ortega, Luz Marina Arteaga Henao y Yeisi Campo asesinada en Morales Cauca en julio del 2021, ademas Deisy Sotelo Anaconda desaparecida el 26 de enero de 2022 en Argelia Cauca donde fue encontrado su cuerpo sin vida 6 d\u00edas despu\u00e9s<\/p><p>\u00bfc\u00f3mo avanzan las investigaciones de estos cr\u00edmenes?<\/p><p>Luchar contra el reclutamiento de menores de edad, haber participado en el paro nacional, decir lo que otros no dicen por temor, las hace \u201c<em>objetivo militar\u201d<\/em> por parte de grupos armados. Las mujeres lideresas que a continuaci\u00f3n mencionaremos han sido v\u00edctimas de atentados contra sus vidas y con la suerte de haber sobrevivido.\u00a0 \u00a0\u00a0\u00a0\u00a0\u00a0\u00a0<\/p><p>Historias desgarradoras, narradas\u00a0 por estas valientes mujeres\u00a0 quienes\u00a0 sobre viven \u00a0a pesar de sus \u00a0miedos \u00a0\u00a0y\u00a0 siguen ejerciendo labores sociales pero\u00a0 muchas de ellas\u00a0 han tenido que \u00a0salir desplazadas de sus territorios, abandonar sus familias \u00a0y sus viviendas, \u00a0estas son madres, esposas e hijas afectadas por el conflicto armado\u00a0 son v\u00edctimas; Karina Reyes Mart\u00ednez lideresa de Florida\u00a0 en el Valle y educadora de calle de barrio, Mar\u00eda\u00a0 Elizabeth\u00a0 Trejos\u00a0 lideresa del\u00a0 Cauca, julia Amanda Due\u00f1as lideresa de Casanare y educadora de calle, Ivonne Andrea Giraldo\u00a0 lideresa educadora de calle\u00a0 del valle,\u00a0 <strong>Andrea Eliza Mu\u00f1oz<\/strong>\u00a0 lideresa del Valle y educadora de calle,\u00a0\u00a0 Yenifer\u00a0 Alejandra Arroyo\u00a0 lideresa de Florida Valle, Keila\u00a0 Estefan\u00eda Castillo desplazada\u00a0 desde Barbacoas Nari\u00f1o y educadora de calle,\u00a0\u00a0 Sacha Xiomara Velazco R\u00edos\u00a0 lideresa y educadora de calle de Barrio\u00a0 en el\u00a0 Cauca,\u00a0\u00a0 Mancelly Nore\u00f1a\u00a0 lideresa Social\u00a0 Barrio\u00a0 Llano Verde\u00a0 en el Valle\u00a0 quien\u00a0 particip\u00f3 \u00a0activamente en el pasado paro nacional;\u00a0 estas mujeres \u00a0contin\u00faan vivas de milagro\u00a0 y han salido ilesas de atentados y de amenazas viviendo en \u00a0permanente zozobra.<\/p><p>Seg\u00fan la Defensor\u00eda del Pueblo en promedio cada dos d\u00edas es asesinado un l\u00edder o lideresa social en Colombia; Entre 2016 y 2019 fueron alrededor de 600 asesinatos, ese aterrador dato seria justificaci\u00f3n por cualquier esfuerzo para comprender el fen\u00f3meno adem\u00e1s de la normalizaci\u00f3n por parte de la sociedad civil. Este es un autoritarismo sub nacional, manejado por clanes pol\u00edticos con abiertos v\u00ednculos ilegales, funcionan bajo la modalidad de competencia al participar en elecciones y darle tramite al sistema democr\u00e1tico sin existir en el fondo oposici\u00f3n ni control pol\u00edtico, ni equidad para la elecci\u00f3n. Debemos recordar que la econom\u00eda de guerra en muchos lugares de Colombia las desmovilizaciones de grupos armados en el proceso de paz torpeado por el gobierno actual, permite un ej\u00e9rcito de reserva criminal que pasa en las zonas donde han asesinado l\u00edderes sociales y lideresas, para eso se realiz\u00f3 un an\u00e1lisis del banco de datos de la Defensor\u00eda del Pueblo y de la ONG Somos Defensores y de Naciones Unidas.<\/p><p>\u00bfQu\u00e9 pasa con la Muerte de tantas lideresas sociales?<\/p><p>Yeisi Campo lideresa comunal del consejo comunitario de la Fortaleza en el Huila, mujer de 37 a\u00f1os\u00a0 destacada\u00a0 por liderar\u00a0 varios\u00a0 procesos en el distrito ocho de su comunidad; un lunes esta mujer sali\u00f3 de su casa, familiares y amigos\u00a0 perdieron contacto con ella hasta que pobladores del consejo comunitario\u00a0 encontraron su cuerpo sin vida en julio del 2021 \u00a0en el sector\u00a0 cercano al crucero de la vereda Altamira\u00a0 en zona rural del municipio, hoy se va a cumplir un a\u00f1o de su asesinato y\u00a0 \u00bfque ha pasado con la investigaci\u00f3n?\u00a0\u00a0 \u00a0<\/p><p>Deisy Sotelo Anaconda tambi\u00e9n\u00a0 lideresa comunal de la vereda de Llano Alto en Jurisdicci\u00f3n del municipio de Argelia Cauca, de 31 a\u00f1os\u00a0 hallada sin vida\u00a0 con impactos de arma de fuego luego de que sujetos la sacaran de su vivienda con su\u00a0 pareja \u00a0actual; asesinada en Argelia Cauca de \u00a0acuerdo al registro del Instituto de Estudios para el Desarrollo y la Paz \u00a0INDEPAZ, este crimen\u00a0 era el Asesinato\u00a0 numero 13\u00a0 registrado en contra de lideresas\u00a0 y l\u00edderes\u00a0 y era el 1.299\u00a0 desde la firma del acuerdo de la Paz. Hasta el 30 de enero del presente a\u00f1o 2022\u00a0 estas \u00a0\u00a0mujeres valientes \u00a0que trabajan\u00a0 por amor a sus comunidades\u00a0 no tienen \u00a0salarios, no tienen\u00a0 seguridad social, lo \u00fanico seguro que tienen\u00a0 es la muerte, amenazas,\u00a0 nadie les\u00a0 paga\u00a0 por estas actividades, muchas de estas lideresas mencionadas aca son\u00a0 educadoras\u00a0 de calle de barrios, pertenecientes a diferentes Consejos Comunitarios,\u00a0 Fundaciones del\u00a0 Cauca,\u00a0 Casanare , Florida, \u00a0Valle del Cauca, \u00a0Cerrito \u00a0en el\u00a0 Valle, \u00a0\u00a0dinamizadoras comunitarias cuyo\u00a0 \u00fanico objetivo es lograr un desarrollo y mejora en la calidad de vida de\u00a0 sus comunidades \u00a0\u00a0como interlocutoras ante organismos locales y sociales, ellas\u00a0 son otras <em>v\u00edctimas<\/em> de la violencia que vive nuestro pa\u00eds, viven\u00a0 constantemente \u00a0amenazadas \u00a0de muerte, torturadas psicol\u00f3gicamente, \u00a0ellas\u00a0 fueron muy cercanas a la \u00a0lideresa social Yeisi Campo\u00a0 asesinada\u00a0 en julio del 2021 \u00a0\u00a0quien \u00a0hacia \u00a0parte del Consejo Comunitario en la Fortaleza del Municipio de Morales en el Cauca, \u00a0\u00a0tambi\u00e9n\u00a0\u00a0\u00a0 vinculada\u00a0 a la junta de acci\u00f3n comunal de el Play\u00f3n en el municipio de Morales siendo ella quien\u00a0 alerto \u00a0\u00a0de las amenazas\u00a0 que estaba recibiendo en Morales\u00a0 Cauca ,\u00a0 ellas lideraron\u00a0\u00a0 y apoyaron las\u00a0 marchas\u00a0\u00a0 que se iniciaron el pasado\u00a0 mes de abril del 2021,\u00a0 no\u00a0 solo\u00a0 en el Cauca\u00a0 sino tambi\u00e9n\u00a0 en el Valle y Casanare; \u00a0algunas activas en el pasado \u00a0estallidos social\u00a0 que vivimos en Colombia, \u00a0estas lideresas algunas \u00a0\u00a0apoyaron \u00a0a muchos \u00a0j\u00f3venes que participaban\u00a0 en las marchas \u00a0con comida\u00a0\u00a0\u00a0 gaseosa\u00a0 alimentos\u00a0\u00a0 y haciendo recolectas,\u00a0 lo que las hizo objetivo de la extrema derecha. Con \u00a0\u00a0la muerte de Yeisy \u00a0\u00a0en Morales Cauca y Deisy en Argelia Cauca les mandan un mensaje las \u00a0\u00a0quieren silenciar \u00a0\u00a0y eliminarlas \u00a0\u00a0ellas dicen tener\u00a0\u00a0 miedo a ser asesinadas por decir\u00a0 los que otros por temor no dicen \u00a0muchas veces,\u00a0 son asesinadas\u00a0 por el simple hecho\u00a0 de tener una relaci\u00f3n\u00a0 con otros l\u00edderes y lideresas\u00a0\u00a0 de otras regiones de Colombia, se sienten solas.<\/p>\t\t\t\t\t\t\t\t<\/div>\n\t\t\t\t<\/div>\n\t\t\t\t\t<\/div>\n\t\t<\/div>\n\t\t\t\t\t<\/div>\n\t\t<\/section>\n\t\t\t\t<section class=\"elementor-section elementor-top-section elementor-element elementor-element-13ca421 elementor-section-boxed elementor-section-height-default elementor-section-height-default\" data-id=\"13ca421\" data-element_type=\"section\" data-e-type=\"section\">\n\t\t\t\t\t\t<div class=\"elementor-container elementor-column-gap-default\">\n\t\t\t\t\t<div class=\"elementor-column elementor-col-100 elementor-top-column elementor-element elementor-element-2d38d3e\" data-id=\"2d38d3e\" data-element_type=\"column\" data-e-type=\"column\">\n\t\t\t<div class=\"elementor-widget-wrap elementor-element-populated\">\n\t\t\t\t\t\t<div class=\"elementor-element elementor-element-9a4b1ef elementor-widget elementor-widget-image-gallery\" data-id=\"9a4b1ef\" data-element_type=\"widget\" data-e-type=\"widget\" data-widget_type=\"image-gallery.default\">\n\t\t\t\t<div class=\"elementor-widget-container\">\n\t\t\t\t\t\t\t<div class=\"elementor-image-gallery\">\n\t\t\t\n<a data-elementor-open-lightbox=\"yes\" data-elementor-lightbox-slideshow=\"9a4b1ef\" data-elementor-lightbox-title=\"Foto 3 Andrea\" data-e-action-hash=\"#elementor-action%3Aaction%3Dlightbox%26settings%3DeyJpZCI6NDA5MCwidXJsIjoiaHR0cHM6XC9cL3JldmlzdGFjb25ncmVzb2RpZ2l0YWwuY29tXC93cC1jb250ZW50XC91cGxvYWRzXC8yMDI0XC8wNlwvRm90by0zLUFuZHJlYS5qcGciLCJzbGlkZXNob3ciOiI5YTRiMWVmIn0%3D\" href='https:\/\/revistacongresodigital.com\/wp-content\/uploads\/2024\/06\/Foto-3-Andrea.jpg'><img decoding=\"async\" width=\"150\" height=\"150\" src=\"https:\/\/revistacongresodigital.com\/wp-content\/uploads\/2024\/06\/Foto-3-Andrea-150x150.jpg\" class=\"attachment-thumbnail size-thumbnail\" alt=\"\" srcset=\"https:\/\/revistacongresodigital.com\/wp-content\/uploads\/2024\/06\/Foto-3-Andrea-150x150.jpg 150w, https:\/\/revistacongresodigital.com\/wp-content\/uploads\/2024\/06\/Foto-3-Andrea-300x300.jpg 300w, https:\/\/revistacongresodigital.com\/wp-content\/uploads\/2024\/06\/Foto-3-Andrea.jpg 701w\" sizes=\"(max-width: 150px) 100vw, 150px\" \/><\/a>\n<a data-elementor-open-lightbox=\"yes\" data-elementor-lightbox-slideshow=\"9a4b1ef\" data-elementor-lightbox-title=\"FOto 2 Andrea\" data-e-action-hash=\"#elementor-action%3Aaction%3Dlightbox%26settings%3DeyJpZCI6NDA4OSwidXJsIjoiaHR0cHM6XC9cL3JldmlzdGFjb25ncmVzb2RpZ2l0YWwuY29tXC93cC1jb250ZW50XC91cGxvYWRzXC8yMDI0XC8wNlwvRk90by0yLUFuZHJlYS5qcGciLCJzbGlkZXNob3ciOiI5YTRiMWVmIn0%3D\" href='https:\/\/revistacongresodigital.com\/wp-content\/uploads\/2024\/06\/FOto-2-Andrea.jpg'><img loading=\"lazy\" decoding=\"async\" width=\"150\" height=\"150\" src=\"https:\/\/revistacongresodigital.com\/wp-content\/uploads\/2024\/06\/FOto-2-Andrea-150x150.jpg\" class=\"attachment-thumbnail size-thumbnail\" alt=\"\" \/><\/a>\n<a data-elementor-open-lightbox=\"yes\" data-elementor-lightbox-slideshow=\"9a4b1ef\" data-elementor-lightbox-title=\"Foto 1 Andrea\" data-e-action-hash=\"#elementor-action%3Aaction%3Dlightbox%26settings%3DeyJpZCI6NDA4OCwidXJsIjoiaHR0cHM6XC9cL3JldmlzdGFjb25ncmVzb2RpZ2l0YWwuY29tXC93cC1jb250ZW50XC91cGxvYWRzXC8yMDI0XC8wNlwvRm90by0xLUFuZHJlYS5qcGciLCJzbGlkZXNob3ciOiI5YTRiMWVmIn0%3D\" href='https:\/\/revistacongresodigital.com\/wp-content\/uploads\/2024\/06\/Foto-1-Andrea.jpg'><img loading=\"lazy\" decoding=\"async\" width=\"150\" height=\"150\" src=\"https:\/\/revistacongresodigital.com\/wp-content\/uploads\/2024\/06\/Foto-1-Andrea-150x150.jpg\" class=\"attachment-thumbnail size-thumbnail\" alt=\"\" \/><\/a>\n<a data-elementor-open-lightbox=\"yes\" data-elementor-lightbox-slideshow=\"9a4b1ef\" data-elementor-lightbox-title=\"Foto 4 Andrea\" data-e-action-hash=\"#elementor-action%3Aaction%3Dlightbox%26settings%3DeyJpZCI6NDA5MSwidXJsIjoiaHR0cHM6XC9cL3JldmlzdGFjb25ncmVzb2RpZ2l0YWwuY29tXC93cC1jb250ZW50XC91cGxvYWRzXC8yMDIyXC8wNVwvRm90by00LUFuZHJlYS5qcGciLCJzbGlkZXNob3ciOiI5YTRiMWVmIn0%3D\" href='https:\/\/revistacongresodigital.com\/wp-content\/uploads\/2022\/05\/Foto-4-Andrea.jpg'><img loading=\"lazy\" decoding=\"async\" width=\"150\" height=\"150\" src=\"https:\/\/revistacongresodigital.com\/wp-content\/uploads\/2022\/05\/Foto-4-Andrea-150x150.jpg\" class=\"attachment-thumbnail size-thumbnail\" alt=\"\" \/><\/a>\n\t\t<\/div>\n\t\t\t\t\t\t<\/div>\n\t\t\t\t<\/div>\n\t\t\t\t<div class=\"elementor-element elementor-element-29f0c2a elementor-widget elementor-widget-counter\" data-id=\"29f0c2a\" data-element_type=\"widget\" data-e-type=\"widget\" data-widget_type=\"counter.default\">\n\t\t\t\t<div class=\"elementor-widget-container\">\n\t\t\t\t\t\t\t<div class=\"elementor-counter\">\n\t\t\t<div class=\"elementor-counter-title\">VISITAS<\/div>\t\t\t<div class=\"elementor-counter-number-wrapper\">\n\t\t\t\t<span class=\"elementor-counter-number-prefix\"><\/span>\n\t\t\t\t<span class=\"elementor-counter-number\" data-duration=\"2000\" data-to-value=\"1925\" data-from-value=\"0\" data-delimiter=\",\">0<\/span>\n\t\t\t\t<span class=\"elementor-counter-number-suffix\"><\/span>\n\t\t\t<\/div>\n\t\t<\/div>\n\t\t\t\t\t\t<\/div>\n\t\t\t\t<\/div>\n\t\t\t\t\t<\/div>\n\t\t<\/div>\n\t\t\t\t\t<\/div>\n\t\t<\/section>\n\t\t\t\t<section class=\"elementor-section elementor-top-section elementor-element elementor-element-16cf18b elementor-section-boxed elementor-section-height-default elementor-section-height-default\" data-id=\"16cf18b\" data-element_type=\"section\" data-e-type=\"section\">\n\t\t\t\t\t\t<div class=\"elementor-container elementor-column-gap-default\">\n\t\t\t\t\t<div class=\"elementor-column elementor-col-100 elementor-top-column elementor-element elementor-element-fd02a11\" data-id=\"fd02a11\" data-element_type=\"column\" data-e-type=\"column\">\n\t\t\t<div class=\"elementor-widget-wrap elementor-element-populated\">\n\t\t\t\t\t\t<section class=\"elementor-section elementor-inner-section elementor-element elementor-element-03cc0d0 elementor-section-boxed elementor-section-height-default elementor-section-height-default\" data-id=\"03cc0d0\" data-element_type=\"section\" data-e-type=\"section\">\n\t\t\t\t\t\t<div class=\"elementor-container elementor-column-gap-default\">\n\t\t\t\t\t<div class=\"elementor-column elementor-col-50 elementor-inner-column elementor-element elementor-element-0ce99af\" data-id=\"0ce99af\" data-element_type=\"column\" data-e-type=\"column\">\n\t\t\t<div class=\"elementor-widget-wrap\">\n\t\t\t\t\t\t\t<\/div>\n\t\t<\/div>\n\t\t\t\t<div class=\"elementor-column elementor-col-50 elementor-inner-column elementor-element elementor-element-eb716e0\" data-id=\"eb716e0\" data-element_type=\"column\" data-e-type=\"column\">\n\t\t\t<div class=\"elementor-widget-wrap\">\n\t\t\t\t\t\t\t<\/div>\n\t\t<\/div>\n\t\t\t\t\t<\/div>\n\t\t<\/section>\n\t\t\t\t\t<\/div>\n\t\t<\/div>\n\t\t\t\t\t<\/div>\n\t\t<\/section>\n\t\t\t\t<\/div>\n\t\t","protected":false},"excerpt":{"rendered":"<p>Este art\u00edculo es un homenaje en el d\u00eda de las madres a todas las lideresas sociales asesinadas en Colombia y las que siguen siendo v\u00edctimas de atentados, desplazamiento forzado y&hellip; <\/p>\n","protected":false},"author":2,"featured_media":4090,"comment_status":"open","ping_status":"open","sticky":false,"template":"","format":"standard","meta":{"footnotes":""},"categories":[44,40,46],"tags":[],"class_list":["post-3669","post","type-post","status-publish","format-standard","has-post-thumbnail","hentry","category-noticias-de-interes","category-noticias-nuevas","category-prensa"],"yoast_head":"<!-- This site is optimized with the Yoast SEO plugin v27.3 - https:\/\/yoast.com\/product\/yoast-seo-wordpress\/ -->\n<title>HOMENAJE EN EL D\u00cdA DE LAS MADRES A TODAS LAS LIDERESAS SOCIALES DE COLOMBIA - Revista Congreso Digital<\/title>\n<meta name=\"robots\" content=\"index, follow, max-snippet:-1, max-image-preview:large, max-video-preview:-1\" \/>\n<link rel=\"canonical\" href=\"https:\/\/www.revistacongresodigital.com\/?p=3669\" \/>\n<meta property=\"og:locale\" content=\"es_ES\" \/>\n<meta property=\"og:type\" content=\"article\" \/>\n<meta property=\"og:title\" content=\"HOMENAJE EN EL D\u00cdA DE LAS MADRES A TODAS LAS LIDERESAS SOCIALES DE COLOMBIA - Revista Congreso Digital\" \/>\n<meta property=\"og:description\" content=\"Este art\u00edculo es un homenaje en el d\u00eda de las madres a todas las lideresas sociales asesinadas en Colombia y las que siguen siendo v\u00edctimas de atentados, desplazamiento forzado y&hellip;\" \/>\n<meta property=\"og:url\" content=\"https:\/\/www.revistacongresodigital.com\/?p=3669\" \/>\n<meta property=\"og:site_name\" content=\"Revista Congreso Digital\" \/>\n<meta property=\"article:published_time\" content=\"2022-05-03T01:45:06+00:00\" \/>\n<meta property=\"article:modified_time\" content=\"2024-09-13T14:48:35+00:00\" \/>\n<meta property=\"og:image\" content=\"https:\/\/www.revistacongresodigital.com\/wp-content\/uploads\/2024\/06\/Foto-3-Andrea.jpg\" \/>\n\t<meta property=\"og:image:width\" content=\"701\" \/>\n\t<meta property=\"og:image:height\" content=\"698\" \/>\n\t<meta property=\"og:image:type\" content=\"image\/jpeg\" \/>\n<meta name=\"author\" content=\"Paola Pardo\" \/>\n<meta name=\"twitter:card\" content=\"summary_large_image\" \/>\n<meta name=\"twitter:label1\" content=\"Escrito por\" \/>\n\t<meta name=\"twitter:data1\" content=\"Paola Pardo\" \/>\n\t<meta name=\"twitter:label2\" content=\"Tiempo de lectura\" \/>\n\t<meta name=\"twitter:data2\" content=\"6 minutos\" \/>\n<script type=\"application\/ld+json\" class=\"yoast-schema-graph\">{\"@context\":\"https:\\\/\\\/schema.org\",\"@graph\":[{\"@type\":\"Article\",\"@id\":\"https:\\\/\\\/www.revistacongresodigital.com\\\/?p=3669#article\",\"isPartOf\":{\"@id\":\"https:\\\/\\\/www.revistacongresodigital.com\\\/?p=3669\"},\"author\":{\"name\":\"Paola Pardo\",\"@id\":\"https:\\\/\\\/www.revistacongresodigital.com\\\/#\\\/schema\\\/person\\\/48fdd26fc226b8cbb305dd638a8e6723\"},\"headline\":\"HOMENAJE EN EL D\u00cdA DE LAS MADRES A TODAS LAS LIDERESAS SOCIALES DE COLOMBIA\",\"datePublished\":\"2022-05-03T01:45:06+00:00\",\"dateModified\":\"2024-09-13T14:48:35+00:00\",\"mainEntityOfPage\":{\"@id\":\"https:\\\/\\\/www.revistacongresodigital.com\\\/?p=3669\"},\"wordCount\":1062,\"commentCount\":0,\"publisher\":{\"@id\":\"https:\\\/\\\/www.revistacongresodigital.com\\\/#organization\"},\"image\":{\"@id\":\"https:\\\/\\\/www.revistacongresodigital.com\\\/?p=3669#primaryimage\"},\"thumbnailUrl\":\"https:\\\/\\\/revistacongresodigital.com\\\/wp-content\\\/uploads\\\/2024\\\/06\\\/Foto-3-Andrea.jpg\",\"articleSection\":[\"NOTICIAS DE INTERES\",\"NOTICIAS NUEVAS\",\"PRENSA\"],\"inLanguage\":\"es\",\"potentialAction\":[{\"@type\":\"CommentAction\",\"name\":\"Comment\",\"target\":[\"https:\\\/\\\/www.revistacongresodigital.com\\\/?p=3669#respond\"]}]},{\"@type\":\"WebPage\",\"@id\":\"https:\\\/\\\/www.revistacongresodigital.com\\\/?p=3669\",\"url\":\"https:\\\/\\\/www.revistacongresodigital.com\\\/?p=3669\",\"name\":\"HOMENAJE EN EL D\u00cdA DE LAS MADRES A TODAS LAS LIDERESAS SOCIALES DE COLOMBIA - Revista Congreso Digital\",\"isPartOf\":{\"@id\":\"https:\\\/\\\/www.revistacongresodigital.com\\\/#website\"},\"primaryImageOfPage\":{\"@id\":\"https:\\\/\\\/www.revistacongresodigital.com\\\/?p=3669#primaryimage\"},\"image\":{\"@id\":\"https:\\\/\\\/www.revistacongresodigital.com\\\/?p=3669#primaryimage\"},\"thumbnailUrl\":\"https:\\\/\\\/revistacongresodigital.com\\\/wp-content\\\/uploads\\\/2024\\\/06\\\/Foto-3-Andrea.jpg\",\"datePublished\":\"2022-05-03T01:45:06+00:00\",\"dateModified\":\"2024-09-13T14:48:35+00:00\",\"breadcrumb\":{\"@id\":\"https:\\\/\\\/www.revistacongresodigital.com\\\/?p=3669#breadcrumb\"},\"inLanguage\":\"es\",\"potentialAction\":[{\"@type\":\"ReadAction\",\"target\":[\"https:\\\/\\\/www.revistacongresodigital.com\\\/?p=3669\"]}]},{\"@type\":\"ImageObject\",\"inLanguage\":\"es\",\"@id\":\"https:\\\/\\\/www.revistacongresodigital.com\\\/?p=3669#primaryimage\",\"url\":\"https:\\\/\\\/revistacongresodigital.com\\\/wp-content\\\/uploads\\\/2024\\\/06\\\/Foto-3-Andrea.jpg\",\"contentUrl\":\"https:\\\/\\\/revistacongresodigital.com\\\/wp-content\\\/uploads\\\/2024\\\/06\\\/Foto-3-Andrea.jpg\",\"width\":701,\"height\":698},{\"@type\":\"BreadcrumbList\",\"@id\":\"https:\\\/\\\/www.revistacongresodigital.com\\\/?p=3669#breadcrumb\",\"itemListElement\":[{\"@type\":\"ListItem\",\"position\":1,\"name\":\"Portada\",\"item\":\"https:\\\/\\\/www.revistacongresodigital.com\\\/\"},{\"@type\":\"ListItem\",\"position\":2,\"name\":\"HOMENAJE EN EL D\u00cdA DE LAS MADRES A TODAS LAS LIDERESAS SOCIALES DE COLOMBIA\"}]},{\"@type\":\"WebSite\",\"@id\":\"https:\\\/\\\/www.revistacongresodigital.com\\\/#website\",\"url\":\"https:\\\/\\\/www.revistacongresodigital.com\\\/\",\"name\":\"Revista Congreso Digital\",\"description\":\"Revista Congreso Digital\",\"publisher\":{\"@id\":\"https:\\\/\\\/www.revistacongresodigital.com\\\/#organization\"},\"potentialAction\":[{\"@type\":\"SearchAction\",\"target\":{\"@type\":\"EntryPoint\",\"urlTemplate\":\"https:\\\/\\\/www.revistacongresodigital.com\\\/?s={search_term_string}\"},\"query-input\":{\"@type\":\"PropertyValueSpecification\",\"valueRequired\":true,\"valueName\":\"search_term_string\"}}],\"inLanguage\":\"es\"},{\"@type\":\"Organization\",\"@id\":\"https:\\\/\\\/www.revistacongresodigital.com\\\/#organization\",\"name\":\"Revista Congreso Digital\",\"url\":\"https:\\\/\\\/www.revistacongresodigital.com\\\/\",\"logo\":{\"@type\":\"ImageObject\",\"inLanguage\":\"es\",\"@id\":\"https:\\\/\\\/www.revistacongresodigital.com\\\/#\\\/schema\\\/logo\\\/image\\\/\",\"url\":\"https:\\\/\\\/revistacongresodigital.com\\\/wp-content\\\/uploads\\\/2022\\\/03\\\/cropped-FIRMA-JP-e1648679804884.png\",\"contentUrl\":\"https:\\\/\\\/revistacongresodigital.com\\\/wp-content\\\/uploads\\\/2022\\\/03\\\/cropped-FIRMA-JP-e1648679804884.png\",\"width\":512,\"height\":512,\"caption\":\"Revista Congreso Digital\"},\"image\":{\"@id\":\"https:\\\/\\\/www.revistacongresodigital.com\\\/#\\\/schema\\\/logo\\\/image\\\/\"}},{\"@type\":\"Person\",\"@id\":\"https:\\\/\\\/www.revistacongresodigital.com\\\/#\\\/schema\\\/person\\\/48fdd26fc226b8cbb305dd638a8e6723\",\"name\":\"Paola Pardo\",\"image\":{\"@type\":\"ImageObject\",\"inLanguage\":\"es\",\"@id\":\"https:\\\/\\\/revistacongresodigital.com\\\/wp-content\\\/litespeed\\\/avatar\\\/f533aab78141e009c40006efb62d3767.jpg?ver=1777169215\",\"url\":\"https:\\\/\\\/revistacongresodigital.com\\\/wp-content\\\/litespeed\\\/avatar\\\/f533aab78141e009c40006efb62d3767.jpg?ver=1777169215\",\"contentUrl\":\"https:\\\/\\\/revistacongresodigital.com\\\/wp-content\\\/litespeed\\\/avatar\\\/f533aab78141e009c40006efb62d3767.jpg?ver=1777169215\",\"caption\":\"Paola Pardo\"},\"url\":\"https:\\\/\\\/revistacongresodigital.com\\\/?author=2\"}]}<\/script>\n<!-- \/ Yoast SEO plugin. -->","yoast_head_json":{"title":"HOMENAJE EN EL D\u00cdA DE LAS MADRES A TODAS LAS LIDERESAS SOCIALES DE COLOMBIA - Revista Congreso Digital","robots":{"index":"index","follow":"follow","max-snippet":"max-snippet:-1","max-image-preview":"max-image-preview:large","max-video-preview":"max-video-preview:-1"},"canonical":"https:\/\/www.revistacongresodigital.com\/?p=3669","og_locale":"es_ES","og_type":"article","og_title":"HOMENAJE EN EL D\u00cdA DE LAS MADRES A TODAS LAS LIDERESAS SOCIALES DE COLOMBIA - Revista Congreso Digital","og_description":"Este art\u00edculo es un homenaje en el d\u00eda de las madres a todas las lideresas sociales asesinadas en Colombia y las que siguen siendo v\u00edctimas de atentados, desplazamiento forzado y&hellip;","og_url":"https:\/\/www.revistacongresodigital.com\/?p=3669","og_site_name":"Revista Congreso Digital","article_published_time":"2022-05-03T01:45:06+00:00","article_modified_time":"2024-09-13T14:48:35+00:00","og_image":[{"width":701,"height":698,"url":"https:\/\/www.revistacongresodigital.com\/wp-content\/uploads\/2024\/06\/Foto-3-Andrea.jpg","type":"image\/jpeg"}],"author":"Paola Pardo","twitter_card":"summary_large_image","twitter_misc":{"Escrito por":"Paola Pardo","Tiempo de lectura":"6 minutos"},"schema":{"@context":"https:\/\/schema.org","@graph":[{"@type":"Article","@id":"https:\/\/www.revistacongresodigital.com\/?p=3669#article","isPartOf":{"@id":"https:\/\/www.revistacongresodigital.com\/?p=3669"},"author":{"name":"Paola Pardo","@id":"https:\/\/www.revistacongresodigital.com\/#\/schema\/person\/48fdd26fc226b8cbb305dd638a8e6723"},"headline":"HOMENAJE EN EL D\u00cdA DE LAS MADRES A TODAS LAS LIDERESAS SOCIALES DE COLOMBIA","datePublished":"2022-05-03T01:45:06+00:00","dateModified":"2024-09-13T14:48:35+00:00","mainEntityOfPage":{"@id":"https:\/\/www.revistacongresodigital.com\/?p=3669"},"wordCount":1062,"commentCount":0,"publisher":{"@id":"https:\/\/www.revistacongresodigital.com\/#organization"},"image":{"@id":"https:\/\/www.revistacongresodigital.com\/?p=3669#primaryimage"},"thumbnailUrl":"https:\/\/revistacongresodigital.com\/wp-content\/uploads\/2024\/06\/Foto-3-Andrea.jpg","articleSection":["NOTICIAS DE INTERES","NOTICIAS NUEVAS","PRENSA"],"inLanguage":"es","potentialAction":[{"@type":"CommentAction","name":"Comment","target":["https:\/\/www.revistacongresodigital.com\/?p=3669#respond"]}]},{"@type":"WebPage","@id":"https:\/\/www.revistacongresodigital.com\/?p=3669","url":"https:\/\/www.revistacongresodigital.com\/?p=3669","name":"HOMENAJE EN EL D\u00cdA DE LAS MADRES A TODAS LAS LIDERESAS SOCIALES DE COLOMBIA - Revista Congreso Digital","isPartOf":{"@id":"https:\/\/www.revistacongresodigital.com\/#website"},"primaryImageOfPage":{"@id":"https:\/\/www.revistacongresodigital.com\/?p=3669#primaryimage"},"image":{"@id":"https:\/\/www.revistacongresodigital.com\/?p=3669#primaryimage"},"thumbnailUrl":"https:\/\/revistacongresodigital.com\/wp-content\/uploads\/2024\/06\/Foto-3-Andrea.jpg","datePublished":"2022-05-03T01:45:06+00:00","dateModified":"2024-09-13T14:48:35+00:00","breadcrumb":{"@id":"https:\/\/www.revistacongresodigital.com\/?p=3669#breadcrumb"},"inLanguage":"es","potentialAction":[{"@type":"ReadAction","target":["https:\/\/www.revistacongresodigital.com\/?p=3669"]}]},{"@type":"ImageObject","inLanguage":"es","@id":"https:\/\/www.revistacongresodigital.com\/?p=3669#primaryimage","url":"https:\/\/revistacongresodigital.com\/wp-content\/uploads\/2024\/06\/Foto-3-Andrea.jpg","contentUrl":"https:\/\/revistacongresodigital.com\/wp-content\/uploads\/2024\/06\/Foto-3-Andrea.jpg","width":701,"height":698},{"@type":"BreadcrumbList","@id":"https:\/\/www.revistacongresodigital.com\/?p=3669#breadcrumb","itemListElement":[{"@type":"ListItem","position":1,"name":"Portada","item":"https:\/\/www.revistacongresodigital.com\/"},{"@type":"ListItem","position":2,"name":"HOMENAJE EN EL D\u00cdA DE LAS MADRES A TODAS LAS LIDERESAS SOCIALES DE COLOMBIA"}]},{"@type":"WebSite","@id":"https:\/\/www.revistacongresodigital.com\/#website","url":"https:\/\/www.revistacongresodigital.com\/","name":"Revista Congreso Digital","description":"Revista Congreso Digital","publisher":{"@id":"https:\/\/www.revistacongresodigital.com\/#organization"},"potentialAction":[{"@type":"SearchAction","target":{"@type":"EntryPoint","urlTemplate":"https:\/\/www.revistacongresodigital.com\/?s={search_term_string}"},"query-input":{"@type":"PropertyValueSpecification","valueRequired":true,"valueName":"search_term_string"}}],"inLanguage":"es"},{"@type":"Organization","@id":"https:\/\/www.revistacongresodigital.com\/#organization","name":"Revista Congreso Digital","url":"https:\/\/www.revistacongresodigital.com\/","logo":{"@type":"ImageObject","inLanguage":"es","@id":"https:\/\/www.revistacongresodigital.com\/#\/schema\/logo\/image\/","url":"https:\/\/revistacongresodigital.com\/wp-content\/uploads\/2022\/03\/cropped-FIRMA-JP-e1648679804884.png","contentUrl":"https:\/\/revistacongresodigital.com\/wp-content\/uploads\/2022\/03\/cropped-FIRMA-JP-e1648679804884.png","width":512,"height":512,"caption":"Revista Congreso Digital"},"image":{"@id":"https:\/\/www.revistacongresodigital.com\/#\/schema\/logo\/image\/"}},{"@type":"Person","@id":"https:\/\/www.revistacongresodigital.com\/#\/schema\/person\/48fdd26fc226b8cbb305dd638a8e6723","name":"Paola Pardo","image":{"@type":"ImageObject","inLanguage":"es","@id":"https:\/\/revistacongresodigital.com\/wp-content\/litespeed\/avatar\/f533aab78141e009c40006efb62d3767.jpg?ver=1777169215","url":"https:\/\/revistacongresodigital.com\/wp-content\/litespeed\/avatar\/f533aab78141e009c40006efb62d3767.jpg?ver=1777169215","contentUrl":"https:\/\/revistacongresodigital.com\/wp-content\/litespeed\/avatar\/f533aab78141e009c40006efb62d3767.jpg?ver=1777169215","caption":"Paola Pardo"},"url":"https:\/\/revistacongresodigital.com\/?author=2"}]}},"_links":{"self":[{"href":"https:\/\/revistacongresodigital.com\/index.php?rest_route=\/wp\/v2\/posts\/3669","targetHints":{"allow":["GET"]}}],"collection":[{"href":"https:\/\/revistacongresodigital.com\/index.php?rest_route=\/wp\/v2\/posts"}],"about":[{"href":"https:\/\/revistacongresodigital.com\/index.php?rest_route=\/wp\/v2\/types\/post"}],"author":[{"embeddable":true,"href":"https:\/\/revistacongresodigital.com\/index.php?rest_route=\/wp\/v2\/users\/2"}],"replies":[{"embeddable":true,"href":"https:\/\/revistacongresodigital.com\/index.php?rest_route=%2Fwp%2Fv2%2Fcomments&post=3669"}],"version-history":[{"count":72,"href":"https:\/\/revistacongresodigital.com\/index.php?rest_route=\/wp\/v2\/posts\/3669\/revisions"}],"predecessor-version":[{"id":4099,"href":"https:\/\/revistacongresodigital.com\/index.php?rest_route=\/wp\/v2\/posts\/3669\/revisions\/4099"}],"wp:featuredmedia":[{"embeddable":true,"href":"https:\/\/revistacongresodigital.com\/index.php?rest_route=\/wp\/v2\/media\/4090"}],"wp:attachment":[{"href":"https:\/\/revistacongresodigital.com\/index.php?rest_route=%2Fwp%2Fv2%2Fmedia&parent=3669"}],"wp:term":[{"taxonomy":"category","embeddable":true,"href":"https:\/\/revistacongresodigital.com\/index.php?rest_route=%2Fwp%2Fv2%2Fcategories&post=3669"},{"taxonomy":"post_tag","embeddable":true,"href":"https:\/\/revistacongresodigital.com\/index.php?rest_route=%2Fwp%2Fv2%2Ftags&post=3669"}],"curies":[{"name":"wp","href":"https:\/\/api.w.org\/{rel}","templated":true}]}}