{"id":3619,"date":"2025-06-25T10:06:35","date_gmt":"2025-06-25T10:06:35","guid":{"rendered":"https:\/\/revistacongresodigital.com\/?p=3619"},"modified":"2025-11-07T17:44:56","modified_gmt":"2025-11-07T17:44:56","slug":"la-desproteccion-del-estado-a-policias-soldados-integrantes-de-la-armada-esmad","status":"publish","type":"post","link":"https:\/\/revistacongresodigital.com\/?p=3619","title":{"rendered":"CONMEMORACI\u00d3N D\u00cdA INTERNACIONAL DE LAS DEFENSORAS DE LOS DERECHOS HUMANOS"},"content":{"rendered":"\t\t<div data-elementor-type=\"wp-post\" data-elementor-id=\"3619\" class=\"elementor elementor-3619\">\n\t\t\t\t\t\t<section class=\"elementor-section elementor-top-section elementor-element elementor-element-9862f56 elementor-section-boxed elementor-section-height-default elementor-section-height-default\" data-id=\"9862f56\" data-element_type=\"section\" data-e-type=\"section\">\n\t\t\t\t\t\t<div class=\"elementor-container elementor-column-gap-default\">\n\t\t\t\t\t<div class=\"elementor-column elementor-col-100 elementor-top-column elementor-element elementor-element-8717163\" data-id=\"8717163\" data-element_type=\"column\" data-e-type=\"column\">\n\t\t\t<div class=\"elementor-widget-wrap elementor-element-populated\">\n\t\t\t\t\t\t<div class=\"elementor-element elementor-element-e6eab5e elementor-widget elementor-widget-heading\" data-id=\"e6eab5e\" data-element_type=\"widget\" data-e-type=\"widget\" data-widget_type=\"heading.default\">\n\t\t\t\t<div class=\"elementor-widget-container\">\n\t\t\t\t\t<h2 class=\"elementor-heading-title elementor-size-medium\">Fue declarado un D\u00eda Internacional de las Defensoras de los Derechos Humanos, muy merecido.\nMar\u00eda del Mar Arana, defensora de derechos humanos, fue amenazada de muerte y confirma que las amenazas en Colombia s\u00ed se cumplen: dos de sus compa\u00f1eros fueron asesinados.\n<\/h2>\t\t\t\t<\/div>\n\t\t\t\t<\/div>\n\t\t\t\t<div class=\"elementor-element elementor-element-273967d elementor-widget elementor-widget-image\" data-id=\"273967d\" data-element_type=\"widget\" data-e-type=\"widget\" data-widget_type=\"image.default\">\n\t\t\t\t<div class=\"elementor-widget-container\">\n\t\t\t\t\t\t\t\t\t\t\t\t\t\t\t<img fetchpriority=\"high\" decoding=\"async\" width=\"300\" height=\"225\" src=\"https:\/\/revistacongresodigital.com\/wp-content\/uploads\/2024\/11\/WhatsApp-Image-2025-06-24-at-12.08.34-PM-300x225.png\" class=\"attachment-medium size-medium wp-image-4118\" alt=\"\" srcset=\"https:\/\/revistacongresodigital.com\/wp-content\/uploads\/2024\/11\/WhatsApp-Image-2025-06-24-at-12.08.34-PM-300x225.png 300w, https:\/\/revistacongresodigital.com\/wp-content\/uploads\/2024\/11\/WhatsApp-Image-2025-06-24-at-12.08.34-PM-1024x766.png 1024w, https:\/\/revistacongresodigital.com\/wp-content\/uploads\/2024\/11\/WhatsApp-Image-2025-06-24-at-12.08.34-PM-768x575.png 768w, https:\/\/revistacongresodigital.com\/wp-content\/uploads\/2024\/11\/WhatsApp-Image-2025-06-24-at-12.08.34-PM.png 1280w\" sizes=\"(max-width: 300px) 100vw, 300px\" \/>\t\t\t\t\t\t\t\t\t\t\t\t\t\t\t<\/div>\n\t\t\t\t<\/div>\n\t\t\t\t<div class=\"elementor-element elementor-element-e66ae39 elementor-drop-cap-yes elementor-drop-cap-view-framed elementor-widget elementor-widget-text-editor\" data-id=\"e66ae39\" data-element_type=\"widget\" data-e-type=\"widget\" data-settings=\"{&quot;drop_cap&quot;:&quot;yes&quot;}\" data-widget_type=\"text-editor.default\">\n\t\t\t\t<div class=\"elementor-widget-container\">\n\t\t\t\t\t\t\t\t\t<p>En Colombia, durante 2023, se verificaron 105 homicidios de personas defensoras, de los cuales 14 eran mujeres; adem\u00e1s se registraron 763 casos de amenazas. Desde ONU Mujeres, con la iniciativa Pro-Defensoras, se trabaja desde 2019 con el apoyo de la Embajada de Noruega y en articulaci\u00f3n con entidades responsables para salvaguardar los liderazgos de m\u00e1s de 6.000 defensoras. Tambi\u00e9n se registraron 181 asesinatos de l\u00edderes sociales y defensores de derechos humanos. En 2022, la organizaci\u00f3n INDEPAZ report\u00f3 el asesinato de l\u00edderes sociales, defensores de D.D.H.H. y firmantes de acuerdos de paz. En el Valle del Cauca, espec\u00edficamente, se registraron los casos de Juan Carlos Jaramillo, Wilson Antonio Pati\u00f1o, Steven Loaiza y Andr\u00e9s Felipe Herrera, quien fuera militante del Partido de los Comunes. Es importante decir que la afirmaci\u00f3n \u201cel gobierno no protege a las y los defensores de derechos humanos\u201d es una preocupaci\u00f3n generalizada en muchos pa\u00edses, donde se denuncia que los gobiernos no est\u00e1n tomando medidas suficientes para proteger a quienes defienden los derechos humanos. La situaci\u00f3n en Colombia y Am\u00e9rica Latina contin\u00faa siendo extremadamente preocupante para las defensoras de derechos humanos, quienes no solo enfrentan amenazas, persecuci\u00f3n y muerte por su labor, sino que tambi\u00e9n tienen que luchar contra un sistema que las discrimina por ser mujeres. Cabe resaltar que existe el D\u00eda Internacional de las Defensoras de Derechos Humanos: su lucha es un pilar sostenible.<\/p><p>Importante destacar que la situaci\u00f3n de las defensoras de derechos humanos en Colombia sigue siendo cr\u00edtica y estas cifras representan solo un aspecto de la violencia que enfrentan. Es triste ver c\u00f3mo algunas defensoras de derechos humanos han tenido que salir desplazadas del pa\u00eds por miedo a ser asesinadas. La situaci\u00f3n de una defensora de derechos humanos nacida en la ciudad de Buga, Mar\u00eda del Mar Arana, es un ejemplo: una joven vinculada a organizaciones sociales de derechos humanos que tuvo que salir huyendo con su peque\u00f1a hija y su esposo porque un grupo armado le dio 24 horas para salir de la ciudad de Buga; de lo contrario ser\u00eda asesinada. Todo por haber denunciado a un reclutador infantil que no solo reclutaba menores de edad, sino que se dedicaba a la extorsi\u00f3n y al microtr\u00e1fico. Ella tuvo la valent\u00eda de denunciar a alias \u201cLizarazo\u201d, presunto integrante del Frente Ad\u00e1n Izquierdo \u2014disidencias de las FARC.<\/p><p>Estos hechos se inician el 22 de diciembre de 2022 cuando, siendo aproximadamente las 10:00 a. m., en la ciudad de Buga, Valle del Cauca, en el restaurante Guadalajara Food Market, localizado en la carrera 9 No. 6-sur-01, propiedad de Mar\u00eda del Mar, le lleg\u00f3 una amenaza de muerte, donde ella, su esposo, su peque\u00f1a hija y tres compa\u00f1eros m\u00e1s fueron declarados objetivo militar. El motivo de la amenaza, en principio, se pens\u00f3 que era por el apoyo pol\u00edtico que brindaban a Yolver Fabi\u00e1n Guti\u00e9rrez, quien para ese momento fuera candidato al Concejo Municipal de Buga; pero despu\u00e9s entendieron que, adem\u00e1s de eso, toda esta amenaza era por un proyecto propuesto por esta defensora de derechos humanos junto a sus amigos Alejandro Forero y Andr\u00e9s Felipe Herrera, quien fuera militante de la primera l\u00ednea en la ciudad de Buga y firmante de paz perteneciente al Partido de los Comunes. Con ellos decidieron impulsar propuestas de seguridad ciudadana, como la instalaci\u00f3n de c\u00e1maras en barrios marginados y vulnerables. El proyecto Red Alerta Ciudadana, al que llamaron R.A.C., fue con el \u00fanico fin de dar protecci\u00f3n a la comunidad con el \u00e1nimo de reducir la violencia, el reclutamiento de menores y el microtr\u00e1fico de drogas.<\/p><p>Mar\u00eda del Mar Arana se destac\u00f3 trabajando en defensa de los derechos humanos. Desde hace varios a\u00f1os estuvo vinculada a la organizaci\u00f3n CHRIO Mission Pac\u00edfico, ONG canadiense con presencia en Valle y en el departamento del Cauca. La misi\u00f3n CHRIO tiene como objeto defender y luchar por los derechos fundamentales como la vida, la dignidad, la libertad, la seguridad y la igualdad de g\u00e9nero. Tambi\u00e9n est\u00e1 dedicada a brindar apoyo a v\u00edctimas del conflicto armado en zonas vulnerables. La labor de Mar\u00eda del Mar inclu\u00eda atenci\u00f3n en salud, acompa\u00f1amiento psicol\u00f3gico, prevenci\u00f3n al consumo de drogas psicoactivas, prevenci\u00f3n de embarazos en ni\u00f1as menores de edad, apoyo en temas deportivos; no solo en el departamento del Valle, su principal objetivo era prevenir el reclutamiento de menores y la explotaci\u00f3n sexual de menores. Pero toda esta buena gesti\u00f3n se frustr\u00f3 cuando le lleg\u00f3 una camioneta al restaurante de su propiedad. En ese momento Mar\u00eda del Mar no se encontraba trabajando; fue informada por el administrador del restaurante que ingresaron dos hombres armados, con aspecto intimidante, quienes preguntaron por ella o por su esposo, hablando en voz alta e intimidando a todos los que en ese momento se encontraban. Quisieron confirmar que no se encontraba y decidieron inspeccionar a la fuerza hasta confirmar que no estaba en el lugar; decidieron dejar un sobre cerrado. Esa situaci\u00f3n gener\u00f3 p\u00e1nico entre quienes se encontraban en el lugar; le dijeron al administrador del restaurante que le entregaran el sobre cerrado. Al llegar al restaurante, fue informada de lo sucedido y le entregaron el sobre, el cual ven\u00eda dirigido directamente a su nombre, Mar\u00eda del Mar Arana. Dentro del sobre, esta defensora encontr\u00f3 un comunicado an\u00f3nimo, presuntamente firmado por alias \u201cLizarazo\u201d, en el cual se le declaraba objetivo militar del Grupo Armado Ilegal Frente Ad\u00e1n Izquierdo, vinculado a las disidencias de las FARC, d\u00e1ndole 24 horas para salir de Buga.<\/p><p>Al enterarse de esa amenaza, inmediatamente llam\u00f3 a sus compa\u00f1eros Yolver, Andr\u00e9s Felipe, Alejandro Forero; dos de ellos fueron asesinados meses despu\u00e9s. Estos, al enterarse de la situaci\u00f3n, les recomendaron salir de la ciudad de Buga y cuidarse mientras se investigaba y se calmaban las cosas. El mensaje completo fue el siguiente:<\/p><p>\u00abLEAN BIEN. SOMOS el Frente Ad\u00e1n Izquierdo, malparidos. Sabemos del jueguito del RAC. Se creen muy vivos montando seguridad, andando de sapos como si este territorio fuera de ustedes. Sepan, h.p., que ac\u00e1 mandamos nosotros, ustedes. Yolver Fabi\u00e1n Guti\u00e9rrez, Andr\u00e9s Felipe Herrera, Alejandro Forero, Carlos Andr\u00e9s Vivas y Mar\u00eda del Mar Arana: los daremos de baja. Tienen 24 horas para salir de la tierrita. Todos a partir de hoy son declarados objetivo militar, al igual que todo el que colabore con ustedes en la RAC. Ac\u00e1 nadie juega con la guerrilla. Al que jode, lo matamos. Y al que interfiera, le matamos hasta, misia, hijueputa. Esto no es un aviso, es una sentencia.\u201d FIRMADO: por un alias \u201cLIZARAZO\u201d.<\/p><p>\u00a0<\/p><p>Por informaciones de la misma comunidad, en barrios vulnerables que ella y sus amigos visitaron con la CHRIO Mission Pac\u00edfico, no solo en Buga sino tambi\u00e9n en Tulu\u00e1, San Pedro y Bugalagrande, Lizarazo era el mismo personaje. Al parecer, entre otras de sus actividades delincuenciales estaban la de reclutador de menores de edad. Este sujeto se aprovecha de las familias m\u00e1s pobres para llevarse a sus hijos menores de edad, entre 9 y 16 a\u00f1os, enga\u00f1ados, y los recluta dici\u00e9ndoles que les dar\u00e1n trabajo; les ofrecen celulares de alta gama, moto e incluso hasta armas. Van a los barrios m\u00e1s vulnerables y se aprovechan de estas familias, que por miedo no denuncian.<\/p><p>Mar\u00eda del Mar sab\u00eda que ese sujeto era de alt\u00edsima peligrosidad. Ella y su esposo ven\u00edan siendo extorsionados hace varios meses por el mismo grupo al que pertenec\u00eda este sujeto; presentaron denuncias ante la personer\u00eda de la ciudad y la polic\u00eda, pero nunca avanz\u00f3 la investigaci\u00f3n. La denuncia de ella fue muy clara: \u201csi algo malo llegara a pasarle a su familia, a Yolver Fabi\u00e1n Guti\u00e9rrez, a Andr\u00e9s Felipe Herrera y a Alejandro Forero, ser\u00eda responsabilidad de ese grupo armado y de quien firma la amenaza: alias Lizarazo\u201d. Lo cierto es que sus dos compa\u00f1eros fueron asesinados.<\/p><p>Lo m\u00e1s triste es que, el 16 de junio del presente a\u00f1o 2025, le lleg\u00f3 una nueva amenaza a su lugar de residencia, donde la amenazaron nuevamente; la persecuci\u00f3n contin\u00faa y las amenazas tambi\u00e9n.<\/p>\t\t\t\t\t\t\t\t<\/div>\n\t\t\t\t<\/div>\n\t\t\t\t<div class=\"elementor-element elementor-element-11abf13 gallery-spacing-custom elementor-widget elementor-widget-image-gallery\" data-id=\"11abf13\" data-element_type=\"widget\" data-e-type=\"widget\" data-widget_type=\"image-gallery.default\">\n\t\t\t\t<div class=\"elementor-widget-container\">\n\t\t\t\t\t\t\t<div class=\"elementor-image-gallery\">\n\t\t\t\n<a data-elementor-open-lightbox=\"yes\" data-elementor-lightbox-slideshow=\"11abf13\" data-elementor-lightbox-title=\"WhatsApp Image 2025-06-24 at 12.09.17 PM\" data-e-action-hash=\"#elementor-action%3Aaction%3Dlightbox%26settings%3DeyJpZCI6NDEyNiwidXJsIjoiaHR0cHM6XC9cL3JldmlzdGFjb25ncmVzb2RpZ2l0YWwuY29tXC93cC1jb250ZW50XC91cGxvYWRzXC8yMDI0XC8xMVwvV2hhdHNBcHAtSW1hZ2UtMjAyNS0wNi0yNC1hdC0xMi4wOS4xNy1QTS5wbmciLCJzbGlkZXNob3ciOiIxMWFiZjEzIn0%3D\" href='https:\/\/revistacongresodigital.com\/wp-content\/uploads\/2024\/11\/WhatsApp-Image-2025-06-24-at-12.09.17-PM.png'><img decoding=\"async\" width=\"150\" height=\"150\" src=\"https:\/\/revistacongresodigital.com\/wp-content\/uploads\/2024\/11\/WhatsApp-Image-2025-06-24-at-12.09.17-PM-150x150.png\" class=\"attachment-thumbnail size-thumbnail\" alt=\"\" \/><\/a>\n<a data-elementor-open-lightbox=\"yes\" data-elementor-lightbox-slideshow=\"11abf13\" data-elementor-lightbox-title=\"WhatsApp Image 2025-06-24 at 12.09.17 PM(2)\" data-e-action-hash=\"#elementor-action%3Aaction%3Dlightbox%26settings%3DeyJpZCI6NDEyNSwidXJsIjoiaHR0cHM6XC9cL3JldmlzdGFjb25ncmVzb2RpZ2l0YWwuY29tXC93cC1jb250ZW50XC91cGxvYWRzXC8yMDI0XC8xMVwvV2hhdHNBcHAtSW1hZ2UtMjAyNS0wNi0yNC1hdC0xMi4wOS4xNy1QTTIucG5nIiwic2xpZGVzaG93IjoiMTFhYmYxMyJ9\" href='https:\/\/revistacongresodigital.com\/wp-content\/uploads\/2024\/11\/WhatsApp-Image-2025-06-24-at-12.09.17-PM2.png'><img decoding=\"async\" width=\"150\" height=\"150\" src=\"https:\/\/revistacongresodigital.com\/wp-content\/uploads\/2024\/11\/WhatsApp-Image-2025-06-24-at-12.09.17-PM2-150x150.png\" class=\"attachment-thumbnail size-thumbnail\" alt=\"\" \/><\/a>\n<a data-elementor-open-lightbox=\"yes\" data-elementor-lightbox-slideshow=\"11abf13\" data-elementor-lightbox-title=\"WhatsApp Image 2025-06-24 at 12.09.17 PM(1)\" data-e-action-hash=\"#elementor-action%3Aaction%3Dlightbox%26settings%3DeyJpZCI6NDEyNCwidXJsIjoiaHR0cHM6XC9cL3JldmlzdGFjb25ncmVzb2RpZ2l0YWwuY29tXC93cC1jb250ZW50XC91cGxvYWRzXC8yMDI0XC8xMVwvV2hhdHNBcHAtSW1hZ2UtMjAyNS0wNi0yNC1hdC0xMi4wOS4xNy1QTTEucG5nIiwic2xpZGVzaG93IjoiMTFhYmYxMyJ9\" href='https:\/\/revistacongresodigital.com\/wp-content\/uploads\/2024\/11\/WhatsApp-Image-2025-06-24-at-12.09.17-PM1.png'><img loading=\"lazy\" decoding=\"async\" width=\"150\" height=\"150\" src=\"https:\/\/revistacongresodigital.com\/wp-content\/uploads\/2024\/11\/WhatsApp-Image-2025-06-24-at-12.09.17-PM1-150x150.png\" class=\"attachment-thumbnail size-thumbnail\" alt=\"\" \/><\/a>\n<a data-elementor-open-lightbox=\"yes\" data-elementor-lightbox-slideshow=\"11abf13\" data-elementor-lightbox-title=\"WhatsApp Image 2025-06-24 at 12.09.16 PM\" data-e-action-hash=\"#elementor-action%3Aaction%3Dlightbox%26settings%3DeyJpZCI6NDEyMywidXJsIjoiaHR0cHM6XC9cL3JldmlzdGFjb25ncmVzb2RpZ2l0YWwuY29tXC93cC1jb250ZW50XC91cGxvYWRzXC8yMDI0XC8xMVwvV2hhdHNBcHAtSW1hZ2UtMjAyNS0wNi0yNC1hdC0xMi4wOS4xNi1QTS5wbmciLCJzbGlkZXNob3ciOiIxMWFiZjEzIn0%3D\" href='https:\/\/revistacongresodigital.com\/wp-content\/uploads\/2024\/11\/WhatsApp-Image-2025-06-24-at-12.09.16-PM.png'><img loading=\"lazy\" decoding=\"async\" width=\"150\" height=\"150\" src=\"https:\/\/revistacongresodigital.com\/wp-content\/uploads\/2024\/11\/WhatsApp-Image-2025-06-24-at-12.09.16-PM-150x150.png\" class=\"attachment-thumbnail size-thumbnail\" alt=\"\" \/><\/a>\n<a data-elementor-open-lightbox=\"yes\" data-elementor-lightbox-slideshow=\"11abf13\" data-elementor-lightbox-title=\"WhatsApp Image 2025-06-24 at 12.09.16 PM(2)\" data-e-action-hash=\"#elementor-action%3Aaction%3Dlightbox%26settings%3DeyJpZCI6NDEyMiwidXJsIjoiaHR0cHM6XC9cL3JldmlzdGFjb25ncmVzb2RpZ2l0YWwuY29tXC93cC1jb250ZW50XC91cGxvYWRzXC8yMDI0XC8xMVwvV2hhdHNBcHAtSW1hZ2UtMjAyNS0wNi0yNC1hdC0xMi4wOS4xNi1QTTIucG5nIiwic2xpZGVzaG93IjoiMTFhYmYxMyJ9\" href='https:\/\/revistacongresodigital.com\/wp-content\/uploads\/2024\/11\/WhatsApp-Image-2025-06-24-at-12.09.16-PM2.png'><img loading=\"lazy\" decoding=\"async\" width=\"150\" height=\"150\" src=\"https:\/\/revistacongresodigital.com\/wp-content\/uploads\/2024\/11\/WhatsApp-Image-2025-06-24-at-12.09.16-PM2-150x150.png\" class=\"attachment-thumbnail size-thumbnail\" alt=\"\" \/><\/a>\n<a data-elementor-open-lightbox=\"yes\" data-elementor-lightbox-slideshow=\"11abf13\" data-elementor-lightbox-title=\"WhatsApp Image 2025-06-24 at 12.09.16 PM(1)\" data-e-action-hash=\"#elementor-action%3Aaction%3Dlightbox%26settings%3DeyJpZCI6NDEyMSwidXJsIjoiaHR0cHM6XC9cL3JldmlzdGFjb25ncmVzb2RpZ2l0YWwuY29tXC93cC1jb250ZW50XC91cGxvYWRzXC8yMDI0XC8xMVwvV2hhdHNBcHAtSW1hZ2UtMjAyNS0wNi0yNC1hdC0xMi4wOS4xNi1QTTEucG5nIiwic2xpZGVzaG93IjoiMTFhYmYxMyJ9\" href='https:\/\/revistacongresodigital.com\/wp-content\/uploads\/2024\/11\/WhatsApp-Image-2025-06-24-at-12.09.16-PM1.png'><img loading=\"lazy\" decoding=\"async\" width=\"150\" height=\"150\" src=\"https:\/\/revistacongresodigital.com\/wp-content\/uploads\/2024\/11\/WhatsApp-Image-2025-06-24-at-12.09.16-PM1-150x150.png\" class=\"attachment-thumbnail size-thumbnail\" alt=\"\" \/><\/a>\n<a data-elementor-open-lightbox=\"yes\" data-elementor-lightbox-slideshow=\"11abf13\" data-elementor-lightbox-title=\"WhatsApp Image 2025-06-24 at 12.09.02 PM\" data-e-action-hash=\"#elementor-action%3Aaction%3Dlightbox%26settings%3DeyJpZCI6NDEyMCwidXJsIjoiaHR0cHM6XC9cL3JldmlzdGFjb25ncmVzb2RpZ2l0YWwuY29tXC93cC1jb250ZW50XC91cGxvYWRzXC8yMDI0XC8xMVwvV2hhdHNBcHAtSW1hZ2UtMjAyNS0wNi0yNC1hdC0xMi4wOS4wMi1QTS5wbmciLCJzbGlkZXNob3ciOiIxMWFiZjEzIn0%3D\" href='https:\/\/revistacongresodigital.com\/wp-content\/uploads\/2024\/11\/WhatsApp-Image-2025-06-24-at-12.09.02-PM.png'><img loading=\"lazy\" decoding=\"async\" width=\"150\" height=\"150\" src=\"https:\/\/revistacongresodigital.com\/wp-content\/uploads\/2024\/11\/WhatsApp-Image-2025-06-24-at-12.09.02-PM-150x150.png\" class=\"attachment-thumbnail size-thumbnail\" alt=\"\" \/><\/a>\n<a data-elementor-open-lightbox=\"yes\" data-elementor-lightbox-slideshow=\"11abf13\" data-elementor-lightbox-title=\"WhatsApp Image 2025-06-24 at 12.08.48 PM\" data-e-action-hash=\"#elementor-action%3Aaction%3Dlightbox%26settings%3DeyJpZCI6NDExOSwidXJsIjoiaHR0cHM6XC9cL3JldmlzdGFjb25ncmVzb2RpZ2l0YWwuY29tXC93cC1jb250ZW50XC91cGxvYWRzXC8yMDI0XC8xMVwvV2hhdHNBcHAtSW1hZ2UtMjAyNS0wNi0yNC1hdC0xMi4wOC40OC1QTS5wbmciLCJzbGlkZXNob3ciOiIxMWFiZjEzIn0%3D\" href='https:\/\/revistacongresodigital.com\/wp-content\/uploads\/2024\/11\/WhatsApp-Image-2025-06-24-at-12.08.48-PM.png'><img loading=\"lazy\" decoding=\"async\" width=\"150\" height=\"150\" src=\"https:\/\/revistacongresodigital.com\/wp-content\/uploads\/2024\/11\/WhatsApp-Image-2025-06-24-at-12.08.48-PM-150x150.png\" class=\"attachment-thumbnail size-thumbnail\" alt=\"\" \/><\/a>\n<a data-elementor-open-lightbox=\"yes\" data-elementor-lightbox-slideshow=\"11abf13\" data-elementor-lightbox-title=\"WhatsApp Image 2025-06-24 at 12.08.34 PM\" data-e-action-hash=\"#elementor-action%3Aaction%3Dlightbox%26settings%3DeyJpZCI6NDExOCwidXJsIjoiaHR0cHM6XC9cL3JldmlzdGFjb25ncmVzb2RpZ2l0YWwuY29tXC93cC1jb250ZW50XC91cGxvYWRzXC8yMDI0XC8xMVwvV2hhdHNBcHAtSW1hZ2UtMjAyNS0wNi0yNC1hdC0xMi4wOC4zNC1QTS5wbmciLCJzbGlkZXNob3ciOiIxMWFiZjEzIn0%3D\" href='https:\/\/revistacongresodigital.com\/wp-content\/uploads\/2024\/11\/WhatsApp-Image-2025-06-24-at-12.08.34-PM.png'><img loading=\"lazy\" decoding=\"async\" width=\"150\" height=\"150\" src=\"https:\/\/revistacongresodigital.com\/wp-content\/uploads\/2024\/11\/WhatsApp-Image-2025-06-24-at-12.08.34-PM-150x150.png\" class=\"attachment-thumbnail size-thumbnail\" alt=\"\" \/><\/a>\n\t\t<\/div>\n\t\t\t\t\t\t<\/div>\n\t\t\t\t<\/div>\n\t\t\t\t<div class=\"elementor-element elementor-element-dee8614 elementor-widget elementor-widget-counter\" data-id=\"dee8614\" data-element_type=\"widget\" data-e-type=\"widget\" data-widget_type=\"counter.default\">\n\t\t\t\t<div class=\"elementor-widget-container\">\n\t\t\t\t\t\t\t<div class=\"elementor-counter\">\n\t\t\t<div class=\"elementor-counter-title\">VISITAS<\/div>\t\t\t<div class=\"elementor-counter-number-wrapper\">\n\t\t\t\t<span class=\"elementor-counter-number-prefix\"><\/span>\n\t\t\t\t<span class=\"elementor-counter-number\" data-duration=\"2000\" data-to-value=\"12658\" data-from-value=\"0\" data-delimiter=\",\">0<\/span>\n\t\t\t\t<span class=\"elementor-counter-number-suffix\"><\/span>\n\t\t\t<\/div>\n\t\t<\/div>\n\t\t\t\t\t\t<\/div>\n\t\t\t\t<\/div>\n\t\t\t\t\t<\/div>\n\t\t<\/div>\n\t\t\t\t\t<\/div>\n\t\t<\/section>\n\t\t\t\t<section class=\"elementor-section elementor-top-section elementor-element elementor-element-ef510e6 elementor-section-boxed elementor-section-height-default elementor-section-height-default\" data-id=\"ef510e6\" data-element_type=\"section\" data-e-type=\"section\">\n\t\t\t\t\t\t<div class=\"elementor-container elementor-column-gap-default\">\n\t\t\t\t\t<div class=\"elementor-column elementor-col-100 elementor-top-column elementor-element elementor-element-9458ee0\" data-id=\"9458ee0\" data-element_type=\"column\" data-e-type=\"column\">\n\t\t\t<div class=\"elementor-widget-wrap elementor-element-populated\">\n\t\t\t\t\t\t<section class=\"elementor-section elementor-inner-section elementor-element elementor-element-c996f6e elementor-section-boxed elementor-section-height-default elementor-section-height-default\" data-id=\"c996f6e\" data-element_type=\"section\" data-e-type=\"section\">\n\t\t\t\t\t\t<div class=\"elementor-container elementor-column-gap-default\">\n\t\t\t\t\t<div class=\"elementor-column elementor-col-50 elementor-inner-column elementor-element elementor-element-5fcbaef\" data-id=\"5fcbaef\" data-element_type=\"column\" data-e-type=\"column\">\n\t\t\t<div class=\"elementor-widget-wrap\">\n\t\t\t\t\t\t\t<\/div>\n\t\t<\/div>\n\t\t\t\t<div class=\"elementor-column elementor-col-50 elementor-inner-column elementor-element elementor-element-322ec6f\" data-id=\"322ec6f\" data-element_type=\"column\" data-e-type=\"column\">\n\t\t\t<div class=\"elementor-widget-wrap\">\n\t\t\t\t\t\t\t<\/div>\n\t\t<\/div>\n\t\t\t\t\t<\/div>\n\t\t<\/section>\n\t\t\t\t\t<\/div>\n\t\t<\/div>\n\t\t\t\t\t<\/div>\n\t\t<\/section>\n\t\t\t\t<section class=\"elementor-section elementor-top-section elementor-element elementor-element-b45d66b elementor-section-boxed elementor-section-height-default elementor-section-height-default\" data-id=\"b45d66b\" data-element_type=\"section\" data-e-type=\"section\">\n\t\t\t\t\t\t<div class=\"elementor-container elementor-column-gap-default\">\n\t\t\t\t\t<div class=\"elementor-column elementor-col-100 elementor-top-column elementor-element elementor-element-dc4b305\" data-id=\"dc4b305\" data-element_type=\"column\" data-e-type=\"column\">\n\t\t\t<div class=\"elementor-widget-wrap elementor-element-populated\">\n\t\t\t\t\t\t<div class=\"elementor-element elementor-element-95e66e5 elementor-widget elementor-widget-heading\" data-id=\"95e66e5\" data-element_type=\"widget\" data-e-type=\"widget\" data-widget_type=\"heading.default\">\n\t\t\t\t<div class=\"elementor-widget-container\">\n\t\t\t\t\t<h2 class=\"elementor-heading-title elementor-size-default\">A\u00f1ade aqu\u00ed tu texto de cabecera<\/h2>\t\t\t\t<\/div>\n\t\t\t\t<\/div>\n\t\t\t\t\t<\/div>\n\t\t<\/div>\n\t\t\t\t\t<\/div>\n\t\t<\/section>\n\t\t\t\t<\/div>\n\t\t","protected":false},"excerpt":{"rendered":"<p>Fue declarado un D\u00eda Internacional de las Defensoras de los Derechos Humanos, muy merecido. Mar\u00eda del Mar Arana, defensora de derechos humanos, fue amenazada de muerte y confirma que las&hellip; <\/p>\n","protected":false},"author":2,"featured_media":4118,"comment_status":"open","ping_status":"open","sticky":false,"template":"","format":"standard","meta":{"footnotes":""},"categories":[44,40,46],"tags":[],"class_list":["post-3619","post","type-post","status-publish","format-standard","has-post-thumbnail","hentry","category-noticias-de-interes","category-noticias-nuevas","category-prensa"],"yoast_head":"<!-- This site is optimized with the Yoast SEO plugin v27.3 - https:\/\/yoast.com\/product\/yoast-seo-wordpress\/ -->\n<title>CONMEMORACI\u00d3N D\u00cdA INTERNACIONAL DE LAS DEFENSORAS DE LOS DERECHOS HUMANOS - Revista Congreso Digital<\/title>\n<meta name=\"robots\" content=\"index, follow, max-snippet:-1, max-image-preview:large, max-video-preview:-1\" \/>\n<link rel=\"canonical\" href=\"https:\/\/revistacongresodigital.com\/?p=3619\" \/>\n<meta property=\"og:locale\" content=\"es_ES\" \/>\n<meta property=\"og:type\" content=\"article\" \/>\n<meta property=\"og:title\" content=\"CONMEMORACI\u00d3N D\u00cdA INTERNACIONAL DE LAS DEFENSORAS DE LOS DERECHOS HUMANOS - Revista Congreso Digital\" \/>\n<meta property=\"og:description\" content=\"Fue declarado un D\u00eda Internacional de las Defensoras de los Derechos Humanos, muy merecido. Mar\u00eda del Mar Arana, defensora de derechos humanos, fue amenazada de muerte y confirma que las&hellip;\" \/>\n<meta property=\"og:url\" content=\"https:\/\/revistacongresodigital.com\/?p=3619\" \/>\n<meta property=\"og:site_name\" content=\"Revista Congreso Digital\" \/>\n<meta property=\"article:published_time\" content=\"2025-06-25T10:06:35+00:00\" \/>\n<meta property=\"article:modified_time\" content=\"2025-11-07T17:44:56+00:00\" \/>\n<meta property=\"og:image\" content=\"http:\/\/revistacongresodigital.com\/wp-content\/uploads\/2024\/11\/WhatsApp-Image-2025-06-24-at-12.08.34-PM-1024x766.png\" \/>\n\t<meta property=\"og:image:width\" content=\"1024\" \/>\n\t<meta property=\"og:image:height\" content=\"766\" \/>\n\t<meta property=\"og:image:type\" content=\"image\/png\" \/>\n<meta name=\"author\" content=\"Paola Pardo\" \/>\n<meta name=\"twitter:card\" content=\"summary_large_image\" \/>\n<meta name=\"twitter:label1\" content=\"Escrito por\" \/>\n\t<meta name=\"twitter:data1\" content=\"Paola Pardo\" \/>\n\t<meta name=\"twitter:label2\" content=\"Tiempo de lectura\" \/>\n\t<meta name=\"twitter:data2\" content=\"9 minutos\" \/>\n<script type=\"application\/ld+json\" class=\"yoast-schema-graph\">{\"@context\":\"https:\\\/\\\/schema.org\",\"@graph\":[{\"@type\":\"Article\",\"@id\":\"https:\\\/\\\/revistacongresodigital.com\\\/?p=3619#article\",\"isPartOf\":{\"@id\":\"https:\\\/\\\/revistacongresodigital.com\\\/?p=3619\"},\"author\":{\"name\":\"Paola Pardo\",\"@id\":\"https:\\\/\\\/www.revistacongresodigital.com\\\/#\\\/schema\\\/person\\\/48fdd26fc226b8cbb305dd638a8e6723\"},\"headline\":\"CONMEMORACI\u00d3N D\u00cdA INTERNACIONAL DE LAS DEFENSORAS DE LOS DERECHOS HUMANOS\",\"datePublished\":\"2025-06-25T10:06:35+00:00\",\"dateModified\":\"2025-11-07T17:44:56+00:00\",\"mainEntityOfPage\":{\"@id\":\"https:\\\/\\\/revistacongresodigital.com\\\/?p=3619\"},\"wordCount\":1472,\"commentCount\":0,\"publisher\":{\"@id\":\"https:\\\/\\\/www.revistacongresodigital.com\\\/#organization\"},\"image\":{\"@id\":\"https:\\\/\\\/revistacongresodigital.com\\\/?p=3619#primaryimage\"},\"thumbnailUrl\":\"https:\\\/\\\/revistacongresodigital.com\\\/wp-content\\\/uploads\\\/2024\\\/11\\\/WhatsApp-Image-2025-06-24-at-12.08.34-PM.png\",\"articleSection\":[\"NOTICIAS DE INTERES\",\"NOTICIAS NUEVAS\",\"PRENSA\"],\"inLanguage\":\"es\",\"potentialAction\":[{\"@type\":\"CommentAction\",\"name\":\"Comment\",\"target\":[\"https:\\\/\\\/revistacongresodigital.com\\\/?p=3619#respond\"]}]},{\"@type\":\"WebPage\",\"@id\":\"https:\\\/\\\/revistacongresodigital.com\\\/?p=3619\",\"url\":\"https:\\\/\\\/revistacongresodigital.com\\\/?p=3619\",\"name\":\"CONMEMORACI\u00d3N D\u00cdA INTERNACIONAL DE LAS DEFENSORAS DE LOS DERECHOS HUMANOS - Revista Congreso Digital\",\"isPartOf\":{\"@id\":\"https:\\\/\\\/www.revistacongresodigital.com\\\/#website\"},\"primaryImageOfPage\":{\"@id\":\"https:\\\/\\\/revistacongresodigital.com\\\/?p=3619#primaryimage\"},\"image\":{\"@id\":\"https:\\\/\\\/revistacongresodigital.com\\\/?p=3619#primaryimage\"},\"thumbnailUrl\":\"https:\\\/\\\/revistacongresodigital.com\\\/wp-content\\\/uploads\\\/2024\\\/11\\\/WhatsApp-Image-2025-06-24-at-12.08.34-PM.png\",\"datePublished\":\"2025-06-25T10:06:35+00:00\",\"dateModified\":\"2025-11-07T17:44:56+00:00\",\"breadcrumb\":{\"@id\":\"https:\\\/\\\/revistacongresodigital.com\\\/?p=3619#breadcrumb\"},\"inLanguage\":\"es\",\"potentialAction\":[{\"@type\":\"ReadAction\",\"target\":[\"https:\\\/\\\/revistacongresodigital.com\\\/?p=3619\"]}]},{\"@type\":\"ImageObject\",\"inLanguage\":\"es\",\"@id\":\"https:\\\/\\\/revistacongresodigital.com\\\/?p=3619#primaryimage\",\"url\":\"https:\\\/\\\/revistacongresodigital.com\\\/wp-content\\\/uploads\\\/2024\\\/11\\\/WhatsApp-Image-2025-06-24-at-12.08.34-PM.png\",\"contentUrl\":\"https:\\\/\\\/revistacongresodigital.com\\\/wp-content\\\/uploads\\\/2024\\\/11\\\/WhatsApp-Image-2025-06-24-at-12.08.34-PM.png\",\"width\":1280,\"height\":958},{\"@type\":\"BreadcrumbList\",\"@id\":\"https:\\\/\\\/revistacongresodigital.com\\\/?p=3619#breadcrumb\",\"itemListElement\":[{\"@type\":\"ListItem\",\"position\":1,\"name\":\"Portada\",\"item\":\"https:\\\/\\\/www.revistacongresodigital.com\\\/\"},{\"@type\":\"ListItem\",\"position\":2,\"name\":\"CONMEMORACI\u00d3N D\u00cdA INTERNACIONAL DE LAS DEFENSORAS DE LOS DERECHOS HUMANOS\"}]},{\"@type\":\"WebSite\",\"@id\":\"https:\\\/\\\/www.revistacongresodigital.com\\\/#website\",\"url\":\"https:\\\/\\\/www.revistacongresodigital.com\\\/\",\"name\":\"Revista Congreso Digital\",\"description\":\"Revista Congreso Digital\",\"publisher\":{\"@id\":\"https:\\\/\\\/www.revistacongresodigital.com\\\/#organization\"},\"potentialAction\":[{\"@type\":\"SearchAction\",\"target\":{\"@type\":\"EntryPoint\",\"urlTemplate\":\"https:\\\/\\\/www.revistacongresodigital.com\\\/?s={search_term_string}\"},\"query-input\":{\"@type\":\"PropertyValueSpecification\",\"valueRequired\":true,\"valueName\":\"search_term_string\"}}],\"inLanguage\":\"es\"},{\"@type\":\"Organization\",\"@id\":\"https:\\\/\\\/www.revistacongresodigital.com\\\/#organization\",\"name\":\"Revista Congreso Digital\",\"url\":\"https:\\\/\\\/www.revistacongresodigital.com\\\/\",\"logo\":{\"@type\":\"ImageObject\",\"inLanguage\":\"es\",\"@id\":\"https:\\\/\\\/www.revistacongresodigital.com\\\/#\\\/schema\\\/logo\\\/image\\\/\",\"url\":\"https:\\\/\\\/revistacongresodigital.com\\\/wp-content\\\/uploads\\\/2022\\\/03\\\/cropped-FIRMA-JP-e1648679804884.png\",\"contentUrl\":\"https:\\\/\\\/revistacongresodigital.com\\\/wp-content\\\/uploads\\\/2022\\\/03\\\/cropped-FIRMA-JP-e1648679804884.png\",\"width\":512,\"height\":512,\"caption\":\"Revista Congreso Digital\"},\"image\":{\"@id\":\"https:\\\/\\\/www.revistacongresodigital.com\\\/#\\\/schema\\\/logo\\\/image\\\/\"}},{\"@type\":\"Person\",\"@id\":\"https:\\\/\\\/www.revistacongresodigital.com\\\/#\\\/schema\\\/person\\\/48fdd26fc226b8cbb305dd638a8e6723\",\"name\":\"Paola Pardo\",\"image\":{\"@type\":\"ImageObject\",\"inLanguage\":\"es\",\"@id\":\"https:\\\/\\\/revistacongresodigital.com\\\/wp-content\\\/litespeed\\\/avatar\\\/f533aab78141e009c40006efb62d3767.jpg?ver=1777169215\",\"url\":\"https:\\\/\\\/revistacongresodigital.com\\\/wp-content\\\/litespeed\\\/avatar\\\/f533aab78141e009c40006efb62d3767.jpg?ver=1777169215\",\"contentUrl\":\"https:\\\/\\\/revistacongresodigital.com\\\/wp-content\\\/litespeed\\\/avatar\\\/f533aab78141e009c40006efb62d3767.jpg?ver=1777169215\",\"caption\":\"Paola Pardo\"},\"url\":\"https:\\\/\\\/revistacongresodigital.com\\\/?author=2\"}]}<\/script>\n<!-- \/ Yoast SEO plugin. -->","yoast_head_json":{"title":"CONMEMORACI\u00d3N D\u00cdA INTERNACIONAL DE LAS DEFENSORAS DE LOS DERECHOS HUMANOS - Revista Congreso Digital","robots":{"index":"index","follow":"follow","max-snippet":"max-snippet:-1","max-image-preview":"max-image-preview:large","max-video-preview":"max-video-preview:-1"},"canonical":"https:\/\/revistacongresodigital.com\/?p=3619","og_locale":"es_ES","og_type":"article","og_title":"CONMEMORACI\u00d3N D\u00cdA INTERNACIONAL DE LAS DEFENSORAS DE LOS DERECHOS HUMANOS - Revista Congreso Digital","og_description":"Fue declarado un D\u00eda Internacional de las Defensoras de los Derechos Humanos, muy merecido. Mar\u00eda del Mar Arana, defensora de derechos humanos, fue amenazada de muerte y confirma que las&hellip;","og_url":"https:\/\/revistacongresodigital.com\/?p=3619","og_site_name":"Revista Congreso Digital","article_published_time":"2025-06-25T10:06:35+00:00","article_modified_time":"2025-11-07T17:44:56+00:00","og_image":[{"width":1024,"height":766,"url":"http:\/\/revistacongresodigital.com\/wp-content\/uploads\/2024\/11\/WhatsApp-Image-2025-06-24-at-12.08.34-PM-1024x766.png","type":"image\/png"}],"author":"Paola Pardo","twitter_card":"summary_large_image","twitter_misc":{"Escrito por":"Paola Pardo","Tiempo de lectura":"9 minutos"},"schema":{"@context":"https:\/\/schema.org","@graph":[{"@type":"Article","@id":"https:\/\/revistacongresodigital.com\/?p=3619#article","isPartOf":{"@id":"https:\/\/revistacongresodigital.com\/?p=3619"},"author":{"name":"Paola Pardo","@id":"https:\/\/www.revistacongresodigital.com\/#\/schema\/person\/48fdd26fc226b8cbb305dd638a8e6723"},"headline":"CONMEMORACI\u00d3N D\u00cdA INTERNACIONAL DE LAS DEFENSORAS DE LOS DERECHOS HUMANOS","datePublished":"2025-06-25T10:06:35+00:00","dateModified":"2025-11-07T17:44:56+00:00","mainEntityOfPage":{"@id":"https:\/\/revistacongresodigital.com\/?p=3619"},"wordCount":1472,"commentCount":0,"publisher":{"@id":"https:\/\/www.revistacongresodigital.com\/#organization"},"image":{"@id":"https:\/\/revistacongresodigital.com\/?p=3619#primaryimage"},"thumbnailUrl":"https:\/\/revistacongresodigital.com\/wp-content\/uploads\/2024\/11\/WhatsApp-Image-2025-06-24-at-12.08.34-PM.png","articleSection":["NOTICIAS DE INTERES","NOTICIAS NUEVAS","PRENSA"],"inLanguage":"es","potentialAction":[{"@type":"CommentAction","name":"Comment","target":["https:\/\/revistacongresodigital.com\/?p=3619#respond"]}]},{"@type":"WebPage","@id":"https:\/\/revistacongresodigital.com\/?p=3619","url":"https:\/\/revistacongresodigital.com\/?p=3619","name":"CONMEMORACI\u00d3N D\u00cdA INTERNACIONAL DE LAS DEFENSORAS DE LOS DERECHOS HUMANOS - Revista Congreso Digital","isPartOf":{"@id":"https:\/\/www.revistacongresodigital.com\/#website"},"primaryImageOfPage":{"@id":"https:\/\/revistacongresodigital.com\/?p=3619#primaryimage"},"image":{"@id":"https:\/\/revistacongresodigital.com\/?p=3619#primaryimage"},"thumbnailUrl":"https:\/\/revistacongresodigital.com\/wp-content\/uploads\/2024\/11\/WhatsApp-Image-2025-06-24-at-12.08.34-PM.png","datePublished":"2025-06-25T10:06:35+00:00","dateModified":"2025-11-07T17:44:56+00:00","breadcrumb":{"@id":"https:\/\/revistacongresodigital.com\/?p=3619#breadcrumb"},"inLanguage":"es","potentialAction":[{"@type":"ReadAction","target":["https:\/\/revistacongresodigital.com\/?p=3619"]}]},{"@type":"ImageObject","inLanguage":"es","@id":"https:\/\/revistacongresodigital.com\/?p=3619#primaryimage","url":"https:\/\/revistacongresodigital.com\/wp-content\/uploads\/2024\/11\/WhatsApp-Image-2025-06-24-at-12.08.34-PM.png","contentUrl":"https:\/\/revistacongresodigital.com\/wp-content\/uploads\/2024\/11\/WhatsApp-Image-2025-06-24-at-12.08.34-PM.png","width":1280,"height":958},{"@type":"BreadcrumbList","@id":"https:\/\/revistacongresodigital.com\/?p=3619#breadcrumb","itemListElement":[{"@type":"ListItem","position":1,"name":"Portada","item":"https:\/\/www.revistacongresodigital.com\/"},{"@type":"ListItem","position":2,"name":"CONMEMORACI\u00d3N D\u00cdA INTERNACIONAL DE LAS DEFENSORAS DE LOS DERECHOS HUMANOS"}]},{"@type":"WebSite","@id":"https:\/\/www.revistacongresodigital.com\/#website","url":"https:\/\/www.revistacongresodigital.com\/","name":"Revista Congreso Digital","description":"Revista Congreso Digital","publisher":{"@id":"https:\/\/www.revistacongresodigital.com\/#organization"},"potentialAction":[{"@type":"SearchAction","target":{"@type":"EntryPoint","urlTemplate":"https:\/\/www.revistacongresodigital.com\/?s={search_term_string}"},"query-input":{"@type":"PropertyValueSpecification","valueRequired":true,"valueName":"search_term_string"}}],"inLanguage":"es"},{"@type":"Organization","@id":"https:\/\/www.revistacongresodigital.com\/#organization","name":"Revista Congreso Digital","url":"https:\/\/www.revistacongresodigital.com\/","logo":{"@type":"ImageObject","inLanguage":"es","@id":"https:\/\/www.revistacongresodigital.com\/#\/schema\/logo\/image\/","url":"https:\/\/revistacongresodigital.com\/wp-content\/uploads\/2022\/03\/cropped-FIRMA-JP-e1648679804884.png","contentUrl":"https:\/\/revistacongresodigital.com\/wp-content\/uploads\/2022\/03\/cropped-FIRMA-JP-e1648679804884.png","width":512,"height":512,"caption":"Revista Congreso Digital"},"image":{"@id":"https:\/\/www.revistacongresodigital.com\/#\/schema\/logo\/image\/"}},{"@type":"Person","@id":"https:\/\/www.revistacongresodigital.com\/#\/schema\/person\/48fdd26fc226b8cbb305dd638a8e6723","name":"Paola Pardo","image":{"@type":"ImageObject","inLanguage":"es","@id":"https:\/\/revistacongresodigital.com\/wp-content\/litespeed\/avatar\/f533aab78141e009c40006efb62d3767.jpg?ver=1777169215","url":"https:\/\/revistacongresodigital.com\/wp-content\/litespeed\/avatar\/f533aab78141e009c40006efb62d3767.jpg?ver=1777169215","contentUrl":"https:\/\/revistacongresodigital.com\/wp-content\/litespeed\/avatar\/f533aab78141e009c40006efb62d3767.jpg?ver=1777169215","caption":"Paola Pardo"},"url":"https:\/\/revistacongresodigital.com\/?author=2"}]}},"_links":{"self":[{"href":"https:\/\/revistacongresodigital.com\/index.php?rest_route=\/wp\/v2\/posts\/3619","targetHints":{"allow":["GET"]}}],"collection":[{"href":"https:\/\/revistacongresodigital.com\/index.php?rest_route=\/wp\/v2\/posts"}],"about":[{"href":"https:\/\/revistacongresodigital.com\/index.php?rest_route=\/wp\/v2\/types\/post"}],"author":[{"embeddable":true,"href":"https:\/\/revistacongresodigital.com\/index.php?rest_route=\/wp\/v2\/users\/2"}],"replies":[{"embeddable":true,"href":"https:\/\/revistacongresodigital.com\/index.php?rest_route=%2Fwp%2Fv2%2Fcomments&post=3619"}],"version-history":[{"count":78,"href":"https:\/\/revistacongresodigital.com\/index.php?rest_route=\/wp\/v2\/posts\/3619\/revisions"}],"predecessor-version":[{"id":4159,"href":"https:\/\/revistacongresodigital.com\/index.php?rest_route=\/wp\/v2\/posts\/3619\/revisions\/4159"}],"wp:featuredmedia":[{"embeddable":true,"href":"https:\/\/revistacongresodigital.com\/index.php?rest_route=\/wp\/v2\/media\/4118"}],"wp:attachment":[{"href":"https:\/\/revistacongresodigital.com\/index.php?rest_route=%2Fwp%2Fv2%2Fmedia&parent=3619"}],"wp:term":[{"taxonomy":"category","embeddable":true,"href":"https:\/\/revistacongresodigital.com\/index.php?rest_route=%2Fwp%2Fv2%2Fcategories&post=3619"},{"taxonomy":"post_tag","embeddable":true,"href":"https:\/\/revistacongresodigital.com\/index.php?rest_route=%2Fwp%2Fv2%2Ftags&post=3619"}],"curies":[{"name":"wp","href":"https:\/\/api.w.org\/{rel}","templated":true}]}}