{"id":3515,"date":"2026-01-30T10:50:49","date_gmt":"2026-01-30T10:50:49","guid":{"rendered":"https:\/\/revistacongresodigital.com\/?p=3515"},"modified":"2026-01-30T16:57:28","modified_gmt":"2026-01-30T16:57:28","slug":"empresas-que-hacen-intermediacion-financiera-en-colombia-en-riesgo-de-perderlo-todo","status":"publish","type":"post","link":"https:\/\/revistacongresodigital.com\/?p=3515","title":{"rendered":"L\u00edderes Sociales Bajo Fuego: La Violencia Contra Defensores de Derechos Humanos en el Suroccidente Colombiano"},"content":{"rendered":"\t\t<div data-elementor-type=\"wp-post\" data-elementor-id=\"3515\" class=\"elementor elementor-3515\">\n\t\t\t\t\t\t<section class=\"elementor-section elementor-top-section elementor-element elementor-element-1cb68cf elementor-section-boxed elementor-section-height-default elementor-section-height-default\" data-id=\"1cb68cf\" data-element_type=\"section\" data-e-type=\"section\">\n\t\t\t\t\t\t<div class=\"elementor-container elementor-column-gap-default\">\n\t\t\t\t\t<div class=\"elementor-column elementor-col-100 elementor-top-column elementor-element elementor-element-1b38dcc\" data-id=\"1b38dcc\" data-element_type=\"column\" data-e-type=\"column\">\n\t\t\t<div class=\"elementor-widget-wrap elementor-element-populated\">\n\t\t\t\t\t\t<div class=\"elementor-element elementor-element-bd902a7 elementor-widget elementor-widget-image\" data-id=\"bd902a7\" data-element_type=\"widget\" data-e-type=\"widget\" data-widget_type=\"image.default\">\n\t\t\t\t<div class=\"elementor-widget-container\">\n\t\t\t\t\t\t\t\t\t\t\t\t\t\t\t<img fetchpriority=\"high\" decoding=\"async\" width=\"960\" height=\"1280\" src=\"https:\/\/revistacongresodigital.com\/wp-content\/uploads\/2026\/01\/WhatsApp-Image-2026-01-29-at-11.41.42-AM4.jpeg\" class=\"attachment-2048x2048 size-2048x2048 wp-image-4168\" alt=\"\" srcset=\"https:\/\/revistacongresodigital.com\/wp-content\/uploads\/2026\/01\/WhatsApp-Image-2026-01-29-at-11.41.42-AM4.jpeg 960w, https:\/\/revistacongresodigital.com\/wp-content\/uploads\/2026\/01\/WhatsApp-Image-2026-01-29-at-11.41.42-AM4-225x300.jpeg 225w, https:\/\/revistacongresodigital.com\/wp-content\/uploads\/2026\/01\/WhatsApp-Image-2026-01-29-at-11.41.42-AM4-768x1024.jpeg 768w\" sizes=\"(max-width: 960px) 100vw, 960px\" \/>\t\t\t\t\t\t\t\t\t\t\t\t\t\t\t<\/div>\n\t\t\t\t<\/div>\n\t\t\t\t<div class=\"elementor-element elementor-element-72e4cbc elementor-drop-cap-yes elementor-drop-cap-view-stacked elementor-widget elementor-widget-text-editor\" data-id=\"72e4cbc\" data-element_type=\"widget\" data-e-type=\"widget\" data-settings=\"{&quot;drop_cap&quot;:&quot;yes&quot;}\" data-widget_type=\"text-editor.default\">\n\t\t\t\t<div class=\"elementor-widget-container\">\n\t\t\t\t\t\t\t\t\t<p>\u00bfPor qu\u00e9 la violencia se ensa\u00f1a contra los l\u00edderes sociales y defensores de derechos humanos en departamentos como Valle, Cauca, Nari\u00f1o y Choc\u00f3?<br \/>Quitarles ni\u00f1os, ni\u00f1as y adolescentes a la guerra pone en riesgo a quienes denuncian el reclutamiento forzado.<\/p><p>Los activistas defensores Juan Carlos Estupi\u00f1\u00e1n, Jhon Jairo Salazar Cuestas y Carlos Alberto Mogoll\u00f3n han sido perseguidos y amenazados de muerte por denunciar un flagelo tan aberrante como el reclutamiento forzado de menores de edad por distintos grupos armados ilegales que operan en departamentos como el Cauca.<\/p><p><strong>JUAN CARLOS ESTUPI\u00d1\u00c1N<\/strong>, comunicador, periodista y corresponsal, afirma que el Cauca es el departamento del pa\u00eds que tiene la mayor fortaleza del movimiento ind\u00edgena, campesino y afrodescendiente, y tambi\u00e9n uno de los mayores \u00edndices de reclutamiento forzado en Colombia. \u00c9l se infiltr\u00f3 para conocer de primera mano cu\u00e1les eran las modalidades utilizadas para reclutar menores.<\/p><p><strong>JHON JAIRO SALAZAR<\/strong>, defensor de derechos humanos de Mission Pac\u00edfico, coincide en que el Cauca cuenta con liderazgos mucho m\u00e1s fuertes que otras regiones del pa\u00eds. Sin embargo, a\u00f1ade que \u201ccomo es un territorio tan conflictuado, vulnerable a econom\u00edas il\u00edcitas, al reclutamiento de menores de edad y al control por parte de grupos armados, esos liderazgos fuertes quedan expuestos, porque representan para los actores de la ilegalidad una oportunidad\u201d.<br \/>Le preocupa el incremento de casos de reclutamiento de ni\u00f1as, ni\u00f1os, j\u00f3venes y adolescentes en Colombia. Revel\u00f3 el m\u00e1s reciente reporte sobre casos conocidos entre 2005 y 2020: m\u00e1s de <strong>93.000 menores<\/strong> fueron reclutados e instrumentalizados por distintos grupos armados.<\/p><p>Salazar Cuestas explica por qu\u00e9 se utilizan ni\u00f1os y ni\u00f1as para la guerra. Cuando escuchamos la palabra \u201cguerra\u201d, pensamos en violencia, armas, ataques, soldados y bombardeos; sin embargo, pocas veces la asociamos con ni\u00f1os soldados, pese a ser una pr\u00e1ctica habitual debido a la din\u00e1mica cambiante de los conflictos y su intensificaci\u00f3n. Esto ocurre a pesar de estar condenada por el derecho internacional como una de las mayores violaciones a los derechos humanos, especialmente en tiempos de guerra.<\/p><p><strong>CARLOS ALBERTO MOGOLL\u00d3N<\/strong>, vinculado a una organizaci\u00f3n canadiense de derechos humanos, denunci\u00f3 el a\u00f1o anterior que las disidencias de las FARC estaban reclutando menores de edad. Se\u00f1al\u00f3 que realizaban fiestas como modalidad de captaci\u00f3n, lo que lo convirti\u00f3 en objetivo militar. Su denuncia relata que el 27 de mayo de 2025, mientras se movilizaba en su motocicleta por la vereda Villa Colombia en Jamund\u00ed (Valle del Cauca), fue testigo de un evento organizado por las disidencias de alias Iv\u00e1n Mordisco.<br \/>El festejo, desarrollado en el polideportivo de Villa Colombia, consist\u00eda en una celebraci\u00f3n donde hab\u00eda mujeres y hombres armados y uniformados con insignias de las disidencias. Se repart\u00eda comida, hab\u00eda m\u00fasica, tortas, globos y otros elementos festivos. Seg\u00fan el testimonio, una mujer uniformada, junto a otros hombres armados, entregaba alimentos y hablaba con ni\u00f1os, ni\u00f1as y j\u00f3venes, mientras se hac\u00edan referencias abiertas a los actores armados, promoviendo su imagen. El evento conmemoraba los 61 a\u00f1os de existencia de las FARC en la caseta comunal del corregimiento.<\/p><p>Para este defensor, este tipo de actividades no solo representa una estrategia de propaganda, sino una modalidad de reclutamiento disfrazado que busca normalizar la presencia armada en la regi\u00f3n y establecer v\u00ednculos emocionales con menores de edad, vulnerando sus derechos fundamentales y contraviniendo m\u00faltiples tratados internacionales.<br \/>Adem\u00e1s, este grupo guerrillero utiliza plataformas digitales como Facebook, TikTok e Instagram para continuar con labores de reclutamiento. Como ejemplo mencion\u00f3 la cuenta de TikTok <strong>@erlijimenez1234_m<\/strong>, activa desde 2019, donde se documenta la transformaci\u00f3n de un joven que pas\u00f3 de ser raspach\u00edn en cultivos de coca en el Cauca a convertirse en guerrillero activo. Esta situaci\u00f3n fue denunciada hace m\u00e1s de dos a\u00f1os ante las autoridades del departamento sin recibir respuesta ni protecci\u00f3n efectiva.<\/p><p>Por estas denuncias, Mogoll\u00f3n empez\u00f3 a recibir amenazas de muerte por parte del Frente Jaime Mart\u00ednez, lo que lo oblig\u00f3 a desplazarse de Jamund\u00ed a Cali por temor a represalias. Posteriormente, su amigo y compa\u00f1ero <strong>Ra\u00fal Mart\u00ednez<\/strong>, l\u00edder social de Jamund\u00ed que se opon\u00eda a ser instrumentalizado por este grupo, fue asesinado en 2025.<\/p><p>La violencia contin\u00faa: en los \u00faltimos cuatro a\u00f1os fueron asesinadas entre <strong>102 y 164<\/strong> personas que defend\u00edan los derechos humanos, exig\u00edan el cumplimiento de la ley o lideraban procesos de progreso social. En estos departamentos, ricos en organizaciones civiles, recursos naturales y diversidad cultural, los l\u00edderes caucanos y vallunos son hoy los m\u00e1s atacados del pa\u00eds.<\/p><p>\u201cNos est\u00e1n asesinando por la resistencia que hacemos y por defender nuestros territorios, nuestros ni\u00f1os y ni\u00f1as\u201d, afirman sin vacilar Carlos Mogoll\u00f3n, Jhon Jairo Salazar y Juan Carlos Estupi\u00f1\u00e1n, defensores de derechos humanos.<\/p><p>Una de las razones de estos ataques, explican, es la defensa del proceso de paz. \u201cCauca, Valle, Nari\u00f1o y Choc\u00f3 fueron los departamentos que le dijeron <strong>s\u00ed<\/strong> al proceso de paz de manera un\u00e1nime, haciendo apuestas enormes porque sus territorios han sido desproporcionalmente los m\u00e1s afectados por el conflicto armado\u201d.<\/p><p>Al preguntar a estos defensores si pod\u00edan dar una entrevista a este medio de comunicaci\u00f3n, todos coincidieron en que s\u00ed. Incluso autorizaron el uso de sus nombres, afirmando que en alg\u00fan momento \u201ctienen que morir\u201d, una idea que expresan desde su experiencia forjada en la defensa de sus comunidades.<\/p><p>Muchos consejos comunitarios en el Cauca han recibido amenazas de muerte y han sufrido intentos de homicidio que los han obligado a abandonar sus tierras. La respuesta a por qu\u00e9 est\u00e1n matando y amenazando a l\u00edderes sociales, defensores de derechos humanos y ambientalistas en departamentos como Cauca, Valle, Nari\u00f1o y Choc\u00f3 es tan intrincada y diversa como la realidad de estos territorios.<\/p><p>Tras la dejaci\u00f3n de armas de las FARC, hubo unos meses de relativa tranquilidad; sin embargo, antiguos grupos armados que se apartaron del proceso de paz y se declararon disidentes comenzaron a disputarse el dominio de territorios, negocios y rutas con estructuras criminales que tambi\u00e9n llegaron a la zona. El Estado no lleg\u00f3 con la rapidez ni la integralidad que el momento exig\u00eda.<br \/>El vac\u00edo de poder dejado por las antiguas guerrillas, que antes regulaban el orden local, no se llen\u00f3 con instituciones de justicia, polic\u00eda ni acciones civiles fuertes que atendieran las necesidades de la poblaci\u00f3n. La respuesta del Gobierno central volvi\u00f3 a ser delegar la responsabilidad estatal \u00fanicamente en los militares.<\/p><p>As\u00ed lo consign\u00f3 en su informe de 2019 Alberto Brunori, representante en Colombia de la Alta Comisionada de las Naciones Unidas para los Derechos Humanos (ACNUDH): \u201cLos esfuerzos para establecer una presencia integral del Estado, particularmente de autoridades civiles, incluyendo la Fiscal\u00eda General de la Naci\u00f3n y la Polic\u00eda, fueron insuficientes, en particular en las zonas rurales. Las cinco Zonas Estrat\u00e9gicas de Intervenci\u00f3n Integral, establecidas por el Gobierno a trav\u00e9s del Decreto 2278 de 2019, fueron creadas para atender este vac\u00edo; sin embargo, el ACNUDH observ\u00f3 que la presencia estatal en esas zonas contin\u00faa siendo predominantemente militar y el avance para establecer una mayor presencia de autoridades civiles ha sido lento\u201d.<\/p><p>\u00a0<\/p>\t\t\t\t\t\t\t\t<\/div>\n\t\t\t\t<\/div>\n\t\t\t\t\t<\/div>\n\t\t<\/div>\n\t\t\t\t\t<\/div>\n\t\t<\/section>\n\t\t\t\t<section class=\"elementor-section elementor-top-section elementor-element elementor-element-d3aa826 elementor-section-boxed elementor-section-height-default elementor-section-height-default\" data-id=\"d3aa826\" data-element_type=\"section\" data-e-type=\"section\">\n\t\t\t\t\t\t<div class=\"elementor-container elementor-column-gap-default\">\n\t\t\t\t\t<div class=\"elementor-column elementor-col-100 elementor-top-column elementor-element elementor-element-653992e\" data-id=\"653992e\" data-element_type=\"column\" data-e-type=\"column\">\n\t\t\t<div class=\"elementor-widget-wrap elementor-element-populated\">\n\t\t\t\t\t\t<div class=\"elementor-element elementor-element-9b8a455 elementor-widget elementor-widget-image-gallery\" data-id=\"9b8a455\" data-element_type=\"widget\" data-e-type=\"widget\" data-widget_type=\"image-gallery.default\">\n\t\t\t\t<div class=\"elementor-widget-container\">\n\t\t\t\t\t\t\t<div class=\"elementor-image-gallery\">\n\t\t\t\n<a data-elementor-open-lightbox=\"yes\" data-elementor-lightbox-slideshow=\"9b8a455\" data-elementor-lightbox-title=\"WhatsApp Image 2026-01-29 at 11.41.42 AM(2)\" data-e-action-hash=\"#elementor-action%3Aaction%3Dlightbox%26settings%3DeyJpZCI6NDE2NiwidXJsIjoiaHR0cHM6XC9cL3JldmlzdGFjb25ncmVzb2RpZ2l0YWwuY29tXC93cC1jb250ZW50XC91cGxvYWRzXC8yMDI2XC8wMVwvV2hhdHNBcHAtSW1hZ2UtMjAyNi0wMS0yOS1hdC0xMS40MS40Mi1BTTIuanBlZyIsInNsaWRlc2hvdyI6IjliOGE0NTUifQ%3D%3D\" href='https:\/\/revistacongresodigital.com\/wp-content\/uploads\/2026\/01\/WhatsApp-Image-2026-01-29-at-11.41.42-AM2.jpeg'><img decoding=\"async\" width=\"150\" height=\"150\" src=\"https:\/\/revistacongresodigital.com\/wp-content\/uploads\/2026\/01\/WhatsApp-Image-2026-01-29-at-11.41.42-AM2-150x150.jpeg\" class=\"attachment-thumbnail size-thumbnail\" alt=\"\" \/><\/a>\n<a data-elementor-open-lightbox=\"yes\" data-elementor-lightbox-slideshow=\"9b8a455\" data-elementor-lightbox-title=\"WhatsApp Image 2026-01-29 at 11.41.42 AM(3)\" data-e-action-hash=\"#elementor-action%3Aaction%3Dlightbox%26settings%3DeyJpZCI6NDE2NywidXJsIjoiaHR0cHM6XC9cL3JldmlzdGFjb25ncmVzb2RpZ2l0YWwuY29tXC93cC1jb250ZW50XC91cGxvYWRzXC8yMDI2XC8wMVwvV2hhdHNBcHAtSW1hZ2UtMjAyNi0wMS0yOS1hdC0xMS40MS40Mi1BTTMuanBlZyIsInNsaWRlc2hvdyI6IjliOGE0NTUifQ%3D%3D\" href='https:\/\/revistacongresodigital.com\/wp-content\/uploads\/2026\/01\/WhatsApp-Image-2026-01-29-at-11.41.42-AM3.jpeg'><img decoding=\"async\" width=\"150\" height=\"150\" src=\"https:\/\/revistacongresodigital.com\/wp-content\/uploads\/2026\/01\/WhatsApp-Image-2026-01-29-at-11.41.42-AM3-150x150.jpeg\" class=\"attachment-thumbnail size-thumbnail\" alt=\"\" \/><\/a>\n<a data-elementor-open-lightbox=\"yes\" data-elementor-lightbox-slideshow=\"9b8a455\" data-elementor-lightbox-title=\"WhatsApp Image 2026-01-29 at 11.41.42 AM(4)\" data-e-action-hash=\"#elementor-action%3Aaction%3Dlightbox%26settings%3DeyJpZCI6NDE2OCwidXJsIjoiaHR0cHM6XC9cL3JldmlzdGFjb25ncmVzb2RpZ2l0YWwuY29tXC93cC1jb250ZW50XC91cGxvYWRzXC8yMDI2XC8wMVwvV2hhdHNBcHAtSW1hZ2UtMjAyNi0wMS0yOS1hdC0xMS40MS40Mi1BTTQuanBlZyIsInNsaWRlc2hvdyI6IjliOGE0NTUifQ%3D%3D\" href='https:\/\/revistacongresodigital.com\/wp-content\/uploads\/2026\/01\/WhatsApp-Image-2026-01-29-at-11.41.42-AM4.jpeg'><img loading=\"lazy\" decoding=\"async\" width=\"150\" height=\"150\" src=\"https:\/\/revistacongresodigital.com\/wp-content\/uploads\/2026\/01\/WhatsApp-Image-2026-01-29-at-11.41.42-AM4-150x150.jpeg\" class=\"attachment-thumbnail size-thumbnail\" alt=\"\" \/><\/a>\n<a data-elementor-open-lightbox=\"yes\" data-elementor-lightbox-slideshow=\"9b8a455\" data-elementor-lightbox-title=\"WhatsApp Image 2026-01-29 at 11.41.42 AM(5)\" data-e-action-hash=\"#elementor-action%3Aaction%3Dlightbox%26settings%3DeyJpZCI6NDE2OSwidXJsIjoiaHR0cHM6XC9cL3JldmlzdGFjb25ncmVzb2RpZ2l0YWwuY29tXC93cC1jb250ZW50XC91cGxvYWRzXC8yMDI2XC8wMVwvV2hhdHNBcHAtSW1hZ2UtMjAyNi0wMS0yOS1hdC0xMS40MS40Mi1BTTUuanBlZyIsInNsaWRlc2hvdyI6IjliOGE0NTUifQ%3D%3D\" href='https:\/\/revistacongresodigital.com\/wp-content\/uploads\/2026\/01\/WhatsApp-Image-2026-01-29-at-11.41.42-AM5.jpeg'><img loading=\"lazy\" decoding=\"async\" width=\"150\" height=\"150\" src=\"https:\/\/revistacongresodigital.com\/wp-content\/uploads\/2026\/01\/WhatsApp-Image-2026-01-29-at-11.41.42-AM5-150x150.jpeg\" class=\"attachment-thumbnail size-thumbnail\" alt=\"\" \/><\/a>\n<a data-elementor-open-lightbox=\"yes\" data-elementor-lightbox-slideshow=\"9b8a455\" data-elementor-lightbox-title=\"WhatsApp Image 2026-01-29 at 11.41.42 AM\" data-e-action-hash=\"#elementor-action%3Aaction%3Dlightbox%26settings%3DeyJpZCI6NDE3MCwidXJsIjoiaHR0cHM6XC9cL3JldmlzdGFjb25ncmVzb2RpZ2l0YWwuY29tXC93cC1jb250ZW50XC91cGxvYWRzXC8yMDI2XC8wMVwvV2hhdHNBcHAtSW1hZ2UtMjAyNi0wMS0yOS1hdC0xMS40MS40Mi1BTS5qcGVnIiwic2xpZGVzaG93IjoiOWI4YTQ1NSJ9\" href='https:\/\/revistacongresodigital.com\/wp-content\/uploads\/2026\/01\/WhatsApp-Image-2026-01-29-at-11.41.42-AM.jpeg'><img loading=\"lazy\" decoding=\"async\" width=\"150\" height=\"150\" src=\"https:\/\/revistacongresodigital.com\/wp-content\/uploads\/2026\/01\/WhatsApp-Image-2026-01-29-at-11.41.42-AM-150x150.jpeg\" class=\"attachment-thumbnail size-thumbnail\" alt=\"\" \/><\/a>\n<a data-elementor-open-lightbox=\"yes\" data-elementor-lightbox-slideshow=\"9b8a455\" data-elementor-lightbox-title=\"WhatsApp Image 2026-01-29 at 11.42.45 AM\" data-e-action-hash=\"#elementor-action%3Aaction%3Dlightbox%26settings%3DeyJpZCI6NDE4MywidXJsIjoiaHR0cHM6XC9cL3JldmlzdGFjb25ncmVzb2RpZ2l0YWwuY29tXC93cC1jb250ZW50XC91cGxvYWRzXC8yMDI2XC8wMVwvV2hhdHNBcHAtSW1hZ2UtMjAyNi0wMS0yOS1hdC0xMS40Mi40NS1BTS5qcGVnIiwic2xpZGVzaG93IjoiOWI4YTQ1NSJ9\" href='https:\/\/revistacongresodigital.com\/wp-content\/uploads\/2026\/01\/WhatsApp-Image-2026-01-29-at-11.42.45-AM.jpeg'><img loading=\"lazy\" decoding=\"async\" width=\"150\" height=\"150\" src=\"https:\/\/revistacongresodigital.com\/wp-content\/uploads\/2026\/01\/WhatsApp-Image-2026-01-29-at-11.42.45-AM-150x150.jpeg\" class=\"attachment-thumbnail size-thumbnail\" alt=\"\" \/><\/a>\n<a data-elementor-open-lightbox=\"yes\" data-elementor-lightbox-slideshow=\"9b8a455\" data-elementor-lightbox-title=\"WhatsApp Image 2026-01-29 at 11.42.45 AM(8)\" data-e-action-hash=\"#elementor-action%3Aaction%3Dlightbox%26settings%3DeyJpZCI6NDE4MiwidXJsIjoiaHR0cHM6XC9cL3JldmlzdGFjb25ncmVzb2RpZ2l0YWwuY29tXC93cC1jb250ZW50XC91cGxvYWRzXC8yMDI2XC8wMVwvV2hhdHNBcHAtSW1hZ2UtMjAyNi0wMS0yOS1hdC0xMS40Mi40NS1BTTguanBlZyIsInNsaWRlc2hvdyI6IjliOGE0NTUifQ%3D%3D\" href='https:\/\/revistacongresodigital.com\/wp-content\/uploads\/2026\/01\/WhatsApp-Image-2026-01-29-at-11.42.45-AM8.jpeg'><img loading=\"lazy\" decoding=\"async\" width=\"150\" height=\"150\" src=\"https:\/\/revistacongresodigital.com\/wp-content\/uploads\/2026\/01\/WhatsApp-Image-2026-01-29-at-11.42.45-AM8-150x150.jpeg\" class=\"attachment-thumbnail size-thumbnail\" alt=\"\" \/><\/a>\n<a data-elementor-open-lightbox=\"yes\" data-elementor-lightbox-slideshow=\"9b8a455\" data-elementor-lightbox-title=\"WhatsApp Image 2026-01-29 at 11.42.45 AM(7)\" data-e-action-hash=\"#elementor-action%3Aaction%3Dlightbox%26settings%3DeyJpZCI6NDE4MSwidXJsIjoiaHR0cHM6XC9cL3JldmlzdGFjb25ncmVzb2RpZ2l0YWwuY29tXC93cC1jb250ZW50XC91cGxvYWRzXC8yMDI2XC8wMVwvV2hhdHNBcHAtSW1hZ2UtMjAyNi0wMS0yOS1hdC0xMS40Mi40NS1BTTcuanBlZyIsInNsaWRlc2hvdyI6IjliOGE0NTUifQ%3D%3D\" href='https:\/\/revistacongresodigital.com\/wp-content\/uploads\/2026\/01\/WhatsApp-Image-2026-01-29-at-11.42.45-AM7.jpeg'><img loading=\"lazy\" decoding=\"async\" width=\"150\" height=\"150\" src=\"https:\/\/revistacongresodigital.com\/wp-content\/uploads\/2026\/01\/WhatsApp-Image-2026-01-29-at-11.42.45-AM7-150x150.jpeg\" class=\"attachment-thumbnail size-thumbnail\" alt=\"\" \/><\/a>\n<a data-elementor-open-lightbox=\"yes\" data-elementor-lightbox-slideshow=\"9b8a455\" data-elementor-lightbox-title=\"WhatsApp Image 2026-01-29 at 11.42.45 AM(6)\" data-e-action-hash=\"#elementor-action%3Aaction%3Dlightbox%26settings%3DeyJpZCI6NDE4MCwidXJsIjoiaHR0cHM6XC9cL3JldmlzdGFjb25ncmVzb2RpZ2l0YWwuY29tXC93cC1jb250ZW50XC91cGxvYWRzXC8yMDI2XC8wMVwvV2hhdHNBcHAtSW1hZ2UtMjAyNi0wMS0yOS1hdC0xMS40Mi40NS1BTTYuanBlZyIsInNsaWRlc2hvdyI6IjliOGE0NTUifQ%3D%3D\" href='https:\/\/revistacongresodigital.com\/wp-content\/uploads\/2026\/01\/WhatsApp-Image-2026-01-29-at-11.42.45-AM6.jpeg'><img loading=\"lazy\" decoding=\"async\" width=\"150\" height=\"150\" src=\"https:\/\/revistacongresodigital.com\/wp-content\/uploads\/2026\/01\/WhatsApp-Image-2026-01-29-at-11.42.45-AM6-150x150.jpeg\" class=\"attachment-thumbnail size-thumbnail\" alt=\"\" \/><\/a>\n<a data-elementor-open-lightbox=\"yes\" data-elementor-lightbox-slideshow=\"9b8a455\" data-elementor-lightbox-title=\"WhatsApp Image 2026-01-29 at 11.42.45 AM(5)\" data-e-action-hash=\"#elementor-action%3Aaction%3Dlightbox%26settings%3DeyJpZCI6NDE3OSwidXJsIjoiaHR0cHM6XC9cL3JldmlzdGFjb25ncmVzb2RpZ2l0YWwuY29tXC93cC1jb250ZW50XC91cGxvYWRzXC8yMDI2XC8wMVwvV2hhdHNBcHAtSW1hZ2UtMjAyNi0wMS0yOS1hdC0xMS40Mi40NS1BTTUuanBlZyIsInNsaWRlc2hvdyI6IjliOGE0NTUifQ%3D%3D\" href='https:\/\/revistacongresodigital.com\/wp-content\/uploads\/2026\/01\/WhatsApp-Image-2026-01-29-at-11.42.45-AM5.jpeg'><img loading=\"lazy\" decoding=\"async\" width=\"150\" height=\"150\" src=\"https:\/\/revistacongresodigital.com\/wp-content\/uploads\/2026\/01\/WhatsApp-Image-2026-01-29-at-11.42.45-AM5-150x150.jpeg\" class=\"attachment-thumbnail size-thumbnail\" alt=\"\" \/><\/a>\n<a data-elementor-open-lightbox=\"yes\" data-elementor-lightbox-slideshow=\"9b8a455\" data-elementor-lightbox-title=\"WhatsApp Image 2026-01-29 at 11.41.52 AM\" data-e-action-hash=\"#elementor-action%3Aaction%3Dlightbox%26settings%3DeyJpZCI6NDE3MiwidXJsIjoiaHR0cHM6XC9cL3JldmlzdGFjb25ncmVzb2RpZ2l0YWwuY29tXC93cC1jb250ZW50XC91cGxvYWRzXC8yMDI2XC8wMVwvV2hhdHNBcHAtSW1hZ2UtMjAyNi0wMS0yOS1hdC0xMS40MS41Mi1BTS5qcGVnIiwic2xpZGVzaG93IjoiOWI4YTQ1NSJ9\" href='https:\/\/revistacongresodigital.com\/wp-content\/uploads\/2026\/01\/WhatsApp-Image-2026-01-29-at-11.41.52-AM.jpeg'><img loading=\"lazy\" decoding=\"async\" width=\"150\" height=\"150\" src=\"https:\/\/revistacongresodigital.com\/wp-content\/uploads\/2026\/01\/WhatsApp-Image-2026-01-29-at-11.41.52-AM-150x150.jpeg\" class=\"attachment-thumbnail size-thumbnail\" alt=\"\" \/><\/a>\n<a data-elementor-open-lightbox=\"yes\" data-elementor-lightbox-slideshow=\"9b8a455\" data-elementor-lightbox-title=\"WhatsApp Image 2026-01-29 at 11.41.59 AM(1)\" data-e-action-hash=\"#elementor-action%3Aaction%3Dlightbox%26settings%3DeyJpZCI6NDE3MywidXJsIjoiaHR0cHM6XC9cL3JldmlzdGFjb25ncmVzb2RpZ2l0YWwuY29tXC93cC1jb250ZW50XC91cGxvYWRzXC8yMDI2XC8wMVwvV2hhdHNBcHAtSW1hZ2UtMjAyNi0wMS0yOS1hdC0xMS40MS41OS1BTTEuanBlZyIsInNsaWRlc2hvdyI6IjliOGE0NTUifQ%3D%3D\" href='https:\/\/revistacongresodigital.com\/wp-content\/uploads\/2026\/01\/WhatsApp-Image-2026-01-29-at-11.41.59-AM1.jpeg'><img loading=\"lazy\" decoding=\"async\" width=\"150\" height=\"150\" src=\"https:\/\/revistacongresodigital.com\/wp-content\/uploads\/2026\/01\/WhatsApp-Image-2026-01-29-at-11.41.59-AM1-150x150.jpeg\" class=\"attachment-thumbnail size-thumbnail\" alt=\"\" \/><\/a>\n<a data-elementor-open-lightbox=\"yes\" data-elementor-lightbox-slideshow=\"9b8a455\" data-elementor-lightbox-title=\"WhatsApp Image 2026-01-29 at 11.41.59 AM\" data-e-action-hash=\"#elementor-action%3Aaction%3Dlightbox%26settings%3DeyJpZCI6NDE3NCwidXJsIjoiaHR0cHM6XC9cL3JldmlzdGFjb25ncmVzb2RpZ2l0YWwuY29tXC93cC1jb250ZW50XC91cGxvYWRzXC8yMDI2XC8wMVwvV2hhdHNBcHAtSW1hZ2UtMjAyNi0wMS0yOS1hdC0xMS40MS41OS1BTS5qcGVnIiwic2xpZGVzaG93IjoiOWI4YTQ1NSJ9\" href='https:\/\/revistacongresodigital.com\/wp-content\/uploads\/2026\/01\/WhatsApp-Image-2026-01-29-at-11.41.59-AM.jpeg'><img loading=\"lazy\" decoding=\"async\" width=\"150\" height=\"150\" src=\"https:\/\/revistacongresodigital.com\/wp-content\/uploads\/2026\/01\/WhatsApp-Image-2026-01-29-at-11.41.59-AM-150x150.jpeg\" class=\"attachment-thumbnail size-thumbnail\" alt=\"\" \/><\/a>\n<a data-elementor-open-lightbox=\"yes\" data-elementor-lightbox-slideshow=\"9b8a455\" data-elementor-lightbox-title=\"WhatsApp Image 2026-01-29 at 11.42.45 AM(1)\" data-e-action-hash=\"#elementor-action%3Aaction%3Dlightbox%26settings%3DeyJpZCI6NDE3NSwidXJsIjoiaHR0cHM6XC9cL3JldmlzdGFjb25ncmVzb2RpZ2l0YWwuY29tXC93cC1jb250ZW50XC91cGxvYWRzXC8yMDI2XC8wMVwvV2hhdHNBcHAtSW1hZ2UtMjAyNi0wMS0yOS1hdC0xMS40Mi40NS1BTTEuanBlZyIsInNsaWRlc2hvdyI6IjliOGE0NTUifQ%3D%3D\" href='https:\/\/revistacongresodigital.com\/wp-content\/uploads\/2026\/01\/WhatsApp-Image-2026-01-29-at-11.42.45-AM1.jpeg'><img loading=\"lazy\" decoding=\"async\" width=\"150\" height=\"150\" src=\"https:\/\/revistacongresodigital.com\/wp-content\/uploads\/2026\/01\/WhatsApp-Image-2026-01-29-at-11.42.45-AM1-150x150.jpeg\" class=\"attachment-thumbnail size-thumbnail\" alt=\"\" \/><\/a>\n<a data-elementor-open-lightbox=\"yes\" data-elementor-lightbox-slideshow=\"9b8a455\" data-elementor-lightbox-title=\"WhatsApp Image 2026-01-29 at 11.42.45 AM(2)\" data-e-action-hash=\"#elementor-action%3Aaction%3Dlightbox%26settings%3DeyJpZCI6NDE3NiwidXJsIjoiaHR0cHM6XC9cL3JldmlzdGFjb25ncmVzb2RpZ2l0YWwuY29tXC93cC1jb250ZW50XC91cGxvYWRzXC8yMDI2XC8wMVwvV2hhdHNBcHAtSW1hZ2UtMjAyNi0wMS0yOS1hdC0xMS40Mi40NS1BTTIuanBlZyIsInNsaWRlc2hvdyI6IjliOGE0NTUifQ%3D%3D\" href='https:\/\/revistacongresodigital.com\/wp-content\/uploads\/2026\/01\/WhatsApp-Image-2026-01-29-at-11.42.45-AM2.jpeg'><img loading=\"lazy\" decoding=\"async\" width=\"150\" height=\"150\" src=\"https:\/\/revistacongresodigital.com\/wp-content\/uploads\/2026\/01\/WhatsApp-Image-2026-01-29-at-11.42.45-AM2-150x150.jpeg\" class=\"attachment-thumbnail size-thumbnail\" alt=\"\" \/><\/a>\n<a data-elementor-open-lightbox=\"yes\" data-elementor-lightbox-slideshow=\"9b8a455\" data-elementor-lightbox-title=\"WhatsApp Image 2026-01-29 at 11.42.45 AM(3)\" data-e-action-hash=\"#elementor-action%3Aaction%3Dlightbox%26settings%3DeyJpZCI6NDE3NywidXJsIjoiaHR0cHM6XC9cL3JldmlzdGFjb25ncmVzb2RpZ2l0YWwuY29tXC93cC1jb250ZW50XC91cGxvYWRzXC8yMDI2XC8wMVwvV2hhdHNBcHAtSW1hZ2UtMjAyNi0wMS0yOS1hdC0xMS40Mi40NS1BTTMuanBlZyIsInNsaWRlc2hvdyI6IjliOGE0NTUifQ%3D%3D\" href='https:\/\/revistacongresodigital.com\/wp-content\/uploads\/2026\/01\/WhatsApp-Image-2026-01-29-at-11.42.45-AM3.jpeg'><img loading=\"lazy\" decoding=\"async\" width=\"150\" height=\"150\" src=\"https:\/\/revistacongresodigital.com\/wp-content\/uploads\/2026\/01\/WhatsApp-Image-2026-01-29-at-11.42.45-AM3-150x150.jpeg\" class=\"attachment-thumbnail size-thumbnail\" alt=\"\" \/><\/a>\n<a data-elementor-open-lightbox=\"yes\" data-elementor-lightbox-slideshow=\"9b8a455\" data-elementor-lightbox-title=\"WhatsApp Image 2026-01-29 at 11.41.43 AM\" data-e-action-hash=\"#elementor-action%3Aaction%3Dlightbox%26settings%3DeyJpZCI6NDE3MSwidXJsIjoiaHR0cHM6XC9cL3JldmlzdGFjb25ncmVzb2RpZ2l0YWwuY29tXC93cC1jb250ZW50XC91cGxvYWRzXC8yMDI2XC8wMVwvV2hhdHNBcHAtSW1hZ2UtMjAyNi0wMS0yOS1hdC0xMS40MS40My1BTS5qcGVnIiwic2xpZGVzaG93IjoiOWI4YTQ1NSJ9\" href='https:\/\/revistacongresodigital.com\/wp-content\/uploads\/2026\/01\/WhatsApp-Image-2026-01-29-at-11.41.43-AM.jpeg'><img loading=\"lazy\" decoding=\"async\" width=\"150\" height=\"150\" src=\"https:\/\/revistacongresodigital.com\/wp-content\/uploads\/2026\/01\/WhatsApp-Image-2026-01-29-at-11.41.43-AM-150x150.jpeg\" class=\"attachment-thumbnail size-thumbnail\" alt=\"\" \/><\/a>\n<a data-elementor-open-lightbox=\"yes\" data-elementor-lightbox-slideshow=\"9b8a455\" data-elementor-lightbox-title=\"WhatsApp Image 2026-01-29 at 11.41.42 AM(1)\" data-e-action-hash=\"#elementor-action%3Aaction%3Dlightbox%26settings%3DeyJpZCI6NDE2NSwidXJsIjoiaHR0cHM6XC9cL3JldmlzdGFjb25ncmVzb2RpZ2l0YWwuY29tXC93cC1jb250ZW50XC91cGxvYWRzXC8yMDI2XC8wMVwvV2hhdHNBcHAtSW1hZ2UtMjAyNi0wMS0yOS1hdC0xMS40MS40Mi1BTTEuanBlZyIsInNsaWRlc2hvdyI6IjliOGE0NTUifQ%3D%3D\" href='https:\/\/revistacongresodigital.com\/wp-content\/uploads\/2026\/01\/WhatsApp-Image-2026-01-29-at-11.41.42-AM1.jpeg'><img loading=\"lazy\" decoding=\"async\" width=\"150\" height=\"150\" src=\"https:\/\/revistacongresodigital.com\/wp-content\/uploads\/2026\/01\/WhatsApp-Image-2026-01-29-at-11.41.42-AM1-150x150.jpeg\" class=\"attachment-thumbnail size-thumbnail\" alt=\"\" \/><\/a>\n<a data-elementor-open-lightbox=\"yes\" data-elementor-lightbox-slideshow=\"9b8a455\" data-elementor-lightbox-title=\"WhatsApp Image 2026-01-29 at 11.41.41 AM\" data-e-action-hash=\"#elementor-action%3Aaction%3Dlightbox%26settings%3DeyJpZCI6NDE2NCwidXJsIjoiaHR0cHM6XC9cL3JldmlzdGFjb25ncmVzb2RpZ2l0YWwuY29tXC93cC1jb250ZW50XC91cGxvYWRzXC8yMDI2XC8wMVwvV2hhdHNBcHAtSW1hZ2UtMjAyNi0wMS0yOS1hdC0xMS40MS40MS1BTS5qcGVnIiwic2xpZGVzaG93IjoiOWI4YTQ1NSJ9\" href='https:\/\/revistacongresodigital.com\/wp-content\/uploads\/2026\/01\/WhatsApp-Image-2026-01-29-at-11.41.41-AM.jpeg'><img loading=\"lazy\" decoding=\"async\" width=\"150\" height=\"150\" src=\"https:\/\/revistacongresodigital.com\/wp-content\/uploads\/2026\/01\/WhatsApp-Image-2026-01-29-at-11.41.41-AM-150x150.jpeg\" class=\"attachment-thumbnail size-thumbnail\" alt=\"\" \/><\/a>\n<a data-elementor-open-lightbox=\"yes\" data-elementor-lightbox-slideshow=\"9b8a455\" data-elementor-lightbox-title=\"WhatsApp Image 2026-01-29 at 11.41.41 AM(1)\" data-e-action-hash=\"#elementor-action%3Aaction%3Dlightbox%26settings%3DeyJpZCI6NDE2MywidXJsIjoiaHR0cHM6XC9cL3JldmlzdGFjb25ncmVzb2RpZ2l0YWwuY29tXC93cC1jb250ZW50XC91cGxvYWRzXC8yMDI2XC8wMVwvV2hhdHNBcHAtSW1hZ2UtMjAyNi0wMS0yOS1hdC0xMS40MS40MS1BTTEuanBlZyIsInNsaWRlc2hvdyI6IjliOGE0NTUifQ%3D%3D\" href='https:\/\/revistacongresodigital.com\/wp-content\/uploads\/2026\/01\/WhatsApp-Image-2026-01-29-at-11.41.41-AM1.jpeg'><img loading=\"lazy\" decoding=\"async\" width=\"150\" height=\"150\" src=\"https:\/\/revistacongresodigital.com\/wp-content\/uploads\/2026\/01\/WhatsApp-Image-2026-01-29-at-11.41.41-AM1-150x150.jpeg\" class=\"attachment-thumbnail size-thumbnail\" alt=\"\" \/><\/a>\n\t\t<\/div>\n\t\t\t\t\t\t<\/div>\n\t\t\t\t<\/div>\n\t\t\t\t<div class=\"elementor-element elementor-element-13d1668 elementor-widget elementor-widget-counter\" data-id=\"13d1668\" data-element_type=\"widget\" data-e-type=\"widget\" data-widget_type=\"counter.default\">\n\t\t\t\t<div class=\"elementor-widget-container\">\n\t\t\t\t\t\t\t<div class=\"elementor-counter\">\n\t\t\t<div class=\"elementor-counter-title\">Visitas<\/div>\t\t\t<div class=\"elementor-counter-number-wrapper\">\n\t\t\t\t<span class=\"elementor-counter-number-prefix\"><\/span>\n\t\t\t\t<span class=\"elementor-counter-number\" data-duration=\"2000\" data-to-value=\"105\" data-from-value=\"0\" data-delimiter=\",\">0<\/span>\n\t\t\t\t<span class=\"elementor-counter-number-suffix\"><\/span>\n\t\t\t<\/div>\n\t\t<\/div>\n\t\t\t\t\t\t<\/div>\n\t\t\t\t<\/div>\n\t\t\t\t\t<\/div>\n\t\t<\/div>\n\t\t\t\t\t<\/div>\n\t\t<\/section>\n\t\t\t\t<section class=\"elementor-section elementor-top-section elementor-element elementor-element-00b86f2 elementor-section-boxed elementor-section-height-default elementor-section-height-default\" data-id=\"00b86f2\" data-element_type=\"section\" data-e-type=\"section\">\n\t\t\t\t\t\t<div class=\"elementor-container elementor-column-gap-default\">\n\t\t\t\t\t<div class=\"elementor-column elementor-col-100 elementor-top-column elementor-element elementor-element-355b298\" data-id=\"355b298\" data-element_type=\"column\" data-e-type=\"column\">\n\t\t\t<div class=\"elementor-widget-wrap elementor-element-populated\">\n\t\t\t\t\t\t<section class=\"elementor-section elementor-inner-section elementor-element elementor-element-ebd87ea elementor-section-boxed elementor-section-height-default elementor-section-height-default\" data-id=\"ebd87ea\" data-element_type=\"section\" data-e-type=\"section\">\n\t\t\t\t\t\t<div class=\"elementor-container elementor-column-gap-default\">\n\t\t\t\t\t<div class=\"elementor-column elementor-col-50 elementor-inner-column elementor-element elementor-element-6fc77fd\" data-id=\"6fc77fd\" data-element_type=\"column\" data-e-type=\"column\">\n\t\t\t<div class=\"elementor-widget-wrap\">\n\t\t\t\t\t\t\t<\/div>\n\t\t<\/div>\n\t\t\t\t<div class=\"elementor-column elementor-col-50 elementor-inner-column elementor-element elementor-element-7539a3c\" data-id=\"7539a3c\" data-element_type=\"column\" data-e-type=\"column\">\n\t\t\t<div class=\"elementor-widget-wrap\">\n\t\t\t\t\t\t\t<\/div>\n\t\t<\/div>\n\t\t\t\t\t<\/div>\n\t\t<\/section>\n\t\t\t\t\t<\/div>\n\t\t<\/div>\n\t\t\t\t\t<\/div>\n\t\t<\/section>\n\t\t\t\t<\/div>\n\t\t","protected":false},"excerpt":{"rendered":"<p>\u00bfPor qu\u00e9 la violencia se ensa\u00f1a contra los l\u00edderes sociales y defensores de derechos humanos en departamentos como Valle, Cauca, Nari\u00f1o y Choc\u00f3? Quitarles ni\u00f1os, ni\u00f1as y adolescentes a la&hellip; <\/p>\n","protected":false},"author":2,"featured_media":4173,"comment_status":"open","ping_status":"open","sticky":false,"template":"","format":"standard","meta":{"footnotes":""},"categories":[1],"tags":[],"class_list":["post-3515","post","type-post","status-publish","format-standard","has-post-thumbnail","hentry","category-sin-categoria"],"yoast_head":"<!-- This site is optimized with the Yoast SEO plugin v27.3 - https:\/\/yoast.com\/product\/yoast-seo-wordpress\/ -->\n<title>L\u00edderes Sociales Bajo Fuego: La Violencia Contra Defensores de Derechos Humanos en el Suroccidente Colombiano - Revista Congreso Digital<\/title>\n<meta name=\"robots\" content=\"index, follow, max-snippet:-1, max-image-preview:large, max-video-preview:-1\" \/>\n<link rel=\"canonical\" href=\"https:\/\/revistacongresodigital.com\/?p=3515\" \/>\n<meta property=\"og:locale\" content=\"es_ES\" \/>\n<meta property=\"og:type\" content=\"article\" \/>\n<meta property=\"og:title\" content=\"L\u00edderes Sociales Bajo Fuego: La Violencia Contra Defensores de Derechos Humanos en el Suroccidente Colombiano - Revista Congreso Digital\" \/>\n<meta property=\"og:description\" content=\"\u00bfPor qu\u00e9 la violencia se ensa\u00f1a contra los l\u00edderes sociales y defensores de derechos humanos en departamentos como Valle, Cauca, Nari\u00f1o y Choc\u00f3? Quitarles ni\u00f1os, ni\u00f1as y adolescentes a la&hellip;\" \/>\n<meta property=\"og:url\" content=\"https:\/\/revistacongresodigital.com\/?p=3515\" \/>\n<meta property=\"og:site_name\" content=\"Revista Congreso Digital\" \/>\n<meta property=\"article:published_time\" content=\"2026-01-30T10:50:49+00:00\" \/>\n<meta property=\"article:modified_time\" content=\"2026-01-30T16:57:28+00:00\" \/>\n<meta property=\"og:image\" content=\"http:\/\/revistacongresodigital.com\/wp-content\/uploads\/2026\/01\/WhatsApp-Image-2026-01-29-at-11.41.59-AM1.jpeg\" \/>\n\t<meta property=\"og:image:width\" content=\"1206\" \/>\n\t<meta property=\"og:image:height\" content=\"1181\" \/>\n\t<meta property=\"og:image:type\" content=\"image\/jpeg\" \/>\n<meta name=\"author\" content=\"Paola Pardo\" \/>\n<meta name=\"twitter:card\" content=\"summary_large_image\" \/>\n<meta name=\"twitter:label1\" content=\"Escrito por\" \/>\n\t<meta name=\"twitter:data1\" content=\"Paola Pardo\" \/>\n\t<meta name=\"twitter:label2\" content=\"Tiempo de lectura\" \/>\n\t<meta name=\"twitter:data2\" content=\"10 minutos\" \/>\n<script type=\"application\/ld+json\" class=\"yoast-schema-graph\">{\"@context\":\"https:\\\/\\\/schema.org\",\"@graph\":[{\"@type\":\"Article\",\"@id\":\"https:\\\/\\\/revistacongresodigital.com\\\/?p=3515#article\",\"isPartOf\":{\"@id\":\"https:\\\/\\\/revistacongresodigital.com\\\/?p=3515\"},\"author\":{\"name\":\"Paola Pardo\",\"@id\":\"https:\\\/\\\/www.revistacongresodigital.com\\\/#\\\/schema\\\/person\\\/48fdd26fc226b8cbb305dd638a8e6723\"},\"headline\":\"L\u00edderes Sociales Bajo Fuego: La Violencia Contra Defensores de Derechos Humanos en el Suroccidente Colombiano\",\"datePublished\":\"2026-01-30T10:50:49+00:00\",\"dateModified\":\"2026-01-30T16:57:28+00:00\",\"mainEntityOfPage\":{\"@id\":\"https:\\\/\\\/revistacongresodigital.com\\\/?p=3515\"},\"wordCount\":1247,\"commentCount\":0,\"publisher\":{\"@id\":\"https:\\\/\\\/www.revistacongresodigital.com\\\/#organization\"},\"image\":{\"@id\":\"https:\\\/\\\/revistacongresodigital.com\\\/?p=3515#primaryimage\"},\"thumbnailUrl\":\"https:\\\/\\\/revistacongresodigital.com\\\/wp-content\\\/uploads\\\/2026\\\/01\\\/WhatsApp-Image-2026-01-29-at-11.41.59-AM1.jpeg\",\"inLanguage\":\"es\",\"potentialAction\":[{\"@type\":\"CommentAction\",\"name\":\"Comment\",\"target\":[\"https:\\\/\\\/revistacongresodigital.com\\\/?p=3515#respond\"]}]},{\"@type\":\"WebPage\",\"@id\":\"https:\\\/\\\/revistacongresodigital.com\\\/?p=3515\",\"url\":\"https:\\\/\\\/revistacongresodigital.com\\\/?p=3515\",\"name\":\"L\u00edderes Sociales Bajo Fuego: La Violencia Contra Defensores de Derechos Humanos en el Suroccidente Colombiano - Revista Congreso Digital\",\"isPartOf\":{\"@id\":\"https:\\\/\\\/www.revistacongresodigital.com\\\/#website\"},\"primaryImageOfPage\":{\"@id\":\"https:\\\/\\\/revistacongresodigital.com\\\/?p=3515#primaryimage\"},\"image\":{\"@id\":\"https:\\\/\\\/revistacongresodigital.com\\\/?p=3515#primaryimage\"},\"thumbnailUrl\":\"https:\\\/\\\/revistacongresodigital.com\\\/wp-content\\\/uploads\\\/2026\\\/01\\\/WhatsApp-Image-2026-01-29-at-11.41.59-AM1.jpeg\",\"datePublished\":\"2026-01-30T10:50:49+00:00\",\"dateModified\":\"2026-01-30T16:57:28+00:00\",\"breadcrumb\":{\"@id\":\"https:\\\/\\\/revistacongresodigital.com\\\/?p=3515#breadcrumb\"},\"inLanguage\":\"es\",\"potentialAction\":[{\"@type\":\"ReadAction\",\"target\":[\"https:\\\/\\\/revistacongresodigital.com\\\/?p=3515\"]}]},{\"@type\":\"ImageObject\",\"inLanguage\":\"es\",\"@id\":\"https:\\\/\\\/revistacongresodigital.com\\\/?p=3515#primaryimage\",\"url\":\"https:\\\/\\\/revistacongresodigital.com\\\/wp-content\\\/uploads\\\/2026\\\/01\\\/WhatsApp-Image-2026-01-29-at-11.41.59-AM1.jpeg\",\"contentUrl\":\"https:\\\/\\\/revistacongresodigital.com\\\/wp-content\\\/uploads\\\/2026\\\/01\\\/WhatsApp-Image-2026-01-29-at-11.41.59-AM1.jpeg\",\"width\":1206,\"height\":1181},{\"@type\":\"BreadcrumbList\",\"@id\":\"https:\\\/\\\/revistacongresodigital.com\\\/?p=3515#breadcrumb\",\"itemListElement\":[{\"@type\":\"ListItem\",\"position\":1,\"name\":\"Portada\",\"item\":\"https:\\\/\\\/www.revistacongresodigital.com\\\/\"},{\"@type\":\"ListItem\",\"position\":2,\"name\":\"L\u00edderes Sociales Bajo Fuego: La Violencia Contra Defensores de Derechos Humanos en el Suroccidente Colombiano\"}]},{\"@type\":\"WebSite\",\"@id\":\"https:\\\/\\\/www.revistacongresodigital.com\\\/#website\",\"url\":\"https:\\\/\\\/www.revistacongresodigital.com\\\/\",\"name\":\"Revista Congreso Digital\",\"description\":\"Revista Congreso Digital\",\"publisher\":{\"@id\":\"https:\\\/\\\/www.revistacongresodigital.com\\\/#organization\"},\"potentialAction\":[{\"@type\":\"SearchAction\",\"target\":{\"@type\":\"EntryPoint\",\"urlTemplate\":\"https:\\\/\\\/www.revistacongresodigital.com\\\/?s={search_term_string}\"},\"query-input\":{\"@type\":\"PropertyValueSpecification\",\"valueRequired\":true,\"valueName\":\"search_term_string\"}}],\"inLanguage\":\"es\"},{\"@type\":\"Organization\",\"@id\":\"https:\\\/\\\/www.revistacongresodigital.com\\\/#organization\",\"name\":\"Revista Congreso Digital\",\"url\":\"https:\\\/\\\/www.revistacongresodigital.com\\\/\",\"logo\":{\"@type\":\"ImageObject\",\"inLanguage\":\"es\",\"@id\":\"https:\\\/\\\/www.revistacongresodigital.com\\\/#\\\/schema\\\/logo\\\/image\\\/\",\"url\":\"https:\\\/\\\/revistacongresodigital.com\\\/wp-content\\\/uploads\\\/2022\\\/03\\\/cropped-FIRMA-JP-e1648679804884.png\",\"contentUrl\":\"https:\\\/\\\/revistacongresodigital.com\\\/wp-content\\\/uploads\\\/2022\\\/03\\\/cropped-FIRMA-JP-e1648679804884.png\",\"width\":512,\"height\":512,\"caption\":\"Revista Congreso Digital\"},\"image\":{\"@id\":\"https:\\\/\\\/www.revistacongresodigital.com\\\/#\\\/schema\\\/logo\\\/image\\\/\"}},{\"@type\":\"Person\",\"@id\":\"https:\\\/\\\/www.revistacongresodigital.com\\\/#\\\/schema\\\/person\\\/48fdd26fc226b8cbb305dd638a8e6723\",\"name\":\"Paola Pardo\",\"image\":{\"@type\":\"ImageObject\",\"inLanguage\":\"es\",\"@id\":\"https:\\\/\\\/revistacongresodigital.com\\\/wp-content\\\/litespeed\\\/avatar\\\/f533aab78141e009c40006efb62d3767.jpg?ver=1777169215\",\"url\":\"https:\\\/\\\/revistacongresodigital.com\\\/wp-content\\\/litespeed\\\/avatar\\\/f533aab78141e009c40006efb62d3767.jpg?ver=1777169215\",\"contentUrl\":\"https:\\\/\\\/revistacongresodigital.com\\\/wp-content\\\/litespeed\\\/avatar\\\/f533aab78141e009c40006efb62d3767.jpg?ver=1777169215\",\"caption\":\"Paola Pardo\"},\"url\":\"https:\\\/\\\/revistacongresodigital.com\\\/?author=2\"}]}<\/script>\n<!-- \/ Yoast SEO plugin. -->","yoast_head_json":{"title":"L\u00edderes Sociales Bajo Fuego: La Violencia Contra Defensores de Derechos Humanos en el Suroccidente Colombiano - Revista Congreso Digital","robots":{"index":"index","follow":"follow","max-snippet":"max-snippet:-1","max-image-preview":"max-image-preview:large","max-video-preview":"max-video-preview:-1"},"canonical":"https:\/\/revistacongresodigital.com\/?p=3515","og_locale":"es_ES","og_type":"article","og_title":"L\u00edderes Sociales Bajo Fuego: La Violencia Contra Defensores de Derechos Humanos en el Suroccidente Colombiano - Revista Congreso Digital","og_description":"\u00bfPor qu\u00e9 la violencia se ensa\u00f1a contra los l\u00edderes sociales y defensores de derechos humanos en departamentos como Valle, Cauca, Nari\u00f1o y Choc\u00f3? Quitarles ni\u00f1os, ni\u00f1as y adolescentes a la&hellip;","og_url":"https:\/\/revistacongresodigital.com\/?p=3515","og_site_name":"Revista Congreso Digital","article_published_time":"2026-01-30T10:50:49+00:00","article_modified_time":"2026-01-30T16:57:28+00:00","og_image":[{"width":1206,"height":1181,"url":"http:\/\/revistacongresodigital.com\/wp-content\/uploads\/2026\/01\/WhatsApp-Image-2026-01-29-at-11.41.59-AM1.jpeg","type":"image\/jpeg"}],"author":"Paola Pardo","twitter_card":"summary_large_image","twitter_misc":{"Escrito por":"Paola Pardo","Tiempo de lectura":"10 minutos"},"schema":{"@context":"https:\/\/schema.org","@graph":[{"@type":"Article","@id":"https:\/\/revistacongresodigital.com\/?p=3515#article","isPartOf":{"@id":"https:\/\/revistacongresodigital.com\/?p=3515"},"author":{"name":"Paola Pardo","@id":"https:\/\/www.revistacongresodigital.com\/#\/schema\/person\/48fdd26fc226b8cbb305dd638a8e6723"},"headline":"L\u00edderes Sociales Bajo Fuego: La Violencia Contra Defensores de Derechos Humanos en el Suroccidente Colombiano","datePublished":"2026-01-30T10:50:49+00:00","dateModified":"2026-01-30T16:57:28+00:00","mainEntityOfPage":{"@id":"https:\/\/revistacongresodigital.com\/?p=3515"},"wordCount":1247,"commentCount":0,"publisher":{"@id":"https:\/\/www.revistacongresodigital.com\/#organization"},"image":{"@id":"https:\/\/revistacongresodigital.com\/?p=3515#primaryimage"},"thumbnailUrl":"https:\/\/revistacongresodigital.com\/wp-content\/uploads\/2026\/01\/WhatsApp-Image-2026-01-29-at-11.41.59-AM1.jpeg","inLanguage":"es","potentialAction":[{"@type":"CommentAction","name":"Comment","target":["https:\/\/revistacongresodigital.com\/?p=3515#respond"]}]},{"@type":"WebPage","@id":"https:\/\/revistacongresodigital.com\/?p=3515","url":"https:\/\/revistacongresodigital.com\/?p=3515","name":"L\u00edderes Sociales Bajo Fuego: La Violencia Contra Defensores de Derechos Humanos en el Suroccidente Colombiano - Revista Congreso Digital","isPartOf":{"@id":"https:\/\/www.revistacongresodigital.com\/#website"},"primaryImageOfPage":{"@id":"https:\/\/revistacongresodigital.com\/?p=3515#primaryimage"},"image":{"@id":"https:\/\/revistacongresodigital.com\/?p=3515#primaryimage"},"thumbnailUrl":"https:\/\/revistacongresodigital.com\/wp-content\/uploads\/2026\/01\/WhatsApp-Image-2026-01-29-at-11.41.59-AM1.jpeg","datePublished":"2026-01-30T10:50:49+00:00","dateModified":"2026-01-30T16:57:28+00:00","breadcrumb":{"@id":"https:\/\/revistacongresodigital.com\/?p=3515#breadcrumb"},"inLanguage":"es","potentialAction":[{"@type":"ReadAction","target":["https:\/\/revistacongresodigital.com\/?p=3515"]}]},{"@type":"ImageObject","inLanguage":"es","@id":"https:\/\/revistacongresodigital.com\/?p=3515#primaryimage","url":"https:\/\/revistacongresodigital.com\/wp-content\/uploads\/2026\/01\/WhatsApp-Image-2026-01-29-at-11.41.59-AM1.jpeg","contentUrl":"https:\/\/revistacongresodigital.com\/wp-content\/uploads\/2026\/01\/WhatsApp-Image-2026-01-29-at-11.41.59-AM1.jpeg","width":1206,"height":1181},{"@type":"BreadcrumbList","@id":"https:\/\/revistacongresodigital.com\/?p=3515#breadcrumb","itemListElement":[{"@type":"ListItem","position":1,"name":"Portada","item":"https:\/\/www.revistacongresodigital.com\/"},{"@type":"ListItem","position":2,"name":"L\u00edderes Sociales Bajo Fuego: La Violencia Contra Defensores de Derechos Humanos en el Suroccidente Colombiano"}]},{"@type":"WebSite","@id":"https:\/\/www.revistacongresodigital.com\/#website","url":"https:\/\/www.revistacongresodigital.com\/","name":"Revista Congreso Digital","description":"Revista Congreso Digital","publisher":{"@id":"https:\/\/www.revistacongresodigital.com\/#organization"},"potentialAction":[{"@type":"SearchAction","target":{"@type":"EntryPoint","urlTemplate":"https:\/\/www.revistacongresodigital.com\/?s={search_term_string}"},"query-input":{"@type":"PropertyValueSpecification","valueRequired":true,"valueName":"search_term_string"}}],"inLanguage":"es"},{"@type":"Organization","@id":"https:\/\/www.revistacongresodigital.com\/#organization","name":"Revista Congreso Digital","url":"https:\/\/www.revistacongresodigital.com\/","logo":{"@type":"ImageObject","inLanguage":"es","@id":"https:\/\/www.revistacongresodigital.com\/#\/schema\/logo\/image\/","url":"https:\/\/revistacongresodigital.com\/wp-content\/uploads\/2022\/03\/cropped-FIRMA-JP-e1648679804884.png","contentUrl":"https:\/\/revistacongresodigital.com\/wp-content\/uploads\/2022\/03\/cropped-FIRMA-JP-e1648679804884.png","width":512,"height":512,"caption":"Revista Congreso Digital"},"image":{"@id":"https:\/\/www.revistacongresodigital.com\/#\/schema\/logo\/image\/"}},{"@type":"Person","@id":"https:\/\/www.revistacongresodigital.com\/#\/schema\/person\/48fdd26fc226b8cbb305dd638a8e6723","name":"Paola Pardo","image":{"@type":"ImageObject","inLanguage":"es","@id":"https:\/\/revistacongresodigital.com\/wp-content\/litespeed\/avatar\/f533aab78141e009c40006efb62d3767.jpg?ver=1777169215","url":"https:\/\/revistacongresodigital.com\/wp-content\/litespeed\/avatar\/f533aab78141e009c40006efb62d3767.jpg?ver=1777169215","contentUrl":"https:\/\/revistacongresodigital.com\/wp-content\/litespeed\/avatar\/f533aab78141e009c40006efb62d3767.jpg?ver=1777169215","caption":"Paola Pardo"},"url":"https:\/\/revistacongresodigital.com\/?author=2"}]}},"_links":{"self":[{"href":"https:\/\/revistacongresodigital.com\/index.php?rest_route=\/wp\/v2\/posts\/3515","targetHints":{"allow":["GET"]}}],"collection":[{"href":"https:\/\/revistacongresodigital.com\/index.php?rest_route=\/wp\/v2\/posts"}],"about":[{"href":"https:\/\/revistacongresodigital.com\/index.php?rest_route=\/wp\/v2\/types\/post"}],"author":[{"embeddable":true,"href":"https:\/\/revistacongresodigital.com\/index.php?rest_route=\/wp\/v2\/users\/2"}],"replies":[{"embeddable":true,"href":"https:\/\/revistacongresodigital.com\/index.php?rest_route=%2Fwp%2Fv2%2Fcomments&post=3515"}],"version-history":[{"count":61,"href":"https:\/\/revistacongresodigital.com\/index.php?rest_route=\/wp\/v2\/posts\/3515\/revisions"}],"predecessor-version":[{"id":4187,"href":"https:\/\/revistacongresodigital.com\/index.php?rest_route=\/wp\/v2\/posts\/3515\/revisions\/4187"}],"wp:featuredmedia":[{"embeddable":true,"href":"https:\/\/revistacongresodigital.com\/index.php?rest_route=\/wp\/v2\/media\/4173"}],"wp:attachment":[{"href":"https:\/\/revistacongresodigital.com\/index.php?rest_route=%2Fwp%2Fv2%2Fmedia&parent=3515"}],"wp:term":[{"taxonomy":"category","embeddable":true,"href":"https:\/\/revistacongresodigital.com\/index.php?rest_route=%2Fwp%2Fv2%2Fcategories&post=3515"},{"taxonomy":"post_tag","embeddable":true,"href":"https:\/\/revistacongresodigital.com\/index.php?rest_route=%2Fwp%2Fv2%2Ftags&post=3515"}],"curies":[{"name":"wp","href":"https:\/\/api.w.org\/{rel}","templated":true}]}}