{"id":3480,"date":"2023-11-09T15:10:27","date_gmt":"2023-11-09T15:10:27","guid":{"rendered":"https:\/\/revistacongresodigital.com\/?p=3480"},"modified":"2024-09-12T20:53:10","modified_gmt":"2024-09-12T20:53:10","slug":"reclutamiento-forzado-de-menores-de-edad-no-da-tregua-no-es-no-porque-los-ninos-ninas-deben-ir-a-la-guerra","status":"publish","type":"post","link":"https:\/\/revistacongresodigital.com\/?p=3480","title":{"rendered":"La Manipulaci\u00f3n de los Medios de Comunicaci\u00f3n en Colombia"},"content":{"rendered":"\t\t<div data-elementor-type=\"wp-post\" data-elementor-id=\"3480\" class=\"elementor elementor-3480\">\n\t\t\t\t\t\t<section class=\"elementor-section elementor-top-section elementor-element elementor-element-2cbf716 elementor-section-boxed elementor-section-height-default elementor-section-height-default\" data-id=\"2cbf716\" data-element_type=\"section\" data-e-type=\"section\">\n\t\t\t\t\t\t<div class=\"elementor-container elementor-column-gap-default\">\n\t\t\t\t\t<div class=\"elementor-column elementor-col-100 elementor-top-column elementor-element elementor-element-655658b\" data-id=\"655658b\" data-element_type=\"column\" data-e-type=\"column\">\n\t\t\t<div class=\"elementor-widget-wrap elementor-element-populated\">\n\t\t\t\t\t\t<div class=\"elementor-element elementor-element-4d4c7bf elementor-drop-cap-yes elementor-drop-cap-view-stacked elementor-widget elementor-widget-text-editor\" data-id=\"4d4c7bf\" data-element_type=\"widget\" data-e-type=\"widget\" data-settings=\"{&quot;drop_cap&quot;:&quot;yes&quot;}\" data-widget_type=\"text-editor.default\">\n\t\t\t\t<div class=\"elementor-widget-container\">\n\t\t\t\t\t\t\t\t\t<p style=\"text-align: justify;\"><span style=\"font-family: 'Arial',sans-serif;\">La manipulaci\u00f3n de los medios de comunicaci\u00f3n en Colombia es un fen\u00f3meno que ha suscitado preocupaci\u00f3n en diversos sectores de la sociedad. La influencia indebida en la informaci\u00f3n y la construcci\u00f3n de narrativas sesgadas pueden tener consecuencias significativas en la opini\u00f3n p\u00fablica, la democracia y la percepci\u00f3n de los acontecimientos. Este informe busca analizar la situaci\u00f3n actual de la manipulaci\u00f3n medi\u00e1tica en Colombia.<\/span><\/p><p style=\"text-align: justify;\"><strong><span style=\"font-family: 'Arial',sans-serif;\">Concentraci\u00f3n de Propiedad:<\/span><\/strong><span style=\"font-family: 'Arial',sans-serif;\"> Una de las principales preocupaciones en cuanto a la manipulaci\u00f3n de los medios en Colombia es la alta concentraci\u00f3n de la propiedad medi\u00e1tica en manos de unos pocos conglomerados. Esto limita la diversidad de perspectivas y voces en el espacio medi\u00e1tico, dando lugar a un sesgo en la cobertura de noticias y eventos.<\/span><\/p><p style=\"text-align: justify;\"><strong><span style=\"font-family: 'Arial',sans-serif;\">Influencia Pol\u00edtica:<\/span><\/strong><span style=\"font-family: 'Arial',sans-serif;\"> La relaci\u00f3n entre los medios de comunicaci\u00f3n y el \u00e1mbito pol\u00edtico es otra \u00e1rea de preocupaci\u00f3n. La influencia pol\u00edtica puede manifestarse a trav\u00e9s de la propiedad de los medios, la publicidad gubernamental y la presi\u00f3n ejercida sobre periodistas para que presenten ciertas perspectivas. Esto puede afectar la imparcialidad y la objetividad en la cobertura de noticias pol\u00edticas.<\/span><\/p><p style=\"text-align: justify;\"><strong><span style=\"font-family: 'Arial',sans-serif;\">Control sobre la Agenda:<\/span><\/strong><span style=\"font-family: 'Arial',sans-serif;\"> La manipulaci\u00f3n medi\u00e1tica en Colombia tambi\u00e9n se observa en el control sobre la agenda informativa. La elecci\u00f3n selectiva de qu\u00e9 noticias se destacan y cu\u00e1les se ignoran puede moldear la percepci\u00f3n p\u00fablica de los eventos. La omisi\u00f3n de ciertos temas relevantes puede contribuir a una visi\u00f3n distorsionada de la realidad.<\/span><\/p><p style=\"text-align: justify;\"><strong><span style=\"font-family: 'Arial',sans-serif;\">Uso de T\u00e9cnicas Sensacionalistas:<\/span><\/strong><span style=\"font-family: 'Arial',sans-serif;\"> La competencia por la audiencia a menudo conduce a la utilizaci\u00f3n de t\u00e9cnicas sensacionalistas para aumentar la atenci\u00f3n y el rating. Esto puede distorsionar la gravedad de ciertos eventos y contribuir a la polarizaci\u00f3n, ya que se prioriza el entretenimiento sobre la informaci\u00f3n precisa y equilibrada.<\/span><\/p><p style=\"text-align: justify;\"><strong><span style=\"font-family: 'Arial',sans-serif;\">Falta de \u00c9tica Period\u00edstica:<\/span><\/strong><span style=\"font-family: 'Arial',sans-serif;\"> La falta de \u00e9tica period\u00edstica es otra preocupaci\u00f3n. La publicaci\u00f3n de informaci\u00f3n no verificada, la difusi\u00f3n de rumores sin base y la falta de transparencia en la fuente de la informaci\u00f3n contribuyen a la desinformaci\u00f3n y socavan la confianza en los medios de comunicaci\u00f3n.<\/span><\/p><p style=\"text-align: justify;\"><strong><span style=\"font-family: 'Arial',sans-serif;\">Conclusiones:<\/span><\/strong><span style=\"font-family: 'Arial',sans-serif;\"> La manipulaci\u00f3n de los medios de comunicaci\u00f3n en Colombia es un problema complejo que abarca desde la concentraci\u00f3n de la propiedad hasta la falta de \u00e9tica period\u00edstica. Estos problemas plantean desaf\u00edos para la construcci\u00f3n de una sociedad informada y participativa. Para abordar estas cuestiones, es crucial promover la diversidad de voces, la transparencia en la propiedad medi\u00e1tica y el fortalecimiento de est\u00e1ndares \u00e9ticos en el periodismo. Adem\u00e1s, la sociedad civil y las instituciones deben jugar un papel activo en la vigilancia y denuncia de pr\u00e1cticas manipuladoras para garantizar un entorno medi\u00e1tico m\u00e1s justo y equitativo.<\/span><\/p>\t\t\t\t\t\t\t\t<\/div>\n\t\t\t\t<\/div>\n\t\t\t\t\t<\/div>\n\t\t<\/div>\n\t\t\t\t\t<\/div>\n\t\t<\/section>\n\t\t\t\t<section class=\"elementor-section elementor-top-section elementor-element elementor-element-4554234 elementor-section-boxed elementor-section-height-default elementor-section-height-default\" data-id=\"4554234\" data-element_type=\"section\" data-e-type=\"section\">\n\t\t\t\t\t\t<div class=\"elementor-container elementor-column-gap-default\">\n\t\t\t\t\t<div class=\"elementor-column elementor-col-100 elementor-top-column elementor-element elementor-element-98dafd7\" data-id=\"98dafd7\" data-element_type=\"column\" data-e-type=\"column\">\n\t\t\t<div class=\"elementor-widget-wrap elementor-element-populated\">\n\t\t\t\t\t\t<div class=\"elementor-element elementor-element-6c5864e elementor-widget elementor-widget-image-gallery\" data-id=\"6c5864e\" data-element_type=\"widget\" data-e-type=\"widget\" data-widget_type=\"image-gallery.default\">\n\t\t\t\t<div class=\"elementor-widget-container\">\n\t\t\t\t\t\t\t<div class=\"elementor-image-gallery\">\n\t\t\t\n<a data-elementor-open-lightbox=\"yes\" data-elementor-lightbox-slideshow=\"6c5864e\" data-elementor-lightbox-title=\"ardila-lule\" data-e-action-hash=\"#elementor-action%3Aaction%3Dlightbox%26settings%3DeyJpZCI6Mzg2NCwidXJsIjoiaHR0cHM6XC9cL3JldmlzdGFjb25ncmVzb2RpZ2l0YWwuY29tXC93cC1jb250ZW50XC91cGxvYWRzXC8yMDIzXC8xMVwvYXJkaWxhLWx1bGUud2VicCIsInNsaWRlc2hvdyI6IjZjNTg2NGUifQ%3D%3D\" href='https:\/\/revistacongresodigital.com\/wp-content\/uploads\/2023\/11\/ardila-lule.webp'><img fetchpriority=\"high\" decoding=\"async\" width=\"300\" height=\"242\" src=\"https:\/\/revistacongresodigital.com\/wp-content\/uploads\/2023\/11\/ardila-lule-300x242.webp\" class=\"attachment-medium size-medium\" alt=\"\" srcset=\"https:\/\/revistacongresodigital.com\/wp-content\/uploads\/2023\/11\/ardila-lule-300x242.webp 300w, https:\/\/revistacongresodigital.com\/wp-content\/uploads\/2023\/11\/ardila-lule.webp 558w\" sizes=\"(max-width: 300px) 100vw, 300px\" \/><\/a>\n<a data-elementor-open-lightbox=\"yes\" data-elementor-lightbox-slideshow=\"6c5864e\" data-elementor-lightbox-title=\"Controlan_Medios_Comunicaci\u00f3n_Colombia_2\" data-e-action-hash=\"#elementor-action%3Aaction%3Dlightbox%26settings%3DeyJpZCI6Mzg2NSwidXJsIjoiaHR0cHM6XC9cL3JldmlzdGFjb25ncmVzb2RpZ2l0YWwuY29tXC93cC1jb250ZW50XC91cGxvYWRzXC8yMDIzXC8xMVwvQ29udHJvbGFuX01lZGlvc19Db211bmljYWNpb25fQ29sb21iaWFfMi5qcGciLCJzbGlkZXNob3ciOiI2YzU4NjRlIn0%3D\" href='https:\/\/revistacongresodigital.com\/wp-content\/uploads\/2023\/11\/Controlan_Medios_Comunicacion_Colombia_2.jpg'><img decoding=\"async\" width=\"288\" height=\"300\" src=\"https:\/\/revistacongresodigital.com\/wp-content\/uploads\/2023\/11\/Controlan_Medios_Comunicacion_Colombia_2-288x300.jpg\" class=\"attachment-medium size-medium\" alt=\"\" srcset=\"https:\/\/revistacongresodigital.com\/wp-content\/uploads\/2023\/11\/Controlan_Medios_Comunicacion_Colombia_2-288x300.jpg 288w, https:\/\/revistacongresodigital.com\/wp-content\/uploads\/2023\/11\/Controlan_Medios_Comunicacion_Colombia_2.jpg 700w\" sizes=\"(max-width: 288px) 100vw, 288px\" \/><\/a>\n<a data-elementor-open-lightbox=\"yes\" data-elementor-lightbox-slideshow=\"6c5864e\" data-elementor-lightbox-title=\"Controlan_Medios_Comunicaci\u00f3n_Colombia_4\" data-e-action-hash=\"#elementor-action%3Aaction%3Dlightbox%26settings%3DeyJpZCI6Mzg2NiwidXJsIjoiaHR0cHM6XC9cL3JldmlzdGFjb25ncmVzb2RpZ2l0YWwuY29tXC93cC1jb250ZW50XC91cGxvYWRzXC8yMDIzXC8xMVwvQ29udHJvbGFuX01lZGlvc19Db211bmljYWNpb25fQ29sb21iaWFfNC5qcGciLCJzbGlkZXNob3ciOiI2YzU4NjRlIn0%3D\" href='https:\/\/revistacongresodigital.com\/wp-content\/uploads\/2023\/11\/Controlan_Medios_Comunicacion_Colombia_4.jpg'><img decoding=\"async\" width=\"300\" height=\"300\" src=\"https:\/\/revistacongresodigital.com\/wp-content\/uploads\/2023\/11\/Controlan_Medios_Comunicacion_Colombia_4-300x300.jpg\" class=\"attachment-medium size-medium\" alt=\"\" srcset=\"https:\/\/revistacongresodigital.com\/wp-content\/uploads\/2023\/11\/Controlan_Medios_Comunicacion_Colombia_4-300x300.jpg 300w, https:\/\/revistacongresodigital.com\/wp-content\/uploads\/2023\/11\/Controlan_Medios_Comunicacion_Colombia_4-150x150.jpg 150w, https:\/\/revistacongresodigital.com\/wp-content\/uploads\/2023\/11\/Controlan_Medios_Comunicacion_Colombia_4.jpg 423w\" sizes=\"(max-width: 300px) 100vw, 300px\" \/><\/a>\n<a data-elementor-open-lightbox=\"yes\" data-elementor-lightbox-slideshow=\"6c5864e\" data-elementor-lightbox-title=\"Medios\" data-e-action-hash=\"#elementor-action%3Aaction%3Dlightbox%26settings%3DeyJpZCI6Mzg2NywidXJsIjoiaHR0cHM6XC9cL3JldmlzdGFjb25ncmVzb2RpZ2l0YWwuY29tXC93cC1jb250ZW50XC91cGxvYWRzXC8yMDIzXC8xMVwvTWVkaW9zLmpwZyIsInNsaWRlc2hvdyI6IjZjNTg2NGUifQ%3D%3D\" href='https:\/\/revistacongresodigital.com\/wp-content\/uploads\/2023\/11\/Medios.jpg'><img loading=\"lazy\" decoding=\"async\" width=\"300\" height=\"171\" src=\"https:\/\/revistacongresodigital.com\/wp-content\/uploads\/2023\/11\/Medios-300x171.jpg\" class=\"attachment-medium size-medium\" alt=\"\" srcset=\"https:\/\/revistacongresodigital.com\/wp-content\/uploads\/2023\/11\/Medios-300x171.jpg 300w, https:\/\/revistacongresodigital.com\/wp-content\/uploads\/2023\/11\/Medios.jpg 769w\" sizes=\"(max-width: 300px) 100vw, 300px\" \/><\/a>\n\t\t<\/div>\n\t\t\t\t\t\t<\/div>\n\t\t\t\t<\/div>\n\t\t\t\t<div class=\"elementor-element elementor-element-4924bb6 elementor-widget elementor-widget-counter\" data-id=\"4924bb6\" data-element_type=\"widget\" data-e-type=\"widget\" data-widget_type=\"counter.default\">\n\t\t\t\t<div class=\"elementor-widget-container\">\n\t\t\t\t\t\t\t<div class=\"elementor-counter\">\n\t\t\t<div class=\"elementor-counter-title\">VISITAS<\/div>\t\t\t<div class=\"elementor-counter-number-wrapper\">\n\t\t\t\t<span class=\"elementor-counter-number-prefix\"><\/span>\n\t\t\t\t<span class=\"elementor-counter-number\" data-duration=\"2000\" data-to-value=\"1252689\" data-from-value=\"0\" data-delimiter=\",\">0<\/span>\n\t\t\t\t<span class=\"elementor-counter-number-suffix\"><\/span>\n\t\t\t<\/div>\n\t\t<\/div>\n\t\t\t\t\t\t<\/div>\n\t\t\t\t<\/div>\n\t\t\t\t\t<\/div>\n\t\t<\/div>\n\t\t\t\t\t<\/div>\n\t\t<\/section>\n\t\t\t\t<\/div>\n\t\t","protected":false},"excerpt":{"rendered":"<p>La manipulaci\u00f3n de los medios de comunicaci\u00f3n en Colombia es un fen\u00f3meno que ha suscitado preocupaci\u00f3n en diversos sectores de la sociedad. La influencia indebida en la informaci\u00f3n y la&hellip; <\/p>\n","protected":false},"author":2,"featured_media":3872,"comment_status":"open","ping_status":"open","sticky":false,"template":"","format":"standard","meta":{"footnotes":""},"categories":[1],"tags":[],"class_list":["post-3480","post","type-post","status-publish","format-standard","has-post-thumbnail","hentry","category-sin-categoria"],"yoast_head":"<!-- This site is optimized with the Yoast SEO plugin v27.3 - https:\/\/yoast.com\/product\/yoast-seo-wordpress\/ -->\n<title>La Manipulaci\u00f3n de los Medios de Comunicaci\u00f3n en Colombia - Revista Congreso Digital<\/title>\n<meta name=\"robots\" content=\"index, follow, max-snippet:-1, max-image-preview:large, max-video-preview:-1\" \/>\n<link rel=\"canonical\" href=\"https:\/\/www.revistacongresodigital.com\/?p=3480\" \/>\n<meta property=\"og:locale\" content=\"es_ES\" \/>\n<meta property=\"og:type\" content=\"article\" \/>\n<meta property=\"og:title\" content=\"La Manipulaci\u00f3n de los Medios de Comunicaci\u00f3n en Colombia - Revista Congreso Digital\" \/>\n<meta property=\"og:description\" content=\"La manipulaci\u00f3n de los medios de comunicaci\u00f3n en Colombia es un fen\u00f3meno que ha suscitado preocupaci\u00f3n en diversos sectores de la sociedad. La influencia indebida en la informaci\u00f3n y la&hellip;\" \/>\n<meta property=\"og:url\" content=\"https:\/\/www.revistacongresodigital.com\/?p=3480\" \/>\n<meta property=\"og:site_name\" content=\"Revista Congreso Digital\" \/>\n<meta property=\"article:published_time\" content=\"2023-11-09T15:10:27+00:00\" \/>\n<meta property=\"article:modified_time\" content=\"2024-09-12T20:53:10+00:00\" \/>\n<meta property=\"og:image\" content=\"https:\/\/www.revistacongresodigital.com\/wp-content\/uploads\/2023\/11\/MediosCom-.webp\" \/>\n\t<meta property=\"og:image:width\" content=\"700\" \/>\n\t<meta property=\"og:image:height\" content=\"500\" \/>\n\t<meta property=\"og:image:type\" content=\"image\/webp\" \/>\n<meta name=\"author\" content=\"Paola Pardo\" \/>\n<meta name=\"twitter:card\" content=\"summary_large_image\" \/>\n<meta name=\"twitter:label1\" content=\"Escrito por\" \/>\n\t<meta name=\"twitter:data1\" content=\"Paola Pardo\" \/>\n\t<meta name=\"twitter:label2\" content=\"Tiempo de lectura\" \/>\n\t<meta name=\"twitter:data2\" content=\"3 minutos\" \/>\n<script type=\"application\/ld+json\" class=\"yoast-schema-graph\">{\"@context\":\"https:\\\/\\\/schema.org\",\"@graph\":[{\"@type\":\"Article\",\"@id\":\"https:\\\/\\\/www.revistacongresodigital.com\\\/?p=3480#article\",\"isPartOf\":{\"@id\":\"https:\\\/\\\/www.revistacongresodigital.com\\\/?p=3480\"},\"author\":{\"name\":\"Paola Pardo\",\"@id\":\"https:\\\/\\\/www.revistacongresodigital.com\\\/#\\\/schema\\\/person\\\/48fdd26fc226b8cbb305dd638a8e6723\"},\"headline\":\"La Manipulaci\u00f3n de los Medios de Comunicaci\u00f3n en Colombia\",\"datePublished\":\"2023-11-09T15:10:27+00:00\",\"dateModified\":\"2024-09-12T20:53:10+00:00\",\"mainEntityOfPage\":{\"@id\":\"https:\\\/\\\/www.revistacongresodigital.com\\\/?p=3480\"},\"wordCount\":500,\"commentCount\":0,\"publisher\":{\"@id\":\"https:\\\/\\\/www.revistacongresodigital.com\\\/#organization\"},\"image\":{\"@id\":\"https:\\\/\\\/www.revistacongresodigital.com\\\/?p=3480#primaryimage\"},\"thumbnailUrl\":\"https:\\\/\\\/revistacongresodigital.com\\\/wp-content\\\/uploads\\\/2023\\\/11\\\/MediosCom-.webp\",\"inLanguage\":\"es\",\"potentialAction\":[{\"@type\":\"CommentAction\",\"name\":\"Comment\",\"target\":[\"https:\\\/\\\/www.revistacongresodigital.com\\\/?p=3480#respond\"]}]},{\"@type\":\"WebPage\",\"@id\":\"https:\\\/\\\/www.revistacongresodigital.com\\\/?p=3480\",\"url\":\"https:\\\/\\\/www.revistacongresodigital.com\\\/?p=3480\",\"name\":\"La Manipulaci\u00f3n de los Medios de Comunicaci\u00f3n en Colombia - Revista Congreso Digital\",\"isPartOf\":{\"@id\":\"https:\\\/\\\/www.revistacongresodigital.com\\\/#website\"},\"primaryImageOfPage\":{\"@id\":\"https:\\\/\\\/www.revistacongresodigital.com\\\/?p=3480#primaryimage\"},\"image\":{\"@id\":\"https:\\\/\\\/www.revistacongresodigital.com\\\/?p=3480#primaryimage\"},\"thumbnailUrl\":\"https:\\\/\\\/revistacongresodigital.com\\\/wp-content\\\/uploads\\\/2023\\\/11\\\/MediosCom-.webp\",\"datePublished\":\"2023-11-09T15:10:27+00:00\",\"dateModified\":\"2024-09-12T20:53:10+00:00\",\"breadcrumb\":{\"@id\":\"https:\\\/\\\/www.revistacongresodigital.com\\\/?p=3480#breadcrumb\"},\"inLanguage\":\"es\",\"potentialAction\":[{\"@type\":\"ReadAction\",\"target\":[\"https:\\\/\\\/www.revistacongresodigital.com\\\/?p=3480\"]}]},{\"@type\":\"ImageObject\",\"inLanguage\":\"es\",\"@id\":\"https:\\\/\\\/www.revistacongresodigital.com\\\/?p=3480#primaryimage\",\"url\":\"https:\\\/\\\/revistacongresodigital.com\\\/wp-content\\\/uploads\\\/2023\\\/11\\\/MediosCom-.webp\",\"contentUrl\":\"https:\\\/\\\/revistacongresodigital.com\\\/wp-content\\\/uploads\\\/2023\\\/11\\\/MediosCom-.webp\",\"width\":700,\"height\":500},{\"@type\":\"BreadcrumbList\",\"@id\":\"https:\\\/\\\/www.revistacongresodigital.com\\\/?p=3480#breadcrumb\",\"itemListElement\":[{\"@type\":\"ListItem\",\"position\":1,\"name\":\"Portada\",\"item\":\"https:\\\/\\\/www.revistacongresodigital.com\\\/\"},{\"@type\":\"ListItem\",\"position\":2,\"name\":\"La Manipulaci\u00f3n de los Medios de Comunicaci\u00f3n en Colombia\"}]},{\"@type\":\"WebSite\",\"@id\":\"https:\\\/\\\/www.revistacongresodigital.com\\\/#website\",\"url\":\"https:\\\/\\\/www.revistacongresodigital.com\\\/\",\"name\":\"Revista Congreso Digital\",\"description\":\"Revista Congreso Digital\",\"publisher\":{\"@id\":\"https:\\\/\\\/www.revistacongresodigital.com\\\/#organization\"},\"potentialAction\":[{\"@type\":\"SearchAction\",\"target\":{\"@type\":\"EntryPoint\",\"urlTemplate\":\"https:\\\/\\\/www.revistacongresodigital.com\\\/?s={search_term_string}\"},\"query-input\":{\"@type\":\"PropertyValueSpecification\",\"valueRequired\":true,\"valueName\":\"search_term_string\"}}],\"inLanguage\":\"es\"},{\"@type\":\"Organization\",\"@id\":\"https:\\\/\\\/www.revistacongresodigital.com\\\/#organization\",\"name\":\"Revista Congreso Digital\",\"url\":\"https:\\\/\\\/www.revistacongresodigital.com\\\/\",\"logo\":{\"@type\":\"ImageObject\",\"inLanguage\":\"es\",\"@id\":\"https:\\\/\\\/www.revistacongresodigital.com\\\/#\\\/schema\\\/logo\\\/image\\\/\",\"url\":\"https:\\\/\\\/revistacongresodigital.com\\\/wp-content\\\/uploads\\\/2022\\\/03\\\/cropped-FIRMA-JP-e1648679804884.png\",\"contentUrl\":\"https:\\\/\\\/revistacongresodigital.com\\\/wp-content\\\/uploads\\\/2022\\\/03\\\/cropped-FIRMA-JP-e1648679804884.png\",\"width\":512,\"height\":512,\"caption\":\"Revista Congreso Digital\"},\"image\":{\"@id\":\"https:\\\/\\\/www.revistacongresodigital.com\\\/#\\\/schema\\\/logo\\\/image\\\/\"}},{\"@type\":\"Person\",\"@id\":\"https:\\\/\\\/www.revistacongresodigital.com\\\/#\\\/schema\\\/person\\\/48fdd26fc226b8cbb305dd638a8e6723\",\"name\":\"Paola Pardo\",\"image\":{\"@type\":\"ImageObject\",\"inLanguage\":\"es\",\"@id\":\"https:\\\/\\\/revistacongresodigital.com\\\/wp-content\\\/litespeed\\\/avatar\\\/f533aab78141e009c40006efb62d3767.jpg?ver=1777169215\",\"url\":\"https:\\\/\\\/revistacongresodigital.com\\\/wp-content\\\/litespeed\\\/avatar\\\/f533aab78141e009c40006efb62d3767.jpg?ver=1777169215\",\"contentUrl\":\"https:\\\/\\\/revistacongresodigital.com\\\/wp-content\\\/litespeed\\\/avatar\\\/f533aab78141e009c40006efb62d3767.jpg?ver=1777169215\",\"caption\":\"Paola Pardo\"},\"url\":\"https:\\\/\\\/revistacongresodigital.com\\\/?author=2\"}]}<\/script>\n<!-- \/ Yoast SEO plugin. -->","yoast_head_json":{"title":"La Manipulaci\u00f3n de los Medios de Comunicaci\u00f3n en Colombia - Revista Congreso Digital","robots":{"index":"index","follow":"follow","max-snippet":"max-snippet:-1","max-image-preview":"max-image-preview:large","max-video-preview":"max-video-preview:-1"},"canonical":"https:\/\/www.revistacongresodigital.com\/?p=3480","og_locale":"es_ES","og_type":"article","og_title":"La Manipulaci\u00f3n de los Medios de Comunicaci\u00f3n en Colombia - Revista Congreso Digital","og_description":"La manipulaci\u00f3n de los medios de comunicaci\u00f3n en Colombia es un fen\u00f3meno que ha suscitado preocupaci\u00f3n en diversos sectores de la sociedad. La influencia indebida en la informaci\u00f3n y la&hellip;","og_url":"https:\/\/www.revistacongresodigital.com\/?p=3480","og_site_name":"Revista Congreso Digital","article_published_time":"2023-11-09T15:10:27+00:00","article_modified_time":"2024-09-12T20:53:10+00:00","og_image":[{"width":700,"height":500,"url":"https:\/\/www.revistacongresodigital.com\/wp-content\/uploads\/2023\/11\/MediosCom-.webp","type":"image\/webp"}],"author":"Paola Pardo","twitter_card":"summary_large_image","twitter_misc":{"Escrito por":"Paola Pardo","Tiempo de lectura":"3 minutos"},"schema":{"@context":"https:\/\/schema.org","@graph":[{"@type":"Article","@id":"https:\/\/www.revistacongresodigital.com\/?p=3480#article","isPartOf":{"@id":"https:\/\/www.revistacongresodigital.com\/?p=3480"},"author":{"name":"Paola Pardo","@id":"https:\/\/www.revistacongresodigital.com\/#\/schema\/person\/48fdd26fc226b8cbb305dd638a8e6723"},"headline":"La Manipulaci\u00f3n de los Medios de Comunicaci\u00f3n en Colombia","datePublished":"2023-11-09T15:10:27+00:00","dateModified":"2024-09-12T20:53:10+00:00","mainEntityOfPage":{"@id":"https:\/\/www.revistacongresodigital.com\/?p=3480"},"wordCount":500,"commentCount":0,"publisher":{"@id":"https:\/\/www.revistacongresodigital.com\/#organization"},"image":{"@id":"https:\/\/www.revistacongresodigital.com\/?p=3480#primaryimage"},"thumbnailUrl":"https:\/\/revistacongresodigital.com\/wp-content\/uploads\/2023\/11\/MediosCom-.webp","inLanguage":"es","potentialAction":[{"@type":"CommentAction","name":"Comment","target":["https:\/\/www.revistacongresodigital.com\/?p=3480#respond"]}]},{"@type":"WebPage","@id":"https:\/\/www.revistacongresodigital.com\/?p=3480","url":"https:\/\/www.revistacongresodigital.com\/?p=3480","name":"La Manipulaci\u00f3n de los Medios de Comunicaci\u00f3n en Colombia - Revista Congreso Digital","isPartOf":{"@id":"https:\/\/www.revistacongresodigital.com\/#website"},"primaryImageOfPage":{"@id":"https:\/\/www.revistacongresodigital.com\/?p=3480#primaryimage"},"image":{"@id":"https:\/\/www.revistacongresodigital.com\/?p=3480#primaryimage"},"thumbnailUrl":"https:\/\/revistacongresodigital.com\/wp-content\/uploads\/2023\/11\/MediosCom-.webp","datePublished":"2023-11-09T15:10:27+00:00","dateModified":"2024-09-12T20:53:10+00:00","breadcrumb":{"@id":"https:\/\/www.revistacongresodigital.com\/?p=3480#breadcrumb"},"inLanguage":"es","potentialAction":[{"@type":"ReadAction","target":["https:\/\/www.revistacongresodigital.com\/?p=3480"]}]},{"@type":"ImageObject","inLanguage":"es","@id":"https:\/\/www.revistacongresodigital.com\/?p=3480#primaryimage","url":"https:\/\/revistacongresodigital.com\/wp-content\/uploads\/2023\/11\/MediosCom-.webp","contentUrl":"https:\/\/revistacongresodigital.com\/wp-content\/uploads\/2023\/11\/MediosCom-.webp","width":700,"height":500},{"@type":"BreadcrumbList","@id":"https:\/\/www.revistacongresodigital.com\/?p=3480#breadcrumb","itemListElement":[{"@type":"ListItem","position":1,"name":"Portada","item":"https:\/\/www.revistacongresodigital.com\/"},{"@type":"ListItem","position":2,"name":"La Manipulaci\u00f3n de los Medios de Comunicaci\u00f3n en Colombia"}]},{"@type":"WebSite","@id":"https:\/\/www.revistacongresodigital.com\/#website","url":"https:\/\/www.revistacongresodigital.com\/","name":"Revista Congreso Digital","description":"Revista Congreso Digital","publisher":{"@id":"https:\/\/www.revistacongresodigital.com\/#organization"},"potentialAction":[{"@type":"SearchAction","target":{"@type":"EntryPoint","urlTemplate":"https:\/\/www.revistacongresodigital.com\/?s={search_term_string}"},"query-input":{"@type":"PropertyValueSpecification","valueRequired":true,"valueName":"search_term_string"}}],"inLanguage":"es"},{"@type":"Organization","@id":"https:\/\/www.revistacongresodigital.com\/#organization","name":"Revista Congreso Digital","url":"https:\/\/www.revistacongresodigital.com\/","logo":{"@type":"ImageObject","inLanguage":"es","@id":"https:\/\/www.revistacongresodigital.com\/#\/schema\/logo\/image\/","url":"https:\/\/revistacongresodigital.com\/wp-content\/uploads\/2022\/03\/cropped-FIRMA-JP-e1648679804884.png","contentUrl":"https:\/\/revistacongresodigital.com\/wp-content\/uploads\/2022\/03\/cropped-FIRMA-JP-e1648679804884.png","width":512,"height":512,"caption":"Revista Congreso Digital"},"image":{"@id":"https:\/\/www.revistacongresodigital.com\/#\/schema\/logo\/image\/"}},{"@type":"Person","@id":"https:\/\/www.revistacongresodigital.com\/#\/schema\/person\/48fdd26fc226b8cbb305dd638a8e6723","name":"Paola Pardo","image":{"@type":"ImageObject","inLanguage":"es","@id":"https:\/\/revistacongresodigital.com\/wp-content\/litespeed\/avatar\/f533aab78141e009c40006efb62d3767.jpg?ver=1777169215","url":"https:\/\/revistacongresodigital.com\/wp-content\/litespeed\/avatar\/f533aab78141e009c40006efb62d3767.jpg?ver=1777169215","contentUrl":"https:\/\/revistacongresodigital.com\/wp-content\/litespeed\/avatar\/f533aab78141e009c40006efb62d3767.jpg?ver=1777169215","caption":"Paola Pardo"},"url":"https:\/\/revistacongresodigital.com\/?author=2"}]}},"_links":{"self":[{"href":"https:\/\/revistacongresodigital.com\/index.php?rest_route=\/wp\/v2\/posts\/3480","targetHints":{"allow":["GET"]}}],"collection":[{"href":"https:\/\/revistacongresodigital.com\/index.php?rest_route=\/wp\/v2\/posts"}],"about":[{"href":"https:\/\/revistacongresodigital.com\/index.php?rest_route=\/wp\/v2\/types\/post"}],"author":[{"embeddable":true,"href":"https:\/\/revistacongresodigital.com\/index.php?rest_route=\/wp\/v2\/users\/2"}],"replies":[{"embeddable":true,"href":"https:\/\/revistacongresodigital.com\/index.php?rest_route=%2Fwp%2Fv2%2Fcomments&post=3480"}],"version-history":[{"count":40,"href":"https:\/\/revistacongresodigital.com\/index.php?rest_route=\/wp\/v2\/posts\/3480\/revisions"}],"predecessor-version":[{"id":4082,"href":"https:\/\/revistacongresodigital.com\/index.php?rest_route=\/wp\/v2\/posts\/3480\/revisions\/4082"}],"wp:featuredmedia":[{"embeddable":true,"href":"https:\/\/revistacongresodigital.com\/index.php?rest_route=\/wp\/v2\/media\/3872"}],"wp:attachment":[{"href":"https:\/\/revistacongresodigital.com\/index.php?rest_route=%2Fwp%2Fv2%2Fmedia&parent=3480"}],"wp:term":[{"taxonomy":"category","embeddable":true,"href":"https:\/\/revistacongresodigital.com\/index.php?rest_route=%2Fwp%2Fv2%2Fcategories&post=3480"},{"taxonomy":"post_tag","embeddable":true,"href":"https:\/\/revistacongresodigital.com\/index.php?rest_route=%2Fwp%2Fv2%2Ftags&post=3480"}],"curies":[{"name":"wp","href":"https:\/\/api.w.org\/{rel}","templated":true}]}}