{"id":27,"date":"2021-04-24T09:26:57","date_gmt":"2021-04-24T09:26:57","guid":{"rendered":"http:\/\/themes.tielabs.com\/sahifa5\/?p=27"},"modified":"2022-04-12T19:16:55","modified_gmt":"2022-04-12T19:16:55","slug":"last-chance-to-save-50-off-this-stunning-ring","status":"publish","type":"post","link":"https:\/\/revistacongresodigital.com\/?p=27","title":{"rendered":"COMISIONES LEGALES"},"content":{"rendered":"\t\t<div data-elementor-type=\"wp-post\" data-elementor-id=\"27\" class=\"elementor elementor-27\">\n\t\t\t\t\t\t<section class=\"elementor-section elementor-top-section elementor-element elementor-element-45f3e348 elementor-section-boxed elementor-section-height-default elementor-section-height-default\" data-id=\"45f3e348\" data-element_type=\"section\" data-e-type=\"section\">\n\t\t\t\t\t\t<div class=\"elementor-container elementor-column-gap-default\">\n\t\t\t\t\t<div class=\"elementor-column elementor-col-100 elementor-top-column elementor-element elementor-element-3422b16\" data-id=\"3422b16\" data-element_type=\"column\" data-e-type=\"column\">\n\t\t\t<div class=\"elementor-widget-wrap elementor-element-populated\">\n\t\t\t\t\t\t<div class=\"elementor-element elementor-element-506f80bb elementor-widget elementor-widget-text-editor\" data-id=\"506f80bb\" data-element_type=\"widget\" data-e-type=\"widget\" data-widget_type=\"text-editor.default\">\n\t\t\t\t<div class=\"elementor-widget-container\">\n\t\t\t\t\t\t\t\t\t<p><strong>FUNCIONES.<\/strong>\u00a0La Comisi\u00f3n de Derechos Humanos y Audiencias tendr\u00e1 la:<\/p>\n<p>1a. La defensa de los derechos humana\u00a0 cuyas garant\u00edas sean vulneradas o desconocidas. En cumplimiento de esta funci\u00f3n informar\u00e1 a las Plenarias de cada una de las C\u00e1maras sobre los resultados alcanzados.<\/p>\n<p>2a. La vigilancia y control sobre toda autoridad encargada de velar por el respeto de los derechos humanos, as\u00ed como la promoci\u00f3n de las acciones pertinentes para que, en caso de incumplimiento, se apliquen las sanciones penales y disciplinarias correspondientes.<\/p>\n<p>3a. La celebraci\u00f3n de audiencias especiales en las que los ciudadanos y representantes de gremios, colegios de profesionales, asociaciones c\u00edvicas y sociales, puedan exponer temas de inter\u00e9s para la sociedad y el conocimiento del Congreso.<br \/>En las audiencias, que ser\u00e1n p\u00fablicas, se escuchar\u00e1 a los distintos sectores de la opini\u00f3n nacional sobre aspectos de la legislaci\u00f3n existente y sobre los proyectos que cursan en las C\u00e1maras Legislativas, a fin de transmitir las iniciativas de car\u00e1cter popular.<\/p>\n<p>4a. Tramitar las observaciones que por escrito hagan llegar los ciudadanos con respecto a un proyecto de ley o de acto legislativo.<\/p>\n<p>5.\u00a0<cite title=\"Numeral adicionado por el art\u00edculo 1 de la Ley 1202 de 2008. \">Numeral adicionado por el art\u00edculo 1 de la Ley 1202 de 2008.<\/cite>\u00a0El nuevo texto es el siguiente Realizar el seguimiento del ejercicio real y efectivo de los derechos de las mujeres en los \u00e1mbitos p\u00fablicos y privados en los que se desarrollen.<br \/>Realizar la promoci\u00f3n y difusi\u00f3n de los instrumentos normativos para la protecci\u00f3n y ejercicio de los derechos de las mujeres, as\u00ed como preparar la elaboraci\u00f3n de proyectos de ley para proteger a la mujer en el ejercicio de sus derechos y la adecuaci\u00f3n de la legislaci\u00f3n a las normas internacionales en la materia.<\/p>\n<div id=\"sppb-ac-heading-1562893603609-key-1\" class=\"sppb-panel-heading active\" aria-expanded=\"false\" aria-controls=\"sppb-ac-content-1562893603609-key-1\"><strong><span class=\"sppb-panel-title\" aria-label=\"COMISI\u00d3N DE \u00c9TICA Y ESTATUTO DEL CONGRESISTA\">COMISI\u00d3N DE \u00c9TICA Y ESTATUTO DEL CONGRESISTA<\/span><\/strong><\/div>\n<div id=\"sppb-ac-content-1562893603609-key-1\" class=\"sppb-panel-collapse\" aria-labelledby=\"sppb-ac-heading-1562893603609-key-1\">\n<div class=\"sppb-panel-body\">\n<div id=\"sppb-addon-1562893603194\" class=\"clearfix\">\n<div class=\"sppb-addon sppb-addon-text-block  \">\n<div class=\"sppb-addon-content\">\n<p><strong>FUNCIONES:<\/strong>\u00a0La Comisi\u00f3n de \u00c9tica y Estatuto del Congresista conocer\u00e1 del conflicto de inter\u00e9s y de las violaciones al r\u00e9gimen de incompatibilidades e inhabilidades de los Congresistas. As\u00ed mismo, del comportamiento indecoroso, irregular o inmoral que pueda afectar a alguno de los miembros de las C\u00e1maras en su gesti\u00f3n p\u00fablica, de conformidad con el C\u00f3digo de \u00c9tica y Disciplinario expedido por el Congreso.<br \/>As\u00ed mismo, esta c\u00e9lula congresual se ha orientado al fortalecimiento de principios, valores, \u00e9ticos y morales, lucha contra la corrupci\u00f3n y acciones dirigidas a recuperar la credibilidad de nuestra instituci\u00f3n, a trav\u00e9s de programas acad\u00e9micos que permiten espacios de discusi\u00f3n sobre la problem\u00e1tica actual, con el apoyo de la Escuela Superior de Administraci\u00f3n P\u00fablica \u201cESAP\u201d.<\/p>\n<\/div>\n<\/div>\n<\/div>\n<\/div>\n<\/div>\n\n\n<h2 class=\"wp-block-heading\"><strong>COMISI\u00d3N PARA LA EQUIDAD DE LA MUJER<\/strong><\/h2>\n\n\n\n<p><strong>FUNCIONES.<\/strong>&nbsp;La Comisi\u00f3n para la Equidad de la Mujer tendr\u00e1 las siguientes funciones:<\/p>\n\n\n\n<p>1. Elaborar propuestas legislativas que garanticen la realizaci\u00f3n de los derechos humanos, civiles, pol\u00edticos, econ\u00f3micos, sociales y culturales de las mujeres, con el acompa\u00f1amiento de organizaciones y grupos de mujeres, centros de investigaci\u00f3n y dem\u00e1s organizaciones que defienden los derechos de las mujeres.<\/p>\n\n\n\n<p>2. Ejercer el control pol\u00edtico a los diversos entes del Estado en relaci\u00f3n con la formulaci\u00f3n y desarrollo de planes, programas, proyectos y pol\u00edticas p\u00fablicas dirigidas al reconocimiento, promoci\u00f3n, realizaci\u00f3n, ampliaci\u00f3n, protecci\u00f3n y restituci\u00f3n de los derechos civiles, pol\u00edticos, econ\u00f3micos, sociales y culturales de las mujeres y el cumplimiento por parte del Estado de los tratados, convenios, protocolos y recomendaciones de organismos internacionales.<\/p>\n\n\n\n<p>3. Promover la participaci\u00f3n de las mujeres en los cargos de elecci\u00f3n popular y en las instancias de direcci\u00f3n y decisi\u00f3n dentro de las diferentes Ramas del Poder P\u00fablico, \u00f3rganos de la estructura del Estado, partidos y movimientos pol\u00edticos.<\/p>\n\n\n\n<p>4. Ser interlocutoras de las organizaciones y grupos de mujeres, ante las Ramas del Poder P\u00fablico y dem\u00e1s \u00f3rganos de la estructura del Estado, para canalizar sus demandas, conocer sus expectativas y tramitar las soluciones pertinentes a la realizaci\u00f3n de los derechos de las mujeres.<\/p>\n\n\n\n<p>5. Hacer seguimiento a los procesos de verdad, justicia, reparaci\u00f3n integral y no repetici\u00f3n, para que los delitos cometidos contra las mujeres y las ni\u00f1as en el marco del conflicto armado interno no queden en la impunidad.<\/p>\n\n\n\n<p>6. Hacer seguimiento sobre los resultados de los procesos de investigaci\u00f3n y\/o sanci\u00f3n existentes en los distintos entes de control, relacionados con las violaciones de los derechos civiles, pol\u00edticos, econ\u00f3micos, sociales, culturales y a la integridad f\u00edsica y sexual de las mujeres.<\/p>\n\n\n\n<p>7. Participar activamente en el fortalecimiento de las redes internacionales de mujeres parlamentarias, para la promoci\u00f3n de la ciudadan\u00eda plena de las mujeres de nuestra regi\u00f3n y del resto del mundo.<\/p>\n\n\n\n<p>8. Promover y celebrar audiencias p\u00fablicas, foros, seminarios, simposios, encuentros, mesas de trabajo, conversatorios y dem\u00e1s estrategias de comunicaci\u00f3n para desarrollar, informar y divulgar los temas relacionados con los derechos de las mujeres, la legislaci\u00f3n vigente, las pol\u00edticas p\u00fablicas existentes y los proyectos de ley que cursen en las C\u00e1maras Legislativas.<\/p>\n\n\n\n<p>9. Tramitar ante las Comisiones Constitucionales las observaciones, adiciones y modificaciones que por escrito hagan llegar a la Comisi\u00f3n para la Equidad de la Mujer, las y los ciudadanos con respecto a proyectos de ley o de actos legislativos alusivos a los derechos humanos, civiles, pol\u00edticos, econ\u00f3micos, sociales y culturales de las mujeres.<\/p>\n\n\n\n<p>10. Promover iniciativas y acciones que contribuyan a la promoci\u00f3n y reconocimiento del trabajo y los aportes que hacen las mujeres a la econom\u00eda, la cultura y la pol\u00edtica en el pa\u00eds.<\/p>\n\n\n\n<p>11. Promover en el sector privado acciones que favorezcan la equidad para las mujeres en el \u00e1mbito laboral y social.<\/p>\n\n\n\n<p>12. Presentar informes anuales a las Plenarias de las C\u00e1maras y a la sociedad civil al t\u00e9rmino de cada legislatura, sobre el desarrollo de su misi\u00f3n institucional.<\/p>\n\n\n\n<p>13. Solicitar el acompa\u00f1amiento interinstitucional de organismos nacionales e internacionales, entidades p\u00fablicas o privadas y asociaciones de mujeres para el desarrollo de su misi\u00f3n institucional, desarrollar proyectos de investigaci\u00f3n, de promoci\u00f3n, defensa y divulgaci\u00f3n de los derechos civiles, pol\u00edticos, econ\u00f3micos, sociales y culturales de las mujeres.<\/p>\n\n\n\n<p>14. Todas las dem\u00e1s funciones que determine la ley.<\/p>\n\n\n\n<h2 class=\"wp-block-heading\"><strong>COMISI\u00d3N LEGAL DE SEGUIMIENTO A LAS ACTIVIDADES DE INTELIGENCIA Y CONTRAINTELIGENCIA.<\/strong><\/h2>\n\n\n\n<p><strong>FUNCIONES.<\/strong>&nbsp;Son funciones y facultades de la Comisi\u00f3n Legal de Seguimiento a las Actividades de Inteligencia y Contrainteligencia:<\/p>\n\n\n\n<p>a. Producir un informe anual reservado dirigido al Presidente de la Rep\u00fablica, que d\u00e9 cuenta del cumplimiento de los controles contenidos en la presente ley y formule recomendaciones para el mejoramiento del ejercicio de las actividades de inteligencia y contrainteligencia, teniendo en cuenta la salvaguarda de la informaci\u00f3n que afecte la seguridad y la defensa nacional;<\/p>\n\n\n\n<p>b. Emitir opiniones y conceptos sobre cualquier proyecto de ley relacionado con la materia;<\/p>\n\n\n\n<p>c. Emitir un concepto sobre el Informe de Auditor\u00eda de los gastos reservados elaborado por la Contralor\u00eda General de la Rep\u00fablica;<\/p>\n\n\n\n<p>d. Solicitar a la Junta de Inteligencia Conjunta un informe anual de la ejecuci\u00f3n general de gastos reservados que d\u00e9 cuenta del cumplimiento de los objetivos del Plan Nacional de Inteligencia;<\/p>\n\n\n\n<p>e. Hacer seguimiento a las recomendaciones incluidas dentro del informe anual del literal a. del presente art\u00edculo;<\/p>\n\n\n\n<p>f. Proponer moci\u00f3n de observaci\u00f3n respecto de los Directores de los organismos de inteligencia por asuntos relacionados con funciones propias del cargo o por desatenci\u00f3n a los requerimientos y citaciones de la Comisi\u00f3n, o moci\u00f3n de censura a los Ministros del ramo correspondiente<\/p>\n\n\n\n<h2 class=\"wp-block-heading\"><strong>LA COMISI\u00d3N LEGAL PARA LA PROTECCI\u00d3N DE LOS DERECHOS DE LAS COMUNIDADES NEGRAS O POBLACI\u00d3N AFROCOLOMBIANA<\/strong><\/h2>\n\n\n\n<p><strong>FUNCIONES.<\/strong>&nbsp;Son funciones y facultades de la Comisi\u00f3n.&nbsp;<\/p>\n\n\n\n<p>1. Elaborar y presentar propuestas legislativas que garanticen los derechos generales y especiales de las comunidades negras o poblaci\u00f3n afrocolombiana, acorde a la Constituci\u00f3n Pol\u00edtica y a los tratados internacionales que reconocen a los pueblos afrocolombianos su especial protecci\u00f3n.<\/p>\n\n\n\n<p>2. Ejercer control pol\u00edtico sobre el Gobierno nacional, sin perjuicio del control pol\u00edtico que puede ejercer cualquier congresista en todo lo relacionado con la atenci\u00f3n a las comunidades negras o poblaci\u00f3n afrocolombiana, especialmente en el \u00e1mbito de la pol\u00edtica diferencial y la acci\u00f3n sin da\u00f1o, adem\u00e1s de ejercer el control pol\u00edtico sobre los informes de rendici\u00f3n de cuentas que el Gobierno colombiano debe entregar al Sistema Internacional y al Sistema Interamericano de Derechos Humanos sobre la protecci\u00f3n de la poblaci\u00f3n.<\/p>\n\n\n\n<p>3. Vigilar el cumplimiento de los compromisos locales, regionales, nacionales e internacionales suscritos por el Gobierno nacional para la defensa y protecci\u00f3n de los derechos e intereses de las comunidades negras o poblaci\u00f3n afrocolombiana.<\/p>\n\n\n\n<p>4. Promover la participaci\u00f3n de las comunidades negras o poblaci\u00f3n afrocolombiana, en la toma de las decisiones que las afectan en todos los \u00e1mbitos de la administraci\u00f3n nacional, as\u00ed como en la vida econ\u00f3mica, pol\u00edtica, cultural y social del pa\u00eds.<\/p>\n\n\n\n<p>5. Servir de canal de interlocuci\u00f3n entre las comunidades negras o poblaci\u00f3n afrocolombiana y el Congreso de la Rep\u00fablica, para garantizar los derechos de la misma sobre los proyectos de ley, de reforma constitucional y los actos de control pol\u00edtico que se adelanten y que involucren directa o indirectamente a esta poblaci\u00f3n.<\/p>\n\n\n\n<p>6. Presentar informes anuales a las plenarias de las C\u00e1maras y a la sociedad civil al t\u00e9rmino de cada legislatura sobre el desarrollo de su misi\u00f3n institucional en beneficio de las comunidades negras o poblaci\u00f3n afrocolombiana.<\/p>\n\n\n\n<p>7. Elegir la Mesa Directiva de la Comisi\u00f3n Legal.<\/p>\n\n\n\n<p>8. Hacer control y seguimiento a la implementaci\u00f3n efectiva de las pol\u00edticas p\u00fablicas relacionadas con la protecci\u00f3n de los derechos de las comunidades negras o poblaci\u00f3n afrocolombiana.<\/p>\n\n\n\n<p>9. Velar para que, en el proceso de discusi\u00f3n aprobaci\u00f3n del Plan Nacional de Desarrollo y del Presupuesto General de la Naci\u00f3n, se incluyan programas, proyectos, presupuesto y acciones que permitan el goce efectivo de derechos de las comunidades negras o poblaci\u00f3n afrocolombiana.<\/p>\n\n\n\n<p>10. Conferir menciones honor\u00edficas y reconocimientos o la labor desarrollado por organizaciones sociales, no gubernamentales, instituciones, empresas o personas, entre otros; que adelanten actividades en defensa, promoci\u00f3n, protecci\u00f3n y\/o implementaci\u00f3n de los derechos de las comunidades negros o poblaci\u00f3n afrocolombiana.<\/p>\n\n\n\n<p>11. Todas las dem\u00e1s funciones que determine la ley.<\/p>\n\n\n\n<h2 class=\"wp-block-heading\"><strong>COMISI\u00d3N DE INSTRUCCI\u00d3N<\/strong><\/h2>\n\n\n\n<p><strong>FUNCIONES:<\/strong>&nbsp;Son funciones y facultades de la comisi\u00f3n:&nbsp;<\/p>\n\n\n\n<p>1 &#8211; Presentar un informe motivado con el proyecto de resoluci\u00f3n que deba adoptarse cuando la C\u00e1mara formule acusaci\u00f3n ante el Senado en uso de las atribuciones consagradas en el art\u00edculo 178, numeral 3o., de la Constituci\u00f3n Pol\u00edtica.<\/p>\n\n\n\n<p>2 &#8211; Instruir el proceso correspondiente, si fuere el caso.<\/p>\n\t\t\t\t\t\t\t\t<\/div>\n\t\t\t\t<\/div>\n\t\t\t\t\t<\/div>\n\t\t<\/div>\n\t\t\t\t\t<\/div>\n\t\t<\/section>\n\t\t\t\t<\/div>\n\t\t","protected":false},"excerpt":{"rendered":"<p>FUNCIONES.\u00a0La Comisi\u00f3n de Derechos Humanos y Audiencias tendr\u00e1 la: 1a. La defensa de los derechos humana\u00a0 cuyas garant\u00edas sean vulneradas o desconocidas. En cumplimiento de esta funci\u00f3n informar\u00e1 a las&hellip; <\/p>\n","protected":false},"author":3,"featured_media":0,"comment_status":"closed","ping_status":"open","sticky":false,"template":"","format":"standard","meta":{"footnotes":""},"categories":[43],"tags":[],"class_list":["post-27","post","type-post","status-publish","format-standard","hentry","category-comisiones"],"yoast_head":"<!-- This site is optimized with the Yoast SEO plugin v27.3 - https:\/\/yoast.com\/product\/yoast-seo-wordpress\/ -->\n<title>COMISIONES LEGALES - Revista Congreso Digital<\/title>\n<meta name=\"robots\" content=\"index, follow, max-snippet:-1, max-image-preview:large, max-video-preview:-1\" \/>\n<link rel=\"canonical\" href=\"https:\/\/www.revistacongresodigital.com\/?p=27\" \/>\n<meta property=\"og:locale\" content=\"es_ES\" \/>\n<meta property=\"og:type\" content=\"article\" \/>\n<meta property=\"og:title\" content=\"COMISIONES LEGALES - Revista Congreso Digital\" \/>\n<meta property=\"og:description\" content=\"FUNCIONES.\u00a0La Comisi\u00f3n de Derechos Humanos y Audiencias tendr\u00e1 la: 1a. La defensa de los derechos humana\u00a0 cuyas garant\u00edas sean vulneradas o desconocidas. En cumplimiento de esta funci\u00f3n informar\u00e1 a las&hellip;\" \/>\n<meta property=\"og:url\" content=\"https:\/\/www.revistacongresodigital.com\/?p=27\" \/>\n<meta property=\"og:site_name\" content=\"Revista Congreso Digital\" \/>\n<meta property=\"article:published_time\" content=\"2021-04-24T09:26:57+00:00\" \/>\n<meta property=\"article:modified_time\" content=\"2022-04-12T19:16:55+00:00\" \/>\n<meta name=\"author\" content=\"victor llanos\" \/>\n<meta name=\"twitter:card\" content=\"summary_large_image\" \/>\n<meta name=\"twitter:label1\" content=\"Escrito por\" \/>\n\t<meta name=\"twitter:data1\" content=\"victor llanos\" \/>\n\t<meta name=\"twitter:label2\" content=\"Tiempo de lectura\" \/>\n\t<meta name=\"twitter:data2\" content=\"9 minutos\" \/>\n<script type=\"application\/ld+json\" class=\"yoast-schema-graph\">{\"@context\":\"https:\\\/\\\/schema.org\",\"@graph\":[{\"@type\":\"Article\",\"@id\":\"https:\\\/\\\/www.revistacongresodigital.com\\\/?p=27#article\",\"isPartOf\":{\"@id\":\"https:\\\/\\\/www.revistacongresodigital.com\\\/?p=27\"},\"author\":{\"name\":\"victor llanos\",\"@id\":\"https:\\\/\\\/www.revistacongresodigital.com\\\/#\\\/schema\\\/person\\\/248dac8d5a278ce133073b146973daeb\"},\"headline\":\"COMISIONES LEGALES\",\"datePublished\":\"2021-04-24T09:26:57+00:00\",\"dateModified\":\"2022-04-12T19:16:55+00:00\",\"mainEntityOfPage\":{\"@id\":\"https:\\\/\\\/www.revistacongresodigital.com\\\/?p=27\"},\"wordCount\":1822,\"publisher\":{\"@id\":\"https:\\\/\\\/www.revistacongresodigital.com\\\/#organization\"},\"articleSection\":[\"COMISIONES\"],\"inLanguage\":\"es\"},{\"@type\":\"WebPage\",\"@id\":\"https:\\\/\\\/www.revistacongresodigital.com\\\/?p=27\",\"url\":\"https:\\\/\\\/www.revistacongresodigital.com\\\/?p=27\",\"name\":\"COMISIONES LEGALES - Revista Congreso Digital\",\"isPartOf\":{\"@id\":\"https:\\\/\\\/www.revistacongresodigital.com\\\/#website\"},\"datePublished\":\"2021-04-24T09:26:57+00:00\",\"dateModified\":\"2022-04-12T19:16:55+00:00\",\"breadcrumb\":{\"@id\":\"https:\\\/\\\/www.revistacongresodigital.com\\\/?p=27#breadcrumb\"},\"inLanguage\":\"es\",\"potentialAction\":[{\"@type\":\"ReadAction\",\"target\":[\"https:\\\/\\\/www.revistacongresodigital.com\\\/?p=27\"]}]},{\"@type\":\"BreadcrumbList\",\"@id\":\"https:\\\/\\\/www.revistacongresodigital.com\\\/?p=27#breadcrumb\",\"itemListElement\":[{\"@type\":\"ListItem\",\"position\":1,\"name\":\"Portada\",\"item\":\"https:\\\/\\\/www.revistacongresodigital.com\\\/\"},{\"@type\":\"ListItem\",\"position\":2,\"name\":\"COMISIONES LEGALES\"}]},{\"@type\":\"WebSite\",\"@id\":\"https:\\\/\\\/www.revistacongresodigital.com\\\/#website\",\"url\":\"https:\\\/\\\/www.revistacongresodigital.com\\\/\",\"name\":\"Revista Congreso Digital\",\"description\":\"Revista Congreso Digital\",\"publisher\":{\"@id\":\"https:\\\/\\\/www.revistacongresodigital.com\\\/#organization\"},\"potentialAction\":[{\"@type\":\"SearchAction\",\"target\":{\"@type\":\"EntryPoint\",\"urlTemplate\":\"https:\\\/\\\/www.revistacongresodigital.com\\\/?s={search_term_string}\"},\"query-input\":{\"@type\":\"PropertyValueSpecification\",\"valueRequired\":true,\"valueName\":\"search_term_string\"}}],\"inLanguage\":\"es\"},{\"@type\":\"Organization\",\"@id\":\"https:\\\/\\\/www.revistacongresodigital.com\\\/#organization\",\"name\":\"Revista Congreso Digital\",\"url\":\"https:\\\/\\\/www.revistacongresodigital.com\\\/\",\"logo\":{\"@type\":\"ImageObject\",\"inLanguage\":\"es\",\"@id\":\"https:\\\/\\\/www.revistacongresodigital.com\\\/#\\\/schema\\\/logo\\\/image\\\/\",\"url\":\"https:\\\/\\\/revistacongresodigital.com\\\/wp-content\\\/uploads\\\/2022\\\/03\\\/cropped-FIRMA-JP-e1648679804884.png\",\"contentUrl\":\"https:\\\/\\\/revistacongresodigital.com\\\/wp-content\\\/uploads\\\/2022\\\/03\\\/cropped-FIRMA-JP-e1648679804884.png\",\"width\":512,\"height\":512,\"caption\":\"Revista Congreso Digital\"},\"image\":{\"@id\":\"https:\\\/\\\/www.revistacongresodigital.com\\\/#\\\/schema\\\/logo\\\/image\\\/\"}},{\"@type\":\"Person\",\"@id\":\"https:\\\/\\\/www.revistacongresodigital.com\\\/#\\\/schema\\\/person\\\/248dac8d5a278ce133073b146973daeb\",\"name\":\"victor llanos\",\"image\":{\"@type\":\"ImageObject\",\"inLanguage\":\"es\",\"@id\":\"https:\\\/\\\/revistacongresodigital.com\\\/wp-content\\\/litespeed\\\/avatar\\\/0aa58a63733ef2a778942c0043fd27a1.jpg?ver=1777151316\",\"url\":\"https:\\\/\\\/revistacongresodigital.com\\\/wp-content\\\/litespeed\\\/avatar\\\/0aa58a63733ef2a778942c0043fd27a1.jpg?ver=1777151316\",\"contentUrl\":\"https:\\\/\\\/revistacongresodigital.com\\\/wp-content\\\/litespeed\\\/avatar\\\/0aa58a63733ef2a778942c0043fd27a1.jpg?ver=1777151316\",\"caption\":\"victor llanos\"},\"url\":\"https:\\\/\\\/revistacongresodigital.com\\\/?author=3\"}]}<\/script>\n<!-- \/ Yoast SEO plugin. -->","yoast_head_json":{"title":"COMISIONES LEGALES - Revista Congreso Digital","robots":{"index":"index","follow":"follow","max-snippet":"max-snippet:-1","max-image-preview":"max-image-preview:large","max-video-preview":"max-video-preview:-1"},"canonical":"https:\/\/www.revistacongresodigital.com\/?p=27","og_locale":"es_ES","og_type":"article","og_title":"COMISIONES LEGALES - Revista Congreso Digital","og_description":"FUNCIONES.\u00a0La Comisi\u00f3n de Derechos Humanos y Audiencias tendr\u00e1 la: 1a. La defensa de los derechos humana\u00a0 cuyas garant\u00edas sean vulneradas o desconocidas. En cumplimiento de esta funci\u00f3n informar\u00e1 a las&hellip;","og_url":"https:\/\/www.revistacongresodigital.com\/?p=27","og_site_name":"Revista Congreso Digital","article_published_time":"2021-04-24T09:26:57+00:00","article_modified_time":"2022-04-12T19:16:55+00:00","author":"victor llanos","twitter_card":"summary_large_image","twitter_misc":{"Escrito por":"victor llanos","Tiempo de lectura":"9 minutos"},"schema":{"@context":"https:\/\/schema.org","@graph":[{"@type":"Article","@id":"https:\/\/www.revistacongresodigital.com\/?p=27#article","isPartOf":{"@id":"https:\/\/www.revistacongresodigital.com\/?p=27"},"author":{"name":"victor llanos","@id":"https:\/\/www.revistacongresodigital.com\/#\/schema\/person\/248dac8d5a278ce133073b146973daeb"},"headline":"COMISIONES LEGALES","datePublished":"2021-04-24T09:26:57+00:00","dateModified":"2022-04-12T19:16:55+00:00","mainEntityOfPage":{"@id":"https:\/\/www.revistacongresodigital.com\/?p=27"},"wordCount":1822,"publisher":{"@id":"https:\/\/www.revistacongresodigital.com\/#organization"},"articleSection":["COMISIONES"],"inLanguage":"es"},{"@type":"WebPage","@id":"https:\/\/www.revistacongresodigital.com\/?p=27","url":"https:\/\/www.revistacongresodigital.com\/?p=27","name":"COMISIONES LEGALES - Revista Congreso Digital","isPartOf":{"@id":"https:\/\/www.revistacongresodigital.com\/#website"},"datePublished":"2021-04-24T09:26:57+00:00","dateModified":"2022-04-12T19:16:55+00:00","breadcrumb":{"@id":"https:\/\/www.revistacongresodigital.com\/?p=27#breadcrumb"},"inLanguage":"es","potentialAction":[{"@type":"ReadAction","target":["https:\/\/www.revistacongresodigital.com\/?p=27"]}]},{"@type":"BreadcrumbList","@id":"https:\/\/www.revistacongresodigital.com\/?p=27#breadcrumb","itemListElement":[{"@type":"ListItem","position":1,"name":"Portada","item":"https:\/\/www.revistacongresodigital.com\/"},{"@type":"ListItem","position":2,"name":"COMISIONES LEGALES"}]},{"@type":"WebSite","@id":"https:\/\/www.revistacongresodigital.com\/#website","url":"https:\/\/www.revistacongresodigital.com\/","name":"Revista Congreso Digital","description":"Revista Congreso Digital","publisher":{"@id":"https:\/\/www.revistacongresodigital.com\/#organization"},"potentialAction":[{"@type":"SearchAction","target":{"@type":"EntryPoint","urlTemplate":"https:\/\/www.revistacongresodigital.com\/?s={search_term_string}"},"query-input":{"@type":"PropertyValueSpecification","valueRequired":true,"valueName":"search_term_string"}}],"inLanguage":"es"},{"@type":"Organization","@id":"https:\/\/www.revistacongresodigital.com\/#organization","name":"Revista Congreso Digital","url":"https:\/\/www.revistacongresodigital.com\/","logo":{"@type":"ImageObject","inLanguage":"es","@id":"https:\/\/www.revistacongresodigital.com\/#\/schema\/logo\/image\/","url":"https:\/\/revistacongresodigital.com\/wp-content\/uploads\/2022\/03\/cropped-FIRMA-JP-e1648679804884.png","contentUrl":"https:\/\/revistacongresodigital.com\/wp-content\/uploads\/2022\/03\/cropped-FIRMA-JP-e1648679804884.png","width":512,"height":512,"caption":"Revista Congreso Digital"},"image":{"@id":"https:\/\/www.revistacongresodigital.com\/#\/schema\/logo\/image\/"}},{"@type":"Person","@id":"https:\/\/www.revistacongresodigital.com\/#\/schema\/person\/248dac8d5a278ce133073b146973daeb","name":"victor llanos","image":{"@type":"ImageObject","inLanguage":"es","@id":"https:\/\/revistacongresodigital.com\/wp-content\/litespeed\/avatar\/0aa58a63733ef2a778942c0043fd27a1.jpg?ver=1777151316","url":"https:\/\/revistacongresodigital.com\/wp-content\/litespeed\/avatar\/0aa58a63733ef2a778942c0043fd27a1.jpg?ver=1777151316","contentUrl":"https:\/\/revistacongresodigital.com\/wp-content\/litespeed\/avatar\/0aa58a63733ef2a778942c0043fd27a1.jpg?ver=1777151316","caption":"victor llanos"},"url":"https:\/\/revistacongresodigital.com\/?author=3"}]}},"_links":{"self":[{"href":"https:\/\/revistacongresodigital.com\/index.php?rest_route=\/wp\/v2\/posts\/27","targetHints":{"allow":["GET"]}}],"collection":[{"href":"https:\/\/revistacongresodigital.com\/index.php?rest_route=\/wp\/v2\/posts"}],"about":[{"href":"https:\/\/revistacongresodigital.com\/index.php?rest_route=\/wp\/v2\/types\/post"}],"author":[{"embeddable":true,"href":"https:\/\/revistacongresodigital.com\/index.php?rest_route=\/wp\/v2\/users\/3"}],"replies":[{"embeddable":true,"href":"https:\/\/revistacongresodigital.com\/index.php?rest_route=%2Fwp%2Fv2%2Fcomments&post=27"}],"version-history":[{"count":7,"href":"https:\/\/revistacongresodigital.com\/index.php?rest_route=\/wp\/v2\/posts\/27\/revisions"}],"predecessor-version":[{"id":1531,"href":"https:\/\/revistacongresodigital.com\/index.php?rest_route=\/wp\/v2\/posts\/27\/revisions\/1531"}],"wp:attachment":[{"href":"https:\/\/revistacongresodigital.com\/index.php?rest_route=%2Fwp%2Fv2%2Fmedia&parent=27"}],"wp:term":[{"taxonomy":"category","embeddable":true,"href":"https:\/\/revistacongresodigital.com\/index.php?rest_route=%2Fwp%2Fv2%2Fcategories&post=27"},{"taxonomy":"post_tag","embeddable":true,"href":"https:\/\/revistacongresodigital.com\/index.php?rest_route=%2Fwp%2Fv2%2Ftags&post=27"}],"curies":[{"name":"wp","href":"https:\/\/api.w.org\/{rel}","templated":true}]}}