{"id":25,"date":"2021-01-25T09:26:29","date_gmt":"2021-01-25T09:26:29","guid":{"rendered":"http:\/\/themes.tielabs.com\/sahifa5\/?p=25"},"modified":"2022-04-12T19:24:12","modified_gmt":"2022-04-12T19:24:12","slug":"which-of-these-web-hosting-companies-would-you-choose","status":"publish","type":"post","link":"https:\/\/revistacongresodigital.com\/?p=25","title":{"rendered":"COMISIONES CONSTITUCIONALES"},"content":{"rendered":"\t\t<div data-elementor-type=\"wp-post\" data-elementor-id=\"25\" class=\"elementor elementor-25\">\n\t\t\t\t\t\t<section class=\"elementor-section elementor-top-section elementor-element elementor-element-bca58e1 elementor-section-boxed elementor-section-height-default elementor-section-height-default\" data-id=\"bca58e1\" data-element_type=\"section\" data-e-type=\"section\">\n\t\t\t\t\t\t<div class=\"elementor-container elementor-column-gap-default\">\n\t\t\t\t\t<div class=\"elementor-column elementor-col-100 elementor-top-column elementor-element elementor-element-46bb2d8e\" data-id=\"46bb2d8e\" data-element_type=\"column\" data-e-type=\"column\">\n\t\t\t<div class=\"elementor-widget-wrap elementor-element-populated\">\n\t\t\t\t\t\t<div class=\"elementor-element elementor-element-6255bc45 elementor-widget elementor-widget-text-editor\" data-id=\"6255bc45\" data-element_type=\"widget\" data-e-type=\"widget\" data-widget_type=\"text-editor.default\">\n\t\t\t\t<div class=\"elementor-widget-container\">\n\t\t\t\t\t\t\t\t\t<h2 class=\"sppb-addon-title\">Comisi\u00f3n Primera<\/h2>\n<p>Compuesta por veintidos (22) miembros en el Senado y treinta y ocho (38) en la C\u00e1mara de Representantes, conocer\u00e1 de: reforma constitucional; leyes estatutarias; organizaci\u00f3n territorial; reglamentos de los organismos de control; normas generales sobre contrataci\u00f3n administrativa; notariado y registro; estructura y organizaci\u00f3n de la administraci\u00f3n nacional central; de los derechos, las garant\u00edas y los deberes; rama legislativa; estrategias y pol\u00edticas para la paz; propiedad intelectual; variaci\u00f3n de la residencia de los altos poderes nacionales; asuntos \u00e9tnicos.<\/p>\n<p><b>Mesa directiva<\/b><\/p>\n<p><b>Presidente:\u00a0<\/b>Senador GERMAN VAR\u00d3N COTRINO<br \/><b>Vicepresidente:<\/b>\u00a0Senadora ESPERANZA ANDRADE SERRANO<br \/><b>Secretario:\u00a0<\/b>Guillermo Leon Giraldo Gil<\/p>\n<p><strong>Honorables Senadores que la Integran<\/strong><\/p>\n<table>\n<tbody>\n<tr>\n<td>Paloma Susana Valencia Laserna<\/td>\n<td>\u00a0(Centro Democr\u00e1tico)<\/td>\n<\/tr>\n<tr>\n<td>Santiago Valencia Gonz\u00e1lez\u00a0<\/td>\n<td>\u00a0(Centro Democr\u00e1tico)<\/td>\n<\/tr>\n<tr>\n<td>Mar\u00eda Fernanda Cabal Molina<br \/>Pacheco Cuello Eduardo Emilio\u00a0<\/td>\n<td>\u00a0(Centro Democr\u00e1tico)<br \/>\u00a0(Colombia Justa Libres)<\/td>\n<\/tr>\n<tr>\n<td>Carlos\u00a0 Eduardo Guevara Villab\u00f3n\u00a0<\/td>\n<td>\u00a0(Partido MIRA)<\/td>\n<\/tr>\n<tr>\n<td>Juan Carlos Garc\u00eda\u00a0 G\u00f3mez\u00a0<\/td>\n<td>\u00a0(Partido Conservador)\u00a0<\/td>\n<\/tr>\n<tr>\n<td>\u00a0Esperanza Andrade Serrano<br \/>Tamayo Tamayo Soledad\u00a0 \u00a0<\/td>\n<td>\u00a0(Partido Conservador)<br \/>\u00a0(Partido Conservador)<\/td>\n<\/tr>\n<tr>\n<td>\u00a0Luis Fernando Velasco Chaves\u00a0<\/td>\n<td>\u00a0(Partido Liberal)<\/td>\n<\/tr>\n<tr>\n<td>\u00a0Fabio Ra\u00fal Am\u00edn Salame\u00a0<\/td>\n<td>\u00a0(Partido Liberal)\u00a0<\/td>\n<\/tr>\n<tr>\n<td>\u00a0Miguel \u00c1ngel Pinto Hern\u00e1ndez<\/td>\n<td>\u00a0(Partido Liberal)\u00a0<\/td>\n<\/tr>\n<tr>\n<td>\u00a0Rodrigo Lara Restrepo\u00a0<\/td>\n<td>\u00a0(Cambio Radical)\u00a0<\/td>\n<\/tr>\n<tr>\n<td>\u00a0Germ\u00e1n Var\u00f3n Cotrino\u00a0<\/td>\n<td>\u00a0(Cambio Radical)<\/td>\n<\/tr>\n<tr>\n<td>\u00a0Tem\u00edstocles Ortega\u00a0<\/td>\n<td>\u00a0(Cambio Radical)\u00a0<\/td>\n<\/tr>\n<tr>\n<td>\u00a0Armando Benedetti Villaneda\u00a0<\/td>\n<td>\u00a0(Partido de la U)<\/td>\n<\/tr>\n<tr>\n<td>\u00a0Roy Leonardo Barreras Montealegre<br \/>\u00a0Rodr\u00edguez Rengifo Roosvelt<\/td>\n<td>\u00a0(Partido de la U)<br \/>\u00a0(Partido de la U)<\/td>\n<\/tr>\n<tr>\n<td>\u00a0Ang\u00e9lica Lizbeth Lozano Correa\u00a0<\/td>\n<td>\u00a0(Alianza Verde)<\/td>\n<\/tr>\n<tr>\n<td>\u00a0Iv\u00e1n Le\u00f3nidas Name V\u00e1squez\u00a0<\/td>\n<td>\u00a0(Alianza Verde)\u00a0<\/td>\n<\/tr>\n<tr>\n<td>\u00a0Gustavo Francisco Petro Urrego\u00a0<\/td>\n<td>\u00a0(Colombia humana)<\/td>\n<\/tr>\n<tr>\n<td>\u00a0Alexander L\u00f3pez Maya\u00a0<\/td>\n<td>\u00a0(Polo Democr\u00e1tico)<\/td>\n<\/tr>\n<tr>\n<td>\u00a0Juli\u00e1n Gallo Cubillos\u00a0<\/td>\n<td>\u00a0(Fuerza Alternativa Revolucionaria del Com\u00fan)<\/td>\n<\/tr>\n<\/tbody>\n<\/table>\n<p>Canales virtuales de atenci\u00f3n a la ciudadania.<\/p>\n<p><a href=\"mailto:comision.primera@senado.gov.co\">comision.primera@senado.gov.co<\/a><\/p>\n<p><a href=\"mailto:comisionprimera@gmail.com\">comisionprimera@gmail.com<\/a>\u00a0<\/p>\n<p>Tel\u00e9fono: (57)(601) 382 3141<br \/>Horario: 08:30a.m. &#8211; 05:30p.m.<\/p>\n<p>Debido a medidas tomadas por el Covid-19 nuestra atenci\u00f3n sera virtual hasta nueva fecha.\u00a0<\/p>\n<div id=\"sppb-addon-1563991589030\" class=\"clearfix\">\n<div class=\"sppb-addon sppb-addon-text-block  \">\n<div class=\"sppb-addon-content\">\n<p><a href=\"https:\/\/www.comisionprimerasenado.com\/\" target=\"_blank\" rel=\"noopener\">Comisi\u00f3n Primera<\/a><\/p>\n<p><a href=\"https:\/\/drive.google.com\/file\/d\/1UjwG3NFONzj6IOP56z0NxWeZdASz6BaW\/view?usp=sharing\" target=\"_blank\" rel=\"noopener\">Resumen Legislativo (Legislatura 2020 &#8211; 2021)<\/a><\/p>\n<\/div>\n<\/div>\n<\/div>\n<div id=\"sppb-addon-1565230141323\" class=\"clearfix\">\n<div class=\"sppb-addon sppb-addon-module \">\n<div class=\"sppb-addon-content\">\n<div class=\"k-ui-namespace\">\n<div class=\"mod_docman mod_docman--documents\">\n<ul class=\"mod_docman_icons\">\n<li class=\"module_document\">\n<div class=\"koowa_header\"><span class=\"koowa_header__item koowa_header__item--image_container\"><a class=\"koowa_header__image_link \" href=\"https:\/\/senado.gov.co\/index.php\/documentos\/comisiones\/constitucionales\/comision-primera\/orden-del-dia-1\/4723-agenda-legislativa-de-la-semana-del-9-al-13-de-noviembre-de-2020-actualizada\" data-title=\"Agenda Legislativa de la semana del 9 al 13 de noviembre de 2020 Actualizada\" data-id=\"4723\"><span class=\"k-visually-hidden\">pdf<\/span><\/a><\/span><span class=\"koowa_header__item\"><span class=\"koowa_wrapped_content\"><span class=\"whitespace_preserver\"><a class=\"koowa_header__title_link \" href=\"https:\/\/senado.gov.co\/index.php\/documentos\/comisiones\/constitucionales\/comision-primera\/orden-del-dia-1\/4723-agenda-legislativa-de-la-semana-del-9-al-13-de-noviembre-de-2020-actualizada\" data-title=\"Agenda Legislativa de la semana del 9 al 13 de noviembre de 2020 Actualizada\" data-id=\"4723\">Agenda Legislativa de la semana del 9 al 13 de noviembre de 2020 Actualizada<\/a>\u00a0<span class=\"label label-danger label-important\">Popular<\/span><\/span><\/span><\/span><\/div>\n<div class=\"module_document__info\">\u00a0<\/div>\n<\/li>\n<li class=\"module_document\">\n<div class=\"koowa_header\"><span class=\"koowa_header__item koowa_header__item--image_container\"><a class=\"koowa_header__image_link \" href=\"https:\/\/senado.gov.co\/index.php\/documentos\/comisiones\/constitucionales\/comision-primera\/foros-y-audiencias-1\/2134-reunion-gobernadores-caribe-mompox\" data-title=\"Reuni\u00f3n gobernadores caribe mompox\" data-id=\"2134\"><span class=\"k-visually-hidden\">pdf<\/span><\/a><\/span><span class=\"koowa_header__item\"><span class=\"koowa_wrapped_content\"><span class=\"whitespace_preserver\"><a class=\"koowa_header__title_link \" href=\"https:\/\/senado.gov.co\/index.php\/documentos\/comisiones\/constitucionales\/comision-primera\/foros-y-audiencias-1\/2134-reunion-gobernadores-caribe-mompox\" data-title=\"Reuni\u00f3n gobernadores caribe mompox\" data-id=\"2134\">Reuni\u00f3n gobernadores caribe mompox<\/a>\u00a0<span class=\"label label-danger label-important\">Popular<\/span><\/span><\/span><\/span><\/div>\n<\/li>\n<\/ul>\n<\/div>\n<\/div>\n<\/div>\n<\/div>\n<\/div>\n\n\n<h2 class=\"wp-block-heading\">Comisi\u00f3n Segunda<\/h2>\n\n\n\n<p>Compuesta por trece (13) miembros en el Senado y diecinueve (19) miembros en la C\u00e1mara de Representantes, conocer\u00e1 de: pol\u00edtica internacional; defensa nacional y fuerza p\u00fablica; tratados p\u00fablicos; carrera diplom\u00e1tica y consular; comercio exterior e integraci\u00f3n econ\u00f3mica; pol\u00edtica portuaria; relaciones parlamentarias, internacionales y supranacionales, asuntos diplom\u00e1ticos no reservados constitucionalmente al Gobierno; fronteras; nacionalidad; extranjeros; migraci\u00f3n; honores y monumentos p\u00fablicos; servicio militar; zonas francas y de libre comercio; contrataci\u00f3n internacional.<\/p>\n\n\n\n<p><strong>Mesa directiva<\/strong><\/p>\n\n\n\n<p><strong>Presidente:<\/strong>\u00a0Senadora Paola Andrea Holgu\u00edn Moreno<br><strong>Vicepresidente:\u00a0<\/strong>Senador Lidio Arturo Garcia Turbay<strong><br>Secretario:<\/strong>\u00a0Diego Alejandro Gonz\u00e1lez Gonz\u00e1le<\/p>\n\n\n\n<p><strong>Honorables Senadores que la Integran:<\/strong><\/p>\n\n\n\n<figure class=\"wp-block-table\"><table><tbody><tr><td>&nbsp;Paola Andrea Holgu\u00edn Moreno&nbsp;<\/td><td>&nbsp;(Centro Democr\u00e1tico)<\/td><\/tr><tr><td>&nbsp;Ernesto Mac\u00edas Tovar&nbsp;<\/td><td>&nbsp;(Centro Democr\u00e1tico)<\/td><\/tr><tr><td>&nbsp;John Harold&nbsp; Suarez Vargas&nbsp;<\/td><td>&nbsp;(Centro Democr\u00e1tico)&nbsp;<\/td><\/tr><tr><td>&nbsp;Ana Paola Agudelo Garc\u00eda&nbsp;<\/td><td>&nbsp;(Partido MIRA)<\/td><\/tr><tr><td>&nbsp;Juan Diego G\u00f3mez Jim\u00e9nez&nbsp;<\/td><td>&nbsp;(Partido Conservador)&nbsp;<\/td><\/tr><tr><td>&nbsp;Lidio Arturo Garc\u00eda Turbay&nbsp;<\/td><td>&nbsp;(Partido Liberal)&nbsp;<\/td><\/tr><tr><td>&nbsp;Jaime Dur\u00e1n Barrera&nbsp;<\/td><td>&nbsp;(Partido Liberal)<\/td><\/tr><tr><td>&nbsp;Jos\u00e9 Luis P\u00e9rez&nbsp; Oyuela&nbsp;<\/td><td>&nbsp;(Cambio Radical)<\/td><\/tr><tr><td>&nbsp;Ema Claudia Castellanos&nbsp;<\/td><td>&nbsp;(Cambio Radical)<\/td><\/tr><tr><td>&nbsp;Berner Le\u00f3n Zambrano Erazo&nbsp;<\/td><td>&nbsp;(Partido de la U)<\/td><\/tr><tr><td>&nbsp;Iv\u00e1n Cepeda Castro&nbsp;<\/td><td>&nbsp;(Polo Democr\u00e1tico)<\/td><\/tr><tr><td>&nbsp;Feliciano Valencia Medina&nbsp;<\/td><td>&nbsp;(MAIS)<\/td><\/tr><tr><td>&nbsp;Antonio Eresmid Sanguino&nbsp;<\/td><td>(Partido verde)<\/td><\/tr><\/tbody><\/table><\/figure>\n\n\n\n<p><strong>Direcci\u00f3n:<\/strong>\u00a0Carrera 7 No. 8 &#8211; 68. Oficina 233. Edificio Nuevo del Congreso.<br><strong>Tel\u00e9fonos: Conmutador:<\/strong>\u00a0(57)(1) 382 3000 &#8211; (57)(1) 382 4000 &#8211; (57)(1) 382 5000.\u00a0<br><strong>Directos:<\/strong>\u00a0(57)(1) 382 4255 &#8211; (57)(1) 382 4258\u00a0<br><strong>Extensiones:<\/strong>\u00a04255 \u2013 4258.<br><strong>Fax:<\/strong>\u00a0(57)(1) 382 4257<br><strong>Correo Electr\u00f3nico:\u00a0<\/strong><a href=\"mailto:comision.segunda@senado.gov.co\">comision.segunda@senado.gov.co<\/a><\/p>\n\n\n\n<p><a href=\"http:\/\/www.secretariasenado.gov.co\/index.php\/comision-segunda\" target=\"_blank\" rel=\"noreferrer noopener\">Secretaria Senado- Comisi\u00f3n Segunda<\/a><\/p>\n\n\n\n<ul class=\"wp-block-list\"><li><a href=\"https:\/\/senado.gov.co\/index.php\/documentos\/comisiones\/constitucionales\/comision-segunda\/3974-agenda-martes-21-y-miercoles-22-de-abril-de-2020\">Imagen<\/a><a href=\"https:\/\/senado.gov.co\/index.php\/documentos\/comisiones\/constitucionales\/comision-segunda\/3974-agenda-martes-21-y-miercoles-22-de-abril-de-2020\">AGENDA MARTES 21 Y MI\u00c9RCOLES 22 DE ABRIL DE 2020<\/a>&nbsp;Popular<\/li><li><a href=\"https:\/\/senado.gov.co\/index.php\/documentos\/comisiones\/constitucionales\/comision-segunda\/3920-orden-del-dia-miercoles-18-de-marzo-2020\">pdf<\/a><a href=\"https:\/\/senado.gov.co\/index.php\/documentos\/comisiones\/constitucionales\/comision-segunda\/3920-orden-del-dia-miercoles-18-de-marzo-2020\">ORDEN DEL DIA MIERCOLES 18 DE MARZO 2020<\/a><\/li><li><a href=\"https:\/\/senado.gov.co\/index.php\/documentos\/comisiones\/constitucionales\/comision-segunda\/3259-orden-del-dia-miercoles-11-de-diciembre\">pdf<\/a><a href=\"https:\/\/senado.gov.co\/index.php\/documentos\/comisiones\/constitucionales\/comision-segunda\/3259-orden-del-dia-miercoles-11-de-diciembre\">ORDEN DEL DIA MIERCOLES 11 DE DICIEMBRE<\/a>&nbsp;Popular<\/li><li><a href=\"https:\/\/senado.gov.co\/index.php\/documentos\/comisiones\/constitucionales\/comision-segunda\/3252-orden-del-dia-martes-10-de-diciembre\">pdf<\/a><a href=\"https:\/\/senado.gov.co\/index.php\/documentos\/comisiones\/constitucionales\/comision-segunda\/3252-orden-del-dia-martes-10-de-diciembre\">ORDEN DEL DIA MARTES 10 DE DICIEMBRE<\/a>&nbsp;Popular<\/li><li><a href=\"https:\/\/senado.gov.co\/index.php\/documentos\/comisiones\/constitucionales\/comision-segunda\/3237-orden-del-dia-lunes-09-de-diciembre-2019\">Imagen<\/a><a href=\"https:\/\/senado.gov.co\/index.php\/documentos\/comisiones\/constitucionales\/comision-segunda\/3237-orden-del-dia-lunes-09-de-diciembre-2019\">ORDEN DEL DIA LUNES 09 DE DICIEMBRE 2019<\/a>&nbsp;Popular<\/li><li><a href=\"https:\/\/senado.gov.co\/index.php\/documentos\/comisiones\/constitucionales\/comision-segunda\/3152-orden-del-dia-martes-03-de-diciembre-2019-2\">Imagen<\/a><a href=\"https:\/\/senado.gov.co\/index.php\/documentos\/comisiones\/constitucionales\/comision-segunda\/3152-orden-del-dia-martes-03-de-diciembre-2019-2\">ORDEN DEL DIA MARTES 03 DE DICIEMBRE 2019<\/a>&nbsp;Popular<\/li><li><a href=\"https:\/\/senado.gov.co\/index.php\/documentos\/comisiones\/constitucionales\/comision-segunda\/3085-orden-del-dia-27-de-noviembre-2019\">pdf<\/a><a href=\"https:\/\/senado.gov.co\/index.php\/documentos\/comisiones\/constitucionales\/comision-segunda\/3085-orden-del-dia-27-de-noviembre-2019\">ORDEN DEL DIA 27 DE NOVIEMBRE 2019<\/a>&nbsp;Popular<\/li><li><a href=\"https:\/\/senado.gov.co\/index.php\/documentos\/comisiones\/constitucionales\/comision-segunda\/2724-orden-del-dia-miercoles-20-de-noviembre-2019\">pdf<\/a><a href=\"https:\/\/senado.gov.co\/index.php\/documentos\/comisiones\/constitucionales\/comision-segunda\/2724-orden-del-dia-miercoles-20-de-noviembre-2019\">ORDEN DEL DIA MIERCOLES 20 DE NOVIEMBRE 2019<\/a>&nbsp;Popular<\/li><li><a href=\"https:\/\/senado.gov.co\/index.php\/documentos\/comisiones\/constitucionales\/comision-segunda\/2674-orden-del-dia-martes-05-de-noviembre-1\">pdf<\/a><a href=\"https:\/\/senado.gov.co\/index.php\/documentos\/comisiones\/constitucionales\/comision-segunda\/2674-orden-del-dia-martes-05-de-noviembre-1\">ORDEN DEL DIA MARTES 05 DE NOVIEMBRE<\/a>&nbsp;Popular<\/li><li><a href=\"https:\/\/senado.gov.co\/index.php\/documentos\/comisiones\/constitucionales\/comision-segunda\/2662-orden-del-dia-miercoles-30-de-octubre-2019\">pdf<\/a><a href=\"https:\/\/senado.gov.co\/index.php\/documentos\/comisiones\/constitucionales\/comision-segunda\/2662-orden-del-dia-miercoles-30-de-octubre-2019\">ORDEN DEL DIA MIERCOLES 30 DE OCTUBRE 2019<\/a>&nbsp;Popular<\/li><li><a href=\"https:\/\/senado.gov.co\/index.php\/documentos\/comisiones\/constitucionales\/comision-segunda\/2640-orden-del-dia-martes-15-de-octubre-2019\">Imagen<\/a><a href=\"https:\/\/senado.gov.co\/index.php\/documentos\/comisiones\/constitucionales\/comision-segunda\/2640-orden-del-dia-martes-15-de-octubre-2019\">ORDEN DEL DIA MARTES 15 DE OCTUBRE 2019<\/a>&nbsp;Popular<\/li><li><a href=\"https:\/\/senado.gov.co\/index.php\/documentos\/comisiones\/constitucionales\/comision-segunda\/2621-orden-del-dia-miercoles-02-de-octubre-2019\">pdf<\/a><a href=\"https:\/\/senado.gov.co\/index.php\/documentos\/comisiones\/constitucionales\/comision-segunda\/2621-orden-del-dia-miercoles-02-de-octubre-2019\">ORDEN DEL DIA MIERCOLES 02 DE OCTUBRE 2019<\/a>&nbsp;Popular<\/li><li><a href=\"https:\/\/senado.gov.co\/index.php\/documentos\/comisiones\/constitucionales\/comision-segunda\/2620-orden-del-dia-martes-01-de-octubre-2019\">pdf<\/a><a href=\"https:\/\/senado.gov.co\/index.php\/documentos\/comisiones\/constitucionales\/comision-segunda\/2620-orden-del-dia-martes-01-de-octubre-2019\">ORDEN DEL DIA MARTES 01 DE OCTUBRE 2019<\/a>&nbsp;Popular<\/li><li><a href=\"https:\/\/senado.gov.co\/index.php\/documentos\/comisiones\/constitucionales\/comision-segunda\/2607-orden-del-dia-martes-24-de-septiembre-2019\">pdf<\/a><a href=\"https:\/\/senado.gov.co\/index.php\/documentos\/comisiones\/constitucionales\/comision-segunda\/2607-orden-del-dia-martes-24-de-septiembre-2019\">ORDEN DEL DIA MARTES 24 DE SEPTIEMBRE 2019<\/a>&nbsp;Popular<\/li><li><a href=\"https:\/\/senado.gov.co\/index.php\/documentos\/comisiones\/constitucionales\/comision-segunda\/2598-orden-del-dia-martes-17-de-septiembre\">pdf<\/a><a href=\"https:\/\/senado.gov.co\/index.php\/documentos\/comisiones\/constitucionales\/comision-segunda\/2598-orden-del-dia-martes-17-de-septiembre\">ORDEN DEL DIA MARTES 17 DE SEPTIEMBRE<\/a>&nbsp;Popular<\/li><\/ul>\n\n\n\n<h2 class=\"wp-block-heading\">Comisi\u00f3n Tercera<\/h2>\n\n\n\n<p>Compuesta de diecisiete (17) miembros en el Senado y veintinueve (29) miembros en la C\u00e1mara de Representantes, conocer\u00e1 de: hacienda y cr\u00e9dito p\u00fablico; impuesto y contribuciones; exenciones tributarias; r\u00e9gimen monetario; leyes sobre el Banco de la Rep\u00fablica; sistema de banca central; leyes sobre monopolios; autorizaci\u00f3n de empr\u00e9stitos; mercado de valores; regulaci\u00f3n econ\u00f3mica; Planeaci\u00f3n Nacional; r\u00e9gimen de cambios, actividad financiera, burs\u00e1til, aseguradora y de captaci\u00f3n de ahorro.<\/p>\n\n\n\n<p><strong>Mesa directiva<\/strong><\/p>\n\n\n\n<p><strong>Presidente:<\/strong>\u00a0Mar\u00eda del Rosario Guerra de la Espriella<br><strong>Vicepresidente:<\/strong>\u00a0<br><strong>Secretario:\u00a0<\/strong>Rafael Oyola Ordosgoitia<\/p>\n\n\n\n<p><strong>Honorables Senadores que la Integran<\/strong><\/p>\n\n\n\n<figure class=\"wp-block-table\"><table><tbody><tr><td>Mar\u00eda del Rosario Guerra de la Espriella&nbsp;<\/td><td>(Centro Democr\u00e1tico)&nbsp;&nbsp;&nbsp;<\/td><\/tr><tr><td>Fernando Nicol\u00e1s Araujo Rumie&nbsp;<\/td><td>(Centro Democr\u00e1tico)<\/td><\/tr><tr><td>Ciro Alejandro Ram\u00edrez Cortes<\/td><td>(Centro Democr\u00e1tico)<\/td><\/tr><tr><td>Edgar Enrique Palacio Mizrahi&nbsp;<\/td><td>(Colombia justa y libre)<\/td><\/tr><tr><td>Efra\u00edn Jos\u00e9 Cepeda Sarabia&nbsp;<\/td><td>(Partido Conservador)<\/td><\/tr><tr><td>Barguil Assis David Alejandro&nbsp;<\/td><td>(Partido Conservador)<\/td><\/tr><tr><td>Rodrigo Villalba Mosquera&nbsp;<\/td><td>(Partido Liberal)<\/td><\/tr><tr><td>Andr\u00e9s Cristo Bustos&nbsp;<\/td><td>(Partido Liberal)<\/td><\/tr><tr><td>&nbsp;Luis Eduardo D\u00edazgranados Torres&nbsp;<\/td><td>&nbsp;(Cambio Radical)<\/td><\/tr><tr><td>Edgar Jes\u00fas D\u00edaz Contreras&nbsp;<\/td><td>(Cambio Radical)<\/td><\/tr><tr><td>Germ\u00e1n Dar\u00edo Hoyos Giraldo&nbsp;<\/td><td>(Partido de la U)<\/td><\/tr><tr><td>Jos\u00e9 Alfredo Gnecco Zuleta&nbsp;<\/td><td>(Partido de la U)<\/td><\/tr><tr><td>Andr\u00e9s Felipe Garc\u00eda Zuccardi&nbsp;<\/td><td>(Partido de la U)<\/td><\/tr><tr><td>Mauricio G\u00f3mez Am\u00edn&nbsp;<\/td><td>(Partido Liberal)<\/td><\/tr><tr><td>Gustavo Bol\u00edvar Moreno&nbsp;<\/td><td>(Decentes)<\/td><\/tr><tr><td>Luis Iv\u00e1n Marulanda G\u00f3mez&nbsp;<\/td><td>(Alianza Verde)<\/td><\/tr><\/tbody><\/table><\/figure>\n\n\n\n<p><strong>Direcci\u00f3n:<\/strong>\u00a0Edificio Nuevo del Congreso. Oficina 234<br><strong>Tel\u00e9fonos: Conmutador:<\/strong>\u00a0(57)(1) 382 3000 &#8211; (57)(1) 382 4000<br><strong>Directo:<\/strong>\u00a0(57)(1) 382 4212 &#8211; (57)(1) 382 4208<strong><br>Extensi\u00f3n:<\/strong>\u00a04212 \/ 4208<br><strong>Fax:<\/strong>\u00a0(57)(1) 382 4216<br><strong>Correo Electr\u00f3nico:\u00a0<\/strong><a>comisiontercera@senado.gov.co<\/a><\/p>\n\n\n\n<p><a href=\"http:\/\/www.secretariasenado.gov.co\/index.php\/comision-tercera\" target=\"_blank\" rel=\"noreferrer noopener\">Secretaria Senado- Comisi\u00f3n Tercera<\/a><\/p>\n\n\n\n<ul class=\"wp-block-list\"><li><a href=\"https:\/\/senado.gov.co\/index.php\/documentos\/comisiones\/constitucionales\/comision-tercera\/proyectos-de-ley-3\">Carpeta<\/a><a href=\"https:\/\/senado.gov.co\/index.php\/documentos\/comisiones\/constitucionales\/comision-tercera\/proyectos-de-ley-3\">Proyecto de ley Copa Am\u00e9rica<\/a><ul><li><a href=\"https:\/\/senado.gov.co\/index.php\/documentos\/comisiones\/constitucionales\/comision-tercera\/proyectos-de-ley-3\/texto\">Carpeta<\/a><a href=\"https:\/\/senado.gov.co\/index.php\/documentos\/comisiones\/constitucionales\/comision-tercera\/proyectos-de-ley-3\/texto\">Texto<\/a><\/li><li><a href=\"https:\/\/senado.gov.co\/index.php\/documentos\/comisiones\/constitucionales\/comision-tercera\/proyectos-de-ley-3\/gaceta\">Carpeta<\/a><a href=\"https:\/\/senado.gov.co\/index.php\/documentos\/comisiones\/constitucionales\/comision-tercera\/proyectos-de-ley-3\/gaceta\">Gaceta<\/a><\/li><li><a href=\"https:\/\/senado.gov.co\/index.php\/documentos\/comisiones\/constitucionales\/comision-tercera\/proyectos-de-ley-3\/ponencias-1-debate-1\">Carpeta<\/a><a href=\"https:\/\/senado.gov.co\/index.php\/documentos\/comisiones\/constitucionales\/comision-tercera\/proyectos-de-ley-3\/ponencias-1-debate-1\">Ponencias 1 debate<\/a><\/li><\/ul><\/li><li><a href=\"https:\/\/senado.gov.co\/index.php\/documentos\/comisiones\/constitucionales\/comision-tercera\/orden-del-dia-3\">Carpeta<\/a><a href=\"https:\/\/senado.gov.co\/index.php\/documentos\/comisiones\/constitucionales\/comision-tercera\/orden-del-dia-3\">Orden del D\u00eda<\/a><\/li><li><a href=\"https:\/\/senado.gov.co\/index.php\/documentos\/comisiones\/constitucionales\/comision-tercera\/foros-y-audiencias-3\">Carpeta<\/a><a href=\"https:\/\/senado.gov.co\/index.php\/documentos\/comisiones\/constitucionales\/comision-tercera\/foros-y-audiencias-3\">Foros y Audiencias<\/a><\/li><li><a href=\"https:\/\/senado.gov.co\/index.php\/documentos\/comisiones\/constitucionales\/comision-tercera\/documentos-de-interes-3\">Carpeta<\/a><a href=\"https:\/\/senado.gov.co\/index.php\/documentos\/comisiones\/constitucionales\/comision-tercera\/documentos-de-interes-3\">Documentos de Inter\u00e9s<\/a><\/li><li><a href=\"https:\/\/senado.gov.co\/index.php\/documentos\/comisiones\/constitucionales\/comision-tercera\/legislatura-2019-2020\">Carpeta<\/a><a href=\"https:\/\/senado.gov.co\/index.php\/documentos\/comisiones\/constitucionales\/comision-tercera\/legislatura-2019-2020\">Legislatura 2019\/2020<\/a><ul><li><a href=\"https:\/\/senado.gov.co\/index.php\/documentos\/comisiones\/constitucionales\/comision-tercera\/legislatura-2019-2020\/ley-de-financiamiento-1\">Carpeta<\/a><a href=\"https:\/\/senado.gov.co\/index.php\/documentos\/comisiones\/constitucionales\/comision-tercera\/legislatura-2019-2020\/ley-de-financiamiento-1\">Ley de Reforma tributaria<\/a><ul><li><a href=\"https:\/\/senado.gov.co\/index.php\/documentos\/comisiones\/constitucionales\/comision-tercera\/legislatura-2019-2020\/ley-de-financiamiento-1\/ponencias-1-debate\">Carpeta<\/a><a href=\"https:\/\/senado.gov.co\/index.php\/documentos\/comisiones\/constitucionales\/comision-tercera\/legislatura-2019-2020\/ley-de-financiamiento-1\/ponencias-1-debate\">Ponencias 1 debate<\/a><\/li><\/ul><\/li><\/ul><\/li><\/ul>\n\n\n\n<h2 class=\"wp-block-heading\">Comisi\u00f3n Cuarta<\/h2>\n\n\n\n<p>Compuesta de quince (15) miembros en el Senado y veintisiete (27) miembros en la C\u00e1mara de Representantes, conocer\u00e1 de: leyes org\u00e1nicas de presupuesto; sistema de control fiscal financiero; enajenaci\u00f3n y destinaci\u00f3n de bienes nacionales; regulaci\u00f3n del r\u00e9gimen de propiedad industrial, patentes y marcas; creaci\u00f3n, supresi\u00f3n, reforma u organizaci\u00f3n de establecimientos p\u00fablicos nacionale s; control de calidad y precios y contrataci\u00f3n administrativa.<\/p>\n\n\n\n<p><strong>Mesa directiva<\/strong><\/p>\n\n\n\n<p><strong>Presidente:<\/strong>\u00a0Carlos Meisel<br><strong>Vicepresidente:<\/strong>\u00a0Juan Samy Merheg Mar\u00fan<br><strong>Secretario:<\/strong>\u00a0Alfredo Rocha Rojas<br><strong>Subsecretario:<\/strong>\u00a0Edwin Carreazo G\u00f3mez<\/p>\n\n\n\n<p><strong>PRESIDENTE<\/strong><br>Carlos Meisel, nacido en Barranquilla.<br>Posee estudios superiores en Ciencias Pol\u00edticas de la universidad del norte.<br>-Magister en administraci\u00f3n de negocios y finanzas IE business school de Madrid.<br>-Es Especialista en Mercadeo y ventas de la Universidad de Los Andes.<br>-Empez\u00f3 su carrera p\u00fablica en el 2016 como -concejal Distrital de Barranquilla en el cual cumpli\u00f3 una labor destacada en el concejo donde fue Vice Presidente de la comisi\u00f3n I durante ese periodo.<br>Renunci\u00f3 al concejo para aspirar al Senado donde alcanz\u00f3 curul en 2018 y se ha caracterizado por su car\u00e1cter dialogante y de trabajo constante.<br>-Siendo Vice Presidente de la comisi\u00f3n legal de ordenamiento territorial de Senado promovi\u00f3 y acompa\u00f1\u00f3 m\u00faltiples iniciativas de asociaci\u00f3n y descentralizaci\u00f3n territorial, caracteriz\u00e1ndose como una voz propositiva en el fortalecimiento de las regiones.<br>Hoy es un gran honor postularlo a la Presidencia de la comisi\u00f3n IV constitucional.<\/p>\n\n\n\n<p><strong>VICEPRESIDENTE<\/strong><br>Juan Samy Merheg Mar\u00fan<br>Senador de la Rep\u00fablica y miembro de la Comisi\u00f3n IV del Senado, que se encarga del presupuesto.<br>Samy Merheg, pol\u00edtico y empresario risaraldense, naci\u00f3 el 4 de abril de 1967 en Pereira. Es Administrador de Empresas.<br>Casado con Victoria L\u00f3pez y padre de Valeria y Camila.<br>Es experto en econom\u00eda y en el a\u00f1o 2010, lleg\u00f3 por primera vez al Congreso de la Rep\u00fablica.<br>Desde all\u00ed ha presentado 52 Proyectos de Ley de su autor\u00eda que revisten un gran impacto para el desarrollo de las regiones, entre ellos los P. de Ley sobre el Presupuesto General de la Naci\u00f3n.<br>Su labor legislativa se ha centrado en defender al campesino colombiano, la mujer, fortalecer la educaci\u00f3n y apoyar a los hospitales p\u00fablicos.<br>Se resalta su papel como defensor de la actividad cafetera y otras actividades agropecuarias en el pa\u00eds promoviendo varios debates en el Congreso de la Rep\u00fablica para evaluar, respaldar y ayudar a los campesinos colombianos, con subsidios en etapas cr\u00edticas de su actividad.<\/p>\n\n\n\n<h2 class=\"wp-block-heading\">Comisi\u00f3n Quinta<\/h2>\n\n\n\n<p>Compuesta de catorce (14) miembros en el Senado y diecinueve (19) miembros en la C\u00e1mara de Representantes, conocer\u00e1 de: r\u00e9gimen agropecuario; ecolog\u00eda; medio ambiente y recursos naturales; adjudicaci\u00f3n y recuperaci\u00f3n de tierras; recursos ictiol\u00f3gicos y asuntos del mar; minas y energ\u00eda; corporaciones aut\u00f3nomas regionales.<\/p>\n\n\n\n<p><strong>Mesa directiva<\/strong><\/p>\n\n\n\n<p><strong>Presidente:<\/strong>\u00a0Senadora Daira de Jes\u00fas Galvis M\u00e9ndez\u00a0<br><strong>Vicepresidente:<\/strong>\u00a0Senadora Sandra Liliana Ortiz Nova<br><strong>Secretario:<\/strong>\u00a0Delcy Hoyos Abad<\/p>\n\n\n\n<p><strong>Honorables Senadores que la Integran<\/strong><\/p>\n\n\n\n<figure class=\"wp-block-table\"><table><tbody><tr><td>Carlos Felipe Mej\u00eda Mej\u00eda&nbsp;<\/td><td>(Centro Democr\u00e1tico)&nbsp;<\/td><\/tr><tr><td>Alejandro Corrales Escobar&nbsp;<\/td><td>(Centro Democr\u00e1tico)<\/td><\/tr><tr><td>Nora Mar\u00eda Garc\u00eda Burgos&nbsp;<\/td><td>(Partido Conservador)<\/td><\/tr><tr><td>Miguel \u00c1ngel Barreto Castillo&nbsp;<\/td><td>(Partido Conservador)<\/td><\/tr><tr><td>Guillermo Garc\u00eda Realpe&nbsp;<\/td><td>(Partido Liberal)<\/td><\/tr><tr><td>Sandra Liliana Ortiz Nova&nbsp;<\/td><td>(Alianza Verde)<\/td><\/tr><tr><td>Eduardo Emilio Pacheco Cuello&nbsp;&nbsp;<\/td><td>(Colombia Justa Libres)<\/td><\/tr><tr><td>Didier Lobo Chinchilla&nbsp;<\/td><td>(Cambio Radical)<\/td><\/tr><tr><td>Daira de Jes\u00fas Galvis M\u00e9ndez&nbsp;<\/td><td>(Cambio Radical)<\/td><\/tr><tr><td>Maritza Mart\u00ednez Aristiz\u00e0bal&nbsp;<\/td><td>(Partido de la U)<\/td><\/tr><tr><td>Jos\u00e9 David Name Cardozo&nbsp;<\/td><td>(Partido de la U)<\/td><\/tr><tr><td>Jorge Eduardo Londo\u00f1o Ulloa&nbsp;<\/td><td>(Alianza Verde)<\/td><\/tr><tr><td>Jorge Enrique Robledo Castillo&nbsp;<\/td><td>(Dignidad)<\/td><\/tr><tr><td>Pablo Catatumbo Torres Victoria&nbsp;<\/td><td>(FARC)<\/td><\/tr><\/tbody><\/table><\/figure>\n\n\n\n<p><strong>Direcci\u00f3n:<\/strong>&nbsp;Edificio Nuevo del Congreso. Piso 2<br><strong>Tel\u00e9fonos:&nbsp;<\/strong>(57)(1) 382 4243 &#8211; (57)(1) 382 4244<br><strong>Correo Electr\u00f3nico:<\/strong>&nbsp;<a href=\"mailto:comisionquinta@senado.gov.co\">comisionquinta@senado.gov.co<\/a><\/p>\n\n\n\n<p><strong>Facebook:<\/strong>\u00a0@comisionquintas<\/p>\n\n\n\n<p><a href=\"https:\/\/drive.google.com\/file\/d\/1MzY25mZljLzOyb6EgJdmAot7aT3ZV8ey\/view?usp=sharing\" target=\"_blank\" rel=\"noreferrer noopener\">Informe Legislatura 2020 &#8211; 2021<\/a><\/p>\n\n\n\n<p><strong><a href=\"http:\/\/senado.gov.co\/index.php\/documentos\/comisiones\/constitucionales\/comision-quinta\/orden-del-dia\">Orden del D\u00eda<\/a><\/strong><\/p>\n\n\n\n<p><strong><a href=\"http:\/\/senado.gov.co\/index.php\/documentos\/comisiones\/constitucionales\/comision-quinta\/proyectos-de-ley\">Proyectos de ley<\/a><\/strong><\/p>\n\n\n\n<p><strong><a href=\"http:\/\/senado.gov.co\/index.php\/documentos\/comisiones\/constitucionales\/comision-quinta\/documentos-de-interes\">Documentos de inter\u00e9s<\/a><\/strong><\/p>\n\n\n\n<h2 class=\"wp-block-heading\">Comisi\u00f3n Sexta<\/h2>\n\n\n\n<p>Compuesta por trece (13) miembros en el Senado y dieciocho (18) miembros en la C\u00e1mara de Representantes, conocer\u00e1 de: comunicaciones; tarifas; calamidades p\u00fablicas; funciones p\u00fablicas y prestaci\u00f3n de los servicios p\u00fablicos; medios de comunicaci\u00f3n; investigaci\u00f3n cient\u00edfica y tecnol\u00f3gica; espectros electromagn\u00e9ticos; \u00f3rbita geoestacionaria; sistemas digitales de comunicaci\u00f3n e inform\u00e1tica; espacio a\u00e9reo; obras p\u00fablicas y transporte; turismo y desarrollo tur\u00edstico; educaci\u00f3n y cultura.<\/p>\n\n\n\n<p><strong>Mesa Directiva<\/strong><br><strong>Presidenta:<\/strong>\u00a0Senador Carlos Andr\u00e9s Trujillo Gonz\u00e1lez<br><strong>Vicepresidenta:\u00a0<\/strong>Senadora Ruby Helena Chagui Spath<br><strong>Secretario:<\/strong>\u00a0Jorge Eliecer Laverde Vargas<\/p>\n\n\n\n<p><strong>Mesa Directiva<\/strong><br><strong>Presidenta:<\/strong>\u00a0Senador Carlos Andr\u00e9s Trujillo Gonz\u00e1lez<br><strong>Vicepresidenta:\u00a0<\/strong>Senadora Ruby Helena Chagui Spath<br><strong>Secretario:<\/strong>\u00a0Jorge Eliecer Laverde Vargas<\/p>\n\n\n\n<p><strong>Honorables Senadores que la Integran<\/strong><\/p>\n\n\n\n<figure class=\"wp-block-table\"><table><tbody><tr><td>Ruby Helena Chagui Spath&nbsp;<\/td><td>(Centro Democr\u00e1tico)&nbsp;&nbsp;<\/td><\/tr><tr><td>Amanda Roc\u00edo Gonz\u00e1lez Rodr\u00edguez&nbsp;<\/td><td>(Centro Democr\u00e1tico)<\/td><\/tr><tr><td>Jonatan Tamayo P\u00e9rez&nbsp;<\/td><td>(ASI)<\/td><\/tr><tr><td>Carlos Andr\u00e9s Trujillo Gonz\u00e1lez&nbsp;<\/td><td>(Partido Conservador)&nbsp;<\/td><\/tr><tr><td>Iv\u00e1n Dar\u00edo Agudelo Zapata&nbsp;<\/td><td>(Partido Liberal)<\/td><\/tr><tr><td>Horacio Jos\u00e9 Serpa Moncada&nbsp;<\/td><td>(Partido Liberal)<\/td><\/tr><tr><td>Juli\u00e1n Bedoya Pulgar\u00edn<\/td><td>(Partido Liberal)<\/td><\/tr><tr><td>Ana Mar\u00eda Casta\u00f1eda G\u00f3mez&nbsp;<\/td><td>(Cambio Radical)<\/td><\/tr><tr><td>Antonio Luis Zabarain Guevara&nbsp;<\/td><td>(Cambio Radical)<\/td><\/tr><tr><td>Johnny Mois\u00e9s Besaile Fayad&nbsp;<\/td><td>(Partido de la U)<\/td><\/tr><tr><td>Jorge Eliecer Guevara<\/td><td>(Alianza Verde)<\/td><\/tr><tr><td>Sandra Ram\u00edrez Lobo Silva&nbsp;<\/td><td>(Comunes)<\/td><\/tr><\/tbody><\/table><\/figure>\n\n\n\n<p><strong>Direcci\u00f3n:<\/strong>\u00a0Carrera 7 No. 8 &#8211; 68 Piso 2 Oficina 240B &#8211; Edificio Nuevo del Congreso<br><strong>Tel\u00e9fonos: Conmutador:<\/strong>\u00a0(+57) 601 382 3000\u00a0&#8211; (+57) 601 382 4000\u00a0\u00a0&#8211; (+57) 601 382 5000<br><strong>Directo:<\/strong>\u00a0(+57) 601 382 4277\u00a0&#8211; (+57) 601 382\u00a04278<br><strong>Extensi\u00f3n:<\/strong>\u00a04277 \/ 4278 \/ 4280<br><strong>Correo Electr\u00f3nico:\u00a0<\/strong><a href=\"mailto:comision.sexta@senado.gov.co\">comision.sexta@senado.gov.co<\/a>\u00a0&#8211;\u00a0<a href=\"mailto:comision6senado@gmail.com\">comision6senado@gmail.com<\/a><\/p>\n\n\n\n<p><a href=\"http:\/\/www.secretariasenado.gov.co\/index.php\/comision-sexta\">Secretaria Senado- Comisi\u00f3n Sexta<\/a><\/p>\n\n\n\n<p><strong>YouTube<\/strong>:&nbsp;<a href=\"https:\/\/www.youtube.com\/channel\/UC7s-e3ClCUrL8bfrU_8UqHg\" target=\"_blank\" rel=\"noreferrer noopener\">Comisi\u00f3n Sexta de Senado<\/a><\/p>\n\n\n\n<p><strong>Twitter<\/strong>:&nbsp;<a href=\"https:\/\/twitter.com\/comvisenado\" target=\"_blank\" rel=\"noreferrer noopener\">&nbsp;@ComVISenado<\/a>&nbsp;<\/p>\n\n\n\n<ul class=\"wp-block-list\"><li><a href=\"https:\/\/senado.gov.co\/index.php\/documentos\/comisiones\/constitucionales\/comision-sexta\/orden-del-dia-12\/cuarta-legislatura-2021-2022\/6112-orden-del-dia-sesion-semi-presencial-30-de-marzo-de-2022\">pdf<\/a><a href=\"https:\/\/senado.gov.co\/index.php\/documentos\/comisiones\/constitucionales\/comision-sexta\/orden-del-dia-12\/cuarta-legislatura-2021-2022\/6112-orden-del-dia-sesion-semi-presencial-30-de-marzo-de-2022\">Orden del D\u00eda Sesi\u00f3n Semi Presencial 30 de Marzo de 2022<\/a>&nbsp;Nuevo<\/li><li><a href=\"https:\/\/senado.gov.co\/index.php\/documentos\/comisiones\/constitucionales\/comision-sexta\/orden-del-dia-12\/cuarta-legislatura-2021-2022\/6094-orden-del-dia-sesion-semi-presencial-23-de-marzo-de-2022\">pdf<\/a><a href=\"https:\/\/senado.gov.co\/index.php\/documentos\/comisiones\/constitucionales\/comision-sexta\/orden-del-dia-12\/cuarta-legislatura-2021-2022\/6094-orden-del-dia-sesion-semi-presencial-23-de-marzo-de-2022\">Orden del D\u00eda Sesi\u00f3n Semi Presencial 23 de Marzo de 2022<\/a><\/li><li><a href=\"https:\/\/senado.gov.co\/index.php\/documentos\/comisiones\/constitucionales\/comision-sexta\/orden-del-dia-12\/cuarta-legislatura-2021-2022\/5837-orden-del-dia-sesion-semi-presencial-15-de-diciembre-de-2021\">pdf<\/a><a href=\"https:\/\/senado.gov.co\/index.php\/documentos\/comisiones\/constitucionales\/comision-sexta\/orden-del-dia-12\/cuarta-legislatura-2021-2022\/5837-orden-del-dia-sesion-semi-presencial-15-de-diciembre-de-2021\">Orden del D\u00eda Sesi\u00f3n Semi Presencial 15 de Diciembre de 2021<\/a><\/li><li><a href=\"https:\/\/senado.gov.co\/index.php\/documentos\/comisiones\/constitucionales\/comision-sexta\/orden-del-dia-12\/cuarta-legislatura-2021-2022\/5834-orden-del-dia-sesion-semi-presencial-14-de-diciembre-de-2021\">pdf<\/a><a href=\"https:\/\/senado.gov.co\/index.php\/documentos\/comisiones\/constitucionales\/comision-sexta\/orden-del-dia-12\/cuarta-legislatura-2021-2022\/5834-orden-del-dia-sesion-semi-presencial-14-de-diciembre-de-2021\">Orden del D\u00eda Sesi\u00f3n Semi Presencial 14 de Diciembre de 2021<\/a>&nbsp;Popular<\/li><li><a href=\"https:\/\/senado.gov.co\/index.php\/documentos\/comisiones\/constitucionales\/comision-sexta\/orden-del-dia-12\/cuarta-legislatura-2021-2022\/5807-orden-del-dia-sesion-semi-presencial-1-de-diciembre-de-2021\">pdf<\/a><a href=\"https:\/\/senado.gov.co\/index.php\/documentos\/comisiones\/constitucionales\/comision-sexta\/orden-del-dia-12\/cuarta-legislatura-2021-2022\/5807-orden-del-dia-sesion-semi-presencial-1-de-diciembre-de-2021\">Orden del D\u00eda Sesi\u00f3n Semi Presencial 1 de Diciembre de 2021 (Aplazada)<\/a>&nbsp;Popular<\/li><li><a href=\"https:\/\/senado.gov.co\/index.php\/documentos\/comisiones\/constitucionales\/comision-sexta\/orden-del-dia-12\/cuarta-legislatura-2021-2022\/5775-orden-del-dia-sesion-conjunta-semi-presencial-23-de-noviembre-de-2021\">pdf<\/a><a href=\"https:\/\/senado.gov.co\/index.php\/documentos\/comisiones\/constitucionales\/comision-sexta\/orden-del-dia-12\/cuarta-legislatura-2021-2022\/5775-orden-del-dia-sesion-conjunta-semi-presencial-23-de-noviembre-de-2021\">Orden del D\u00eda Sesi\u00f3n Conjunta Semi Presencial 23 de Noviembre de 2021<\/a>&nbsp;Popular<\/li><li><a href=\"https:\/\/senado.gov.co\/index.php\/documentos\/comisiones\/constitucionales\/comision-sexta\/orden-del-dia-12\/cuarta-legislatura-2021-2022\/5758-orden-del-dia-sesion-semi-presencial-9-de-noviembre-de-2021\">pdf<\/a><a href=\"https:\/\/senado.gov.co\/index.php\/documentos\/comisiones\/constitucionales\/comision-sexta\/orden-del-dia-12\/cuarta-legislatura-2021-2022\/5758-orden-del-dia-sesion-semi-presencial-9-de-noviembre-de-2021\">Orden del D\u00eda Sesi\u00f3n Semi Presencial 16 de Noviembre de 2021<\/a>&nbsp;Popular<\/li><li><a href=\"https:\/\/senado.gov.co\/index.php\/documentos\/comisiones\/constitucionales\/comision-sexta\/orden-del-dia-12\/cuarta-legislatura-2021-2022\/5752-orden-del-dia-sesion-semi-presencial-9-de-noviembre-de-2021-modificado-09-11-2021\">pdf<\/a><a href=\"https:\/\/senado.gov.co\/index.php\/documentos\/comisiones\/constitucionales\/comision-sexta\/orden-del-dia-12\/cuarta-legislatura-2021-2022\/5752-orden-del-dia-sesion-semi-presencial-9-de-noviembre-de-2021-modificado-09-11-2021\">Orden del D\u00eda Sesi\u00f3n Semi Presencial 10 de Noviembre de 2021<\/a>&nbsp;Popular<\/li><li><a href=\"https:\/\/senado.gov.co\/index.php\/documentos\/comisiones\/constitucionales\/comision-sexta\/orden-del-dia-12\/cuarta-legislatura-2021-2022\/5751-orden-del-dia-sesion-semi-presencial-3-de-noviembre-de-2021-1\">pdf<\/a><a href=\"https:\/\/senado.gov.co\/index.php\/documentos\/comisiones\/constitucionales\/comision-sexta\/orden-del-dia-12\/cuarta-legislatura-2021-2022\/5751-orden-del-dia-sesion-semi-presencial-3-de-noviembre-de-2021-1\">Orden del D\u00eda Sesi\u00f3n Semi Presencial 9 de Noviembre de 2021 (Modificado 09\/11\/2021)<\/a>&nbsp;Popular<\/li><li><a href=\"https:\/\/senado.gov.co\/index.php\/documentos\/comisiones\/constitucionales\/comision-sexta\/orden-del-dia-12\/cuarta-legislatura-2021-2022\/5750-orden-del-dia-sesion-semi-presencial-3-de-noviembre-de-2021\">pdf<\/a><a href=\"https:\/\/senado.gov.co\/index.php\/documentos\/comisiones\/constitucionales\/comision-sexta\/orden-del-dia-12\/cuarta-legislatura-2021-2022\/5750-orden-del-dia-sesion-semi-presencial-3-de-noviembre-de-2021\">Orden del D\u00eda Sesi\u00f3n Semi Presencial 3 de Noviembre de 2021<\/a>&nbsp;Popular<\/li><li><a href=\"https:\/\/senado.gov.co\/index.php\/documentos\/comisiones\/constitucionales\/comision-sexta\/orden-del-dia-12\/cuarta-legislatura-2021-2022\/5742-orden-del-dia-sesion-conjunta-semi-presencial-2-de-noviembre-de-2021\">pdf<\/a><a href=\"https:\/\/senado.gov.co\/index.php\/documentos\/comisiones\/constitucionales\/comision-sexta\/orden-del-dia-12\/cuarta-legislatura-2021-2022\/5742-orden-del-dia-sesion-conjunta-semi-presencial-2-de-noviembre-de-2021\">Orden del D\u00eda Sesi\u00f3n Conjunta Semi Presencial 2 de Noviembre de 2021<\/a>&nbsp;Popular<\/li><li><a href=\"https:\/\/senado.gov.co\/index.php\/documentos\/comisiones\/constitucionales\/comision-sexta\/orden-del-dia-12\/cuarta-legislatura-2021-2022\/5737-orden-del-dia-sesion-semi-presencial-27-de-octubre-de-2021\">pdf<\/a><a href=\"https:\/\/senado.gov.co\/index.php\/documentos\/comisiones\/constitucionales\/comision-sexta\/orden-del-dia-12\/cuarta-legislatura-2021-2022\/5737-orden-del-dia-sesion-semi-presencial-27-de-octubre-de-2021\">Orden del D\u00eda Sesi\u00f3n Semi Presencial 27 de Octubre de 2021<\/a>&nbsp;Popular<\/li><li><a href=\"https:\/\/senado.gov.co\/index.php\/documentos\/comisiones\/constitucionales\/comision-sexta\/orden-del-dia-12\/cuarta-legislatura-2021-2022\/5718-orden-del-dia-sesion-semi-presencial-26-de-octubre-de-2021\">pdf<\/a><a href=\"https:\/\/senado.gov.co\/index.php\/documentos\/comisiones\/constitucionales\/comision-sexta\/orden-del-dia-12\/cuarta-legislatura-2021-2022\/5718-orden-del-dia-sesion-semi-presencial-26-de-octubre-de-2021\">Orden del D\u00eda Sesi\u00f3n Semi Presencial 26 de Octubre de 2021<\/a>&nbsp;Popular<\/li><li><a href=\"https:\/\/senado.gov.co\/index.php\/documentos\/comisiones\/constitucionales\/comision-sexta\/orden-del-dia-12\/cuarta-legislatura-2021-2022\/5692-orden-del-dia-sesion-semi-presencial-6-de-octubre-de-2021\">pdf<\/a><a href=\"https:\/\/senado.gov.co\/index.php\/documentos\/comisiones\/constitucionales\/comision-sexta\/orden-del-dia-12\/cuarta-legislatura-2021-2022\/5692-orden-del-dia-sesion-semi-presencial-6-de-octubre-de-2021\">Orden del D\u00eda Sesi\u00f3n Semi Presencial 6 de Octubre de 2021 (Modificado 06\/10\/2021)<\/a>&nbsp;Popular<\/li><li><a href=\"https:\/\/senado.gov.co\/index.php\/documentos\/comisiones\/constitucionales\/comision-sexta\/orden-del-dia-12\/cuarta-legislatura-2021-2022\/5688-orden-del-dia-sesion-semi-presencial-5-de-octubre-de-2021\">pdf<\/a><a href=\"https:\/\/senado.gov.co\/index.php\/documentos\/comisiones\/constitucionales\/comision-sexta\/orden-del-dia-12\/cuarta-legislatura-2021-2022\/5688-orden-del-dia-sesion-semi-presencial-5-de-octubre-de-2021\">Orden del D\u00eda Sesi\u00f3n Semi Presencial 5 de Octubre de 2021<\/a>&nbsp;Popular<\/li><\/ul>\n\n\n\n<h2 class=\"wp-block-heading\">Comisi\u00f3n S\u00e9ptima<\/h2>\n\n\n\n<p>Compuesta de catorce (14) miembros en el Senado y diecinueve (19) en la C\u00e1mara de Representantes, conocer\u00e1 de: estatuto del servidor p\u00fablico y trabajador particular; r\u00e9gimen salarial y prestacional del servidor p\u00fablico; organizaciones sindicales; sociedades de auxilio mutuo; seguridad social; cajas de previsi\u00f3n social; fondos de prestaciones; carrera administrativa; servicio civil; recreaci\u00f3n; deportes; salud, organizaciones comunitarias; vivienda; econom\u00eda solidaria; asuntos de la mujer y de la familia.<\/p>\n\n\n\n<p><strong>Mesa directiva<\/strong><\/p>\n\n\n\n<p>Presidente: H.S. NADYA GEORGETTE BLEL SCAFF<\/p>\n\n\n\n<p>Vicepresidente: H.S. GABRIEL JAIME VELASCO OCAMPO<\/p>\n\n\n\n<p><strong>Secretario:<\/strong>\u00a0Jes\u00fas Mar\u00eda Espa\u00f1a Vergara<\/p>\n\n\n\n<p><strong>Honorables Senadores que la Integran<\/strong><\/p>\n\n\n\n<figure class=\"wp-block-table\"><table><tbody><tr><td>&nbsp;<\/td><td>&nbsp;<\/td><\/tr><tr><td>Honorio Miguel Henr\u00edquez Pinedo&nbsp;<\/td><td>(Centro Democr\u00e1tico)<\/td><\/tr><tr><td>Gabriel Jaime Velasco Ocampo&nbsp;<\/td><td>(Centro Democr\u00e1tico)<\/td><\/tr><tr><td>Aydee Lizarazo Cubillos<\/td><td>(Partido MIRA)<\/td><\/tr><tr><td>Nadia Georgett Blel Scaff<\/td><td>(Partido Conservador)<\/td><\/tr><tr><td>Laura Ester Fortich S\u00e1nchez&nbsp;<\/td><td>(Partido Liberal)<\/td><\/tr><tr><td>Manuel Biterbo Palchucan<\/td><td>(AICO)<\/td><\/tr><tr><td>Carlos Fernando Motoa Solarte&nbsp;<\/td><td>(Cambio Radical)<\/td><\/tr><tr><td>Fabi\u00e1n Gerardo Castillo Suarez&nbsp;<\/td><td>(Cambio Radical)<\/td><\/tr><tr><td>Jos\u00e9 Ritter L\u00f3pez Pe\u00f1a&nbsp;<\/td><td>(Partido de la U)<\/td><\/tr><tr><td>Jos\u00e9 Aulo Polo Narvaez&nbsp;<\/td><td>(Alianza Verde)<\/td><\/tr><tr><td>Jes\u00fas Alberto Castilla Salazar&nbsp;<\/td><td>(Polo Democr\u00e1tico)<\/td><\/tr><tr><td>Victoria Sandino Simanca Herrera&nbsp;<\/td><td>(FARC)<\/td><\/tr><\/tbody><\/table><\/figure>\n\n\n\n<p><strong>Direcci\u00f3n:<\/strong>&nbsp;Edificio Nuevo del Congreso. Oficina 241B<br><strong>Tel\u00e9fonos: Conmutador:<\/strong>&nbsp;(57)(1) 382 3000 &#8211; (57)(1) 382 4000<br><strong>Directo:<\/strong>&nbsp;(57)(1) 382 4264<br><strong>Extensi\u00f3n:<\/strong>&nbsp;4264<br><strong>Fax:<\/strong>&nbsp;(57)(1) 382 4265<strong><br>Correo Electr\u00f3nico:&nbsp;<\/strong><a href=\"mailto:comision.septima@senado.gov.co\">comision.septima@senado.gov.co<\/a><strong><br>P\u00e1gina Web:<\/strong>&nbsp;<a href=\"http:\/\/www.comisionseptimasenado.gov.co\/\" target=\"_blank\" rel=\"noreferrer noopener\">www.comisionseptimasenado.gov.co<\/a><\/p>\n\n\n\n<p><a rel=\"noreferrer noopener\" href=\"https:\/\/www.youtube.com\/channel\/UCVnZKJeJxweHebgm5DEeTlA\/featured\" target=\"_blank\"><strong>Canal YouTube<\/strong><\/a><\/p>\n\n\n\n<p><a href=\"http:\/\/www.secretariasenado.gov.co\/index.php\/comision-septima\">Secretaria Senado- Comisi\u00f3n S\u00e9ptima<\/a><\/p>\n\n\n\n<ul class=\"wp-block-list\"><li><a href=\"https:\/\/senado.gov.co\/index.php\/documentos\/comisiones\/constitucionales\/comision-septima\/orden-del-dia-2\/2626-16-orden-del-dia-conjuntas-para-el-martes-01-de-octubre-de-2019\">pdf<\/a><a href=\"https:\/\/senado.gov.co\/index.php\/documentos\/comisiones\/constitucionales\/comision-septima\/orden-del-dia-2\/2626-16-orden-del-dia-conjuntas-para-el-martes-01-de-octubre-de-2019\">16 ORDEN DEL DIA CONJUNTAS PARA EL MARTES 01 DE OCTUBRE DE 2019<\/a>&nbsp;Popular<\/li><li><a href=\"https:\/\/senado.gov.co\/index.php\/documentos\/comisiones\/constitucionales\/comision-septima\/1308-04-orden-del-dia-para-el-martes-13-de-agosto-de-2019-actas-y-presupuestos-acta-03\">documento<\/a><a href=\"https:\/\/senado.gov.co\/index.php\/documentos\/comisiones\/constitucionales\/comision-septima\/1308-04-orden-del-dia-para-el-martes-13-de-agosto-de-2019-actas-y-presupuestos-acta-03\">04 ORDEN DEL D\u00cdA PARA EL MARTES 13 DE AGOSTO DE 2019 ACTAS Y PRESUPUESTOS ACTA 03<\/a><\/li><\/ul>\n\t\t\t\t\t\t\t\t<\/div>\n\t\t\t\t<\/div>\n\t\t\t\t\t<\/div>\n\t\t<\/div>\n\t\t\t\t\t<\/div>\n\t\t<\/section>\n\t\t\t\t<\/div>\n\t\t","protected":false},"excerpt":{"rendered":"<p>Comisi\u00f3n Primera Compuesta por veintidos (22) miembros en el Senado y treinta y ocho (38) en la C\u00e1mara de Representantes, conocer\u00e1 de: reforma constitucional; leyes estatutarias; organizaci\u00f3n territorial; reglamentos de&hellip; <\/p>\n","protected":false},"author":2,"featured_media":0,"comment_status":"open","ping_status":"open","sticky":false,"template":"","format":"standard","meta":{"footnotes":""},"categories":[43],"tags":[],"class_list":["post-25","post","type-post","status-publish","format-standard","hentry","category-comisiones"],"yoast_head":"<!-- This site is optimized with the Yoast SEO plugin v27.3 - https:\/\/yoast.com\/product\/yoast-seo-wordpress\/ -->\n<title>COMISIONES CONSTITUCIONALES - Revista Congreso Digital<\/title>\n<meta name=\"robots\" content=\"index, follow, max-snippet:-1, max-image-preview:large, max-video-preview:-1\" \/>\n<link rel=\"canonical\" href=\"https:\/\/revistacongresodigital.com\/?p=25\" \/>\n<meta property=\"og:locale\" content=\"es_ES\" \/>\n<meta property=\"og:type\" content=\"article\" \/>\n<meta property=\"og:title\" content=\"COMISIONES CONSTITUCIONALES - Revista Congreso Digital\" \/>\n<meta property=\"og:description\" content=\"Comisi\u00f3n Primera Compuesta por veintidos (22) miembros en el Senado y treinta y ocho (38) en la C\u00e1mara de Representantes, conocer\u00e1 de: reforma constitucional; leyes estatutarias; organizaci\u00f3n territorial; reglamentos de&hellip;\" \/>\n<meta property=\"og:url\" content=\"https:\/\/revistacongresodigital.com\/?p=25\" \/>\n<meta property=\"og:site_name\" content=\"Revista Congreso Digital\" \/>\n<meta property=\"article:published_time\" content=\"2021-01-25T09:26:29+00:00\" \/>\n<meta property=\"article:modified_time\" content=\"2022-04-12T19:24:12+00:00\" \/>\n<meta name=\"author\" content=\"Paola Pardo\" \/>\n<meta name=\"twitter:card\" content=\"summary_large_image\" \/>\n<meta name=\"twitter:label1\" content=\"Escrito por\" \/>\n\t<meta name=\"twitter:data1\" content=\"Paola Pardo\" \/>\n\t<meta name=\"twitter:label2\" content=\"Tiempo de lectura\" \/>\n\t<meta name=\"twitter:data2\" content=\"12 minutos\" \/>\n<script type=\"application\/ld+json\" class=\"yoast-schema-graph\">{\"@context\":\"https:\\\/\\\/schema.org\",\"@graph\":[{\"@type\":\"Article\",\"@id\":\"https:\\\/\\\/revistacongresodigital.com\\\/?p=25#article\",\"isPartOf\":{\"@id\":\"https:\\\/\\\/revistacongresodigital.com\\\/?p=25\"},\"author\":{\"name\":\"Paola Pardo\",\"@id\":\"https:\\\/\\\/www.revistacongresodigital.com\\\/#\\\/schema\\\/person\\\/48fdd26fc226b8cbb305dd638a8e6723\"},\"headline\":\"COMISIONES CONSTITUCIONALES\",\"datePublished\":\"2021-01-25T09:26:29+00:00\",\"dateModified\":\"2022-04-12T19:24:12+00:00\",\"mainEntityOfPage\":{\"@id\":\"https:\\\/\\\/revistacongresodigital.com\\\/?p=25\"},\"wordCount\":2452,\"commentCount\":1,\"publisher\":{\"@id\":\"https:\\\/\\\/www.revistacongresodigital.com\\\/#organization\"},\"articleSection\":[\"COMISIONES\"],\"inLanguage\":\"es\",\"potentialAction\":[{\"@type\":\"CommentAction\",\"name\":\"Comment\",\"target\":[\"https:\\\/\\\/revistacongresodigital.com\\\/?p=25#respond\"]}]},{\"@type\":\"WebPage\",\"@id\":\"https:\\\/\\\/revistacongresodigital.com\\\/?p=25\",\"url\":\"https:\\\/\\\/revistacongresodigital.com\\\/?p=25\",\"name\":\"COMISIONES CONSTITUCIONALES - Revista Congreso Digital\",\"isPartOf\":{\"@id\":\"https:\\\/\\\/www.revistacongresodigital.com\\\/#website\"},\"datePublished\":\"2021-01-25T09:26:29+00:00\",\"dateModified\":\"2022-04-12T19:24:12+00:00\",\"breadcrumb\":{\"@id\":\"https:\\\/\\\/revistacongresodigital.com\\\/?p=25#breadcrumb\"},\"inLanguage\":\"es\",\"potentialAction\":[{\"@type\":\"ReadAction\",\"target\":[\"https:\\\/\\\/revistacongresodigital.com\\\/?p=25\"]}]},{\"@type\":\"BreadcrumbList\",\"@id\":\"https:\\\/\\\/revistacongresodigital.com\\\/?p=25#breadcrumb\",\"itemListElement\":[{\"@type\":\"ListItem\",\"position\":1,\"name\":\"Portada\",\"item\":\"https:\\\/\\\/www.revistacongresodigital.com\\\/\"},{\"@type\":\"ListItem\",\"position\":2,\"name\":\"COMISIONES CONSTITUCIONALES\"}]},{\"@type\":\"WebSite\",\"@id\":\"https:\\\/\\\/www.revistacongresodigital.com\\\/#website\",\"url\":\"https:\\\/\\\/www.revistacongresodigital.com\\\/\",\"name\":\"Revista Congreso Digital\",\"description\":\"Revista Congreso Digital\",\"publisher\":{\"@id\":\"https:\\\/\\\/www.revistacongresodigital.com\\\/#organization\"},\"potentialAction\":[{\"@type\":\"SearchAction\",\"target\":{\"@type\":\"EntryPoint\",\"urlTemplate\":\"https:\\\/\\\/www.revistacongresodigital.com\\\/?s={search_term_string}\"},\"query-input\":{\"@type\":\"PropertyValueSpecification\",\"valueRequired\":true,\"valueName\":\"search_term_string\"}}],\"inLanguage\":\"es\"},{\"@type\":\"Organization\",\"@id\":\"https:\\\/\\\/www.revistacongresodigital.com\\\/#organization\",\"name\":\"Revista Congreso Digital\",\"url\":\"https:\\\/\\\/www.revistacongresodigital.com\\\/\",\"logo\":{\"@type\":\"ImageObject\",\"inLanguage\":\"es\",\"@id\":\"https:\\\/\\\/www.revistacongresodigital.com\\\/#\\\/schema\\\/logo\\\/image\\\/\",\"url\":\"https:\\\/\\\/revistacongresodigital.com\\\/wp-content\\\/uploads\\\/2022\\\/03\\\/cropped-FIRMA-JP-e1648679804884.png\",\"contentUrl\":\"https:\\\/\\\/revistacongresodigital.com\\\/wp-content\\\/uploads\\\/2022\\\/03\\\/cropped-FIRMA-JP-e1648679804884.png\",\"width\":512,\"height\":512,\"caption\":\"Revista Congreso Digital\"},\"image\":{\"@id\":\"https:\\\/\\\/www.revistacongresodigital.com\\\/#\\\/schema\\\/logo\\\/image\\\/\"}},{\"@type\":\"Person\",\"@id\":\"https:\\\/\\\/www.revistacongresodigital.com\\\/#\\\/schema\\\/person\\\/48fdd26fc226b8cbb305dd638a8e6723\",\"name\":\"Paola Pardo\",\"image\":{\"@type\":\"ImageObject\",\"inLanguage\":\"es\",\"@id\":\"https:\\\/\\\/revistacongresodigital.com\\\/wp-content\\\/litespeed\\\/avatar\\\/f533aab78141e009c40006efb62d3767.jpg?ver=1777169215\",\"url\":\"https:\\\/\\\/revistacongresodigital.com\\\/wp-content\\\/litespeed\\\/avatar\\\/f533aab78141e009c40006efb62d3767.jpg?ver=1777169215\",\"contentUrl\":\"https:\\\/\\\/revistacongresodigital.com\\\/wp-content\\\/litespeed\\\/avatar\\\/f533aab78141e009c40006efb62d3767.jpg?ver=1777169215\",\"caption\":\"Paola Pardo\"},\"url\":\"https:\\\/\\\/revistacongresodigital.com\\\/?author=2\"}]}<\/script>\n<!-- \/ Yoast SEO plugin. -->","yoast_head_json":{"title":"COMISIONES CONSTITUCIONALES - Revista Congreso Digital","robots":{"index":"index","follow":"follow","max-snippet":"max-snippet:-1","max-image-preview":"max-image-preview:large","max-video-preview":"max-video-preview:-1"},"canonical":"https:\/\/revistacongresodigital.com\/?p=25","og_locale":"es_ES","og_type":"article","og_title":"COMISIONES CONSTITUCIONALES - Revista Congreso Digital","og_description":"Comisi\u00f3n Primera Compuesta por veintidos (22) miembros en el Senado y treinta y ocho (38) en la C\u00e1mara de Representantes, conocer\u00e1 de: reforma constitucional; leyes estatutarias; organizaci\u00f3n territorial; reglamentos de&hellip;","og_url":"https:\/\/revistacongresodigital.com\/?p=25","og_site_name":"Revista Congreso Digital","article_published_time":"2021-01-25T09:26:29+00:00","article_modified_time":"2022-04-12T19:24:12+00:00","author":"Paola Pardo","twitter_card":"summary_large_image","twitter_misc":{"Escrito por":"Paola Pardo","Tiempo de lectura":"12 minutos"},"schema":{"@context":"https:\/\/schema.org","@graph":[{"@type":"Article","@id":"https:\/\/revistacongresodigital.com\/?p=25#article","isPartOf":{"@id":"https:\/\/revistacongresodigital.com\/?p=25"},"author":{"name":"Paola Pardo","@id":"https:\/\/www.revistacongresodigital.com\/#\/schema\/person\/48fdd26fc226b8cbb305dd638a8e6723"},"headline":"COMISIONES CONSTITUCIONALES","datePublished":"2021-01-25T09:26:29+00:00","dateModified":"2022-04-12T19:24:12+00:00","mainEntityOfPage":{"@id":"https:\/\/revistacongresodigital.com\/?p=25"},"wordCount":2452,"commentCount":1,"publisher":{"@id":"https:\/\/www.revistacongresodigital.com\/#organization"},"articleSection":["COMISIONES"],"inLanguage":"es","potentialAction":[{"@type":"CommentAction","name":"Comment","target":["https:\/\/revistacongresodigital.com\/?p=25#respond"]}]},{"@type":"WebPage","@id":"https:\/\/revistacongresodigital.com\/?p=25","url":"https:\/\/revistacongresodigital.com\/?p=25","name":"COMISIONES CONSTITUCIONALES - Revista Congreso Digital","isPartOf":{"@id":"https:\/\/www.revistacongresodigital.com\/#website"},"datePublished":"2021-01-25T09:26:29+00:00","dateModified":"2022-04-12T19:24:12+00:00","breadcrumb":{"@id":"https:\/\/revistacongresodigital.com\/?p=25#breadcrumb"},"inLanguage":"es","potentialAction":[{"@type":"ReadAction","target":["https:\/\/revistacongresodigital.com\/?p=25"]}]},{"@type":"BreadcrumbList","@id":"https:\/\/revistacongresodigital.com\/?p=25#breadcrumb","itemListElement":[{"@type":"ListItem","position":1,"name":"Portada","item":"https:\/\/www.revistacongresodigital.com\/"},{"@type":"ListItem","position":2,"name":"COMISIONES CONSTITUCIONALES"}]},{"@type":"WebSite","@id":"https:\/\/www.revistacongresodigital.com\/#website","url":"https:\/\/www.revistacongresodigital.com\/","name":"Revista Congreso Digital","description":"Revista Congreso Digital","publisher":{"@id":"https:\/\/www.revistacongresodigital.com\/#organization"},"potentialAction":[{"@type":"SearchAction","target":{"@type":"EntryPoint","urlTemplate":"https:\/\/www.revistacongresodigital.com\/?s={search_term_string}"},"query-input":{"@type":"PropertyValueSpecification","valueRequired":true,"valueName":"search_term_string"}}],"inLanguage":"es"},{"@type":"Organization","@id":"https:\/\/www.revistacongresodigital.com\/#organization","name":"Revista Congreso Digital","url":"https:\/\/www.revistacongresodigital.com\/","logo":{"@type":"ImageObject","inLanguage":"es","@id":"https:\/\/www.revistacongresodigital.com\/#\/schema\/logo\/image\/","url":"https:\/\/revistacongresodigital.com\/wp-content\/uploads\/2022\/03\/cropped-FIRMA-JP-e1648679804884.png","contentUrl":"https:\/\/revistacongresodigital.com\/wp-content\/uploads\/2022\/03\/cropped-FIRMA-JP-e1648679804884.png","width":512,"height":512,"caption":"Revista Congreso Digital"},"image":{"@id":"https:\/\/www.revistacongresodigital.com\/#\/schema\/logo\/image\/"}},{"@type":"Person","@id":"https:\/\/www.revistacongresodigital.com\/#\/schema\/person\/48fdd26fc226b8cbb305dd638a8e6723","name":"Paola Pardo","image":{"@type":"ImageObject","inLanguage":"es","@id":"https:\/\/revistacongresodigital.com\/wp-content\/litespeed\/avatar\/f533aab78141e009c40006efb62d3767.jpg?ver=1777169215","url":"https:\/\/revistacongresodigital.com\/wp-content\/litespeed\/avatar\/f533aab78141e009c40006efb62d3767.jpg?ver=1777169215","contentUrl":"https:\/\/revistacongresodigital.com\/wp-content\/litespeed\/avatar\/f533aab78141e009c40006efb62d3767.jpg?ver=1777169215","caption":"Paola Pardo"},"url":"https:\/\/revistacongresodigital.com\/?author=2"}]}},"_links":{"self":[{"href":"https:\/\/revistacongresodigital.com\/index.php?rest_route=\/wp\/v2\/posts\/25","targetHints":{"allow":["GET"]}}],"collection":[{"href":"https:\/\/revistacongresodigital.com\/index.php?rest_route=\/wp\/v2\/posts"}],"about":[{"href":"https:\/\/revistacongresodigital.com\/index.php?rest_route=\/wp\/v2\/types\/post"}],"author":[{"embeddable":true,"href":"https:\/\/revistacongresodigital.com\/index.php?rest_route=\/wp\/v2\/users\/2"}],"replies":[{"embeddable":true,"href":"https:\/\/revistacongresodigital.com\/index.php?rest_route=%2Fwp%2Fv2%2Fcomments&post=25"}],"version-history":[{"count":8,"href":"https:\/\/revistacongresodigital.com\/index.php?rest_route=\/wp\/v2\/posts\/25\/revisions"}],"predecessor-version":[{"id":1552,"href":"https:\/\/revistacongresodigital.com\/index.php?rest_route=\/wp\/v2\/posts\/25\/revisions\/1552"}],"wp:attachment":[{"href":"https:\/\/revistacongresodigital.com\/index.php?rest_route=%2Fwp%2Fv2%2Fmedia&parent=25"}],"wp:term":[{"taxonomy":"category","embeddable":true,"href":"https:\/\/revistacongresodigital.com\/index.php?rest_route=%2Fwp%2Fv2%2Fcategories&post=25"},{"taxonomy":"post_tag","embeddable":true,"href":"https:\/\/revistacongresodigital.com\/index.php?rest_route=%2Fwp%2Fv2%2Ftags&post=25"}],"curies":[{"name":"wp","href":"https:\/\/api.w.org\/{rel}","templated":true}]}}