{"id":2194,"date":"2022-08-16T21:52:02","date_gmt":"2022-08-16T21:52:02","guid":{"rendered":"https:\/\/revistacongresodigital.com\/?p=2194"},"modified":"2022-08-16T23:37:29","modified_gmt":"2022-08-16T23:37:29","slug":"gobierno-de-gustavo-petro","status":"publish","type":"post","link":"https:\/\/revistacongresodigital.com\/?p=2194","title":{"rendered":"Gobierno de Gustavo Petro"},"content":{"rendered":"\t\t<div data-elementor-type=\"wp-post\" data-elementor-id=\"2194\" class=\"elementor elementor-2194\">\n\t\t\t\t\t\t<section class=\"elementor-section elementor-top-section elementor-element elementor-element-627a78c elementor-section-boxed elementor-section-height-default elementor-section-height-default\" data-id=\"627a78c\" data-element_type=\"section\" data-e-type=\"section\">\n\t\t\t\t\t\t<div class=\"elementor-container elementor-column-gap-default\">\n\t\t\t\t\t<div class=\"elementor-column elementor-col-100 elementor-top-column elementor-element elementor-element-8ef2102\" data-id=\"8ef2102\" data-element_type=\"column\" data-e-type=\"column\">\n\t\t\t<div class=\"elementor-widget-wrap elementor-element-populated\">\n\t\t\t\t\t\t<section class=\"elementor-section elementor-inner-section elementor-element elementor-element-35d26c1 elementor-section-boxed elementor-section-height-default elementor-section-height-default\" data-id=\"35d26c1\" data-element_type=\"section\" data-e-type=\"section\">\n\t\t\t\t\t\t<div class=\"elementor-container elementor-column-gap-default\">\n\t\t\t\t\t<div class=\"elementor-column elementor-col-50 elementor-inner-column elementor-element elementor-element-83022b2\" data-id=\"83022b2\" data-element_type=\"column\" data-e-type=\"column\">\n\t\t\t<div class=\"elementor-widget-wrap elementor-element-populated\">\n\t\t\t\t\t\t<div class=\"elementor-element elementor-element-a3093b6 elementor-widget elementor-widget-text-editor\" data-id=\"a3093b6\" data-element_type=\"widget\" data-e-type=\"widget\" data-widget_type=\"text-editor.default\">\n\t\t\t\t<div class=\"elementor-widget-container\">\n\t\t\t\t\t\t\t\t\t<p>El\u00a0<b>gobierno del presidente\u00a0Gustavo Petro Urrego<\/b>\u00a0inici\u00f3 el 7 de agosto de 2022, tras su victoria en la segunda vuelta de la\u00a0elecci\u00f3n presidencial de Colombia de 2022. Su mandato se extender\u00e1 hasta el 7 de agosto de 2026, fecha en la que debe producirse la investidura de su sucesor.<\/p>\t\t\t\t\t\t\t\t<\/div>\n\t\t\t\t<\/div>\n\t\t\t\t\t<\/div>\n\t\t<\/div>\n\t\t\t\t<div class=\"elementor-column elementor-col-50 elementor-inner-column elementor-element elementor-element-dc9224d\" data-id=\"dc9224d\" data-element_type=\"column\" data-e-type=\"column\">\n\t\t\t<div class=\"elementor-widget-wrap elementor-element-populated\">\n\t\t\t\t\t\t<div class=\"elementor-element elementor-element-2b6a706 elementor-widget elementor-widget-image\" data-id=\"2b6a706\" data-element_type=\"widget\" data-e-type=\"widget\" data-widget_type=\"image.default\">\n\t\t\t\t<div class=\"elementor-widget-container\">\n\t\t\t\t\t\t\t\t\t\t\t\t<figure class=\"wp-caption\">\n\t\t\t\t\t\t\t\t\t\t<img fetchpriority=\"high\" decoding=\"async\" width=\"200\" height=\"259\" src=\"https:\/\/revistacongresodigital.com\/wp-content\/uploads\/2022\/08\/Presidente_Gustavo_Petro.jpg\" class=\"attachment-full size-full wp-image-2196\" alt=\"Presidente_Gustavo_Petro\" \/>\t\t\t\t\t\t\t\t\t\t\t<figcaption class=\"widget-image-caption wp-caption-text\"><\/figcaption>\n\t\t\t\t\t\t\t\t\t\t<\/figure>\n\t\t\t\t\t\t\t\t\t<\/div>\n\t\t\t\t<\/div>\n\t\t\t\t\t<\/div>\n\t\t<\/div>\n\t\t\t\t\t<\/div>\n\t\t<\/section>\n\t\t\t\t\t<\/div>\n\t\t<\/div>\n\t\t\t\t\t<\/div>\n\t\t<\/section>\n\t\t\t\t<section class=\"elementor-section elementor-top-section elementor-element elementor-element-d002389 elementor-section-boxed elementor-section-height-default elementor-section-height-default\" data-id=\"d002389\" data-element_type=\"section\" data-e-type=\"section\">\n\t\t\t\t\t\t<div class=\"elementor-container elementor-column-gap-default\">\n\t\t\t\t\t<div class=\"elementor-column elementor-col-100 elementor-top-column elementor-element elementor-element-60a4d8a\" data-id=\"60a4d8a\" data-element_type=\"column\" data-e-type=\"column\">\n\t\t\t<div class=\"elementor-widget-wrap elementor-element-populated\">\n\t\t\t\t\t\t<div class=\"elementor-element elementor-element-94b9f44 elementor-widget elementor-widget-heading\" data-id=\"94b9f44\" data-element_type=\"widget\" data-e-type=\"widget\" data-widget_type=\"heading.default\">\n\t\t\t\t<div class=\"elementor-widget-container\">\n\t\t\t\t\t<h2 class=\"elementor-heading-title elementor-size-default\">Posesion presidencial<\/h2>\t\t\t\t<\/div>\n\t\t\t\t<\/div>\n\t\t\t\t\t<\/div>\n\t\t<\/div>\n\t\t\t\t\t<\/div>\n\t\t<\/section>\n\t\t\t\t<section class=\"elementor-section elementor-top-section elementor-element elementor-element-20d815a elementor-section-boxed elementor-section-height-default elementor-section-height-default\" data-id=\"20d815a\" data-element_type=\"section\" data-e-type=\"section\">\n\t\t\t\t\t\t<div class=\"elementor-container elementor-column-gap-default\">\n\t\t\t\t\t<div class=\"elementor-column elementor-col-100 elementor-top-column elementor-element elementor-element-8496806\" data-id=\"8496806\" data-element_type=\"column\" data-e-type=\"column\">\n\t\t\t<div class=\"elementor-widget-wrap elementor-element-populated\">\n\t\t\t\t\t\t<section class=\"elementor-section elementor-inner-section elementor-element elementor-element-7d5487d elementor-section-boxed elementor-section-height-default elementor-section-height-default\" data-id=\"7d5487d\" data-element_type=\"section\" data-e-type=\"section\">\n\t\t\t\t\t\t<div class=\"elementor-container elementor-column-gap-default\">\n\t\t\t\t\t<div class=\"elementor-column elementor-col-50 elementor-inner-column elementor-element elementor-element-c38d501\" data-id=\"c38d501\" data-element_type=\"column\" data-e-type=\"column\">\n\t\t\t<div class=\"elementor-widget-wrap elementor-element-populated\">\n\t\t\t\t\t\t<div class=\"elementor-element elementor-element-71f0628 elementor-widget elementor-widget-image\" data-id=\"71f0628\" data-element_type=\"widget\" data-e-type=\"widget\" data-widget_type=\"image.default\">\n\t\t\t\t<div class=\"elementor-widget-container\">\n\t\t\t\t\t\t\t\t\t\t\t\t\t\t\t<img decoding=\"async\" width=\"300\" height=\"249\" src=\"https:\/\/revistacongresodigital.com\/wp-content\/uploads\/2022\/08\/Leonor_Zalabata_with_Gustavo_Petro-300x249.jpg\" class=\"attachment-medium size-medium wp-image-2198\" alt=\"posesion\" srcset=\"https:\/\/revistacongresodigital.com\/wp-content\/uploads\/2022\/08\/Leonor_Zalabata_with_Gustavo_Petro-300x249.jpg 300w, https:\/\/revistacongresodigital.com\/wp-content\/uploads\/2022\/08\/Leonor_Zalabata_with_Gustavo_Petro-768x636.jpg 768w, https:\/\/revistacongresodigital.com\/wp-content\/uploads\/2022\/08\/Leonor_Zalabata_with_Gustavo_Petro.jpg 800w\" sizes=\"(max-width: 300px) 100vw, 300px\" \/>\t\t\t\t\t\t\t\t\t\t\t\t\t\t\t<\/div>\n\t\t\t\t<\/div>\n\t\t\t\t\t<\/div>\n\t\t<\/div>\n\t\t\t\t<div class=\"elementor-column elementor-col-50 elementor-inner-column elementor-element elementor-element-d0b938d\" data-id=\"d0b938d\" data-element_type=\"column\" data-e-type=\"column\">\n\t\t\t<div class=\"elementor-widget-wrap elementor-element-populated\">\n\t\t\t\t\t\t<div class=\"elementor-element elementor-element-bd00297 elementor-widget elementor-widget-text-editor\" data-id=\"bd00297\" data-element_type=\"widget\" data-e-type=\"widget\" data-widget_type=\"text-editor.default\">\n\t\t\t\t<div class=\"elementor-widget-container\">\n\t\t\t\t\t\t\t\t\t<p>El d\u00eda 5 de agosto Petro viaj\u00f3 a la Sierra Nevada de Santa Marta para realizar la ceremonia simb\u00f3lica de posesi\u00f3n ancestral de parte de la comunidad ind\u00edgena arhuaca. All\u00ed se reuni\u00f3 con su poblaci\u00f3n y con varios l\u00edderes de la comunidad incluida Leonor Zalabata a quien Petro hab\u00eda designado semanas atr\u00e1s como embajadora ante las Naciones Unidas. El evento formal de posesi\u00f3n presidencial tuvo lugar el 7 de agosto de 2022 con una serie de eventos culturales paralelos en parques y plazas del pa\u00eds y del centro de Bogot\u00e1, siendo esta la primera vez que se realizan estas actividades en el marco de una toma de poder presidencial.<\/p>\t\t\t\t\t\t\t\t<\/div>\n\t\t\t\t<\/div>\n\t\t\t\t\t<\/div>\n\t\t<\/div>\n\t\t\t\t\t<\/div>\n\t\t<\/section>\n\t\t\t\t<div class=\"elementor-element elementor-element-dc33815 elementor-widget elementor-widget-text-editor\" data-id=\"dc33815\" data-element_type=\"widget\" data-e-type=\"widget\" data-widget_type=\"text-editor.default\">\n\t\t\t\t<div class=\"elementor-widget-container\">\n\t\t\t\t\t\t\t\t\t<p>El evento principal inici\u00f3 a las 3 de la tarde en la Plaza de Bol\u00edvar de Bogot\u00e1. Adem\u00e1s de los invitados protocolarios, el presidente Petro tuvo como invitados de honor a varios ciudadanos del com\u00fan, dentro de las que se encontraban personas que conoci\u00f3 durante la campa\u00f1a como un pescador de la ciudad de Honda que le brind\u00f3 posada o una barrendera de la ciudad de Medell\u00edn que hab\u00eda sido agredida verbalmente por usar publicidad alusiva a la campa\u00f1a del Pacto Hist\u00f3rico, as\u00ed como <i>influenciadores<\/i>\u00a0de\u00a0redes sociales. Igualmente por pedido del entrante mandatario, se suprimieron algunos protocolos como el uso de la\u00a0alfombra roja\u00a0y se permiti\u00f3 por primera vez el acceso del p\u00fablico general a un sector de la plaza.<sup id=\"cite_ref-RTVCPOS_7-0\" class=\"reference separada\"><\/sup><\/p><p>En el momento del juramento de Petro, el presidente del congreso\u00a0Roy Barreras\u00a0sorpresivamente llam\u00f3 a la tarima a la senadora\u00a0Mar\u00eda Jos\u00e9 Pizarro, hija de\u00a0Carlos Pizarro, el asesinado l\u00edder del\u00a0M-19, y en un acto simb\u00f3lico le dio la oportunidad de imponer la banda presidencial a Petro, banda que tradicionalmente es impuesta por el presidente del congreso. Barreras le impuso al presidente un prendedor de\u00a0la paloma de la paz.<sup id=\"cite_ref-INFOBAEPOSES_9-0\" class=\"reference separada\"><\/sup><\/p>\t\t\t\t\t\t\t\t<\/div>\n\t\t\t\t<\/div>\n\t\t\t\t\t<\/div>\n\t\t<\/div>\n\t\t\t\t\t<\/div>\n\t\t<\/section>\n\t\t\t\t<section class=\"elementor-section elementor-top-section elementor-element elementor-element-7a18de1 elementor-section-boxed elementor-section-height-default elementor-section-height-default\" data-id=\"7a18de1\" data-element_type=\"section\" data-e-type=\"section\">\n\t\t\t\t\t\t<div class=\"elementor-container elementor-column-gap-default\">\n\t\t\t\t\t<div class=\"elementor-column elementor-col-100 elementor-top-column elementor-element elementor-element-6c359ef\" data-id=\"6c359ef\" data-element_type=\"column\" data-e-type=\"column\">\n\t\t\t<div class=\"elementor-widget-wrap elementor-element-populated\">\n\t\t\t\t\t\t<div class=\"elementor-element elementor-element-f141c45 elementor-widget elementor-widget-heading\" data-id=\"f141c45\" data-element_type=\"widget\" data-e-type=\"widget\" data-widget_type=\"heading.default\">\n\t\t\t\t<div class=\"elementor-widget-container\">\n\t\t\t\t\t<h2 class=\"elementor-heading-title elementor-size-default\">Empalme<\/h2>\t\t\t\t<\/div>\n\t\t\t\t<\/div>\n\t\t\t\t<div class=\"elementor-element elementor-element-39072fd elementor-widget elementor-widget-text-editor\" data-id=\"39072fd\" data-element_type=\"widget\" data-e-type=\"widget\" data-widget_type=\"text-editor.default\">\n\t\t\t\t<div class=\"elementor-widget-container\">\n\t\t\t\t\t\t\t\t\t<p>En el mes de junio Petro nombr\u00f3 32 coordinadores sectoriales de una comisi\u00f3n de empalme encargada de realizar la recepci\u00f3n de las diferentes \u00e1reas con el\u00a0Gobierno de Iv\u00e1n Duque. La comisi\u00f3n estuvo encabezada por\u00a0Mauricio Lizcano,\u00a0Carolina Corcho, Aurora Vergara y Daniel Rojas. Algunas de las personas nombradas en las comisiones fueron posteriormente\u00a0nombrados como ministros de gobierno.<sup id=\"cite_ref-EMPALME_5-0\" class=\"reference separada\"><\/sup>\u200b<\/p>\t\t\t\t\t\t\t\t<\/div>\n\t\t\t\t<\/div>\n\t\t\t\t\t<\/div>\n\t\t<\/div>\n\t\t\t\t\t<\/div>\n\t\t<\/section>\n\t\t\t\t<\/div>\n\t\t","protected":false},"excerpt":{"rendered":"<p>El\u00a0gobierno del presidente\u00a0Gustavo Petro Urrego\u00a0inici\u00f3 el 7 de agosto de 2022, tras su victoria en la segunda vuelta de la\u00a0elecci\u00f3n presidencial de Colombia de 2022. Su mandato se extender\u00e1 hasta&hellip; <\/p>\n","protected":false},"author":2,"featured_media":2198,"comment_status":"open","ping_status":"open","sticky":false,"template":"","format":"standard","meta":{"footnotes":""},"categories":[40],"tags":[],"class_list":["post-2194","post","type-post","status-publish","format-standard","has-post-thumbnail","hentry","category-noticias-nuevas"],"yoast_head":"<!-- This site is optimized with the Yoast SEO plugin v27.3 - https:\/\/yoast.com\/product\/yoast-seo-wordpress\/ -->\n<title>Gobierno de Gustavo Petro - Revista Congreso Digital<\/title>\n<meta name=\"robots\" content=\"index, follow, max-snippet:-1, max-image-preview:large, max-video-preview:-1\" \/>\n<link rel=\"canonical\" href=\"https:\/\/revistacongresodigital.com\/?p=2194\" \/>\n<meta property=\"og:locale\" content=\"es_ES\" \/>\n<meta property=\"og:type\" content=\"article\" \/>\n<meta property=\"og:title\" content=\"Gobierno de Gustavo Petro - Revista Congreso Digital\" \/>\n<meta property=\"og:description\" content=\"El\u00a0gobierno del presidente\u00a0Gustavo Petro Urrego\u00a0inici\u00f3 el 7 de agosto de 2022, tras su victoria en la segunda vuelta de la\u00a0elecci\u00f3n presidencial de Colombia de 2022. Su mandato se extender\u00e1 hasta&hellip;\" \/>\n<meta property=\"og:url\" content=\"https:\/\/revistacongresodigital.com\/?p=2194\" \/>\n<meta property=\"og:site_name\" content=\"Revista Congreso Digital\" \/>\n<meta property=\"article:published_time\" content=\"2022-08-16T21:52:02+00:00\" \/>\n<meta property=\"article:modified_time\" content=\"2022-08-16T23:37:29+00:00\" \/>\n<meta property=\"og:image\" content=\"https:\/\/revistacongresodigital.com\/wp-content\/uploads\/2022\/08\/Leonor_Zalabata_with_Gustavo_Petro.jpg\" \/>\n\t<meta property=\"og:image:width\" content=\"800\" \/>\n\t<meta property=\"og:image:height\" content=\"663\" \/>\n\t<meta property=\"og:image:type\" content=\"image\/jpeg\" \/>\n<meta name=\"author\" content=\"Paola Pardo\" \/>\n<meta name=\"twitter:card\" content=\"summary_large_image\" \/>\n<meta name=\"twitter:label1\" content=\"Escrito por\" \/>\n\t<meta name=\"twitter:data1\" content=\"Paola Pardo\" \/>\n\t<meta name=\"twitter:label2\" content=\"Tiempo de lectura\" \/>\n\t<meta name=\"twitter:data2\" content=\"3 minutos\" \/>\n<script type=\"application\/ld+json\" class=\"yoast-schema-graph\">{\"@context\":\"https:\\\/\\\/schema.org\",\"@graph\":[{\"@type\":\"Article\",\"@id\":\"https:\\\/\\\/revistacongresodigital.com\\\/?p=2194#article\",\"isPartOf\":{\"@id\":\"https:\\\/\\\/revistacongresodigital.com\\\/?p=2194\"},\"author\":{\"name\":\"Paola Pardo\",\"@id\":\"https:\\\/\\\/www.revistacongresodigital.com\\\/#\\\/schema\\\/person\\\/48fdd26fc226b8cbb305dd638a8e6723\"},\"headline\":\"Gobierno de Gustavo Petro\",\"datePublished\":\"2022-08-16T21:52:02+00:00\",\"dateModified\":\"2022-08-16T23:37:29+00:00\",\"mainEntityOfPage\":{\"@id\":\"https:\\\/\\\/revistacongresodigital.com\\\/?p=2194\"},\"wordCount\":437,\"commentCount\":0,\"publisher\":{\"@id\":\"https:\\\/\\\/www.revistacongresodigital.com\\\/#organization\"},\"image\":{\"@id\":\"https:\\\/\\\/revistacongresodigital.com\\\/?p=2194#primaryimage\"},\"thumbnailUrl\":\"https:\\\/\\\/revistacongresodigital.com\\\/wp-content\\\/uploads\\\/2022\\\/08\\\/Leonor_Zalabata_with_Gustavo_Petro.jpg\",\"articleSection\":[\"NOTICIAS NUEVAS\"],\"inLanguage\":\"es\",\"potentialAction\":[{\"@type\":\"CommentAction\",\"name\":\"Comment\",\"target\":[\"https:\\\/\\\/revistacongresodigital.com\\\/?p=2194#respond\"]}]},{\"@type\":\"WebPage\",\"@id\":\"https:\\\/\\\/revistacongresodigital.com\\\/?p=2194\",\"url\":\"https:\\\/\\\/revistacongresodigital.com\\\/?p=2194\",\"name\":\"Gobierno de Gustavo Petro - Revista Congreso Digital\",\"isPartOf\":{\"@id\":\"https:\\\/\\\/www.revistacongresodigital.com\\\/#website\"},\"primaryImageOfPage\":{\"@id\":\"https:\\\/\\\/revistacongresodigital.com\\\/?p=2194#primaryimage\"},\"image\":{\"@id\":\"https:\\\/\\\/revistacongresodigital.com\\\/?p=2194#primaryimage\"},\"thumbnailUrl\":\"https:\\\/\\\/revistacongresodigital.com\\\/wp-content\\\/uploads\\\/2022\\\/08\\\/Leonor_Zalabata_with_Gustavo_Petro.jpg\",\"datePublished\":\"2022-08-16T21:52:02+00:00\",\"dateModified\":\"2022-08-16T23:37:29+00:00\",\"breadcrumb\":{\"@id\":\"https:\\\/\\\/revistacongresodigital.com\\\/?p=2194#breadcrumb\"},\"inLanguage\":\"es\",\"potentialAction\":[{\"@type\":\"ReadAction\",\"target\":[\"https:\\\/\\\/revistacongresodigital.com\\\/?p=2194\"]}]},{\"@type\":\"ImageObject\",\"inLanguage\":\"es\",\"@id\":\"https:\\\/\\\/revistacongresodigital.com\\\/?p=2194#primaryimage\",\"url\":\"https:\\\/\\\/revistacongresodigital.com\\\/wp-content\\\/uploads\\\/2022\\\/08\\\/Leonor_Zalabata_with_Gustavo_Petro.jpg\",\"contentUrl\":\"https:\\\/\\\/revistacongresodigital.com\\\/wp-content\\\/uploads\\\/2022\\\/08\\\/Leonor_Zalabata_with_Gustavo_Petro.jpg\",\"width\":800,\"height\":663,\"caption\":\"posesion\"},{\"@type\":\"BreadcrumbList\",\"@id\":\"https:\\\/\\\/revistacongresodigital.com\\\/?p=2194#breadcrumb\",\"itemListElement\":[{\"@type\":\"ListItem\",\"position\":1,\"name\":\"Portada\",\"item\":\"https:\\\/\\\/www.revistacongresodigital.com\\\/\"},{\"@type\":\"ListItem\",\"position\":2,\"name\":\"Gobierno de Gustavo Petro\"}]},{\"@type\":\"WebSite\",\"@id\":\"https:\\\/\\\/www.revistacongresodigital.com\\\/#website\",\"url\":\"https:\\\/\\\/www.revistacongresodigital.com\\\/\",\"name\":\"Revista Congreso Digital\",\"description\":\"Revista Congreso Digital\",\"publisher\":{\"@id\":\"https:\\\/\\\/www.revistacongresodigital.com\\\/#organization\"},\"potentialAction\":[{\"@type\":\"SearchAction\",\"target\":{\"@type\":\"EntryPoint\",\"urlTemplate\":\"https:\\\/\\\/www.revistacongresodigital.com\\\/?s={search_term_string}\"},\"query-input\":{\"@type\":\"PropertyValueSpecification\",\"valueRequired\":true,\"valueName\":\"search_term_string\"}}],\"inLanguage\":\"es\"},{\"@type\":\"Organization\",\"@id\":\"https:\\\/\\\/www.revistacongresodigital.com\\\/#organization\",\"name\":\"Revista Congreso Digital\",\"url\":\"https:\\\/\\\/www.revistacongresodigital.com\\\/\",\"logo\":{\"@type\":\"ImageObject\",\"inLanguage\":\"es\",\"@id\":\"https:\\\/\\\/www.revistacongresodigital.com\\\/#\\\/schema\\\/logo\\\/image\\\/\",\"url\":\"https:\\\/\\\/revistacongresodigital.com\\\/wp-content\\\/uploads\\\/2022\\\/03\\\/cropped-FIRMA-JP-e1648679804884.png\",\"contentUrl\":\"https:\\\/\\\/revistacongresodigital.com\\\/wp-content\\\/uploads\\\/2022\\\/03\\\/cropped-FIRMA-JP-e1648679804884.png\",\"width\":512,\"height\":512,\"caption\":\"Revista Congreso Digital\"},\"image\":{\"@id\":\"https:\\\/\\\/www.revistacongresodigital.com\\\/#\\\/schema\\\/logo\\\/image\\\/\"}},{\"@type\":\"Person\",\"@id\":\"https:\\\/\\\/www.revistacongresodigital.com\\\/#\\\/schema\\\/person\\\/48fdd26fc226b8cbb305dd638a8e6723\",\"name\":\"Paola Pardo\",\"image\":{\"@type\":\"ImageObject\",\"inLanguage\":\"es\",\"@id\":\"https:\\\/\\\/revistacongresodigital.com\\\/wp-content\\\/litespeed\\\/avatar\\\/f533aab78141e009c40006efb62d3767.jpg?ver=1777169215\",\"url\":\"https:\\\/\\\/revistacongresodigital.com\\\/wp-content\\\/litespeed\\\/avatar\\\/f533aab78141e009c40006efb62d3767.jpg?ver=1777169215\",\"contentUrl\":\"https:\\\/\\\/revistacongresodigital.com\\\/wp-content\\\/litespeed\\\/avatar\\\/f533aab78141e009c40006efb62d3767.jpg?ver=1777169215\",\"caption\":\"Paola Pardo\"},\"url\":\"https:\\\/\\\/revistacongresodigital.com\\\/?author=2\"}]}<\/script>\n<!-- \/ Yoast SEO plugin. -->","yoast_head_json":{"title":"Gobierno de Gustavo Petro - Revista Congreso Digital","robots":{"index":"index","follow":"follow","max-snippet":"max-snippet:-1","max-image-preview":"max-image-preview:large","max-video-preview":"max-video-preview:-1"},"canonical":"https:\/\/revistacongresodigital.com\/?p=2194","og_locale":"es_ES","og_type":"article","og_title":"Gobierno de Gustavo Petro - Revista Congreso Digital","og_description":"El\u00a0gobierno del presidente\u00a0Gustavo Petro Urrego\u00a0inici\u00f3 el 7 de agosto de 2022, tras su victoria en la segunda vuelta de la\u00a0elecci\u00f3n presidencial de Colombia de 2022. Su mandato se extender\u00e1 hasta&hellip;","og_url":"https:\/\/revistacongresodigital.com\/?p=2194","og_site_name":"Revista Congreso Digital","article_published_time":"2022-08-16T21:52:02+00:00","article_modified_time":"2022-08-16T23:37:29+00:00","og_image":[{"width":800,"height":663,"url":"https:\/\/revistacongresodigital.com\/wp-content\/uploads\/2022\/08\/Leonor_Zalabata_with_Gustavo_Petro.jpg","type":"image\/jpeg"}],"author":"Paola Pardo","twitter_card":"summary_large_image","twitter_misc":{"Escrito por":"Paola Pardo","Tiempo de lectura":"3 minutos"},"schema":{"@context":"https:\/\/schema.org","@graph":[{"@type":"Article","@id":"https:\/\/revistacongresodigital.com\/?p=2194#article","isPartOf":{"@id":"https:\/\/revistacongresodigital.com\/?p=2194"},"author":{"name":"Paola Pardo","@id":"https:\/\/www.revistacongresodigital.com\/#\/schema\/person\/48fdd26fc226b8cbb305dd638a8e6723"},"headline":"Gobierno de Gustavo Petro","datePublished":"2022-08-16T21:52:02+00:00","dateModified":"2022-08-16T23:37:29+00:00","mainEntityOfPage":{"@id":"https:\/\/revistacongresodigital.com\/?p=2194"},"wordCount":437,"commentCount":0,"publisher":{"@id":"https:\/\/www.revistacongresodigital.com\/#organization"},"image":{"@id":"https:\/\/revistacongresodigital.com\/?p=2194#primaryimage"},"thumbnailUrl":"https:\/\/revistacongresodigital.com\/wp-content\/uploads\/2022\/08\/Leonor_Zalabata_with_Gustavo_Petro.jpg","articleSection":["NOTICIAS NUEVAS"],"inLanguage":"es","potentialAction":[{"@type":"CommentAction","name":"Comment","target":["https:\/\/revistacongresodigital.com\/?p=2194#respond"]}]},{"@type":"WebPage","@id":"https:\/\/revistacongresodigital.com\/?p=2194","url":"https:\/\/revistacongresodigital.com\/?p=2194","name":"Gobierno de Gustavo Petro - Revista Congreso Digital","isPartOf":{"@id":"https:\/\/www.revistacongresodigital.com\/#website"},"primaryImageOfPage":{"@id":"https:\/\/revistacongresodigital.com\/?p=2194#primaryimage"},"image":{"@id":"https:\/\/revistacongresodigital.com\/?p=2194#primaryimage"},"thumbnailUrl":"https:\/\/revistacongresodigital.com\/wp-content\/uploads\/2022\/08\/Leonor_Zalabata_with_Gustavo_Petro.jpg","datePublished":"2022-08-16T21:52:02+00:00","dateModified":"2022-08-16T23:37:29+00:00","breadcrumb":{"@id":"https:\/\/revistacongresodigital.com\/?p=2194#breadcrumb"},"inLanguage":"es","potentialAction":[{"@type":"ReadAction","target":["https:\/\/revistacongresodigital.com\/?p=2194"]}]},{"@type":"ImageObject","inLanguage":"es","@id":"https:\/\/revistacongresodigital.com\/?p=2194#primaryimage","url":"https:\/\/revistacongresodigital.com\/wp-content\/uploads\/2022\/08\/Leonor_Zalabata_with_Gustavo_Petro.jpg","contentUrl":"https:\/\/revistacongresodigital.com\/wp-content\/uploads\/2022\/08\/Leonor_Zalabata_with_Gustavo_Petro.jpg","width":800,"height":663,"caption":"posesion"},{"@type":"BreadcrumbList","@id":"https:\/\/revistacongresodigital.com\/?p=2194#breadcrumb","itemListElement":[{"@type":"ListItem","position":1,"name":"Portada","item":"https:\/\/www.revistacongresodigital.com\/"},{"@type":"ListItem","position":2,"name":"Gobierno de Gustavo Petro"}]},{"@type":"WebSite","@id":"https:\/\/www.revistacongresodigital.com\/#website","url":"https:\/\/www.revistacongresodigital.com\/","name":"Revista Congreso Digital","description":"Revista Congreso Digital","publisher":{"@id":"https:\/\/www.revistacongresodigital.com\/#organization"},"potentialAction":[{"@type":"SearchAction","target":{"@type":"EntryPoint","urlTemplate":"https:\/\/www.revistacongresodigital.com\/?s={search_term_string}"},"query-input":{"@type":"PropertyValueSpecification","valueRequired":true,"valueName":"search_term_string"}}],"inLanguage":"es"},{"@type":"Organization","@id":"https:\/\/www.revistacongresodigital.com\/#organization","name":"Revista Congreso Digital","url":"https:\/\/www.revistacongresodigital.com\/","logo":{"@type":"ImageObject","inLanguage":"es","@id":"https:\/\/www.revistacongresodigital.com\/#\/schema\/logo\/image\/","url":"https:\/\/revistacongresodigital.com\/wp-content\/uploads\/2022\/03\/cropped-FIRMA-JP-e1648679804884.png","contentUrl":"https:\/\/revistacongresodigital.com\/wp-content\/uploads\/2022\/03\/cropped-FIRMA-JP-e1648679804884.png","width":512,"height":512,"caption":"Revista Congreso Digital"},"image":{"@id":"https:\/\/www.revistacongresodigital.com\/#\/schema\/logo\/image\/"}},{"@type":"Person","@id":"https:\/\/www.revistacongresodigital.com\/#\/schema\/person\/48fdd26fc226b8cbb305dd638a8e6723","name":"Paola Pardo","image":{"@type":"ImageObject","inLanguage":"es","@id":"https:\/\/revistacongresodigital.com\/wp-content\/litespeed\/avatar\/f533aab78141e009c40006efb62d3767.jpg?ver=1777169215","url":"https:\/\/revistacongresodigital.com\/wp-content\/litespeed\/avatar\/f533aab78141e009c40006efb62d3767.jpg?ver=1777169215","contentUrl":"https:\/\/revistacongresodigital.com\/wp-content\/litespeed\/avatar\/f533aab78141e009c40006efb62d3767.jpg?ver=1777169215","caption":"Paola Pardo"},"url":"https:\/\/revistacongresodigital.com\/?author=2"}]}},"_links":{"self":[{"href":"https:\/\/revistacongresodigital.com\/index.php?rest_route=\/wp\/v2\/posts\/2194","targetHints":{"allow":["GET"]}}],"collection":[{"href":"https:\/\/revistacongresodigital.com\/index.php?rest_route=\/wp\/v2\/posts"}],"about":[{"href":"https:\/\/revistacongresodigital.com\/index.php?rest_route=\/wp\/v2\/types\/post"}],"author":[{"embeddable":true,"href":"https:\/\/revistacongresodigital.com\/index.php?rest_route=\/wp\/v2\/users\/2"}],"replies":[{"embeddable":true,"href":"https:\/\/revistacongresodigital.com\/index.php?rest_route=%2Fwp%2Fv2%2Fcomments&post=2194"}],"version-history":[{"count":26,"href":"https:\/\/revistacongresodigital.com\/index.php?rest_route=\/wp\/v2\/posts\/2194\/revisions"}],"predecessor-version":[{"id":2226,"href":"https:\/\/revistacongresodigital.com\/index.php?rest_route=\/wp\/v2\/posts\/2194\/revisions\/2226"}],"wp:featuredmedia":[{"embeddable":true,"href":"https:\/\/revistacongresodigital.com\/index.php?rest_route=\/wp\/v2\/media\/2198"}],"wp:attachment":[{"href":"https:\/\/revistacongresodigital.com\/index.php?rest_route=%2Fwp%2Fv2%2Fmedia&parent=2194"}],"wp:term":[{"taxonomy":"category","embeddable":true,"href":"https:\/\/revistacongresodigital.com\/index.php?rest_route=%2Fwp%2Fv2%2Fcategories&post=2194"},{"taxonomy":"post_tag","embeddable":true,"href":"https:\/\/revistacongresodigital.com\/index.php?rest_route=%2Fwp%2Fv2%2Ftags&post=2194"}],"curies":[{"name":"wp","href":"https:\/\/api.w.org\/{rel}","templated":true}]}}