{"id":2179,"date":"2022-08-06T01:45:16","date_gmt":"2022-08-06T01:45:16","guid":{"rendered":"https:\/\/revistacongresodigital.com\/?p=2179"},"modified":"2022-12-06T05:40:46","modified_gmt":"2022-12-06T05:40:46","slug":"posesion-presidencial-2","status":"publish","type":"post","link":"https:\/\/revistacongresodigital.com\/?p=2179","title":{"rendered":"POSESION PRESIDENCIAL"},"content":{"rendered":"\t\t<div data-elementor-type=\"wp-post\" data-elementor-id=\"2179\" class=\"elementor elementor-2179\">\n\t\t\t\t\t\t<section class=\"elementor-section elementor-top-section elementor-element elementor-element-2ac0e91 elementor-section-full_width elementor-section-height-default elementor-section-height-default\" data-id=\"2ac0e91\" data-element_type=\"section\" data-e-type=\"section\">\n\t\t\t\t\t\t<div class=\"elementor-container elementor-column-gap-default\">\n\t\t\t\t\t<div class=\"elementor-column elementor-col-100 elementor-top-column elementor-element elementor-element-2d3d3a2\" data-id=\"2d3d3a2\" data-element_type=\"column\" data-e-type=\"column\">\n\t\t\t<div class=\"elementor-widget-wrap elementor-element-populated\">\n\t\t\t\t\t\t<div class=\"elementor-element elementor-element-6d77d8a elementor-widget elementor-widget-image\" data-id=\"6d77d8a\" data-element_type=\"widget\" data-e-type=\"widget\" data-widget_type=\"image.default\">\n\t\t\t\t<div class=\"elementor-widget-container\">\n\t\t\t\t\t\t\t\t\t\t\t\t\t\t\t<img fetchpriority=\"high\" decoding=\"async\" width=\"940\" height=\"788\" src=\"https:\/\/revistacongresodigital.com\/wp-content\/uploads\/2022\/07\/COMIENZA-EL-CAMBIO-2022-2026-4.png\" class=\"attachment-large size-large wp-image-2137\" alt=\"COLOMBIA RENACE\" srcset=\"https:\/\/revistacongresodigital.com\/wp-content\/uploads\/2022\/07\/COMIENZA-EL-CAMBIO-2022-2026-4.png 940w, https:\/\/revistacongresodigital.com\/wp-content\/uploads\/2022\/07\/COMIENZA-EL-CAMBIO-2022-2026-4-300x251.png 300w, https:\/\/revistacongresodigital.com\/wp-content\/uploads\/2022\/07\/COMIENZA-EL-CAMBIO-2022-2026-4-768x644.png 768w\" sizes=\"(max-width: 940px) 100vw, 940px\" \/>\t\t\t\t\t\t\t\t\t\t\t\t\t\t\t<\/div>\n\t\t\t\t<\/div>\n\t\t\t\t<div class=\"elementor-element elementor-element-9e45640 elementor-widget elementor-widget-text-editor\" data-id=\"9e45640\" data-element_type=\"widget\" data-e-type=\"widget\" data-widget_type=\"text-editor.default\">\n\t\t\t\t<div class=\"elementor-widget-container\">\n\t\t\t\t\t\t\t\t\t<p>El\u00a0presidente electo\u00a0de Colombia,\u00a0Gustavo Petro, es el primer l\u00edder de izquierda que gobernar\u00e1 el pa\u00eds en su historia. Petro se posesiona este 7 de agosto, seg\u00fan dicta la tradici\u00f3n pol\u00edtica del pa\u00eds, para entrar a la Casa de Nari\u00f1o y ejercer el cargo de presidente hasta 2026. Ese mismo d\u00eda, el presidente Iv\u00e1n Duque termina su mandato.<\/p>\t\t\t\t\t\t\t\t<\/div>\n\t\t\t\t<\/div>\n\t\t\t\t\t<\/div>\n\t\t<\/div>\n\t\t\t\t\t<\/div>\n\t\t<\/section>\n\t\t\t\t<section class=\"elementor-section elementor-top-section elementor-element elementor-element-7e5fb2a elementor-section-boxed elementor-section-height-default elementor-section-height-default\" data-id=\"7e5fb2a\" data-element_type=\"section\" data-e-type=\"section\">\n\t\t\t\t\t\t<div class=\"elementor-container elementor-column-gap-default\">\n\t\t\t\t\t<div class=\"elementor-column elementor-col-100 elementor-top-column elementor-element elementor-element-b6a6b35\" data-id=\"b6a6b35\" data-element_type=\"column\" data-e-type=\"column\">\n\t\t\t<div class=\"elementor-widget-wrap elementor-element-populated\">\n\t\t\t\t\t\t<div class=\"elementor-element elementor-element-71ec7f8 elementor-widget elementor-widget-heading\" data-id=\"71ec7f8\" data-element_type=\"widget\" data-e-type=\"widget\" data-widget_type=\"heading.default\">\n\t\t\t\t<div class=\"elementor-widget-container\">\n\t\t\t\t\t<h2 class=\"elementor-heading-title elementor-size-default\">\u00bfPor qu\u00e9 la toma de posesi\u00f3n se hace en esa fecha?<\/h2>\t\t\t\t<\/div>\n\t\t\t\t<\/div>\n\t\t\t\t<div class=\"elementor-element elementor-element-bde74de elementor-widget elementor-widget-text-editor\" data-id=\"bde74de\" data-element_type=\"widget\" data-e-type=\"widget\" data-widget_type=\"text-editor.default\">\n\t\t\t\t<div class=\"elementor-widget-container\">\n\t\t\t\t\t\t\t\t\t<p>El 7 de agosto se conmemora la Batalla de Boyac\u00e1, uno de los principales momentos fundacionales de Colombia pues\u00a0concluy\u00f3 la campa\u00f1a independentista en 1819. El llamado Ej\u00e9rcito Libertador, que Francisco de Paula Santander organiz\u00f3 en los a\u00f1os previos por orden de Sim\u00f3n Bol\u00edvar, logr\u00f3 la victoria militar ese d\u00eda y despu\u00e9s se constituy\u00f3 la Gran Colombia \u2014que inclu\u00eda los territorios que hoy son Colombia, Venezuela, Ecuador y Panam\u00e1\u2014 hasta 1830.<\/p>\t\t\t\t\t\t\t\t<\/div>\n\t\t\t\t<\/div>\n\t\t\t\t\t<\/div>\n\t\t<\/div>\n\t\t\t\t\t<\/div>\n\t\t<\/section>\n\t\t\t\t<section class=\"elementor-section elementor-top-section elementor-element elementor-element-41ec974 elementor-section-boxed elementor-section-height-default elementor-section-height-default\" data-id=\"41ec974\" data-element_type=\"section\" data-e-type=\"section\">\n\t\t\t\t\t\t<div class=\"elementor-container elementor-column-gap-default\">\n\t\t\t\t\t<div class=\"elementor-column elementor-col-100 elementor-top-column elementor-element elementor-element-dbdc86b\" data-id=\"dbdc86b\" data-element_type=\"column\" data-e-type=\"column\">\n\t\t\t<div class=\"elementor-widget-wrap elementor-element-populated\">\n\t\t\t\t\t\t<div class=\"elementor-element elementor-element-27eed8a elementor-widget elementor-widget-heading\" data-id=\"27eed8a\" data-element_type=\"widget\" data-e-type=\"widget\" data-widget_type=\"heading.default\">\n\t\t\t\t<div class=\"elementor-widget-container\">\n\t\t\t\t\t<h2 class=\"elementor-heading-title elementor-size-default\">\u00bfQu\u00e9 pasa en la posesi\u00f3n del presidente?<\/h2>\t\t\t\t<\/div>\n\t\t\t\t<\/div>\n\t\t\t\t<div class=\"elementor-element elementor-element-230a71d elementor-widget elementor-widget-text-editor\" data-id=\"230a71d\" data-element_type=\"widget\" data-e-type=\"widget\" data-widget_type=\"text-editor.default\">\n\t\t\t\t<div class=\"elementor-widget-container\">\n\t\t\t\t\t\t\t\t\t<p>La toma de posesi\u00f3n es un acto protocolario con varios momentos importantes. Empieza con el himno nacional, pero su elemento central es el juramento del nuevo presidente. El mandatario electo debe posesionarse ante el Congreso de la Rep\u00fablica y recitar: \u00abJuro a Dios y prometo al pueblo cumplir fielmente la Constituci\u00f3n y las leyes de Colombia\u00bb,\u00a0seg\u00fan establece la Constituci\u00f3n. La carta pol\u00edtica tambi\u00e9n advierte que si por cualquier motivo el mandatario no puede posesionarse ante el Congreso, \u00ablo har\u00e1 ante la Corte Suprema de Justicia o, en defecto de esta, ante dos testigos\u00bb.<\/p><p>Luego del juramento, se impone la banda presidencial y se procede a que el vicepresidente, en este caso la vicepresidenta Francia M\u00e1rquez, tome juramento.<\/p><p>El evento, que se realiza tradicionalmente en la Plaza de Bol\u00edvar de Bogot\u00e1, tambi\u00e9n incluye un discurso del presidente del Congreso y del presidente electo, que suelen ser extensos por el momento que marcan. Adem\u00e1s, asisten l\u00edderes y presidentes de otros pa\u00edses, cuyas invitaciones y confirmaciones de asistencia empiezan a conocerse en las semanas siguientes.<\/p><p>Tambi\u00e9n ese d\u00eda,\u00a0el presidente saliente deja la Casa de Nari\u00f1o, residencia y sede de Gobierno, para entregarla al nuevo mandatario que gobernar\u00e1 desde all\u00ed.<\/p>\t\t\t\t\t\t\t\t<\/div>\n\t\t\t\t<\/div>\n\t\t\t\t\t<\/div>\n\t\t<\/div>\n\t\t\t\t\t<\/div>\n\t\t<\/section>\n\t\t\t\t<section class=\"elementor-section elementor-top-section elementor-element elementor-element-09a6312 elementor-section-boxed elementor-section-height-default elementor-section-height-default\" data-id=\"09a6312\" data-element_type=\"section\" data-e-type=\"section\">\n\t\t\t\t\t\t<div class=\"elementor-container elementor-column-gap-default\">\n\t\t\t\t\t<div class=\"elementor-column elementor-col-100 elementor-top-column elementor-element elementor-element-667de3c\" data-id=\"667de3c\" data-element_type=\"column\" data-e-type=\"column\">\n\t\t\t<div class=\"elementor-widget-wrap elementor-element-populated\">\n\t\t\t\t\t\t<div class=\"elementor-element elementor-element-2bc0309 elementor-widget elementor-widget-text-editor\" data-id=\"2bc0309\" data-element_type=\"widget\" data-e-type=\"widget\" data-widget_type=\"text-editor.default\">\n\t\t\t\t<div class=\"elementor-widget-container\">\n\t\t\t\t\t\t\t\t\t<p>Seg\u00fan informaci\u00f3n del comit\u00e9 organizador de la posesi\u00f3n de Gustavo Petro, estos son los presidentes, l\u00edderes y delegaciones que han confirmado su asistencia para el pr\u00f3ximo 7 de agosto en Bogot\u00e1.<\/p><ul><li>Rey Felipe VI, de Espa\u00f1a<\/li><li>Gabriel Boric, presidente de Chile<\/li><li>Guillermo Lasso, presidente de Ecuador<\/li><li>Luis Abinader, presidente de Rep\u00fablica Dominicana<\/li><li>Luis Arce Catacora, presidente de Bolivia<\/li><li>Mario Abdo Ben\u00edtez, presidente de Paraguay<\/li><li>Laurentino Cortizo, presidente de Panam\u00e1<\/li><li>Xiomara Castro, presidenta de Honduras<\/li><li>Rodrigo Chaves, presidente de Costa Rica<\/li><li>Alberto Fern\u00e1ndez, presidente de Argentina<\/li><li>Beatriz Guti\u00e9rrez M\u00fcller, primera dama de M\u00e9xico<\/li><li>Dina Boluarte, vicepresidenta de Per\u00fa<\/li><li>Beatriz Argim\u00f3n, vicepresidenta de Uruguay<\/li><li>Delegaci\u00f3n del gobierno de Pa\u00edses Bajos (Curazao)<\/li><li>F\u00e9lix Ulloa, vicepresidente de El Salvador<\/li><li>Canciller\u00eda de Cuba<\/li><li>Canciller\u00eda de Portugal<\/li><li>Canciller\u00eda de Serbia<\/li><\/ul><p>Han confirmado su presencia adem\u00e1s comitivas de Reino Unido, Jap\u00f3n y Corea del Sur, encabezadas por parlamentarios de dichos pa\u00edses.<\/p><p>Tambi\u00e9n llegar\u00e1n a Colombia 13 representantes de organismos internacionales, como la CAF, CAN, Segib, Cepal y CAN.<\/p><p>El presidente de Per\u00fa, Pedro Castillo, notific\u00f3 al Gobierno de Colombia que no podr\u00e1 participar de la transmisi\u00f3n de mando porque el Congreso no le otorg\u00f3 autorizaci\u00f3n para salir del territorio, tal como establece la Constituci\u00f3n, y por eso estar\u00e1 representado por la vicepresidenta.<\/p><p>Castillo envi\u00f3 una carta, compartida por la Canciller\u00eda peruana, en la que manifiesta que la decisi\u00f3n no se condice con la \u00abalt\u00edsima valoraci\u00f3n\u00bb que tiene de las relaciones con Colombia.<\/p>\t\t\t\t\t\t\t\t<\/div>\n\t\t\t\t<\/div>\n\t\t\t\t\t<\/div>\n\t\t<\/div>\n\t\t\t\t\t<\/div>\n\t\t<\/section>\n\t\t\t\t<\/div>\n\t\t","protected":false},"excerpt":{"rendered":"<p>El&nbsp;presidente electo&nbsp;de Colombia,&nbsp;Gustavo Petro, es el primer l\u00edder de izquierda que gobernar\u00e1 el pa\u00eds en su historia. Petro se posesiona este 7 de agosto, seg\u00fan dicta la tradici\u00f3n pol\u00edtica del&hellip; <\/p>\n","protected":false},"author":2,"featured_media":2036,"comment_status":"open","ping_status":"open","sticky":false,"template":"","format":"standard","meta":{"footnotes":""},"categories":[1],"tags":[],"class_list":["post-2179","post","type-post","status-publish","format-standard","has-post-thumbnail","hentry","category-sin-categoria"],"yoast_head":"<!-- This site is optimized with the Yoast SEO plugin v27.3 - https:\/\/yoast.com\/product\/yoast-seo-wordpress\/ -->\n<title>POSESION PRESIDENCIAL - Revista Congreso Digital<\/title>\n<meta name=\"robots\" content=\"index, follow, max-snippet:-1, max-image-preview:large, max-video-preview:-1\" \/>\n<link rel=\"canonical\" href=\"https:\/\/www.revistacongresodigital.com\/?p=2179\" \/>\n<meta property=\"og:locale\" content=\"es_ES\" \/>\n<meta property=\"og:type\" content=\"article\" \/>\n<meta property=\"og:title\" content=\"POSESION PRESIDENCIAL - Revista Congreso Digital\" \/>\n<meta property=\"og:description\" content=\"El&nbsp;presidente electo&nbsp;de Colombia,&nbsp;Gustavo Petro, es el primer l\u00edder de izquierda que gobernar\u00e1 el pa\u00eds en su historia. Petro se posesiona este 7 de agosto, seg\u00fan dicta la tradici\u00f3n pol\u00edtica del&hellip;\" \/>\n<meta property=\"og:url\" content=\"https:\/\/www.revistacongresodigital.com\/?p=2179\" \/>\n<meta property=\"og:site_name\" content=\"Revista Congreso Digital\" \/>\n<meta property=\"article:published_time\" content=\"2022-08-06T01:45:16+00:00\" \/>\n<meta property=\"article:modified_time\" content=\"2022-12-06T05:40:46+00:00\" \/>\n<meta property=\"og:image\" content=\"https:\/\/www.revistacongresodigital.com\/wp-content\/uploads\/2022\/06\/COMIENZA-EL-CAMBIO-2022-2026.png\" \/>\n\t<meta property=\"og:image:width\" content=\"940\" \/>\n\t<meta property=\"og:image:height\" content=\"788\" \/>\n\t<meta property=\"og:image:type\" content=\"image\/png\" \/>\n<meta name=\"author\" content=\"Paola Pardo\" \/>\n<meta name=\"twitter:card\" content=\"summary_large_image\" \/>\n<meta name=\"twitter:label1\" content=\"Escrito por\" \/>\n\t<meta name=\"twitter:data1\" content=\"Paola Pardo\" \/>\n\t<meta name=\"twitter:label2\" content=\"Tiempo de lectura\" \/>\n\t<meta name=\"twitter:data2\" content=\"3 minutos\" \/>\n<script type=\"application\/ld+json\" class=\"yoast-schema-graph\">{\"@context\":\"https:\\\/\\\/schema.org\",\"@graph\":[{\"@type\":\"Article\",\"@id\":\"https:\\\/\\\/www.revistacongresodigital.com\\\/?p=2179#article\",\"isPartOf\":{\"@id\":\"https:\\\/\\\/www.revistacongresodigital.com\\\/?p=2179\"},\"author\":{\"name\":\"Paola Pardo\",\"@id\":\"https:\\\/\\\/www.revistacongresodigital.com\\\/#\\\/schema\\\/person\\\/48fdd26fc226b8cbb305dd638a8e6723\"},\"headline\":\"POSESION PRESIDENCIAL\",\"datePublished\":\"2022-08-06T01:45:16+00:00\",\"dateModified\":\"2022-12-06T05:40:46+00:00\",\"mainEntityOfPage\":{\"@id\":\"https:\\\/\\\/www.revistacongresodigital.com\\\/?p=2179\"},\"wordCount\":648,\"commentCount\":0,\"publisher\":{\"@id\":\"https:\\\/\\\/www.revistacongresodigital.com\\\/#organization\"},\"image\":{\"@id\":\"https:\\\/\\\/www.revistacongresodigital.com\\\/?p=2179#primaryimage\"},\"thumbnailUrl\":\"https:\\\/\\\/revistacongresodigital.com\\\/wp-content\\\/uploads\\\/2022\\\/06\\\/COMIENZA-EL-CAMBIO-2022-2026.png\",\"inLanguage\":\"es\",\"potentialAction\":[{\"@type\":\"CommentAction\",\"name\":\"Comment\",\"target\":[\"https:\\\/\\\/www.revistacongresodigital.com\\\/?p=2179#respond\"]}]},{\"@type\":\"WebPage\",\"@id\":\"https:\\\/\\\/www.revistacongresodigital.com\\\/?p=2179\",\"url\":\"https:\\\/\\\/www.revistacongresodigital.com\\\/?p=2179\",\"name\":\"POSESION PRESIDENCIAL - Revista Congreso Digital\",\"isPartOf\":{\"@id\":\"https:\\\/\\\/www.revistacongresodigital.com\\\/#website\"},\"primaryImageOfPage\":{\"@id\":\"https:\\\/\\\/www.revistacongresodigital.com\\\/?p=2179#primaryimage\"},\"image\":{\"@id\":\"https:\\\/\\\/www.revistacongresodigital.com\\\/?p=2179#primaryimage\"},\"thumbnailUrl\":\"https:\\\/\\\/revistacongresodigital.com\\\/wp-content\\\/uploads\\\/2022\\\/06\\\/COMIENZA-EL-CAMBIO-2022-2026.png\",\"datePublished\":\"2022-08-06T01:45:16+00:00\",\"dateModified\":\"2022-12-06T05:40:46+00:00\",\"breadcrumb\":{\"@id\":\"https:\\\/\\\/www.revistacongresodigital.com\\\/?p=2179#breadcrumb\"},\"inLanguage\":\"es\",\"potentialAction\":[{\"@type\":\"ReadAction\",\"target\":[\"https:\\\/\\\/www.revistacongresodigital.com\\\/?p=2179\"]}]},{\"@type\":\"ImageObject\",\"inLanguage\":\"es\",\"@id\":\"https:\\\/\\\/www.revistacongresodigital.com\\\/?p=2179#primaryimage\",\"url\":\"https:\\\/\\\/revistacongresodigital.com\\\/wp-content\\\/uploads\\\/2022\\\/06\\\/COMIENZA-EL-CAMBIO-2022-2026.png\",\"contentUrl\":\"https:\\\/\\\/revistacongresodigital.com\\\/wp-content\\\/uploads\\\/2022\\\/06\\\/COMIENZA-EL-CAMBIO-2022-2026.png\",\"width\":940,\"height\":788,\"caption\":\"COMIENZA EL CAMBIO 2022 - 2026\"},{\"@type\":\"BreadcrumbList\",\"@id\":\"https:\\\/\\\/www.revistacongresodigital.com\\\/?p=2179#breadcrumb\",\"itemListElement\":[{\"@type\":\"ListItem\",\"position\":1,\"name\":\"Portada\",\"item\":\"https:\\\/\\\/www.revistacongresodigital.com\\\/\"},{\"@type\":\"ListItem\",\"position\":2,\"name\":\"POSESION PRESIDENCIAL\"}]},{\"@type\":\"WebSite\",\"@id\":\"https:\\\/\\\/www.revistacongresodigital.com\\\/#website\",\"url\":\"https:\\\/\\\/www.revistacongresodigital.com\\\/\",\"name\":\"Revista Congreso Digital\",\"description\":\"Revista Congreso Digital\",\"publisher\":{\"@id\":\"https:\\\/\\\/www.revistacongresodigital.com\\\/#organization\"},\"potentialAction\":[{\"@type\":\"SearchAction\",\"target\":{\"@type\":\"EntryPoint\",\"urlTemplate\":\"https:\\\/\\\/www.revistacongresodigital.com\\\/?s={search_term_string}\"},\"query-input\":{\"@type\":\"PropertyValueSpecification\",\"valueRequired\":true,\"valueName\":\"search_term_string\"}}],\"inLanguage\":\"es\"},{\"@type\":\"Organization\",\"@id\":\"https:\\\/\\\/www.revistacongresodigital.com\\\/#organization\",\"name\":\"Revista Congreso Digital\",\"url\":\"https:\\\/\\\/www.revistacongresodigital.com\\\/\",\"logo\":{\"@type\":\"ImageObject\",\"inLanguage\":\"es\",\"@id\":\"https:\\\/\\\/www.revistacongresodigital.com\\\/#\\\/schema\\\/logo\\\/image\\\/\",\"url\":\"https:\\\/\\\/revistacongresodigital.com\\\/wp-content\\\/uploads\\\/2022\\\/03\\\/cropped-FIRMA-JP-e1648679804884.png\",\"contentUrl\":\"https:\\\/\\\/revistacongresodigital.com\\\/wp-content\\\/uploads\\\/2022\\\/03\\\/cropped-FIRMA-JP-e1648679804884.png\",\"width\":512,\"height\":512,\"caption\":\"Revista Congreso Digital\"},\"image\":{\"@id\":\"https:\\\/\\\/www.revistacongresodigital.com\\\/#\\\/schema\\\/logo\\\/image\\\/\"}},{\"@type\":\"Person\",\"@id\":\"https:\\\/\\\/www.revistacongresodigital.com\\\/#\\\/schema\\\/person\\\/48fdd26fc226b8cbb305dd638a8e6723\",\"name\":\"Paola Pardo\",\"image\":{\"@type\":\"ImageObject\",\"inLanguage\":\"es\",\"@id\":\"https:\\\/\\\/revistacongresodigital.com\\\/wp-content\\\/litespeed\\\/avatar\\\/f533aab78141e009c40006efb62d3767.jpg?ver=1777169215\",\"url\":\"https:\\\/\\\/revistacongresodigital.com\\\/wp-content\\\/litespeed\\\/avatar\\\/f533aab78141e009c40006efb62d3767.jpg?ver=1777169215\",\"contentUrl\":\"https:\\\/\\\/revistacongresodigital.com\\\/wp-content\\\/litespeed\\\/avatar\\\/f533aab78141e009c40006efb62d3767.jpg?ver=1777169215\",\"caption\":\"Paola Pardo\"},\"url\":\"https:\\\/\\\/revistacongresodigital.com\\\/?author=2\"}]}<\/script>\n<!-- \/ Yoast SEO plugin. -->","yoast_head_json":{"title":"POSESION PRESIDENCIAL - Revista Congreso Digital","robots":{"index":"index","follow":"follow","max-snippet":"max-snippet:-1","max-image-preview":"max-image-preview:large","max-video-preview":"max-video-preview:-1"},"canonical":"https:\/\/www.revistacongresodigital.com\/?p=2179","og_locale":"es_ES","og_type":"article","og_title":"POSESION PRESIDENCIAL - Revista Congreso Digital","og_description":"El&nbsp;presidente electo&nbsp;de Colombia,&nbsp;Gustavo Petro, es el primer l\u00edder de izquierda que gobernar\u00e1 el pa\u00eds en su historia. Petro se posesiona este 7 de agosto, seg\u00fan dicta la tradici\u00f3n pol\u00edtica del&hellip;","og_url":"https:\/\/www.revistacongresodigital.com\/?p=2179","og_site_name":"Revista Congreso Digital","article_published_time":"2022-08-06T01:45:16+00:00","article_modified_time":"2022-12-06T05:40:46+00:00","og_image":[{"width":940,"height":788,"url":"https:\/\/www.revistacongresodigital.com\/wp-content\/uploads\/2022\/06\/COMIENZA-EL-CAMBIO-2022-2026.png","type":"image\/png"}],"author":"Paola Pardo","twitter_card":"summary_large_image","twitter_misc":{"Escrito por":"Paola Pardo","Tiempo de lectura":"3 minutos"},"schema":{"@context":"https:\/\/schema.org","@graph":[{"@type":"Article","@id":"https:\/\/www.revistacongresodigital.com\/?p=2179#article","isPartOf":{"@id":"https:\/\/www.revistacongresodigital.com\/?p=2179"},"author":{"name":"Paola Pardo","@id":"https:\/\/www.revistacongresodigital.com\/#\/schema\/person\/48fdd26fc226b8cbb305dd638a8e6723"},"headline":"POSESION PRESIDENCIAL","datePublished":"2022-08-06T01:45:16+00:00","dateModified":"2022-12-06T05:40:46+00:00","mainEntityOfPage":{"@id":"https:\/\/www.revistacongresodigital.com\/?p=2179"},"wordCount":648,"commentCount":0,"publisher":{"@id":"https:\/\/www.revistacongresodigital.com\/#organization"},"image":{"@id":"https:\/\/www.revistacongresodigital.com\/?p=2179#primaryimage"},"thumbnailUrl":"https:\/\/revistacongresodigital.com\/wp-content\/uploads\/2022\/06\/COMIENZA-EL-CAMBIO-2022-2026.png","inLanguage":"es","potentialAction":[{"@type":"CommentAction","name":"Comment","target":["https:\/\/www.revistacongresodigital.com\/?p=2179#respond"]}]},{"@type":"WebPage","@id":"https:\/\/www.revistacongresodigital.com\/?p=2179","url":"https:\/\/www.revistacongresodigital.com\/?p=2179","name":"POSESION PRESIDENCIAL - Revista Congreso Digital","isPartOf":{"@id":"https:\/\/www.revistacongresodigital.com\/#website"},"primaryImageOfPage":{"@id":"https:\/\/www.revistacongresodigital.com\/?p=2179#primaryimage"},"image":{"@id":"https:\/\/www.revistacongresodigital.com\/?p=2179#primaryimage"},"thumbnailUrl":"https:\/\/revistacongresodigital.com\/wp-content\/uploads\/2022\/06\/COMIENZA-EL-CAMBIO-2022-2026.png","datePublished":"2022-08-06T01:45:16+00:00","dateModified":"2022-12-06T05:40:46+00:00","breadcrumb":{"@id":"https:\/\/www.revistacongresodigital.com\/?p=2179#breadcrumb"},"inLanguage":"es","potentialAction":[{"@type":"ReadAction","target":["https:\/\/www.revistacongresodigital.com\/?p=2179"]}]},{"@type":"ImageObject","inLanguage":"es","@id":"https:\/\/www.revistacongresodigital.com\/?p=2179#primaryimage","url":"https:\/\/revistacongresodigital.com\/wp-content\/uploads\/2022\/06\/COMIENZA-EL-CAMBIO-2022-2026.png","contentUrl":"https:\/\/revistacongresodigital.com\/wp-content\/uploads\/2022\/06\/COMIENZA-EL-CAMBIO-2022-2026.png","width":940,"height":788,"caption":"COMIENZA EL CAMBIO 2022 - 2026"},{"@type":"BreadcrumbList","@id":"https:\/\/www.revistacongresodigital.com\/?p=2179#breadcrumb","itemListElement":[{"@type":"ListItem","position":1,"name":"Portada","item":"https:\/\/www.revistacongresodigital.com\/"},{"@type":"ListItem","position":2,"name":"POSESION PRESIDENCIAL"}]},{"@type":"WebSite","@id":"https:\/\/www.revistacongresodigital.com\/#website","url":"https:\/\/www.revistacongresodigital.com\/","name":"Revista Congreso Digital","description":"Revista Congreso Digital","publisher":{"@id":"https:\/\/www.revistacongresodigital.com\/#organization"},"potentialAction":[{"@type":"SearchAction","target":{"@type":"EntryPoint","urlTemplate":"https:\/\/www.revistacongresodigital.com\/?s={search_term_string}"},"query-input":{"@type":"PropertyValueSpecification","valueRequired":true,"valueName":"search_term_string"}}],"inLanguage":"es"},{"@type":"Organization","@id":"https:\/\/www.revistacongresodigital.com\/#organization","name":"Revista Congreso Digital","url":"https:\/\/www.revistacongresodigital.com\/","logo":{"@type":"ImageObject","inLanguage":"es","@id":"https:\/\/www.revistacongresodigital.com\/#\/schema\/logo\/image\/","url":"https:\/\/revistacongresodigital.com\/wp-content\/uploads\/2022\/03\/cropped-FIRMA-JP-e1648679804884.png","contentUrl":"https:\/\/revistacongresodigital.com\/wp-content\/uploads\/2022\/03\/cropped-FIRMA-JP-e1648679804884.png","width":512,"height":512,"caption":"Revista Congreso Digital"},"image":{"@id":"https:\/\/www.revistacongresodigital.com\/#\/schema\/logo\/image\/"}},{"@type":"Person","@id":"https:\/\/www.revistacongresodigital.com\/#\/schema\/person\/48fdd26fc226b8cbb305dd638a8e6723","name":"Paola Pardo","image":{"@type":"ImageObject","inLanguage":"es","@id":"https:\/\/revistacongresodigital.com\/wp-content\/litespeed\/avatar\/f533aab78141e009c40006efb62d3767.jpg?ver=1777169215","url":"https:\/\/revistacongresodigital.com\/wp-content\/litespeed\/avatar\/f533aab78141e009c40006efb62d3767.jpg?ver=1777169215","contentUrl":"https:\/\/revistacongresodigital.com\/wp-content\/litespeed\/avatar\/f533aab78141e009c40006efb62d3767.jpg?ver=1777169215","caption":"Paola Pardo"},"url":"https:\/\/revistacongresodigital.com\/?author=2"}]}},"_links":{"self":[{"href":"https:\/\/revistacongresodigital.com\/index.php?rest_route=\/wp\/v2\/posts\/2179","targetHints":{"allow":["GET"]}}],"collection":[{"href":"https:\/\/revistacongresodigital.com\/index.php?rest_route=\/wp\/v2\/posts"}],"about":[{"href":"https:\/\/revistacongresodigital.com\/index.php?rest_route=\/wp\/v2\/types\/post"}],"author":[{"embeddable":true,"href":"https:\/\/revistacongresodigital.com\/index.php?rest_route=\/wp\/v2\/users\/2"}],"replies":[{"embeddable":true,"href":"https:\/\/revistacongresodigital.com\/index.php?rest_route=%2Fwp%2Fv2%2Fcomments&post=2179"}],"version-history":[{"count":11,"href":"https:\/\/revistacongresodigital.com\/index.php?rest_route=\/wp\/v2\/posts\/2179\/revisions"}],"predecessor-version":[{"id":2192,"href":"https:\/\/revistacongresodigital.com\/index.php?rest_route=\/wp\/v2\/posts\/2179\/revisions\/2192"}],"wp:featuredmedia":[{"embeddable":true,"href":"https:\/\/revistacongresodigital.com\/index.php?rest_route=\/wp\/v2\/media\/2036"}],"wp:attachment":[{"href":"https:\/\/revistacongresodigital.com\/index.php?rest_route=%2Fwp%2Fv2%2Fmedia&parent=2179"}],"wp:term":[{"taxonomy":"category","embeddable":true,"href":"https:\/\/revistacongresodigital.com\/index.php?rest_route=%2Fwp%2Fv2%2Fcategories&post=2179"},{"taxonomy":"post_tag","embeddable":true,"href":"https:\/\/revistacongresodigital.com\/index.php?rest_route=%2Fwp%2Fv2%2Ftags&post=2179"}],"curies":[{"name":"wp","href":"https:\/\/api.w.org\/{rel}","templated":true}]}}