{"id":2128,"date":"2022-07-25T15:55:32","date_gmt":"2022-07-25T15:55:32","guid":{"rendered":"https:\/\/revistacongresodigital.com\/?p=2128"},"modified":"2022-12-06T05:40:53","modified_gmt":"2022-12-06T05:40:53","slug":"posesion-presidencial","status":"publish","type":"post","link":"https:\/\/revistacongresodigital.com\/?p=2128","title":{"rendered":"Posesi\u00f3n Presidencial"},"content":{"rendered":"\t\t<div data-elementor-type=\"wp-post\" data-elementor-id=\"2128\" class=\"elementor elementor-2128\">\n\t\t\t\t\t\t<section class=\"elementor-section elementor-top-section elementor-element elementor-element-8e70a5d elementor-section-boxed elementor-section-height-default elementor-section-height-default\" data-id=\"8e70a5d\" data-element_type=\"section\" data-e-type=\"section\">\n\t\t\t\t\t\t<div class=\"elementor-container elementor-column-gap-default\">\n\t\t\t\t\t<div class=\"elementor-column elementor-col-100 elementor-top-column elementor-element elementor-element-df12005\" data-id=\"df12005\" data-element_type=\"column\" data-e-type=\"column\">\n\t\t\t<div class=\"elementor-widget-wrap elementor-element-populated\">\n\t\t\t\t\t\t<div class=\"elementor-element elementor-element-5ec5724 elementor-widget elementor-widget-heading\" data-id=\"5ec5724\" data-element_type=\"widget\" data-e-type=\"widget\" data-widget_type=\"heading.default\">\n\t\t\t\t<div class=\"elementor-widget-container\">\n\t\t\t\t\t<h2 class=\"elementor-heading-title elementor-size-default\">ESTE 7 DE AGOSTO COLOMBIA RENACE<\/h2>\t\t\t\t<\/div>\n\t\t\t\t<\/div>\n\t\t\t\t\t<\/div>\n\t\t<\/div>\n\t\t\t\t\t<\/div>\n\t\t<\/section>\n\t\t\t\t<section class=\"elementor-section elementor-top-section elementor-element elementor-element-e4107f1 elementor-section-boxed elementor-section-height-default elementor-section-height-default\" data-id=\"e4107f1\" data-element_type=\"section\" data-e-type=\"section\">\n\t\t\t\t\t\t<div class=\"elementor-container elementor-column-gap-default\">\n\t\t\t\t\t<div class=\"elementor-column elementor-col-100 elementor-top-column elementor-element elementor-element-fb19cd4\" data-id=\"fb19cd4\" data-element_type=\"column\" data-e-type=\"column\">\n\t\t\t<div class=\"elementor-widget-wrap elementor-element-populated\">\n\t\t\t\t\t\t<div class=\"elementor-element elementor-element-f3f1098 elementor-widget elementor-widget-image\" data-id=\"f3f1098\" data-element_type=\"widget\" data-e-type=\"widget\" data-widget_type=\"image.default\">\n\t\t\t\t<div class=\"elementor-widget-container\">\n\t\t\t\t\t\t\t\t\t\t\t\t\t\t\t<img fetchpriority=\"high\" decoding=\"async\" width=\"940\" height=\"788\" src=\"https:\/\/revistacongresodigital.com\/wp-content\/uploads\/2022\/07\/COMIENZA-EL-CAMBIO-2022-2026-4.png\" class=\"attachment-large size-large wp-image-2137\" alt=\"COLOMBIA RENACE\" srcset=\"https:\/\/revistacongresodigital.com\/wp-content\/uploads\/2022\/07\/COMIENZA-EL-CAMBIO-2022-2026-4.png 940w, https:\/\/revistacongresodigital.com\/wp-content\/uploads\/2022\/07\/COMIENZA-EL-CAMBIO-2022-2026-4-300x251.png 300w, https:\/\/revistacongresodigital.com\/wp-content\/uploads\/2022\/07\/COMIENZA-EL-CAMBIO-2022-2026-4-768x644.png 768w\" sizes=\"(max-width: 940px) 100vw, 940px\" \/>\t\t\t\t\t\t\t\t\t\t\t\t\t\t\t<\/div>\n\t\t\t\t<\/div>\n\t\t\t\t\t<\/div>\n\t\t<\/div>\n\t\t\t\t\t<\/div>\n\t\t<\/section>\n\t\t\t\t<section class=\"elementor-section elementor-top-section elementor-element elementor-element-d03d348 elementor-section-boxed elementor-section-height-default elementor-section-height-default\" data-id=\"d03d348\" data-element_type=\"section\" data-e-type=\"section\">\n\t\t\t\t\t\t<div class=\"elementor-container elementor-column-gap-default\">\n\t\t\t\t\t<div class=\"elementor-column elementor-col-100 elementor-top-column elementor-element elementor-element-186905c\" data-id=\"186905c\" data-element_type=\"column\" data-e-type=\"column\">\n\t\t\t<div class=\"elementor-widget-wrap elementor-element-populated\">\n\t\t\t\t\t\t<div class=\"elementor-element elementor-element-9a12ee2 elementor-widget elementor-widget-text-editor\" data-id=\"9a12ee2\" data-element_type=\"widget\" data-e-type=\"widget\" data-widget_type=\"text-editor.default\">\n\t\t\t\t<div class=\"elementor-widget-container\">\n\t\t\t\t\t\t\t\t\t<p>Una invitacion importante para este proximo 7 de agosto, a que los colombianos hagan parte de este evento importante para el pa\u00eds; el presidente electo, Gustavo Petro, por medio de su cuenta de Twitter, invit\u00f3 al pueblo colombiano el pr\u00f3ximo domingo 7 de agosto a la posesi\u00f3n de su gobierno en la ciudad de Bogot\u00e1 y pidi\u00f3 a los colombianos a asistir ese d\u00eda al centro de la capital para disfrutar de una explosi\u00f3n de cultura y alegr\u00eda.<\/p>\t\t\t\t\t\t\t\t<\/div>\n\t\t\t\t<\/div>\n\t\t\t\t\t<\/div>\n\t\t<\/div>\n\t\t\t\t\t<\/div>\n\t\t<\/section>\n\t\t\t\t<section class=\"elementor-section elementor-top-section elementor-element elementor-element-b809f60 elementor-section-boxed elementor-section-height-default elementor-section-height-default\" data-id=\"b809f60\" data-element_type=\"section\" data-e-type=\"section\">\n\t\t\t\t\t\t<div class=\"elementor-container elementor-column-gap-default\">\n\t\t\t\t\t<div class=\"elementor-column elementor-col-100 elementor-top-column elementor-element elementor-element-ed97fde\" data-id=\"ed97fde\" data-element_type=\"column\" data-e-type=\"column\">\n\t\t\t<div class=\"elementor-widget-wrap elementor-element-populated\">\n\t\t\t\t\t\t<div class=\"elementor-element elementor-element-bdb5373 elementor-widget elementor-widget-text-editor\" data-id=\"bdb5373\" data-element_type=\"widget\" data-e-type=\"widget\" data-widget_type=\"text-editor.default\">\n\t\t\t\t<div class=\"elementor-widget-container\">\n\t\t\t\t\t\t\t\t\t<p><b>\u201cEspero al pueblo bogotano y colombiano, este 7 de agosto en el centro de Bogot\u00e1. Cada plaza y plazoleta del centro tendr\u00e1 una explosi\u00f3n de cultura y de alegr\u00eda. Todas las calles, plazas del centro se llenar\u00e1 del propietario del Estado: el pueblo\u201d<\/b>\u00a0dijo Petro.<\/p>\t\t\t\t\t\t\t\t<\/div>\n\t\t\t\t<\/div>\n\t\t\t\t\t<\/div>\n\t\t<\/div>\n\t\t\t\t\t<\/div>\n\t\t<\/section>\n\t\t\t\t<section class=\"elementor-section elementor-top-section elementor-element elementor-element-c13e724 elementor-section-boxed elementor-section-height-default elementor-section-height-default\" data-id=\"c13e724\" data-element_type=\"section\" data-e-type=\"section\">\n\t\t\t\t\t\t<div class=\"elementor-container elementor-column-gap-default\">\n\t\t\t\t\t<div class=\"elementor-column elementor-col-100 elementor-top-column elementor-element elementor-element-d3fa79a\" data-id=\"d3fa79a\" data-element_type=\"column\" data-e-type=\"column\">\n\t\t\t<div class=\"elementor-widget-wrap elementor-element-populated\">\n\t\t\t\t\t\t<div class=\"elementor-element elementor-element-28bafac elementor-widget elementor-widget-text-editor\" data-id=\"28bafac\" data-element_type=\"widget\" data-e-type=\"widget\" data-widget_type=\"text-editor.default\">\n\t\t\t\t<div class=\"elementor-widget-container\">\n\t\t\t\t\t\t\t\t\t<p>Se determin\u00f3 que la posesi\u00f3n del presidente electo Gustavo Petro y su nuevo gabinete, se realizar\u00e1 en la Plaza de Bol\u00edvar, con capacidad para 40.000 asistentes, y el resto de personas se ubicar\u00e1n sobre las carreras s\u00e9ptima y octava.<\/p>\t\t\t\t\t\t\t\t<\/div>\n\t\t\t\t<\/div>\n\t\t\t\t\t<\/div>\n\t\t<\/div>\n\t\t\t\t\t<\/div>\n\t\t<\/section>\n\t\t\t\t<section class=\"elementor-section elementor-top-section elementor-element elementor-element-d225fef elementor-section-boxed elementor-section-height-default elementor-section-height-default\" data-id=\"d225fef\" data-element_type=\"section\" data-e-type=\"section\">\n\t\t\t\t\t\t<div class=\"elementor-container elementor-column-gap-default\">\n\t\t\t\t\t<div class=\"elementor-column elementor-col-100 elementor-top-column elementor-element elementor-element-e621117\" data-id=\"e621117\" data-element_type=\"column\" data-e-type=\"column\">\n\t\t\t<div class=\"elementor-widget-wrap elementor-element-populated\">\n\t\t\t\t\t\t<div class=\"elementor-element elementor-element-800e2c9 elementor-widget elementor-widget-image\" data-id=\"800e2c9\" data-element_type=\"widget\" data-e-type=\"widget\" data-widget_type=\"image.default\">\n\t\t\t\t<div class=\"elementor-widget-container\">\n\t\t\t\t\t\t\t\t\t\t\t\t\t\t\t<img decoding=\"async\" width=\"626\" height=\"680\" src=\"https:\/\/revistacongresodigital.com\/wp-content\/uploads\/2022\/07\/FYc5sSXWIAIjeIE.jpg\" class=\"attachment-large size-large wp-image-2132\" alt=\"\" srcset=\"https:\/\/revistacongresodigital.com\/wp-content\/uploads\/2022\/07\/FYc5sSXWIAIjeIE.jpg 626w, https:\/\/revistacongresodigital.com\/wp-content\/uploads\/2022\/07\/FYc5sSXWIAIjeIE-276x300.jpg 276w\" sizes=\"(max-width: 626px) 100vw, 626px\" \/>\t\t\t\t\t\t\t\t\t\t\t\t\t\t\t<\/div>\n\t\t\t\t<\/div>\n\t\t\t\t\t<\/div>\n\t\t<\/div>\n\t\t\t\t\t<\/div>\n\t\t<\/section>\n\t\t\t\t<section class=\"elementor-section elementor-top-section elementor-element elementor-element-1effe18 elementor-section-boxed elementor-section-height-default elementor-section-height-default\" data-id=\"1effe18\" data-element_type=\"section\" data-e-type=\"section\">\n\t\t\t\t\t\t<div class=\"elementor-container elementor-column-gap-default\">\n\t\t\t\t\t<div class=\"elementor-column elementor-col-100 elementor-top-column elementor-element elementor-element-b5be786\" data-id=\"b5be786\" data-element_type=\"column\" data-e-type=\"column\">\n\t\t\t<div class=\"elementor-widget-wrap elementor-element-populated\">\n\t\t\t\t\t\t<div class=\"elementor-element elementor-element-c37e102 elementor-widget elementor-widget-text-editor\" data-id=\"c37e102\" data-element_type=\"widget\" data-e-type=\"widget\" data-widget_type=\"text-editor.default\">\n\t\t\t\t<div class=\"elementor-widget-container\">\n\t\t\t\t\t\t\t\t\t<p><b>La imagen oficia<\/b>l para la<b> transmisi\u00f3n del mando presidencial <\/b>ser\u00e1n<b> tres mariposas que llevar\u00e1n los colores de la bandera<\/b>\u00a0de nuestro pa\u00eds:<b> amarillo, azul y rojo.\u00a0<\/b><\/p><p>Desde el <b>Congreso\u00a0<\/b>revelaron que las\u00a0<b>mariposas fueron seleccionadas con su variedad de colores, <\/b>porque<b>\u00a0representan la fortaleza cultural de nuestra comunidad<\/b>\u00a0y la<b> riqueza del medio ambiente.\u00a0<\/b><\/p><p>El\u00a0<b>concepto de este dise\u00f1o<\/b>\u00a0tiene el prop\u00f3sito de generar\u00a0<b>cercan\u00eda, confianza, recrear la biodiversidad de nuestro territorio<\/b> y, adem\u00e1s, busca plantar un mensaje de <b>transformaci\u00f3n y renovaci\u00f3n.<\/b><\/p><p><b> <\/b>Estas\u00a0<b>mariposas tricolor,\u00a0<\/b>que fueron ilustradas por el reconocido artista colombiano, Carlos Duque Arbel\u00e1ez, ser\u00e1n ahora las que representar\u00e1n el gobierno del Pacto Hist\u00f3rico en cabeza del presidente electo Gustavo Petro.<\/p><div class=\"GoogleDfpAd-Content\" data-slot-name=\"100249493\/bluradio\/nacion\"><div id=\"Lazyload-googleAd_roba-pagina-blu-iline_194defcd-bfc6-4a81-9f17-3ad050b4d42e\" class=\"GoogleDfpAd-Lazy\">\u00a0<\/div><\/div>\t\t\t\t\t\t\t\t<\/div>\n\t\t\t\t<\/div>\n\t\t\t\t\t<\/div>\n\t\t<\/div>\n\t\t\t\t\t<\/div>\n\t\t<\/section>\n\t\t\t\t<\/div>\n\t\t","protected":false},"excerpt":{"rendered":"<p>ESTE 7 DE AGOSTO COLOMBIA RENACE Una invitacion importante para este proximo 7 de agosto, a que los colombianos hagan parte de este evento importante para el pa\u00eds; el presidente&hellip; <\/p>\n","protected":false},"author":2,"featured_media":2137,"comment_status":"open","ping_status":"open","sticky":false,"template":"","format":"standard","meta":{"footnotes":""},"categories":[1],"tags":[],"class_list":["post-2128","post","type-post","status-publish","format-standard","has-post-thumbnail","hentry","category-sin-categoria"],"yoast_head":"<!-- This site is optimized with the Yoast SEO plugin v27.3 - https:\/\/yoast.com\/product\/yoast-seo-wordpress\/ -->\n<title>Posesi\u00f3n Presidencial - Revista Congreso Digital<\/title>\n<meta name=\"robots\" content=\"index, follow, max-snippet:-1, max-image-preview:large, max-video-preview:-1\" \/>\n<link rel=\"canonical\" href=\"https:\/\/www.revistacongresodigital.com\/?p=2128\" \/>\n<meta property=\"og:locale\" content=\"es_ES\" \/>\n<meta property=\"og:type\" content=\"article\" \/>\n<meta property=\"og:title\" content=\"Posesi\u00f3n Presidencial - Revista Congreso Digital\" \/>\n<meta property=\"og:description\" content=\"ESTE 7 DE AGOSTO COLOMBIA RENACE Una invitacion importante para este proximo 7 de agosto, a que los colombianos hagan parte de este evento importante para el pa\u00eds; el presidente&hellip;\" \/>\n<meta property=\"og:url\" content=\"https:\/\/www.revistacongresodigital.com\/?p=2128\" \/>\n<meta property=\"og:site_name\" content=\"Revista Congreso Digital\" \/>\n<meta property=\"article:published_time\" content=\"2022-07-25T15:55:32+00:00\" \/>\n<meta property=\"article:modified_time\" content=\"2022-12-06T05:40:53+00:00\" \/>\n<meta property=\"og:image\" content=\"https:\/\/www.revistacongresodigital.com\/wp-content\/uploads\/2022\/07\/COMIENZA-EL-CAMBIO-2022-2026-4.png\" \/>\n\t<meta property=\"og:image:width\" content=\"940\" \/>\n\t<meta property=\"og:image:height\" content=\"788\" \/>\n\t<meta property=\"og:image:type\" content=\"image\/png\" \/>\n<meta name=\"author\" content=\"Paola Pardo\" \/>\n<meta name=\"twitter:card\" content=\"summary_large_image\" \/>\n<meta name=\"twitter:label1\" content=\"Escrito por\" \/>\n\t<meta name=\"twitter:data1\" content=\"Paola Pardo\" \/>\n\t<meta name=\"twitter:label2\" content=\"Tiempo de lectura\" \/>\n\t<meta name=\"twitter:data2\" content=\"2 minutos\" \/>\n<script type=\"application\/ld+json\" class=\"yoast-schema-graph\">{\"@context\":\"https:\\\/\\\/schema.org\",\"@graph\":[{\"@type\":\"Article\",\"@id\":\"https:\\\/\\\/www.revistacongresodigital.com\\\/?p=2128#article\",\"isPartOf\":{\"@id\":\"https:\\\/\\\/www.revistacongresodigital.com\\\/?p=2128\"},\"author\":{\"name\":\"Paola Pardo\",\"@id\":\"https:\\\/\\\/www.revistacongresodigital.com\\\/#\\\/schema\\\/person\\\/48fdd26fc226b8cbb305dd638a8e6723\"},\"headline\":\"Posesi\u00f3n Presidencial\",\"datePublished\":\"2022-07-25T15:55:32+00:00\",\"dateModified\":\"2022-12-06T05:40:53+00:00\",\"mainEntityOfPage\":{\"@id\":\"https:\\\/\\\/www.revistacongresodigital.com\\\/?p=2128\"},\"wordCount\":318,\"commentCount\":0,\"publisher\":{\"@id\":\"https:\\\/\\\/www.revistacongresodigital.com\\\/#organization\"},\"image\":{\"@id\":\"https:\\\/\\\/www.revistacongresodigital.com\\\/?p=2128#primaryimage\"},\"thumbnailUrl\":\"https:\\\/\\\/revistacongresodigital.com\\\/wp-content\\\/uploads\\\/2022\\\/07\\\/COMIENZA-EL-CAMBIO-2022-2026-4.png\",\"inLanguage\":\"es\",\"potentialAction\":[{\"@type\":\"CommentAction\",\"name\":\"Comment\",\"target\":[\"https:\\\/\\\/www.revistacongresodigital.com\\\/?p=2128#respond\"]}]},{\"@type\":\"WebPage\",\"@id\":\"https:\\\/\\\/www.revistacongresodigital.com\\\/?p=2128\",\"url\":\"https:\\\/\\\/www.revistacongresodigital.com\\\/?p=2128\",\"name\":\"Posesi\u00f3n Presidencial - Revista Congreso Digital\",\"isPartOf\":{\"@id\":\"https:\\\/\\\/www.revistacongresodigital.com\\\/#website\"},\"primaryImageOfPage\":{\"@id\":\"https:\\\/\\\/www.revistacongresodigital.com\\\/?p=2128#primaryimage\"},\"image\":{\"@id\":\"https:\\\/\\\/www.revistacongresodigital.com\\\/?p=2128#primaryimage\"},\"thumbnailUrl\":\"https:\\\/\\\/revistacongresodigital.com\\\/wp-content\\\/uploads\\\/2022\\\/07\\\/COMIENZA-EL-CAMBIO-2022-2026-4.png\",\"datePublished\":\"2022-07-25T15:55:32+00:00\",\"dateModified\":\"2022-12-06T05:40:53+00:00\",\"breadcrumb\":{\"@id\":\"https:\\\/\\\/www.revistacongresodigital.com\\\/?p=2128#breadcrumb\"},\"inLanguage\":\"es\",\"potentialAction\":[{\"@type\":\"ReadAction\",\"target\":[\"https:\\\/\\\/www.revistacongresodigital.com\\\/?p=2128\"]}]},{\"@type\":\"ImageObject\",\"inLanguage\":\"es\",\"@id\":\"https:\\\/\\\/www.revistacongresodigital.com\\\/?p=2128#primaryimage\",\"url\":\"https:\\\/\\\/revistacongresodigital.com\\\/wp-content\\\/uploads\\\/2022\\\/07\\\/COMIENZA-EL-CAMBIO-2022-2026-4.png\",\"contentUrl\":\"https:\\\/\\\/revistacongresodigital.com\\\/wp-content\\\/uploads\\\/2022\\\/07\\\/COMIENZA-EL-CAMBIO-2022-2026-4.png\",\"width\":940,\"height\":788,\"caption\":\"COLOMBIA RENACE\"},{\"@type\":\"BreadcrumbList\",\"@id\":\"https:\\\/\\\/www.revistacongresodigital.com\\\/?p=2128#breadcrumb\",\"itemListElement\":[{\"@type\":\"ListItem\",\"position\":1,\"name\":\"Portada\",\"item\":\"https:\\\/\\\/www.revistacongresodigital.com\\\/\"},{\"@type\":\"ListItem\",\"position\":2,\"name\":\"Posesi\u00f3n Presidencial\"}]},{\"@type\":\"WebSite\",\"@id\":\"https:\\\/\\\/www.revistacongresodigital.com\\\/#website\",\"url\":\"https:\\\/\\\/www.revistacongresodigital.com\\\/\",\"name\":\"Revista Congreso Digital\",\"description\":\"Revista Congreso Digital\",\"publisher\":{\"@id\":\"https:\\\/\\\/www.revistacongresodigital.com\\\/#organization\"},\"potentialAction\":[{\"@type\":\"SearchAction\",\"target\":{\"@type\":\"EntryPoint\",\"urlTemplate\":\"https:\\\/\\\/www.revistacongresodigital.com\\\/?s={search_term_string}\"},\"query-input\":{\"@type\":\"PropertyValueSpecification\",\"valueRequired\":true,\"valueName\":\"search_term_string\"}}],\"inLanguage\":\"es\"},{\"@type\":\"Organization\",\"@id\":\"https:\\\/\\\/www.revistacongresodigital.com\\\/#organization\",\"name\":\"Revista Congreso Digital\",\"url\":\"https:\\\/\\\/www.revistacongresodigital.com\\\/\",\"logo\":{\"@type\":\"ImageObject\",\"inLanguage\":\"es\",\"@id\":\"https:\\\/\\\/www.revistacongresodigital.com\\\/#\\\/schema\\\/logo\\\/image\\\/\",\"url\":\"https:\\\/\\\/revistacongresodigital.com\\\/wp-content\\\/uploads\\\/2022\\\/03\\\/cropped-FIRMA-JP-e1648679804884.png\",\"contentUrl\":\"https:\\\/\\\/revistacongresodigital.com\\\/wp-content\\\/uploads\\\/2022\\\/03\\\/cropped-FIRMA-JP-e1648679804884.png\",\"width\":512,\"height\":512,\"caption\":\"Revista Congreso Digital\"},\"image\":{\"@id\":\"https:\\\/\\\/www.revistacongresodigital.com\\\/#\\\/schema\\\/logo\\\/image\\\/\"}},{\"@type\":\"Person\",\"@id\":\"https:\\\/\\\/www.revistacongresodigital.com\\\/#\\\/schema\\\/person\\\/48fdd26fc226b8cbb305dd638a8e6723\",\"name\":\"Paola Pardo\",\"image\":{\"@type\":\"ImageObject\",\"inLanguage\":\"es\",\"@id\":\"https:\\\/\\\/revistacongresodigital.com\\\/wp-content\\\/litespeed\\\/avatar\\\/f533aab78141e009c40006efb62d3767.jpg?ver=1777169215\",\"url\":\"https:\\\/\\\/revistacongresodigital.com\\\/wp-content\\\/litespeed\\\/avatar\\\/f533aab78141e009c40006efb62d3767.jpg?ver=1777169215\",\"contentUrl\":\"https:\\\/\\\/revistacongresodigital.com\\\/wp-content\\\/litespeed\\\/avatar\\\/f533aab78141e009c40006efb62d3767.jpg?ver=1777169215\",\"caption\":\"Paola Pardo\"},\"url\":\"https:\\\/\\\/revistacongresodigital.com\\\/?author=2\"}]}<\/script>\n<!-- \/ Yoast SEO plugin. -->","yoast_head_json":{"title":"Posesi\u00f3n Presidencial - Revista Congreso Digital","robots":{"index":"index","follow":"follow","max-snippet":"max-snippet:-1","max-image-preview":"max-image-preview:large","max-video-preview":"max-video-preview:-1"},"canonical":"https:\/\/www.revistacongresodigital.com\/?p=2128","og_locale":"es_ES","og_type":"article","og_title":"Posesi\u00f3n Presidencial - Revista Congreso Digital","og_description":"ESTE 7 DE AGOSTO COLOMBIA RENACE Una invitacion importante para este proximo 7 de agosto, a que los colombianos hagan parte de este evento importante para el pa\u00eds; el presidente&hellip;","og_url":"https:\/\/www.revistacongresodigital.com\/?p=2128","og_site_name":"Revista Congreso Digital","article_published_time":"2022-07-25T15:55:32+00:00","article_modified_time":"2022-12-06T05:40:53+00:00","og_image":[{"width":940,"height":788,"url":"https:\/\/www.revistacongresodigital.com\/wp-content\/uploads\/2022\/07\/COMIENZA-EL-CAMBIO-2022-2026-4.png","type":"image\/png"}],"author":"Paola Pardo","twitter_card":"summary_large_image","twitter_misc":{"Escrito por":"Paola Pardo","Tiempo de lectura":"2 minutos"},"schema":{"@context":"https:\/\/schema.org","@graph":[{"@type":"Article","@id":"https:\/\/www.revistacongresodigital.com\/?p=2128#article","isPartOf":{"@id":"https:\/\/www.revistacongresodigital.com\/?p=2128"},"author":{"name":"Paola Pardo","@id":"https:\/\/www.revistacongresodigital.com\/#\/schema\/person\/48fdd26fc226b8cbb305dd638a8e6723"},"headline":"Posesi\u00f3n Presidencial","datePublished":"2022-07-25T15:55:32+00:00","dateModified":"2022-12-06T05:40:53+00:00","mainEntityOfPage":{"@id":"https:\/\/www.revistacongresodigital.com\/?p=2128"},"wordCount":318,"commentCount":0,"publisher":{"@id":"https:\/\/www.revistacongresodigital.com\/#organization"},"image":{"@id":"https:\/\/www.revistacongresodigital.com\/?p=2128#primaryimage"},"thumbnailUrl":"https:\/\/revistacongresodigital.com\/wp-content\/uploads\/2022\/07\/COMIENZA-EL-CAMBIO-2022-2026-4.png","inLanguage":"es","potentialAction":[{"@type":"CommentAction","name":"Comment","target":["https:\/\/www.revistacongresodigital.com\/?p=2128#respond"]}]},{"@type":"WebPage","@id":"https:\/\/www.revistacongresodigital.com\/?p=2128","url":"https:\/\/www.revistacongresodigital.com\/?p=2128","name":"Posesi\u00f3n Presidencial - Revista Congreso Digital","isPartOf":{"@id":"https:\/\/www.revistacongresodigital.com\/#website"},"primaryImageOfPage":{"@id":"https:\/\/www.revistacongresodigital.com\/?p=2128#primaryimage"},"image":{"@id":"https:\/\/www.revistacongresodigital.com\/?p=2128#primaryimage"},"thumbnailUrl":"https:\/\/revistacongresodigital.com\/wp-content\/uploads\/2022\/07\/COMIENZA-EL-CAMBIO-2022-2026-4.png","datePublished":"2022-07-25T15:55:32+00:00","dateModified":"2022-12-06T05:40:53+00:00","breadcrumb":{"@id":"https:\/\/www.revistacongresodigital.com\/?p=2128#breadcrumb"},"inLanguage":"es","potentialAction":[{"@type":"ReadAction","target":["https:\/\/www.revistacongresodigital.com\/?p=2128"]}]},{"@type":"ImageObject","inLanguage":"es","@id":"https:\/\/www.revistacongresodigital.com\/?p=2128#primaryimage","url":"https:\/\/revistacongresodigital.com\/wp-content\/uploads\/2022\/07\/COMIENZA-EL-CAMBIO-2022-2026-4.png","contentUrl":"https:\/\/revistacongresodigital.com\/wp-content\/uploads\/2022\/07\/COMIENZA-EL-CAMBIO-2022-2026-4.png","width":940,"height":788,"caption":"COLOMBIA RENACE"},{"@type":"BreadcrumbList","@id":"https:\/\/www.revistacongresodigital.com\/?p=2128#breadcrumb","itemListElement":[{"@type":"ListItem","position":1,"name":"Portada","item":"https:\/\/www.revistacongresodigital.com\/"},{"@type":"ListItem","position":2,"name":"Posesi\u00f3n Presidencial"}]},{"@type":"WebSite","@id":"https:\/\/www.revistacongresodigital.com\/#website","url":"https:\/\/www.revistacongresodigital.com\/","name":"Revista Congreso Digital","description":"Revista Congreso Digital","publisher":{"@id":"https:\/\/www.revistacongresodigital.com\/#organization"},"potentialAction":[{"@type":"SearchAction","target":{"@type":"EntryPoint","urlTemplate":"https:\/\/www.revistacongresodigital.com\/?s={search_term_string}"},"query-input":{"@type":"PropertyValueSpecification","valueRequired":true,"valueName":"search_term_string"}}],"inLanguage":"es"},{"@type":"Organization","@id":"https:\/\/www.revistacongresodigital.com\/#organization","name":"Revista Congreso Digital","url":"https:\/\/www.revistacongresodigital.com\/","logo":{"@type":"ImageObject","inLanguage":"es","@id":"https:\/\/www.revistacongresodigital.com\/#\/schema\/logo\/image\/","url":"https:\/\/revistacongresodigital.com\/wp-content\/uploads\/2022\/03\/cropped-FIRMA-JP-e1648679804884.png","contentUrl":"https:\/\/revistacongresodigital.com\/wp-content\/uploads\/2022\/03\/cropped-FIRMA-JP-e1648679804884.png","width":512,"height":512,"caption":"Revista Congreso Digital"},"image":{"@id":"https:\/\/www.revistacongresodigital.com\/#\/schema\/logo\/image\/"}},{"@type":"Person","@id":"https:\/\/www.revistacongresodigital.com\/#\/schema\/person\/48fdd26fc226b8cbb305dd638a8e6723","name":"Paola Pardo","image":{"@type":"ImageObject","inLanguage":"es","@id":"https:\/\/revistacongresodigital.com\/wp-content\/litespeed\/avatar\/f533aab78141e009c40006efb62d3767.jpg?ver=1777169215","url":"https:\/\/revistacongresodigital.com\/wp-content\/litespeed\/avatar\/f533aab78141e009c40006efb62d3767.jpg?ver=1777169215","contentUrl":"https:\/\/revistacongresodigital.com\/wp-content\/litespeed\/avatar\/f533aab78141e009c40006efb62d3767.jpg?ver=1777169215","caption":"Paola Pardo"},"url":"https:\/\/revistacongresodigital.com\/?author=2"}]}},"_links":{"self":[{"href":"https:\/\/revistacongresodigital.com\/index.php?rest_route=\/wp\/v2\/posts\/2128","targetHints":{"allow":["GET"]}}],"collection":[{"href":"https:\/\/revistacongresodigital.com\/index.php?rest_route=\/wp\/v2\/posts"}],"about":[{"href":"https:\/\/revistacongresodigital.com\/index.php?rest_route=\/wp\/v2\/types\/post"}],"author":[{"embeddable":true,"href":"https:\/\/revistacongresodigital.com\/index.php?rest_route=\/wp\/v2\/users\/2"}],"replies":[{"embeddable":true,"href":"https:\/\/revistacongresodigital.com\/index.php?rest_route=%2Fwp%2Fv2%2Fcomments&post=2128"}],"version-history":[{"count":11,"href":"https:\/\/revistacongresodigital.com\/index.php?rest_route=\/wp\/v2\/posts\/2128\/revisions"}],"predecessor-version":[{"id":2144,"href":"https:\/\/revistacongresodigital.com\/index.php?rest_route=\/wp\/v2\/posts\/2128\/revisions\/2144"}],"wp:featuredmedia":[{"embeddable":true,"href":"https:\/\/revistacongresodigital.com\/index.php?rest_route=\/wp\/v2\/media\/2137"}],"wp:attachment":[{"href":"https:\/\/revistacongresodigital.com\/index.php?rest_route=%2Fwp%2Fv2%2Fmedia&parent=2128"}],"wp:term":[{"taxonomy":"category","embeddable":true,"href":"https:\/\/revistacongresodigital.com\/index.php?rest_route=%2Fwp%2Fv2%2Fcategories&post=2128"},{"taxonomy":"post_tag","embeddable":true,"href":"https:\/\/revistacongresodigital.com\/index.php?rest_route=%2Fwp%2Fv2%2Ftags&post=2128"}],"curies":[{"name":"wp","href":"https:\/\/api.w.org\/{rel}","templated":true}]}}