{"id":2063,"date":"2022-06-29T22:43:07","date_gmt":"2022-06-29T22:43:07","guid":{"rendered":"https:\/\/revistacongresodigital.com\/?p=2063"},"modified":"2022-07-25T15:47:39","modified_gmt":"2022-07-25T15:47:39","slug":"encuentro-entre-gustavo-petro-y-alvaro-uribe","status":"publish","type":"post","link":"https:\/\/revistacongresodigital.com\/?p=2063","title":{"rendered":"Encuentro entre Gustavo Petro y \u00c1lvaro Uribe"},"content":{"rendered":"\t\t<div data-elementor-type=\"wp-post\" data-elementor-id=\"2063\" class=\"elementor elementor-2063\">\n\t\t\t\t\t\t<section class=\"elementor-section elementor-top-section elementor-element elementor-element-2db578f0 elementor-section-boxed elementor-section-height-default elementor-section-height-default\" data-id=\"2db578f0\" data-element_type=\"section\" data-e-type=\"section\">\n\t\t\t\t\t\t<div class=\"elementor-container elementor-column-gap-default\">\n\t\t\t\t\t<div class=\"elementor-column elementor-col-100 elementor-top-column elementor-element elementor-element-42600437\" data-id=\"42600437\" data-element_type=\"column\" data-e-type=\"column\">\n\t\t\t<div class=\"elementor-widget-wrap elementor-element-populated\">\n\t\t\t\t\t\t<div class=\"elementor-element elementor-element-762806fc elementor-widget elementor-widget-text-editor\" data-id=\"762806fc\" data-element_type=\"widget\" data-e-type=\"widget\" data-widget_type=\"text-editor.default\">\n\t\t\t\t<div class=\"elementor-widget-container\">\n\t\t\t\t\t\t\t\t\t\n<p>El presidente electo y el exmandatario se reunieron este mi\u00e9rcoles. No se conocen los temas que trataron, pero se sabe que el encuentro fue en el marco del Gran Acuerdo Nacional como ya lo hab\u00eda mencionado el presidente Gustavo Petro en d\u00edas anteriores el prop\u00f3sito de esta reuni\u00f3n es hablar temas del pa\u00eds, anunciado por el sucesor de Iv\u00e1n Duque. Adem\u00e1s, se cont\u00f3 con la presencia de Alfonso Prada, jefe de debate de Gustavo Petro; Nubia Stella Ram\u00edrez, la directora del Centro Democr\u00e1tico; y algunos miembros de la colectividad uribista.<\/p>\n\t\t\t\t\t\t\t\t<\/div>\n\t\t\t\t<\/div>\n\t\t\t\t\t<\/div>\n\t\t<\/div>\n\t\t\t\t\t<\/div>\n\t\t<\/section>\n\t\t\t\t<section class=\"elementor-section elementor-top-section elementor-element elementor-element-23e8b6f elementor-section-boxed elementor-section-height-default elementor-section-height-default\" data-id=\"23e8b6f\" data-element_type=\"section\" data-e-type=\"section\">\n\t\t\t\t\t\t<div class=\"elementor-container elementor-column-gap-default\">\n\t\t\t\t\t<div class=\"elementor-column elementor-col-100 elementor-top-column elementor-element elementor-element-78f5e16\" data-id=\"78f5e16\" data-element_type=\"column\" data-e-type=\"column\">\n\t\t\t<div class=\"elementor-widget-wrap elementor-element-populated\">\n\t\t\t\t\t\t<div class=\"elementor-element elementor-element-6df1937 elementor-widget elementor-widget-image\" data-id=\"6df1937\" data-element_type=\"widget\" data-e-type=\"widget\" data-widget_type=\"image.default\">\n\t\t\t\t<div class=\"elementor-widget-container\">\n\t\t\t\t\t\t\t\t\t\t\t\t\t\t\t<img fetchpriority=\"high\" decoding=\"async\" width=\"940\" height=\"788\" src=\"https:\/\/revistacongresodigital.com\/wp-content\/uploads\/2022\/06\/COMIENZA-EL-CAMBIO-2022-2026-2.png\" class=\"attachment-large size-large wp-image-2070\" alt=\"COMIENZA EL CAMBIO 2022 - 2026 (2)\" srcset=\"https:\/\/revistacongresodigital.com\/wp-content\/uploads\/2022\/06\/COMIENZA-EL-CAMBIO-2022-2026-2.png 940w, https:\/\/revistacongresodigital.com\/wp-content\/uploads\/2022\/06\/COMIENZA-EL-CAMBIO-2022-2026-2-300x251.png 300w, https:\/\/revistacongresodigital.com\/wp-content\/uploads\/2022\/06\/COMIENZA-EL-CAMBIO-2022-2026-2-768x644.png 768w\" sizes=\"(max-width: 940px) 100vw, 940px\" \/>\t\t\t\t\t\t\t\t\t\t\t\t\t\t\t<\/div>\n\t\t\t\t<\/div>\n\t\t\t\t\t<\/div>\n\t\t<\/div>\n\t\t\t\t\t<\/div>\n\t\t<\/section>\n\t\t\t\t<\/div>\n\t\t","protected":false},"excerpt":{"rendered":"<p>El presidente electo y el exmandatario se reunieron este mi\u00e9rcoles. No se conocen los temas que trataron, pero se sabe que el encuentro fue en el marco del Gran Acuerdo&hellip; <\/p>\n","protected":false},"author":2,"featured_media":2076,"comment_status":"open","ping_status":"open","sticky":false,"template":"","format":"standard","meta":{"footnotes":""},"categories":[1],"tags":[],"class_list":["post-2063","post","type-post","status-publish","format-standard","has-post-thumbnail","hentry","category-sin-categoria"],"yoast_head":"<!-- This site is optimized with the Yoast SEO plugin v27.3 - https:\/\/yoast.com\/product\/yoast-seo-wordpress\/ -->\n<title>Encuentro entre Gustavo Petro y \u00c1lvaro Uribe - Revista Congreso Digital<\/title>\n<meta name=\"description\" content=\"El presidente electo y el exmandatario se reunieron este mi\u00e9rcoles.\" \/>\n<meta name=\"robots\" content=\"index, follow, max-snippet:-1, max-image-preview:large, max-video-preview:-1\" \/>\n<link rel=\"canonical\" href=\"https:\/\/www.revistacongresodigital.com\/?p=2063\" \/>\n<meta property=\"og:locale\" content=\"es_ES\" \/>\n<meta property=\"og:type\" content=\"article\" \/>\n<meta property=\"og:title\" content=\"Encuentro entre Gustavo Petro y \u00c1lvaro Uribe - Revista Congreso Digital\" \/>\n<meta property=\"og:description\" content=\"El presidente electo y el exmandatario se reunieron este mi\u00e9rcoles.\" \/>\n<meta property=\"og:url\" content=\"https:\/\/www.revistacongresodigital.com\/?p=2063\" \/>\n<meta property=\"og:site_name\" content=\"Revista Congreso Digital\" \/>\n<meta property=\"article:published_time\" content=\"2022-06-29T22:43:07+00:00\" \/>\n<meta property=\"article:modified_time\" content=\"2022-07-25T15:47:39+00:00\" \/>\n<meta property=\"og:image\" content=\"https:\/\/www.revistacongresodigital.com\/wp-content\/uploads\/2022\/06\/COMIENZA-EL-CAMBIO-2022-2026-3.png\" \/>\n\t<meta property=\"og:image:width\" content=\"940\" \/>\n\t<meta property=\"og:image:height\" content=\"788\" \/>\n\t<meta property=\"og:image:type\" content=\"image\/png\" \/>\n<meta name=\"author\" content=\"Paola Pardo\" \/>\n<meta name=\"twitter:card\" content=\"summary_large_image\" \/>\n<meta name=\"twitter:label1\" content=\"Escrito por\" \/>\n\t<meta name=\"twitter:data1\" content=\"Paola Pardo\" \/>\n\t<meta name=\"twitter:label2\" content=\"Tiempo de lectura\" \/>\n\t<meta name=\"twitter:data2\" content=\"1 minuto\" \/>\n<script type=\"application\/ld+json\" class=\"yoast-schema-graph\">{\"@context\":\"https:\\\/\\\/schema.org\",\"@graph\":[{\"@type\":\"Article\",\"@id\":\"https:\\\/\\\/www.revistacongresodigital.com\\\/?p=2063#article\",\"isPartOf\":{\"@id\":\"https:\\\/\\\/www.revistacongresodigital.com\\\/?p=2063\"},\"author\":{\"name\":\"Paola Pardo\",\"@id\":\"https:\\\/\\\/www.revistacongresodigital.com\\\/#\\\/schema\\\/person\\\/48fdd26fc226b8cbb305dd638a8e6723\"},\"headline\":\"Encuentro entre Gustavo Petro y \u00c1lvaro Uribe\",\"datePublished\":\"2022-06-29T22:43:07+00:00\",\"dateModified\":\"2022-07-25T15:47:39+00:00\",\"mainEntityOfPage\":{\"@id\":\"https:\\\/\\\/www.revistacongresodigital.com\\\/?p=2063\"},\"wordCount\":107,\"commentCount\":0,\"publisher\":{\"@id\":\"https:\\\/\\\/www.revistacongresodigital.com\\\/#organization\"},\"image\":{\"@id\":\"https:\\\/\\\/www.revistacongresodigital.com\\\/?p=2063#primaryimage\"},\"thumbnailUrl\":\"https:\\\/\\\/revistacongresodigital.com\\\/wp-content\\\/uploads\\\/2022\\\/06\\\/COMIENZA-EL-CAMBIO-2022-2026-3.png\",\"inLanguage\":\"es\",\"potentialAction\":[{\"@type\":\"CommentAction\",\"name\":\"Comment\",\"target\":[\"https:\\\/\\\/www.revistacongresodigital.com\\\/?p=2063#respond\"]}]},{\"@type\":\"WebPage\",\"@id\":\"https:\\\/\\\/www.revistacongresodigital.com\\\/?p=2063\",\"url\":\"https:\\\/\\\/www.revistacongresodigital.com\\\/?p=2063\",\"name\":\"Encuentro entre Gustavo Petro y \u00c1lvaro Uribe - Revista Congreso Digital\",\"isPartOf\":{\"@id\":\"https:\\\/\\\/www.revistacongresodigital.com\\\/#website\"},\"primaryImageOfPage\":{\"@id\":\"https:\\\/\\\/www.revistacongresodigital.com\\\/?p=2063#primaryimage\"},\"image\":{\"@id\":\"https:\\\/\\\/www.revistacongresodigital.com\\\/?p=2063#primaryimage\"},\"thumbnailUrl\":\"https:\\\/\\\/revistacongresodigital.com\\\/wp-content\\\/uploads\\\/2022\\\/06\\\/COMIENZA-EL-CAMBIO-2022-2026-3.png\",\"datePublished\":\"2022-06-29T22:43:07+00:00\",\"dateModified\":\"2022-07-25T15:47:39+00:00\",\"description\":\"El presidente electo y el exmandatario se reunieron este mi\u00e9rcoles.\",\"breadcrumb\":{\"@id\":\"https:\\\/\\\/www.revistacongresodigital.com\\\/?p=2063#breadcrumb\"},\"inLanguage\":\"es\",\"potentialAction\":[{\"@type\":\"ReadAction\",\"target\":[\"https:\\\/\\\/www.revistacongresodigital.com\\\/?p=2063\"]}]},{\"@type\":\"ImageObject\",\"inLanguage\":\"es\",\"@id\":\"https:\\\/\\\/www.revistacongresodigital.com\\\/?p=2063#primaryimage\",\"url\":\"https:\\\/\\\/revistacongresodigital.com\\\/wp-content\\\/uploads\\\/2022\\\/06\\\/COMIENZA-EL-CAMBIO-2022-2026-3.png\",\"contentUrl\":\"https:\\\/\\\/revistacongresodigital.com\\\/wp-content\\\/uploads\\\/2022\\\/06\\\/COMIENZA-EL-CAMBIO-2022-2026-3.png\",\"width\":940,\"height\":788,\"caption\":\"COMIENZA-EL-CAMBIO-2022-2026-3\"},{\"@type\":\"BreadcrumbList\",\"@id\":\"https:\\\/\\\/www.revistacongresodigital.com\\\/?p=2063#breadcrumb\",\"itemListElement\":[{\"@type\":\"ListItem\",\"position\":1,\"name\":\"Portada\",\"item\":\"https:\\\/\\\/www.revistacongresodigital.com\\\/\"},{\"@type\":\"ListItem\",\"position\":2,\"name\":\"Encuentro entre Gustavo Petro y \u00c1lvaro Uribe\"}]},{\"@type\":\"WebSite\",\"@id\":\"https:\\\/\\\/www.revistacongresodigital.com\\\/#website\",\"url\":\"https:\\\/\\\/www.revistacongresodigital.com\\\/\",\"name\":\"Revista Congreso Digital\",\"description\":\"Revista Congreso Digital\",\"publisher\":{\"@id\":\"https:\\\/\\\/www.revistacongresodigital.com\\\/#organization\"},\"potentialAction\":[{\"@type\":\"SearchAction\",\"target\":{\"@type\":\"EntryPoint\",\"urlTemplate\":\"https:\\\/\\\/www.revistacongresodigital.com\\\/?s={search_term_string}\"},\"query-input\":{\"@type\":\"PropertyValueSpecification\",\"valueRequired\":true,\"valueName\":\"search_term_string\"}}],\"inLanguage\":\"es\"},{\"@type\":\"Organization\",\"@id\":\"https:\\\/\\\/www.revistacongresodigital.com\\\/#organization\",\"name\":\"Revista Congreso Digital\",\"url\":\"https:\\\/\\\/www.revistacongresodigital.com\\\/\",\"logo\":{\"@type\":\"ImageObject\",\"inLanguage\":\"es\",\"@id\":\"https:\\\/\\\/www.revistacongresodigital.com\\\/#\\\/schema\\\/logo\\\/image\\\/\",\"url\":\"https:\\\/\\\/revistacongresodigital.com\\\/wp-content\\\/uploads\\\/2022\\\/03\\\/cropped-FIRMA-JP-e1648679804884.png\",\"contentUrl\":\"https:\\\/\\\/revistacongresodigital.com\\\/wp-content\\\/uploads\\\/2022\\\/03\\\/cropped-FIRMA-JP-e1648679804884.png\",\"width\":512,\"height\":512,\"caption\":\"Revista Congreso Digital\"},\"image\":{\"@id\":\"https:\\\/\\\/www.revistacongresodigital.com\\\/#\\\/schema\\\/logo\\\/image\\\/\"}},{\"@type\":\"Person\",\"@id\":\"https:\\\/\\\/www.revistacongresodigital.com\\\/#\\\/schema\\\/person\\\/48fdd26fc226b8cbb305dd638a8e6723\",\"name\":\"Paola Pardo\",\"image\":{\"@type\":\"ImageObject\",\"inLanguage\":\"es\",\"@id\":\"https:\\\/\\\/revistacongresodigital.com\\\/wp-content\\\/litespeed\\\/avatar\\\/f533aab78141e009c40006efb62d3767.jpg?ver=1777169215\",\"url\":\"https:\\\/\\\/revistacongresodigital.com\\\/wp-content\\\/litespeed\\\/avatar\\\/f533aab78141e009c40006efb62d3767.jpg?ver=1777169215\",\"contentUrl\":\"https:\\\/\\\/revistacongresodigital.com\\\/wp-content\\\/litespeed\\\/avatar\\\/f533aab78141e009c40006efb62d3767.jpg?ver=1777169215\",\"caption\":\"Paola Pardo\"},\"url\":\"https:\\\/\\\/revistacongresodigital.com\\\/?author=2\"}]}<\/script>\n<!-- \/ Yoast SEO plugin. -->","yoast_head_json":{"title":"Encuentro entre Gustavo Petro y \u00c1lvaro Uribe - Revista Congreso Digital","description":"El presidente electo y el exmandatario se reunieron este mi\u00e9rcoles.","robots":{"index":"index","follow":"follow","max-snippet":"max-snippet:-1","max-image-preview":"max-image-preview:large","max-video-preview":"max-video-preview:-1"},"canonical":"https:\/\/www.revistacongresodigital.com\/?p=2063","og_locale":"es_ES","og_type":"article","og_title":"Encuentro entre Gustavo Petro y \u00c1lvaro Uribe - Revista Congreso Digital","og_description":"El presidente electo y el exmandatario se reunieron este mi\u00e9rcoles.","og_url":"https:\/\/www.revistacongresodigital.com\/?p=2063","og_site_name":"Revista Congreso Digital","article_published_time":"2022-06-29T22:43:07+00:00","article_modified_time":"2022-07-25T15:47:39+00:00","og_image":[{"width":940,"height":788,"url":"https:\/\/www.revistacongresodigital.com\/wp-content\/uploads\/2022\/06\/COMIENZA-EL-CAMBIO-2022-2026-3.png","type":"image\/png"}],"author":"Paola Pardo","twitter_card":"summary_large_image","twitter_misc":{"Escrito por":"Paola Pardo","Tiempo de lectura":"1 minuto"},"schema":{"@context":"https:\/\/schema.org","@graph":[{"@type":"Article","@id":"https:\/\/www.revistacongresodigital.com\/?p=2063#article","isPartOf":{"@id":"https:\/\/www.revistacongresodigital.com\/?p=2063"},"author":{"name":"Paola Pardo","@id":"https:\/\/www.revistacongresodigital.com\/#\/schema\/person\/48fdd26fc226b8cbb305dd638a8e6723"},"headline":"Encuentro entre Gustavo Petro y \u00c1lvaro Uribe","datePublished":"2022-06-29T22:43:07+00:00","dateModified":"2022-07-25T15:47:39+00:00","mainEntityOfPage":{"@id":"https:\/\/www.revistacongresodigital.com\/?p=2063"},"wordCount":107,"commentCount":0,"publisher":{"@id":"https:\/\/www.revistacongresodigital.com\/#organization"},"image":{"@id":"https:\/\/www.revistacongresodigital.com\/?p=2063#primaryimage"},"thumbnailUrl":"https:\/\/revistacongresodigital.com\/wp-content\/uploads\/2022\/06\/COMIENZA-EL-CAMBIO-2022-2026-3.png","inLanguage":"es","potentialAction":[{"@type":"CommentAction","name":"Comment","target":["https:\/\/www.revistacongresodigital.com\/?p=2063#respond"]}]},{"@type":"WebPage","@id":"https:\/\/www.revistacongresodigital.com\/?p=2063","url":"https:\/\/www.revistacongresodigital.com\/?p=2063","name":"Encuentro entre Gustavo Petro y \u00c1lvaro Uribe - Revista Congreso Digital","isPartOf":{"@id":"https:\/\/www.revistacongresodigital.com\/#website"},"primaryImageOfPage":{"@id":"https:\/\/www.revistacongresodigital.com\/?p=2063#primaryimage"},"image":{"@id":"https:\/\/www.revistacongresodigital.com\/?p=2063#primaryimage"},"thumbnailUrl":"https:\/\/revistacongresodigital.com\/wp-content\/uploads\/2022\/06\/COMIENZA-EL-CAMBIO-2022-2026-3.png","datePublished":"2022-06-29T22:43:07+00:00","dateModified":"2022-07-25T15:47:39+00:00","description":"El presidente electo y el exmandatario se reunieron este mi\u00e9rcoles.","breadcrumb":{"@id":"https:\/\/www.revistacongresodigital.com\/?p=2063#breadcrumb"},"inLanguage":"es","potentialAction":[{"@type":"ReadAction","target":["https:\/\/www.revistacongresodigital.com\/?p=2063"]}]},{"@type":"ImageObject","inLanguage":"es","@id":"https:\/\/www.revistacongresodigital.com\/?p=2063#primaryimage","url":"https:\/\/revistacongresodigital.com\/wp-content\/uploads\/2022\/06\/COMIENZA-EL-CAMBIO-2022-2026-3.png","contentUrl":"https:\/\/revistacongresodigital.com\/wp-content\/uploads\/2022\/06\/COMIENZA-EL-CAMBIO-2022-2026-3.png","width":940,"height":788,"caption":"COMIENZA-EL-CAMBIO-2022-2026-3"},{"@type":"BreadcrumbList","@id":"https:\/\/www.revistacongresodigital.com\/?p=2063#breadcrumb","itemListElement":[{"@type":"ListItem","position":1,"name":"Portada","item":"https:\/\/www.revistacongresodigital.com\/"},{"@type":"ListItem","position":2,"name":"Encuentro entre Gustavo Petro y \u00c1lvaro Uribe"}]},{"@type":"WebSite","@id":"https:\/\/www.revistacongresodigital.com\/#website","url":"https:\/\/www.revistacongresodigital.com\/","name":"Revista Congreso Digital","description":"Revista Congreso Digital","publisher":{"@id":"https:\/\/www.revistacongresodigital.com\/#organization"},"potentialAction":[{"@type":"SearchAction","target":{"@type":"EntryPoint","urlTemplate":"https:\/\/www.revistacongresodigital.com\/?s={search_term_string}"},"query-input":{"@type":"PropertyValueSpecification","valueRequired":true,"valueName":"search_term_string"}}],"inLanguage":"es"},{"@type":"Organization","@id":"https:\/\/www.revistacongresodigital.com\/#organization","name":"Revista Congreso Digital","url":"https:\/\/www.revistacongresodigital.com\/","logo":{"@type":"ImageObject","inLanguage":"es","@id":"https:\/\/www.revistacongresodigital.com\/#\/schema\/logo\/image\/","url":"https:\/\/revistacongresodigital.com\/wp-content\/uploads\/2022\/03\/cropped-FIRMA-JP-e1648679804884.png","contentUrl":"https:\/\/revistacongresodigital.com\/wp-content\/uploads\/2022\/03\/cropped-FIRMA-JP-e1648679804884.png","width":512,"height":512,"caption":"Revista Congreso Digital"},"image":{"@id":"https:\/\/www.revistacongresodigital.com\/#\/schema\/logo\/image\/"}},{"@type":"Person","@id":"https:\/\/www.revistacongresodigital.com\/#\/schema\/person\/48fdd26fc226b8cbb305dd638a8e6723","name":"Paola Pardo","image":{"@type":"ImageObject","inLanguage":"es","@id":"https:\/\/revistacongresodigital.com\/wp-content\/litespeed\/avatar\/f533aab78141e009c40006efb62d3767.jpg?ver=1777169215","url":"https:\/\/revistacongresodigital.com\/wp-content\/litespeed\/avatar\/f533aab78141e009c40006efb62d3767.jpg?ver=1777169215","contentUrl":"https:\/\/revistacongresodigital.com\/wp-content\/litespeed\/avatar\/f533aab78141e009c40006efb62d3767.jpg?ver=1777169215","caption":"Paola Pardo"},"url":"https:\/\/revistacongresodigital.com\/?author=2"}]}},"_links":{"self":[{"href":"https:\/\/revistacongresodigital.com\/index.php?rest_route=\/wp\/v2\/posts\/2063","targetHints":{"allow":["GET"]}}],"collection":[{"href":"https:\/\/revistacongresodigital.com\/index.php?rest_route=\/wp\/v2\/posts"}],"about":[{"href":"https:\/\/revistacongresodigital.com\/index.php?rest_route=\/wp\/v2\/types\/post"}],"author":[{"embeddable":true,"href":"https:\/\/revistacongresodigital.com\/index.php?rest_route=\/wp\/v2\/users\/2"}],"replies":[{"embeddable":true,"href":"https:\/\/revistacongresodigital.com\/index.php?rest_route=%2Fwp%2Fv2%2Fcomments&post=2063"}],"version-history":[{"count":8,"href":"https:\/\/revistacongresodigital.com\/index.php?rest_route=\/wp\/v2\/posts\/2063\/revisions"}],"predecessor-version":[{"id":2074,"href":"https:\/\/revistacongresodigital.com\/index.php?rest_route=\/wp\/v2\/posts\/2063\/revisions\/2074"}],"wp:featuredmedia":[{"embeddable":true,"href":"https:\/\/revistacongresodigital.com\/index.php?rest_route=\/wp\/v2\/media\/2076"}],"wp:attachment":[{"href":"https:\/\/revistacongresodigital.com\/index.php?rest_route=%2Fwp%2Fv2%2Fmedia&parent=2063"}],"wp:term":[{"taxonomy":"category","embeddable":true,"href":"https:\/\/revistacongresodigital.com\/index.php?rest_route=%2Fwp%2Fv2%2Fcategories&post=2063"},{"taxonomy":"post_tag","embeddable":true,"href":"https:\/\/revistacongresodigital.com\/index.php?rest_route=%2Fwp%2Fv2%2Ftags&post=2063"}],"curies":[{"name":"wp","href":"https:\/\/api.w.org\/{rel}","templated":true}]}}