{"id":2034,"date":"2022-06-19T14:48:46","date_gmt":"2022-06-19T14:48:46","guid":{"rendered":"https:\/\/revistacongresodigital.com\/?p=2034"},"modified":"2022-08-06T02:30:54","modified_gmt":"2022-08-06T02:30:54","slug":"colombia-eligio-el-cambio","status":"publish","type":"post","link":"https:\/\/revistacongresodigital.com\/?p=2034","title":{"rendered":"COLOMBIA ELIGIO EL CAMBIO"},"content":{"rendered":"\t\t<div data-elementor-type=\"wp-post\" data-elementor-id=\"2034\" class=\"elementor elementor-2034\">\n\t\t\t\t\t\t<section class=\"elementor-section elementor-top-section elementor-element elementor-element-76d42e5 elementor-section-boxed elementor-section-height-default elementor-section-height-default\" data-id=\"76d42e5\" data-element_type=\"section\" data-e-type=\"section\">\n\t\t\t\t\t\t<div class=\"elementor-container elementor-column-gap-default\">\n\t\t\t\t\t<div class=\"elementor-column elementor-col-100 elementor-top-column elementor-element elementor-element-2f7c1c9\" data-id=\"2f7c1c9\" data-element_type=\"column\" data-e-type=\"column\">\n\t\t\t<div class=\"elementor-widget-wrap elementor-element-populated\">\n\t\t\t\t\t\t<div class=\"elementor-element elementor-element-927c36d elementor-widget elementor-widget-heading\" data-id=\"927c36d\" data-element_type=\"widget\" data-e-type=\"widget\" data-widget_type=\"heading.default\">\n\t\t\t\t<div class=\"elementor-widget-container\">\n\t\t\t\t\t<h2 class=\"elementor-heading-title elementor-size-default\">GUSTAVO PETRO NUEVO PRESIDENTE DE COLOMBIA 2022 - 2026<\/h2>\t\t\t\t<\/div>\n\t\t\t\t<\/div>\n\t\t\t\t\t<\/div>\n\t\t<\/div>\n\t\t\t\t\t<\/div>\n\t\t<\/section>\n\t\t\t\t<section class=\"elementor-section elementor-top-section elementor-element elementor-element-abc26af elementor-section-boxed elementor-section-height-default elementor-section-height-default\" data-id=\"abc26af\" data-element_type=\"section\" data-e-type=\"section\">\n\t\t\t\t\t\t<div class=\"elementor-container elementor-column-gap-default\">\n\t\t\t\t\t<div class=\"elementor-column elementor-col-100 elementor-top-column elementor-element elementor-element-b835ae8\" data-id=\"b835ae8\" data-element_type=\"column\" data-e-type=\"column\">\n\t\t\t<div class=\"elementor-widget-wrap elementor-element-populated\">\n\t\t\t\t\t\t<div class=\"elementor-element elementor-element-725e2f3 elementor-widget elementor-widget-spacer\" data-id=\"725e2f3\" data-element_type=\"widget\" data-e-type=\"widget\" data-widget_type=\"spacer.default\">\n\t\t\t\t<div class=\"elementor-widget-container\">\n\t\t\t\t\t\t\t<div class=\"elementor-spacer\">\n\t\t\t<div class=\"elementor-spacer-inner\"><\/div>\n\t\t<\/div>\n\t\t\t\t\t\t<\/div>\n\t\t\t\t<\/div>\n\t\t\t\t\t<\/div>\n\t\t<\/div>\n\t\t\t\t\t<\/div>\n\t\t<\/section>\n\t\t\t\t<section class=\"elementor-section elementor-top-section elementor-element elementor-element-1763e31 elementor-section-boxed elementor-section-height-default elementor-section-height-default\" data-id=\"1763e31\" data-element_type=\"section\" data-e-type=\"section\">\n\t\t\t\t\t\t<div class=\"elementor-container elementor-column-gap-default\">\n\t\t\t\t\t<div class=\"elementor-column elementor-col-100 elementor-top-column elementor-element elementor-element-6b3820b\" data-id=\"6b3820b\" data-element_type=\"column\" data-e-type=\"column\">\n\t\t\t<div class=\"elementor-widget-wrap elementor-element-populated\">\n\t\t\t\t\t\t<div class=\"elementor-element elementor-element-217ce78 elementor-widget elementor-widget-image\" data-id=\"217ce78\" data-element_type=\"widget\" data-e-type=\"widget\" data-widget_type=\"image.default\">\n\t\t\t\t<div class=\"elementor-widget-container\">\n\t\t\t\t\t\t\t\t\t\t\t\t\t\t\t<img fetchpriority=\"high\" decoding=\"async\" width=\"300\" height=\"251\" src=\"https:\/\/revistacongresodigital.com\/wp-content\/uploads\/2022\/06\/COMIENZA-EL-CAMBIO-2022-2026-300x251.png\" class=\"attachment-medium size-medium wp-image-2036\" alt=\"COMIENZA EL CAMBIO 2022 - 2026\" srcset=\"https:\/\/revistacongresodigital.com\/wp-content\/uploads\/2022\/06\/COMIENZA-EL-CAMBIO-2022-2026-300x251.png 300w, https:\/\/revistacongresodigital.com\/wp-content\/uploads\/2022\/06\/COMIENZA-EL-CAMBIO-2022-2026-768x644.png 768w, https:\/\/revistacongresodigital.com\/wp-content\/uploads\/2022\/06\/COMIENZA-EL-CAMBIO-2022-2026.png 940w\" sizes=\"(max-width: 300px) 100vw, 300px\" \/>\t\t\t\t\t\t\t\t\t\t\t\t\t\t\t<\/div>\n\t\t\t\t<\/div>\n\t\t\t\t\t<\/div>\n\t\t<\/div>\n\t\t\t\t\t<\/div>\n\t\t<\/section>\n\t\t\t\t<section class=\"elementor-section elementor-top-section elementor-element elementor-element-557a3fa elementor-section-boxed elementor-section-height-default elementor-section-height-default\" data-id=\"557a3fa\" data-element_type=\"section\" data-e-type=\"section\">\n\t\t\t\t\t\t<div class=\"elementor-container elementor-column-gap-default\">\n\t\t\t\t\t<div class=\"elementor-column elementor-col-100 elementor-top-column elementor-element elementor-element-32d4b12\" data-id=\"32d4b12\" data-element_type=\"column\" data-e-type=\"column\">\n\t\t\t<div class=\"elementor-widget-wrap elementor-element-populated\">\n\t\t\t\t\t\t<div class=\"elementor-element elementor-element-55cf306 elementor-widget elementor-widget-spacer\" data-id=\"55cf306\" data-element_type=\"widget\" data-e-type=\"widget\" data-widget_type=\"spacer.default\">\n\t\t\t\t<div class=\"elementor-widget-container\">\n\t\t\t\t\t\t\t<div class=\"elementor-spacer\">\n\t\t\t<div class=\"elementor-spacer-inner\"><\/div>\n\t\t<\/div>\n\t\t\t\t\t\t<\/div>\n\t\t\t\t<\/div>\n\t\t\t\t\t<\/div>\n\t\t<\/div>\n\t\t\t\t\t<\/div>\n\t\t<\/section>\n\t\t\t\t<section class=\"elementor-section elementor-top-section elementor-element elementor-element-26a014c elementor-section-boxed elementor-section-height-default elementor-section-height-default\" data-id=\"26a014c\" data-element_type=\"section\" data-e-type=\"section\">\n\t\t\t\t\t\t<div class=\"elementor-container elementor-column-gap-default\">\n\t\t\t\t\t<div class=\"elementor-column elementor-col-100 elementor-top-column elementor-element elementor-element-1d3d5ea\" data-id=\"1d3d5ea\" data-element_type=\"column\" data-e-type=\"column\">\n\t\t\t<div class=\"elementor-widget-wrap elementor-element-populated\">\n\t\t\t\t\t\t<div class=\"elementor-element elementor-element-cf45ab8 elementor-widget elementor-widget-text-editor\" data-id=\"cf45ab8\" data-element_type=\"widget\" data-e-type=\"widget\" data-widget_type=\"text-editor.default\">\n\t\t\t\t<div class=\"elementor-widget-container\">\n\t\t\t\t\t\t\t\t\t<div class=\"bbc-19j92fr essoxwk0\" dir=\"ltr\"><h6 class=\"bbc-hhl7in e1cc2ql70\" dir=\"ltr\"><b>Colombia vivi\u00f3 este domingo un d\u00eda in\u00e9dito: el candidato Gustavo Petro Urrego se convirti\u00f3 en <\/b><b>el primer presidente de la izquierda en la historia de Colombia.<\/b><\/h6><h6 class=\"bbc-hhl7in e1cc2ql70\" dir=\"ltr\">Nacido en la Ci\u00e9naga de Oro, un peque\u00f1o municipio de C\u00f3rdoba, en el norte del pa\u00eds, y l\u00edder de la coalici\u00f3n <b style=\"font-size: 16px;\">Pacto Hist\u00f3rico<\/b><span style=\"font-size: 16px;\">, Petro venci\u00f3 a su contrincante, Rodolfo Hern\u00e1ndez, en una re\u00f1ida elecci\u00f3n presidencial.<\/span><\/h6><\/div><p class=\"bbc-hhl7in e1cc2ql70\" dir=\"ltr\">La victoria se dio este domingo 19 de junio en segunda vuelta con un m\u00ednimo porcentaje sobre Rodolfo\u00a0 Hern\u00e1ndez (50,44% por 47,31%).<\/p><p class=\"bbc-hhl7in e1cc2ql70\" dir=\"ltr\">Adem\u00e1s de ganar en su tercera campa\u00f1a presidencial, cabe resaltar que de los candidatos de izquierda que continuamente se han postulado para la presidencia es el primero en lograrlo en la historia reciente de Colombia.<\/p><p class=\"bbc-hhl7in e1cc2ql70\" dir=\"ltr\">Petro triunfa junto a su formula vicepresidencial\u00a0 <b>Francia M\u00e1rquez, la primera mujer negra elegida para el cargo en el pa\u00eds<\/b>.<\/p><p dir=\"ltr\" style=\"padding-left: 40px;\"><strong><em>Presidente electo Gustavo Petro: \u201cNosotros vamos a desarrollar el capitalismo en Colombia, no porque lo adoremos, sino porque tenemos primero que superar la premodernidad de Colombia, el feudalismo en Colombia, los nuevos esclavismos, la nueva esclavitud, tenemos que superar mentalidades at\u00e1vicas ligadas all\u00e1 a ese mundo de siervos\u201d.<\/em><\/strong><\/p>\t\t\t\t\t\t\t\t<\/div>\n\t\t\t\t<\/div>\n\t\t\t\t\t<\/div>\n\t\t<\/div>\n\t\t\t\t\t<\/div>\n\t\t<\/section>\n\t\t\t\t<section class=\"elementor-section elementor-top-section elementor-element elementor-element-60add35 elementor-section-boxed elementor-section-height-default elementor-section-height-default\" data-id=\"60add35\" data-element_type=\"section\" data-e-type=\"section\">\n\t\t\t\t\t\t<div class=\"elementor-container elementor-column-gap-default\">\n\t\t\t\t\t<div class=\"elementor-column elementor-col-100 elementor-top-column elementor-element elementor-element-ad54f8d\" data-id=\"ad54f8d\" data-element_type=\"column\" data-e-type=\"column\">\n\t\t\t<div class=\"elementor-widget-wrap elementor-element-populated\">\n\t\t\t\t\t\t<div class=\"elementor-element elementor-element-aad6f9e elementor-widget elementor-widget-image\" data-id=\"aad6f9e\" data-element_type=\"widget\" data-e-type=\"widget\" data-widget_type=\"image.default\">\n\t\t\t\t<div class=\"elementor-widget-container\">\n\t\t\t\t\t\t\t\t\t\t\t\t\t\t\t<img decoding=\"async\" width=\"300\" height=\"251\" src=\"https:\/\/revistacongresodigital.com\/wp-content\/uploads\/2022\/06\/COMIENZA-EL-CAMBIO-2022-2026-1-300x251.png\" class=\"attachment-medium size-medium wp-image-2048\" alt=\"\" srcset=\"https:\/\/revistacongresodigital.com\/wp-content\/uploads\/2022\/06\/COMIENZA-EL-CAMBIO-2022-2026-1-300x251.png 300w, https:\/\/revistacongresodigital.com\/wp-content\/uploads\/2022\/06\/COMIENZA-EL-CAMBIO-2022-2026-1-768x644.png 768w, https:\/\/revistacongresodigital.com\/wp-content\/uploads\/2022\/06\/COMIENZA-EL-CAMBIO-2022-2026-1.png 940w\" sizes=\"(max-width: 300px) 100vw, 300px\" \/>\t\t\t\t\t\t\t\t\t\t\t\t\t\t\t<\/div>\n\t\t\t\t<\/div>\n\t\t\t\t\t<\/div>\n\t\t<\/div>\n\t\t\t\t\t<\/div>\n\t\t<\/section>\n\t\t\t\t<\/div>\n\t\t","protected":false},"excerpt":{"rendered":"<p>GUSTAVO PETRO NUEVO PRESIDENTE DE COLOMBIA 2022 &#8211; 2026 Colombia vivi\u00f3 este domingo un d\u00eda in\u00e9dito: el candidato Gustavo Petro Urrego se convirti\u00f3 en el primer presidente de la izquierda&hellip; <\/p>\n","protected":false},"author":2,"featured_media":1244,"comment_status":"open","ping_status":"open","sticky":false,"template":"elementor_canvas","format":"standard","meta":{"footnotes":""},"categories":[44],"tags":[],"class_list":["post-2034","post","type-post","status-publish","format-standard","has-post-thumbnail","hentry","category-noticias-de-interes"],"yoast_head":"<!-- This site is optimized with the Yoast SEO plugin v27.3 - https:\/\/yoast.com\/product\/yoast-seo-wordpress\/ -->\n<title>COLOMBIA ELIGIO EL CAMBIO - Revista Congreso Digital<\/title>\n<meta name=\"robots\" content=\"index, follow, max-snippet:-1, max-image-preview:large, max-video-preview:-1\" \/>\n<link rel=\"canonical\" href=\"https:\/\/www.revistacongresodigital.com\/?p=2034\" \/>\n<meta property=\"og:locale\" content=\"es_ES\" \/>\n<meta property=\"og:type\" content=\"article\" \/>\n<meta property=\"og:title\" content=\"COLOMBIA ELIGIO EL CAMBIO - Revista Congreso Digital\" \/>\n<meta property=\"og:description\" content=\"GUSTAVO PETRO NUEVO PRESIDENTE DE COLOMBIA 2022 &#8211; 2026 Colombia vivi\u00f3 este domingo un d\u00eda in\u00e9dito: el candidato Gustavo Petro Urrego se convirti\u00f3 en el primer presidente de la izquierda&hellip;\" \/>\n<meta property=\"og:url\" content=\"https:\/\/www.revistacongresodigital.com\/?p=2034\" \/>\n<meta property=\"og:site_name\" content=\"Revista Congreso Digital\" \/>\n<meta property=\"article:published_time\" content=\"2022-06-19T14:48:46+00:00\" \/>\n<meta property=\"article:modified_time\" content=\"2022-08-06T02:30:54+00:00\" \/>\n<meta property=\"og:image\" content=\"https:\/\/www.revistacongresodigital.com\/wp-content\/uploads\/2022\/04\/5Q6CNPBZKNGGTOFPP4OIEE266I.jpg\" \/>\n\t<meta property=\"og:image:width\" content=\"1200\" \/>\n\t<meta property=\"og:image:height\" content=\"675\" \/>\n\t<meta property=\"og:image:type\" content=\"image\/jpeg\" \/>\n<meta name=\"author\" content=\"Paola Pardo\" \/>\n<meta name=\"twitter:card\" content=\"summary_large_image\" \/>\n<meta name=\"twitter:label1\" content=\"Escrito por\" \/>\n\t<meta name=\"twitter:data1\" content=\"Paola Pardo\" \/>\n\t<meta name=\"twitter:label2\" content=\"Tiempo de lectura\" \/>\n\t<meta name=\"twitter:data2\" content=\"2 minutos\" \/>\n<script type=\"application\/ld+json\" class=\"yoast-schema-graph\">{\"@context\":\"https:\\\/\\\/schema.org\",\"@graph\":[{\"@type\":\"Article\",\"@id\":\"https:\\\/\\\/www.revistacongresodigital.com\\\/?p=2034#article\",\"isPartOf\":{\"@id\":\"https:\\\/\\\/www.revistacongresodigital.com\\\/?p=2034\"},\"author\":{\"name\":\"Paola Pardo\",\"@id\":\"https:\\\/\\\/www.revistacongresodigital.com\\\/#\\\/schema\\\/person\\\/48fdd26fc226b8cbb305dd638a8e6723\"},\"headline\":\"COLOMBIA ELIGIO EL CAMBIO\",\"datePublished\":\"2022-06-19T14:48:46+00:00\",\"dateModified\":\"2022-08-06T02:30:54+00:00\",\"mainEntityOfPage\":{\"@id\":\"https:\\\/\\\/www.revistacongresodigital.com\\\/?p=2034\"},\"wordCount\":215,\"commentCount\":0,\"publisher\":{\"@id\":\"https:\\\/\\\/www.revistacongresodigital.com\\\/#organization\"},\"image\":{\"@id\":\"https:\\\/\\\/www.revistacongresodigital.com\\\/?p=2034#primaryimage\"},\"thumbnailUrl\":\"https:\\\/\\\/revistacongresodigital.com\\\/wp-content\\\/uploads\\\/2022\\\/04\\\/5Q6CNPBZKNGGTOFPP4OIEE266I.jpg\",\"articleSection\":[\"NOTICIAS DE INTERES\"],\"inLanguage\":\"es\",\"potentialAction\":[{\"@type\":\"CommentAction\",\"name\":\"Comment\",\"target\":[\"https:\\\/\\\/www.revistacongresodigital.com\\\/?p=2034#respond\"]}]},{\"@type\":\"WebPage\",\"@id\":\"https:\\\/\\\/www.revistacongresodigital.com\\\/?p=2034\",\"url\":\"https:\\\/\\\/www.revistacongresodigital.com\\\/?p=2034\",\"name\":\"COLOMBIA ELIGIO EL CAMBIO - Revista Congreso Digital\",\"isPartOf\":{\"@id\":\"https:\\\/\\\/www.revistacongresodigital.com\\\/#website\"},\"primaryImageOfPage\":{\"@id\":\"https:\\\/\\\/www.revistacongresodigital.com\\\/?p=2034#primaryimage\"},\"image\":{\"@id\":\"https:\\\/\\\/www.revistacongresodigital.com\\\/?p=2034#primaryimage\"},\"thumbnailUrl\":\"https:\\\/\\\/revistacongresodigital.com\\\/wp-content\\\/uploads\\\/2022\\\/04\\\/5Q6CNPBZKNGGTOFPP4OIEE266I.jpg\",\"datePublished\":\"2022-06-19T14:48:46+00:00\",\"dateModified\":\"2022-08-06T02:30:54+00:00\",\"breadcrumb\":{\"@id\":\"https:\\\/\\\/www.revistacongresodigital.com\\\/?p=2034#breadcrumb\"},\"inLanguage\":\"es\",\"potentialAction\":[{\"@type\":\"ReadAction\",\"target\":[\"https:\\\/\\\/www.revistacongresodigital.com\\\/?p=2034\"]}]},{\"@type\":\"ImageObject\",\"inLanguage\":\"es\",\"@id\":\"https:\\\/\\\/www.revistacongresodigital.com\\\/?p=2034#primaryimage\",\"url\":\"https:\\\/\\\/revistacongresodigital.com\\\/wp-content\\\/uploads\\\/2022\\\/04\\\/5Q6CNPBZKNGGTOFPP4OIEE266I.jpg\",\"contentUrl\":\"https:\\\/\\\/revistacongresodigital.com\\\/wp-content\\\/uploads\\\/2022\\\/04\\\/5Q6CNPBZKNGGTOFPP4OIEE266I.jpg\",\"width\":1200,\"height\":675},{\"@type\":\"BreadcrumbList\",\"@id\":\"https:\\\/\\\/www.revistacongresodigital.com\\\/?p=2034#breadcrumb\",\"itemListElement\":[{\"@type\":\"ListItem\",\"position\":1,\"name\":\"Portada\",\"item\":\"https:\\\/\\\/www.revistacongresodigital.com\\\/\"},{\"@type\":\"ListItem\",\"position\":2,\"name\":\"COLOMBIA ELIGIO EL CAMBIO\"}]},{\"@type\":\"WebSite\",\"@id\":\"https:\\\/\\\/www.revistacongresodigital.com\\\/#website\",\"url\":\"https:\\\/\\\/www.revistacongresodigital.com\\\/\",\"name\":\"Revista Congreso Digital\",\"description\":\"Revista Congreso Digital\",\"publisher\":{\"@id\":\"https:\\\/\\\/www.revistacongresodigital.com\\\/#organization\"},\"potentialAction\":[{\"@type\":\"SearchAction\",\"target\":{\"@type\":\"EntryPoint\",\"urlTemplate\":\"https:\\\/\\\/www.revistacongresodigital.com\\\/?s={search_term_string}\"},\"query-input\":{\"@type\":\"PropertyValueSpecification\",\"valueRequired\":true,\"valueName\":\"search_term_string\"}}],\"inLanguage\":\"es\"},{\"@type\":\"Organization\",\"@id\":\"https:\\\/\\\/www.revistacongresodigital.com\\\/#organization\",\"name\":\"Revista Congreso Digital\",\"url\":\"https:\\\/\\\/www.revistacongresodigital.com\\\/\",\"logo\":{\"@type\":\"ImageObject\",\"inLanguage\":\"es\",\"@id\":\"https:\\\/\\\/www.revistacongresodigital.com\\\/#\\\/schema\\\/logo\\\/image\\\/\",\"url\":\"https:\\\/\\\/revistacongresodigital.com\\\/wp-content\\\/uploads\\\/2022\\\/03\\\/cropped-FIRMA-JP-e1648679804884.png\",\"contentUrl\":\"https:\\\/\\\/revistacongresodigital.com\\\/wp-content\\\/uploads\\\/2022\\\/03\\\/cropped-FIRMA-JP-e1648679804884.png\",\"width\":512,\"height\":512,\"caption\":\"Revista Congreso Digital\"},\"image\":{\"@id\":\"https:\\\/\\\/www.revistacongresodigital.com\\\/#\\\/schema\\\/logo\\\/image\\\/\"}},{\"@type\":\"Person\",\"@id\":\"https:\\\/\\\/www.revistacongresodigital.com\\\/#\\\/schema\\\/person\\\/48fdd26fc226b8cbb305dd638a8e6723\",\"name\":\"Paola Pardo\",\"image\":{\"@type\":\"ImageObject\",\"inLanguage\":\"es\",\"@id\":\"https:\\\/\\\/revistacongresodigital.com\\\/wp-content\\\/litespeed\\\/avatar\\\/f533aab78141e009c40006efb62d3767.jpg?ver=1777169215\",\"url\":\"https:\\\/\\\/revistacongresodigital.com\\\/wp-content\\\/litespeed\\\/avatar\\\/f533aab78141e009c40006efb62d3767.jpg?ver=1777169215\",\"contentUrl\":\"https:\\\/\\\/revistacongresodigital.com\\\/wp-content\\\/litespeed\\\/avatar\\\/f533aab78141e009c40006efb62d3767.jpg?ver=1777169215\",\"caption\":\"Paola Pardo\"},\"url\":\"https:\\\/\\\/revistacongresodigital.com\\\/?author=2\"}]}<\/script>\n<!-- \/ Yoast SEO plugin. -->","yoast_head_json":{"title":"COLOMBIA ELIGIO EL CAMBIO - Revista Congreso Digital","robots":{"index":"index","follow":"follow","max-snippet":"max-snippet:-1","max-image-preview":"max-image-preview:large","max-video-preview":"max-video-preview:-1"},"canonical":"https:\/\/www.revistacongresodigital.com\/?p=2034","og_locale":"es_ES","og_type":"article","og_title":"COLOMBIA ELIGIO EL CAMBIO - Revista Congreso Digital","og_description":"GUSTAVO PETRO NUEVO PRESIDENTE DE COLOMBIA 2022 &#8211; 2026 Colombia vivi\u00f3 este domingo un d\u00eda in\u00e9dito: el candidato Gustavo Petro Urrego se convirti\u00f3 en el primer presidente de la izquierda&hellip;","og_url":"https:\/\/www.revistacongresodigital.com\/?p=2034","og_site_name":"Revista Congreso Digital","article_published_time":"2022-06-19T14:48:46+00:00","article_modified_time":"2022-08-06T02:30:54+00:00","og_image":[{"width":1200,"height":675,"url":"https:\/\/www.revistacongresodigital.com\/wp-content\/uploads\/2022\/04\/5Q6CNPBZKNGGTOFPP4OIEE266I.jpg","type":"image\/jpeg"}],"author":"Paola Pardo","twitter_card":"summary_large_image","twitter_misc":{"Escrito por":"Paola Pardo","Tiempo de lectura":"2 minutos"},"schema":{"@context":"https:\/\/schema.org","@graph":[{"@type":"Article","@id":"https:\/\/www.revistacongresodigital.com\/?p=2034#article","isPartOf":{"@id":"https:\/\/www.revistacongresodigital.com\/?p=2034"},"author":{"name":"Paola Pardo","@id":"https:\/\/www.revistacongresodigital.com\/#\/schema\/person\/48fdd26fc226b8cbb305dd638a8e6723"},"headline":"COLOMBIA ELIGIO EL CAMBIO","datePublished":"2022-06-19T14:48:46+00:00","dateModified":"2022-08-06T02:30:54+00:00","mainEntityOfPage":{"@id":"https:\/\/www.revistacongresodigital.com\/?p=2034"},"wordCount":215,"commentCount":0,"publisher":{"@id":"https:\/\/www.revistacongresodigital.com\/#organization"},"image":{"@id":"https:\/\/www.revistacongresodigital.com\/?p=2034#primaryimage"},"thumbnailUrl":"https:\/\/revistacongresodigital.com\/wp-content\/uploads\/2022\/04\/5Q6CNPBZKNGGTOFPP4OIEE266I.jpg","articleSection":["NOTICIAS DE INTERES"],"inLanguage":"es","potentialAction":[{"@type":"CommentAction","name":"Comment","target":["https:\/\/www.revistacongresodigital.com\/?p=2034#respond"]}]},{"@type":"WebPage","@id":"https:\/\/www.revistacongresodigital.com\/?p=2034","url":"https:\/\/www.revistacongresodigital.com\/?p=2034","name":"COLOMBIA ELIGIO EL CAMBIO - Revista Congreso Digital","isPartOf":{"@id":"https:\/\/www.revistacongresodigital.com\/#website"},"primaryImageOfPage":{"@id":"https:\/\/www.revistacongresodigital.com\/?p=2034#primaryimage"},"image":{"@id":"https:\/\/www.revistacongresodigital.com\/?p=2034#primaryimage"},"thumbnailUrl":"https:\/\/revistacongresodigital.com\/wp-content\/uploads\/2022\/04\/5Q6CNPBZKNGGTOFPP4OIEE266I.jpg","datePublished":"2022-06-19T14:48:46+00:00","dateModified":"2022-08-06T02:30:54+00:00","breadcrumb":{"@id":"https:\/\/www.revistacongresodigital.com\/?p=2034#breadcrumb"},"inLanguage":"es","potentialAction":[{"@type":"ReadAction","target":["https:\/\/www.revistacongresodigital.com\/?p=2034"]}]},{"@type":"ImageObject","inLanguage":"es","@id":"https:\/\/www.revistacongresodigital.com\/?p=2034#primaryimage","url":"https:\/\/revistacongresodigital.com\/wp-content\/uploads\/2022\/04\/5Q6CNPBZKNGGTOFPP4OIEE266I.jpg","contentUrl":"https:\/\/revistacongresodigital.com\/wp-content\/uploads\/2022\/04\/5Q6CNPBZKNGGTOFPP4OIEE266I.jpg","width":1200,"height":675},{"@type":"BreadcrumbList","@id":"https:\/\/www.revistacongresodigital.com\/?p=2034#breadcrumb","itemListElement":[{"@type":"ListItem","position":1,"name":"Portada","item":"https:\/\/www.revistacongresodigital.com\/"},{"@type":"ListItem","position":2,"name":"COLOMBIA ELIGIO EL CAMBIO"}]},{"@type":"WebSite","@id":"https:\/\/www.revistacongresodigital.com\/#website","url":"https:\/\/www.revistacongresodigital.com\/","name":"Revista Congreso Digital","description":"Revista Congreso Digital","publisher":{"@id":"https:\/\/www.revistacongresodigital.com\/#organization"},"potentialAction":[{"@type":"SearchAction","target":{"@type":"EntryPoint","urlTemplate":"https:\/\/www.revistacongresodigital.com\/?s={search_term_string}"},"query-input":{"@type":"PropertyValueSpecification","valueRequired":true,"valueName":"search_term_string"}}],"inLanguage":"es"},{"@type":"Organization","@id":"https:\/\/www.revistacongresodigital.com\/#organization","name":"Revista Congreso Digital","url":"https:\/\/www.revistacongresodigital.com\/","logo":{"@type":"ImageObject","inLanguage":"es","@id":"https:\/\/www.revistacongresodigital.com\/#\/schema\/logo\/image\/","url":"https:\/\/revistacongresodigital.com\/wp-content\/uploads\/2022\/03\/cropped-FIRMA-JP-e1648679804884.png","contentUrl":"https:\/\/revistacongresodigital.com\/wp-content\/uploads\/2022\/03\/cropped-FIRMA-JP-e1648679804884.png","width":512,"height":512,"caption":"Revista Congreso Digital"},"image":{"@id":"https:\/\/www.revistacongresodigital.com\/#\/schema\/logo\/image\/"}},{"@type":"Person","@id":"https:\/\/www.revistacongresodigital.com\/#\/schema\/person\/48fdd26fc226b8cbb305dd638a8e6723","name":"Paola Pardo","image":{"@type":"ImageObject","inLanguage":"es","@id":"https:\/\/revistacongresodigital.com\/wp-content\/litespeed\/avatar\/f533aab78141e009c40006efb62d3767.jpg?ver=1777169215","url":"https:\/\/revistacongresodigital.com\/wp-content\/litespeed\/avatar\/f533aab78141e009c40006efb62d3767.jpg?ver=1777169215","contentUrl":"https:\/\/revistacongresodigital.com\/wp-content\/litespeed\/avatar\/f533aab78141e009c40006efb62d3767.jpg?ver=1777169215","caption":"Paola Pardo"},"url":"https:\/\/revistacongresodigital.com\/?author=2"}]}},"_links":{"self":[{"href":"https:\/\/revistacongresodigital.com\/index.php?rest_route=\/wp\/v2\/posts\/2034","targetHints":{"allow":["GET"]}}],"collection":[{"href":"https:\/\/revistacongresodigital.com\/index.php?rest_route=\/wp\/v2\/posts"}],"about":[{"href":"https:\/\/revistacongresodigital.com\/index.php?rest_route=\/wp\/v2\/types\/post"}],"author":[{"embeddable":true,"href":"https:\/\/revistacongresodigital.com\/index.php?rest_route=\/wp\/v2\/users\/2"}],"replies":[{"embeddable":true,"href":"https:\/\/revistacongresodigital.com\/index.php?rest_route=%2Fwp%2Fv2%2Fcomments&post=2034"}],"version-history":[{"count":23,"href":"https:\/\/revistacongresodigital.com\/index.php?rest_route=\/wp\/v2\/posts\/2034\/revisions"}],"predecessor-version":[{"id":2193,"href":"https:\/\/revistacongresodigital.com\/index.php?rest_route=\/wp\/v2\/posts\/2034\/revisions\/2193"}],"wp:featuredmedia":[{"embeddable":true,"href":"https:\/\/revistacongresodigital.com\/index.php?rest_route=\/wp\/v2\/media\/1244"}],"wp:attachment":[{"href":"https:\/\/revistacongresodigital.com\/index.php?rest_route=%2Fwp%2Fv2%2Fmedia&parent=2034"}],"wp:term":[{"taxonomy":"category","embeddable":true,"href":"https:\/\/revistacongresodigital.com\/index.php?rest_route=%2Fwp%2Fv2%2Fcategories&post=2034"},{"taxonomy":"post_tag","embeddable":true,"href":"https:\/\/revistacongresodigital.com\/index.php?rest_route=%2Fwp%2Fv2%2Ftags&post=2034"}],"curies":[{"name":"wp","href":"https:\/\/api.w.org\/{rel}","templated":true}]}}