{"id":13,"date":"2022-02-14T09:23:57","date_gmt":"2022-02-14T09:23:57","guid":{"rendered":"http:\/\/themes.tielabs.com\/sahifa5\/?p=13"},"modified":"2022-04-12T22:01:58","modified_gmt":"2022-04-12T22:01:58","slug":"secretaria-general","status":"publish","type":"post","link":"https:\/\/revistacongresodigital.com\/?p=13","title":{"rendered":"SECRETARIA GENERAL"},"content":{"rendered":"\t\t<div data-elementor-type=\"wp-post\" data-elementor-id=\"13\" class=\"elementor elementor-13\">\n\t\t\t\t\t\t<section class=\"elementor-section elementor-top-section elementor-element elementor-element-46ab0d0 elementor-section-boxed elementor-section-height-default elementor-section-height-default\" data-id=\"46ab0d0\" data-element_type=\"section\" data-e-type=\"section\">\n\t\t\t\t\t\t<div class=\"elementor-container elementor-column-gap-default\">\n\t\t\t\t\t<div class=\"elementor-column elementor-col-100 elementor-top-column elementor-element elementor-element-952ca7b\" data-id=\"952ca7b\" data-element_type=\"column\" data-e-type=\"column\">\n\t\t\t<div class=\"elementor-widget-wrap elementor-element-populated\">\n\t\t\t\t\t\t<div class=\"elementor-element elementor-element-ea4f247 elementor-widget elementor-widget-text-editor\" data-id=\"ea4f247\" data-element_type=\"widget\" data-e-type=\"widget\" data-widget_type=\"text-editor.default\">\n\t\t\t\t<div class=\"elementor-widget-container\">\n\t\t\t\t\t\t\t\t\t<p><strong>FUNCIONES SECRETAR\u00cdA GENERAL:<\/strong><\/p>\n<p>La Secretar\u00eda General del Senado ejercer\u00e1 por intermedio del Secretario General, adem\u00e1s de las funciones establecidas en el Reglamento Interno del Congreso, las siguientes:<br \/>Asistir a las sesiones del Senado y cumplir las tareas de Secretar\u00eda, especialmente las que se refieren a llamar a lista, comprobar el qu\u00f3rum, leer los proyectos, proposiciones y comunicaciones, registrar y dar a conocer el resultado de las votaciones y rendir los informes que le soliciten los miembros de la Mesa Directiva y los Senadores.<br \/>Llevar y firmar las cartas de las sesiones plenarias.<br \/>Autorizar con su firma los actos y documentos que as\u00ed lo requieran, expedir copia de los actos y documentos emitidos por el Senado y autenticarlos con su firma.<br \/>Rendir informaci\u00f3n al Presidente del Senado sobre los asuntos y documentos que hayan ingresado a la Secretar\u00eda.<br \/>Llevar un registro de entrega y recibo de los documentos que pasen a las Comisiones.<br \/>Informar a la Mesa Directiva sobre el tr\u00e1mite de los asuntos de su competencia y sobre el estado en que se encuentren los proyectos presentados a consideraci\u00f3n de la sesi\u00f3n plenaria o a las diferentes Comisiones.<br \/>Enviar a la Secci\u00f3n de Leyes los proyectos recibidos para lo de su competencia.<br \/>Remitir los proyectos aprobados a la C\u00e1mara o a la Presidencia de la Rep\u00fablica, seg\u00fan el caso, previa comprobaci\u00f3n de que los documentos est\u00e9n en orden.<br \/>Responder por el normal funcionamiento de todas las unidades adscritas a su dependencia y solicitar a la Direcci\u00f3n General Administrativa los bienes y servicios necesarios para tal efecto.<\/p>\t\t\t\t\t\t\t\t<\/div>\n\t\t\t\t<\/div>\n\t\t\t\t\t<\/div>\n\t\t<\/div>\n\t\t\t\t\t<\/div>\n\t\t<\/section>\n\t\t\t\t<section class=\"elementor-section elementor-top-section elementor-element elementor-element-da182ca elementor-section-boxed elementor-section-height-default elementor-section-height-default\" data-id=\"da182ca\" data-element_type=\"section\" data-e-type=\"section\">\n\t\t\t\t\t\t<div class=\"elementor-container elementor-column-gap-default\">\n\t\t\t\t\t<div class=\"elementor-column elementor-col-100 elementor-top-column elementor-element elementor-element-2c73c4d\" data-id=\"2c73c4d\" data-element_type=\"column\" data-e-type=\"column\">\n\t\t\t<div class=\"elementor-widget-wrap elementor-element-populated\">\n\t\t\t\t\t\t<div class=\"elementor-element elementor-element-e5ebd8d elementor-widget elementor-widget-image\" data-id=\"e5ebd8d\" data-element_type=\"widget\" data-e-type=\"widget\" data-widget_type=\"image.default\">\n\t\t\t\t<div class=\"elementor-widget-container\">\n\t\t\t\t\t\t\t\t\t\t\t\t\t\t\t<img fetchpriority=\"high\" decoding=\"async\" width=\"276\" height=\"350\" src=\"https:\/\/revistacongresodigital.com\/wp-content\/uploads\/2022\/04\/SECRETARIOGregorio_Eljach_Pacheco.jpg\" class=\"attachment-large size-large wp-image-979\" alt=\"\" srcset=\"https:\/\/revistacongresodigital.com\/wp-content\/uploads\/2022\/04\/SECRETARIOGregorio_Eljach_Pacheco.jpg 276w, https:\/\/revistacongresodigital.com\/wp-content\/uploads\/2022\/04\/SECRETARIOGregorio_Eljach_Pacheco-237x300.jpg 237w\" sizes=\"(max-width: 276px) 100vw, 276px\" \/>\t\t\t\t\t\t\t\t\t\t\t\t\t\t\t<\/div>\n\t\t\t\t<\/div>\n\t\t\t\t\t<\/div>\n\t\t<\/div>\n\t\t\t\t\t<\/div>\n\t\t<\/section>\n\t\t\t\t<section class=\"elementor-section elementor-top-section elementor-element elementor-element-3a6d79f elementor-section-boxed elementor-section-height-default elementor-section-height-default\" data-id=\"3a6d79f\" data-element_type=\"section\" data-e-type=\"section\">\n\t\t\t\t\t\t<div class=\"elementor-container elementor-column-gap-default\">\n\t\t\t\t\t<div class=\"elementor-column elementor-col-100 elementor-top-column elementor-element elementor-element-d661297\" data-id=\"d661297\" data-element_type=\"column\" data-e-type=\"column\">\n\t\t\t<div class=\"elementor-widget-wrap elementor-element-populated\">\n\t\t\t\t\t\t<div class=\"elementor-element elementor-element-f06fc86 elementor-widget elementor-widget-text-editor\" data-id=\"f06fc86\" data-element_type=\"widget\" data-e-type=\"widget\" data-widget_type=\"text-editor.default\">\n\t\t\t\t<div class=\"elementor-widget-container\">\n\t\t\t\t\t\t\t\t\t<figure class=\"wp-block-image size-medium\"><strong>Correo El\u00e9ctronico: <\/strong><a href=\"mailto:secretaria.general@senado.gov.co\">secretaria.general@senado.gov.co<\/a><\/figure>\n<figure class=\"wp-block-image size-medium\"><strong>Tel\u00e9fono<\/strong>:(571)+3823202 Ext. 5211<\/figure>\n<figure class=\"wp-block-image size-medium\"><strong>Pagina Web: <\/strong><a href=\"http:\/\/www.secretariasenado.gov.co\/\">www.secretariasenado.gov.co<\/a><\/figure>\n<figure class=\"wp-block-image size-medium\"><strong>Twitter:<\/strong><a href=\"https:\/\/twitter.com\/SecreSenado\" target=\"_blank\" rel=\"noreferrer noopener\">@SecreSenado<\/a><\/figure>\n<figure class=\"wp-block-image size-medium\"><strong>Facebook:<\/strong><a href=\"https:\/\/www.facebook.com\/pages\/Secretar%C3%ADa-General-Del-Senado-De-Colombia\/481213235305794\" target=\"_blank\" rel=\"noreferrer noopener\">Secretaria General del Senado de Colombia<\/a><\/figure>\t\t\t\t\t\t\t\t<\/div>\n\t\t\t\t<\/div>\n\t\t\t\t\t<\/div>\n\t\t<\/div>\n\t\t\t\t\t<\/div>\n\t\t<\/section>\n\t\t\t\t<section class=\"elementor-section elementor-top-section elementor-element elementor-element-ac52b53 elementor-section-boxed elementor-section-height-default elementor-section-height-default\" data-id=\"ac52b53\" data-element_type=\"section\" data-e-type=\"section\">\n\t\t\t\t\t\t<div class=\"elementor-container elementor-column-gap-default\">\n\t\t\t\t\t<div class=\"elementor-column elementor-col-100 elementor-top-column elementor-element elementor-element-74bab85\" data-id=\"74bab85\" data-element_type=\"column\" data-e-type=\"column\">\n\t\t\t<div class=\"elementor-widget-wrap elementor-element-populated\">\n\t\t\t\t\t\t<div class=\"elementor-element elementor-element-d6e5e8b elementor-widget elementor-widget-text-editor\" data-id=\"d6e5e8b\" data-element_type=\"widget\" data-e-type=\"widget\" data-widget_type=\"text-editor.default\">\n\t\t\t\t<div class=\"elementor-widget-container\">\n\t\t\t\t\t\t\t\t\t<p><strong>ELECCI\u00d3N PROCURADOR<\/strong><strong>1990-2016<\/strong><strong>Art\u00edculo 23 Ley\u00a0 5a de 1992<\/strong><strong>Art\u00edculo 23<\/strong>:\u00a0<strong>ELECCI\u00d3N.<\/strong>\u00a0Su elecci\u00f3n se har\u00e1 mediante el procedimiento siguiente:\u00a0Los candidatos ser\u00e1n presentados en los primeros quince (15) d\u00edas siguientes a la instalaci\u00f3n de las sesiones, en el cuatrienio legislativo.\u00a0La elecci\u00f3n se efectuar\u00e1 en el primer mes de sesiones, de terna integrada por candidatos presentados as\u00ed: Uno por la Corte Constitucional, uno por la Corte Suprema de Justicia y uno por el Consejo de Estado.\u00a0Declarada abierta la sesi\u00f3n por el Presidente del Congreso, se pondr\u00e1 a la consideraci\u00f3n de los Congresistas presentes la terna de candidatos y se proceder\u00e1 a la elecci\u00f3n.\u00a0<strong>PAR\u00c1GRAFO.<\/strong>\u00a0En el caso de vacancia absoluta se proceder\u00e1 a nueva elecci\u00f3n.<\/p>\t\t\t\t\t\t\t\t<\/div>\n\t\t\t\t<\/div>\n\t\t\t\t\t<\/div>\n\t\t<\/div>\n\t\t\t\t\t<\/div>\n\t\t<\/section>\n\t\t\t\t<section class=\"elementor-section elementor-top-section elementor-element elementor-element-257bbf7 elementor-section-boxed elementor-section-height-default elementor-section-height-default\" data-id=\"257bbf7\" data-element_type=\"section\" data-e-type=\"section\">\n\t\t\t\t\t\t<div class=\"elementor-container elementor-column-gap-default\">\n\t\t\t\t\t<div class=\"elementor-column elementor-col-100 elementor-top-column elementor-element elementor-element-06cd70f\" data-id=\"06cd70f\" data-element_type=\"column\" data-e-type=\"column\">\n\t\t\t<div class=\"elementor-widget-wrap elementor-element-populated\">\n\t\t\t\t\t\t<div class=\"elementor-element elementor-element-42a41d5 elementor-widget elementor-widget-image\" data-id=\"42a41d5\" data-element_type=\"widget\" data-e-type=\"widget\" data-widget_type=\"image.default\">\n\t\t\t\t<div class=\"elementor-widget-container\">\n\t\t\t\t\t\t\t\t\t\t\t\t\t\t\t<img decoding=\"async\" width=\"769\" height=\"258\" src=\"https:\/\/revistacongresodigital.com\/wp-content\/uploads\/2022\/02\/INFO.png\" class=\"attachment-large size-large wp-image-1560\" alt=\"\" srcset=\"https:\/\/revistacongresodigital.com\/wp-content\/uploads\/2022\/02\/INFO.png 769w, https:\/\/revistacongresodigital.com\/wp-content\/uploads\/2022\/02\/INFO-300x101.png 300w\" sizes=\"(max-width: 769px) 100vw, 769px\" \/>\t\t\t\t\t\t\t\t\t\t\t\t\t\t\t<\/div>\n\t\t\t\t<\/div>\n\t\t\t\t\t<\/div>\n\t\t<\/div>\n\t\t\t\t\t<\/div>\n\t\t<\/section>\n\t\t\t\t<section class=\"elementor-section elementor-top-section elementor-element elementor-element-8cc2da9 elementor-section-boxed elementor-section-height-default elementor-section-height-default\" data-id=\"8cc2da9\" data-element_type=\"section\" data-e-type=\"section\">\n\t\t\t\t\t\t<div class=\"elementor-container elementor-column-gap-default\">\n\t\t\t\t\t<div class=\"elementor-column elementor-col-100 elementor-top-column elementor-element elementor-element-1e616ab2\" data-id=\"1e616ab2\" data-element_type=\"column\" data-e-type=\"column\">\n\t\t\t<div class=\"elementor-widget-wrap elementor-element-populated\">\n\t\t\t\t\t\t<div class=\"elementor-element elementor-element-44f1250 elementor-widget elementor-widget-text-editor\" data-id=\"44f1250\" data-element_type=\"widget\" data-e-type=\"widget\" data-widget_type=\"text-editor.default\">\n\t\t\t\t<div class=\"elementor-widget-container\">\n\t\t\t\t\t\t\t\t\t<h4 class=\"wp-block-table\"><strong>Orden del dia<\/strong><\/h4>\n<h4><strong><!-- \/wp:table --><!-- wp:heading {\"level\":3} --><!-- \/wp:heading --><!-- wp:heading {\"level\":4} --><\/strong><\/h4>\n<h4><strong>Documentos<\/strong><\/h4>\n<!-- \/wp:heading --><!-- wp:table -->\n<figure class=\"wp-block-table\">\n<table>\n<tbody>\n<tr>\n<td><a href=\"http:\/\/www.secretariasenado.gov.co\/orden-del-dia-senado\/7063-orden-del-dia-30-de-marzo-2022\/file\"><em>pdf<\/em><\/a><a href=\"http:\/\/www.secretariasenado.gov.co\/orden-del-dia-senado\/7063-orden-del-dia-30-de-marzo-2022\/file\">ORDEN DEL DIA 30 DE MARZO 2022\u00a0( pdf, 173 KB )\u00a0<\/a>(287 descargas)\u00a0<strong>Nuevo<\/strong>\u00a0<strong>Popular<\/strong><\/td>\n<td>29 Mar 2022<\/td>\n<\/tr>\n<tr>\n<td><a href=\"http:\/\/www.secretariasenado.gov.co\/orden-del-dia-senado\/7062-comunicado-plenaria-29-de-marzo-2022\/file\"><em>pdf<\/em><\/a><a href=\"http:\/\/www.secretariasenado.gov.co\/orden-del-dia-senado\/7062-comunicado-plenaria-29-de-marzo-2022\/file\">COMUNICADO PLENARIA 29 DE MARZO 2022\u00a0( pdf, 403 KB )\u00a0<\/a>(147 descargas)\u00a0<strong>Nuevo<\/strong>\u00a0<strong>Popular<\/strong><\/td>\n<td>28 Mar 2022<\/td>\n<\/tr>\n<tr>\n<td><a href=\"http:\/\/www.secretariasenado.gov.co\/orden-del-dia-senado\/7060-orden-del-dia-29-marzo-de-2022-1\/file\"><em>pdf<\/em><\/a><a href=\"http:\/\/www.secretariasenado.gov.co\/orden-del-dia-senado\/7060-orden-del-dia-29-marzo-de-2022-1\/file\">ORDEN DEL DIA 29 MARZO DE 2022\u00a0( pdf, 299 KB )\u00a0<\/a>(335 descargas)\u00a0<strong>Nuevo<\/strong>\u00a0<strong>Popular<\/strong><\/td>\n<td>26 Mar 2022<\/td>\n<\/tr>\n<tr>\n<td><a href=\"http:\/\/www.secretariasenado.gov.co\/orden-del-dia-senado\/7034-orden-del-dia-22-marzo-de-2022\/file\"><em>pdf<\/em><\/a><a href=\"http:\/\/www.secretariasenado.gov.co\/orden-del-dia-senado\/7034-orden-del-dia-22-marzo-de-2022\/file\">ORDEN DEL DIA 22 MARZO DE 2022\u00a0( pdf, 195 KB )\u00a0<\/a>(460 descargas)\u00a0<strong>Popular<\/strong><\/td>\n<td>17 Mar 2022<\/td>\n<\/tr>\n<tr>\n<td><a href=\"http:\/\/www.secretariasenado.gov.co\/orden-del-dia-senado\/7033-comunicado-aplazamiento-plenaria-16-de-marzo-de-2022\/file\"><em>pdf<\/em><\/a><a href=\"http:\/\/www.secretariasenado.gov.co\/orden-del-dia-senado\/7033-comunicado-aplazamiento-plenaria-16-de-marzo-de-2022\/file\">COMUNICADO APLAZAMIENTO PLENARIA 16 DE MARZO DE 2022\u00a0( pdf, 404 KB )\u00a0<\/a>(129 descargas)\u00a0<strong>Popular<\/strong><\/td>\n<td>16 Mar 2022<\/td>\n<\/tr>\n<tr>\n<td><a href=\"http:\/\/www.secretariasenado.gov.co\/orden-del-dia-senado\/7032-comunicado-hora-plenaria-16-de-marzo-2022\/file\"><em>pdf<\/em><\/a><a href=\"http:\/\/www.secretariasenado.gov.co\/orden-del-dia-senado\/7032-comunicado-hora-plenaria-16-de-marzo-2022\/file\">COMUNICADO HORA PLENARIA 16 de marzo 2022\u00a0( pdf, 403 KB )\u00a0<\/a>(98 descargas)<\/td>\n<td>16 Mar 2022<\/td>\n<\/tr>\n<tr>\n<td><a href=\"http:\/\/www.secretariasenado.gov.co\/orden-del-dia-senado\/7030-orden-del-dia-16-marzo-de-2022\/file\"><em>pdf<\/em><\/a><a href=\"http:\/\/www.secretariasenado.gov.co\/orden-del-dia-senado\/7030-orden-del-dia-16-marzo-de-2022\/file\">ORDEN DEL DIA 16 MARZO DE 2022\u00a0( pdf, 51 KB )\u00a0<\/a>(388 descargas)\u00a0<strong>Popular<\/strong><\/td>\n<td>13 Mar 2022<\/td>\n<\/tr>\n<tr>\n<td><a href=\"http:\/\/www.secretariasenado.gov.co\/orden-del-dia-senado\/6978-orden-del-di-a-extras-22-de-diciembre-2021\/file\"><em>pdf<\/em><\/a><a href=\"http:\/\/www.secretariasenado.gov.co\/orden-del-dia-senado\/6978-orden-del-di-a-extras-22-de-diciembre-2021\/file\">ORDEN DEL D\u00cdA EXTRAS 22 DE DICIEMBRE 2021\u00a0( pdf, 232 KB )\u00a0<\/a>(538 descargas)\u00a0<strong>Popular<\/strong><\/td>\n<td>22 Dic 2021<\/td>\n<\/tr>\n<tr>\n<td><a href=\"http:\/\/www.secretariasenado.gov.co\/orden-del-dia-senado\/6970-comunicado-plenaria-21-de-diciembre-2021\/file\"><em>pdf<\/em><\/a><a href=\"http:\/\/www.secretariasenado.gov.co\/orden-del-dia-senado\/6970-comunicado-plenaria-21-de-diciembre-2021\/file\">COMUNICADO PLENARIA 21 DE DICIEMBRE 2021\u00a0( pdf, 408 KB )\u00a0<\/a>(408 descargas)\u00a0<strong>Popular<\/strong><\/td>\n<td>21 Dic 2021<\/td>\n<\/tr>\n<tr>\n<td><a href=\"http:\/\/www.secretariasenado.gov.co\/orden-del-dia-senado\/6969-orden-del-dia-extras-21-de-diciembre-2021\/file\"><em>pdf<\/em><\/a><a href=\"http:\/\/www.secretariasenado.gov.co\/orden-del-dia-senado\/6969-orden-del-dia-extras-21-de-diciembre-2021\/file\">ORDEN DEL DIA EXTRAS 21 DE DICIEMBRE 2021\u00a0( pdf, 415 KB )\u00a0<\/a>(409 descargas)\u00a0<strong>Popular<\/strong><\/td>\n<td>21 Dic 2021<\/td>\n<\/tr>\n<tr>\n<td><a href=\"http:\/\/www.secretariasenado.gov.co\/orden-del-dia-senado\/6905-comunicado-plenaria-20-de-diciembre-2021\/file\"><em>pdf<\/em><\/a><a href=\"http:\/\/www.secretariasenado.gov.co\/orden-del-dia-senado\/6905-comunicado-plenaria-20-de-diciembre-2021\/file\">COMUNICADO PLENARIA 20 DE DICIEMBRE 2021\u00a0( pdf, 405 KB )\u00a0<\/a>(234 descargas)\u00a0<strong>Popular<\/strong><\/td>\n<td>20 Dic 2021<\/td>\n<\/tr>\n<tr>\n<td><a href=\"http:\/\/www.secretariasenado.gov.co\/orden-del-dia-senado\/6904-orden-del-di-a-extras-20-de-diciembre-2021\/file\"><em>pdf<\/em><\/a><a href=\"http:\/\/www.secretariasenado.gov.co\/orden-del-dia-senado\/6904-orden-del-di-a-extras-20-de-diciembre-2021\/file\">ORDEN DEL D\u00cdA EXTRAS 20 DE DICIEMBRE 2021\u00a0( pdf, 420 KB )\u00a0<\/a>(466 descargas)\u00a0<strong>Popular<\/strong><\/td>\n<td>19 Dic 2021<\/td>\n<\/tr>\n<tr>\n<td><a href=\"http:\/\/www.secretariasenado.gov.co\/orden-del-dia-senado\/6903-orden-del-di-a-extras-19-de-diciembre-2021\/file\"><em>pdf<\/em><\/a><a href=\"http:\/\/www.secretariasenado.gov.co\/orden-del-dia-senado\/6903-orden-del-di-a-extras-19-de-diciembre-2021\/file\">ORDEN DEL D\u00cdA EXTRAS 19 DE DICIEMBRE 2021\u00a0( pdf, 128 KB )\u00a0<\/a>(335 descargas)\u00a0<strong>Popular<\/strong><\/td>\n<td>19 Dic 2021<\/td>\n<\/tr>\n<tr>\n<td><a href=\"http:\/\/www.secretariasenado.gov.co\/orden-del-dia-senado\/6831-orden-del-dia-16-de-diciembre-2021\/file\"><em>pdf<\/em><\/a><a href=\"http:\/\/www.secretariasenado.gov.co\/orden-del-dia-senado\/6831-orden-del-dia-16-de-diciembre-2021\/file\">ORDEN DEL DIA 16 DE DICIEMBRE 2021\u00a0( pdf, 392 KB )\u00a0<\/a>(884 descargas)\u00a0<strong>Popular<\/strong><\/td>\n<td>16 Dic 2021<\/td>\n<\/tr>\n<tr>\n<td><a href=\"http:\/\/www.secretariasenado.gov.co\/orden-del-dia-senado\/6775-orden-del-dia-15-de-diciembre-2021\/file\"><em>pdf<\/em><\/a><a href=\"http:\/\/www.secretariasenado.gov.co\/orden-del-dia-senado\/6775-orden-del-dia-15-de-diciembre-2021\/file\">ORDEN DEL DIA 15 DE DICIEMBRE 2021\u00a0( pdf, 379 KB )\u00a0<\/a>(704 descargas)\u00a0<strong>Popular<\/strong><\/td>\n<td>14 Dic 2021<\/td>\n<\/tr>\n<tr>\n<td><a href=\"http:\/\/www.secretariasenado.gov.co\/orden-del-dia-senado\/6747-convocatoria-congreso-pleno\/file\"><em>pdf<\/em><\/a><a href=\"http:\/\/www.secretariasenado.gov.co\/orden-del-dia-senado\/6747-convocatoria-congreso-pleno\/file\">CONVOCATORIA CONGRESO PLENO\u00a0( pdf, 19 KB )\u00a0<\/a>(379 descargas)\u00a0<strong>Popular<\/strong><\/td>\n<td>14 Dic 2021<\/td>\n<\/tr>\n<tr>\n<td><a href=\"http:\/\/www.secretariasenado.gov.co\/orden-del-dia-senado\/6670-orden-del-dia-14-de-diciembre-2021\/file\"><em>pdf<\/em><\/a><a href=\"http:\/\/www.secretariasenado.gov.co\/orden-del-dia-senado\/6670-orden-del-dia-14-de-diciembre-2021\/file\">ORDEN DEL DIA 14 DE DICIEMBRE 2021\u00a0( pdf, 329 KB )\u00a0<\/a>(744 descargas)\u00a0<strong>Popular<\/strong><\/td>\n<td>14 Dic 2021<\/td>\n<\/tr>\n<tr>\n<td><a href=\"http:\/\/www.secretariasenado.gov.co\/orden-del-dia-senado\/6774-orden-c-pleno-senado-15-de-diciembre-2021\/file\"><em>pdf<\/em><\/a><a href=\"http:\/\/www.secretariasenado.gov.co\/orden-del-dia-senado\/6774-orden-c-pleno-senado-15-de-diciembre-2021\/file\">ORDEN C PLENO SENADO 15 DE DICIEMBRE 2021\u00a0( pdf, 32 KB )\u00a0<\/a>(364 descargas)\u00a0<strong>Popular<\/strong><\/td>\n<td>14 Dic 2021<\/td>\n<\/tr>\n<tr>\n<td><a href=\"http:\/\/www.secretariasenado.gov.co\/orden-del-dia-senado\/6618-comunicado-plenaria-13-de-diciembre-2021\/file\"><em>pdf<\/em><\/a><a href=\"http:\/\/www.secretariasenado.gov.co\/orden-del-dia-senado\/6618-comunicado-plenaria-13-de-diciembre-2021\/file\">COMUNICADO PLENARIA 13 DE DICIEMBRE 2021\u00a0( pdf, 16 KB )\u00a0<\/a>(372 descargas)\u00a0<strong>Popular<\/strong><\/td>\n<td>13 Dic 2021<\/td>\n<\/tr>\n<tr>\n<td><a href=\"http:\/\/www.secretariasenado.gov.co\/orden-del-dia-senado\/6617-orden-del-dia-13-de-diciembre-2021\/file\"><em>pdf<\/em><\/a><a href=\"http:\/\/www.secretariasenado.gov.co\/orden-del-dia-senado\/6617-orden-del-dia-13-de-diciembre-2021\/file\">ORDEN DEL DIA 13 DE DICIEMBRE 2021\u00a0( pdf, 307 KB )\u00a0<\/a>(752 descargas)\u00a0<strong>Popular<\/strong><\/td>\n<\/tr>\n<\/tbody>\n<\/table>\n<\/figure>\n<!-- \/wp:table --><!-- wp:heading -->\n<h2>Convocatoria para elegir al Contralor general de la Rep\u00fablica para el periodo 2022-2026<\/h2>\n<!-- \/wp:heading --><!-- wp:list -->\n<ul>\n<li><strong><a href=\"https:\/\/senado.gov.co\/images\/Anuncios\/2022\/Resolucio%CC%81n_001-2022.pdf\" target=\"_blank\" rel=\"noreferrer noopener\">Resoluci\u00f3n 001-2022<\/a>\u00a0<\/strong>(Fecha de publicaci\u00f3n: 18 de enero)<\/li>\n<li><strong><a href=\"https:\/\/senado.gov.co\/images\/Anuncios\/2022\/Formulario_de_Inscripcio%CC%81n.pdf\" target=\"_blank\" rel=\"noreferrer noopener\">Formulario de inscripci\u00f3n<\/a>\u00a0<\/strong>(Fecha de publicaci\u00f3n: 18 de enero)<\/li>\n<li><strong><a href=\"https:\/\/senado.gov.co\/images\/Archivospdf\/Acta_03_de_02_del_2022-aspirantes.pdf\" target=\"_blank\" rel=\"noreferrer noopener\">Listado aspirantes inscritos<\/a><\/strong><\/li>\n<li><strong><a href=\"https:\/\/senado.gov.co\/images\/Archivospdf\/HABILITADOS.pdf\" target=\"_blank\" rel=\"noreferrer noopener\">Listado aspirantes habilitados<\/a>\u00a0<\/strong>(Fecha de publicaci\u00f3n: 08 de febrero)<\/li>\n<li><strong><a href=\"https:\/\/senado.gov.co\/images\/Archivospdf\/Resolucio%CC%81n_Modificatoria_003_-.pdf\" target=\"_blank\" rel=\"noreferrer noopener\">Resoluci\u00f3n No. 003 del 8 de febrero de 2022<\/a>\u00a0&#8211; Por medio de la cual se modifica la Resoluci\u00f3n No. 001 del 17 de enero de 2022<\/strong><\/li>\n<li><strong><a href=\"https:\/\/senado.gov.co\/images\/Archivospdf\/Listado_Habilitados.pdf\" target=\"_blank\" rel=\"noreferrer noopener\">Listado habilitados<\/a>\u00a0<\/strong>(Fecha de publicaci\u00f3n: 15 de febrero)<\/li>\n<li><strong><a href=\"https:\/\/senado.gov.co\/images\/Archivospdf\/EXTEMPORANEOS-1.pdf\" target=\"_blank\" rel=\"noreferrer noopener\">Aspirantes que radicaron los documentos soporte de la hoja de vida de manera extempor\u00e1nea<\/a>\u00a0<\/strong>(Fecha de publicaci\u00f3n: 15 de febrero)<\/li>\n<li><strong><a href=\"https:\/\/senado.gov.co\/images\/Archivospdf\/RESOLUCION_002_DE_2022.pdf\" target=\"_blank\" rel=\"noreferrer noopener\">Resoluci\u00f3n 002 de 2022<\/a>\u00a0<\/strong>(Fecha de publicaci\u00f3n: 17 de febrero)<\/li>\n<li><strong><a href=\"https:\/\/senado.gov.co\/images\/Archivospdf\/Informaci%C3%B3n_citaci%C3%B3n_-_UIS.pdf\" target=\"_blank\" rel=\"noreferrer noopener\">Informaci\u00f3n citaci\u00f3n &#8211; UIS<\/a><\/strong>\u00a0(Fecha de publicaci\u00f3n: 17 de febrero)<\/li>\n<li><strong><a href=\"https:\/\/senado.gov.co\/images\/Archivospdf\/INFORMACI%C3%93N_DIRIGIDA_A_LOS_PARTICIPANTES.pdf\" target=\"_blank\" rel=\"noreferrer noopener\">Informaci\u00f3n dirigida a los participantes<\/a><\/strong>\u00a0(Fecha de publicaci\u00f3n: 17 de febrero)<\/li>\n<li><a href=\"https:\/\/senado.gov.co\/images\/Archivospdf\/1.1._Comunicacio%CC%81n_Mesa_Directiva_-_aprobados_2-03-22.pdf\" target=\"_blank\" rel=\"noreferrer noopener\"><strong>Resultados Prueba de Conocimiento<\/strong><\/a>\u00a0(Fecha de publicaci\u00f3n: 02 de marzo)<\/li>\n<li><strong><a href=\"https:\/\/senado.gov.co\/images\/Archivospdf\/1._Comunicaci%C3%B3n_Supervisi%C3%B3n_-_Revisi%C3%B3n_pruebas.pdf\" target=\"_blank\" rel=\"noreferrer noopener\">Procedimiento para atenci\u00f3n de reclamaciones de acceso a prueba a conocimientos<\/a><\/strong>\u00a0(Fecha de publicaci\u00f3n: 04 de marzo)<\/li>\n<li><strong><a href=\"https:\/\/senado.gov.co\/images\/Archivospdf\/1.2._Comunicaci%C3%B3n_Supervisi%C3%B3n_-_Informe_de_atenci%C3%B2n_a_la_revisi%C3%B3n_de_pruebas.pdf\" target=\"_blank\" rel=\"noreferrer noopener\">1.2 Comunicaci\u00f3n Supervisi\u00f3n &#8211; Informe de atenci\u00f2n a la revisi\u00f3n de pruebas<\/a><\/strong>\u00a0(Fecha de publicaci\u00f3n: 07 de marzo)<\/li>\n<li><strong><a href=\"https:\/\/senado.gov.co\/images\/Archivospdf\/1.2.1._Anexo_Comunicaci%C3%B3n_Supervisi%C3%B3n.pdf\" target=\"_blank\" rel=\"noreferrer noopener\">1.2.1. Anexo Comunicaci\u00f3n Supervisi\u00f3n<\/a><\/strong>\u00a0(Fecha de publicaci\u00f3n: 07 de marzo)<\/li>\n<li><strong><a href=\"https:\/\/senado.gov.co\/images\/Archivospdf\/1.2.2._Anexo_Comunicaci%C3%B3n_Supervisi%C3%B3n.pdf\" target=\"_blank\" rel=\"noreferrer noopener\">1.2.2. Anexo Comunicaci\u00f3n Supervisi\u00f3n<\/a><\/strong>\u00a0(Fecha de publicaci\u00f3n: 07 de marzo)<\/li>\n<li><strong><a href=\"https:\/\/senado.gov.co\/images\/Archivospdf\/2.1._Comunicaci%C3%B3n_Mesa_Directiva_-_aprobados.pdf\" target=\"_blank\" rel=\"noreferrer noopener\">2.1. Comunicaci\u00f3n Mesa Directiva &#8211; Lista definitiva de los resultados de la prueba de conocimientos<\/a><\/strong>\u00a0(Fecha de publicaci\u00f3n: 07 de marzo)<\/li>\n<li><strong><a href=\"https:\/\/senado.gov.co\/images\/Archivospdf\/3.1._Comunicaci%C3%B3n_Mesa_Directiva.pdf\" target=\"_blank\" rel=\"noreferrer noopener\">3.1. Comunicaci\u00f3n Mesa Directiva &#8211; Lista de habilitados con evaluaci\u00f3n de hojas de vida<\/a><\/strong>\u00a0(Fecha de publicaci\u00f3n: 09 de marzo)<\/li>\n<li><strong><a href=\"https:\/\/senado.gov.co\/images\/Archivospdf\/Comunicacio%CC%81n_Mesa_Directiva_con_Nota.pdf\" target=\"_blank\" rel=\"noreferrer noopener\">Comunicaci\u00f3n Secretario General con nota &#8211;\u00a0Lista de habilitados con evaluaci\u00f3n de hojas de vida<\/a><\/strong>\u00a0(Fecha de publicaci\u00f3n: 09 de marzo)<\/li>\n<li><strong><a href=\"https:\/\/senado.gov.co\/images\/Archivospdf\/4.1._Comunicaci%C3%B3n_Mesa_Directiva_14_-_3_-_22.pdf\" target=\"_blank\" rel=\"noreferrer noopener\">4.1. Lista definitiva de habilitados con evaluaci\u00f3n de hojas de vida<\/a><\/strong>\u00a0(Fecha de publicaci\u00f3n: 14 de marzo)<\/li>\n<li><strong><a href=\"https:\/\/senado.gov.co\/images\/Archivospdf\/Res_0635_de_2022_-Comisi%C3%B3n_Accidental.pdf\" target=\"_blank\" rel=\"noreferrer noopener\">Resoluci\u00f3n No. 0635 \u00abPOR LA CUAL SE DESIGNA LA COMISI\u00d3N ACCIDENTAL PARA DEFINIR LA LISTA DE ELEGIBLES EN LA CONVOCATORIA P\u00daBLICA PARA ELEGIR AL CONTRALOR GENERAL DE LA REP\u00daBLICA PARA EL PERIODO 2022\/2026\u00bb<\/a><\/strong>\u00a0(Fecha de publicaci\u00f3n: 24 de marzo)<\/li>\n<li><strong><a href=\"https:\/\/senado.gov.co\/images\/Archivospdf\/Resolucio%CC%81n_Comisio%CC%81n_Accidental-1.pdf\" target=\"_blank\" rel=\"noreferrer noopener\">Resoluci\u00f3n No. 006 del 29 de marzo de 2022 \u00abPOR LA CUAL SE DESIGNA UNA COMISION ACCIDENTAL\u00bb<\/a><\/strong>\u00a0(Fecha de publicaci\u00f3n: 30 de marzo)<\/li>\n<\/ul>\n<!-- \/wp:list -->\t\t\t\t\t\t\t\t<\/div>\n\t\t\t\t<\/div>\n\t\t\t\t\t<\/div>\n\t\t<\/div>\n\t\t\t\t\t<\/div>\n\t\t<\/section>\n\t\t\t\t<\/div>\n\t\t","protected":false},"excerpt":{"rendered":"<p>FUNCIONES SECRETAR\u00cdA GENERAL: La Secretar\u00eda General del Senado ejercer\u00e1 por intermedio del Secretario General, adem\u00e1s de las funciones establecidas en el Reglamento Interno del Congreso, las siguientes: Asistir a las&hellip; <\/p>\n","protected":false},"author":2,"featured_media":1202,"comment_status":"closed","ping_status":"open","sticky":false,"template":"","format":"standard","meta":{"footnotes":""},"categories":[45],"tags":[],"class_list":["post-13","post","type-post","status-publish","format-standard","has-post-thumbnail","hentry","category-congreso"],"yoast_head":"<!-- This site is optimized with the Yoast SEO plugin v27.3 - https:\/\/yoast.com\/product\/yoast-seo-wordpress\/ -->\n<title>SECRETARIA GENERAL - Revista Congreso Digital<\/title>\n<meta name=\"robots\" content=\"index, follow, max-snippet:-1, max-image-preview:large, max-video-preview:-1\" \/>\n<link rel=\"canonical\" href=\"https:\/\/revistacongresodigital.com\/?p=13\" \/>\n<meta property=\"og:locale\" content=\"es_ES\" \/>\n<meta property=\"og:type\" content=\"article\" \/>\n<meta property=\"og:title\" content=\"SECRETARIA GENERAL - Revista Congreso Digital\" \/>\n<meta property=\"og:description\" content=\"FUNCIONES SECRETAR\u00cdA GENERAL: La Secretar\u00eda General del Senado ejercer\u00e1 por intermedio del Secretario General, adem\u00e1s de las funciones establecidas en el Reglamento Interno del Congreso, las siguientes: Asistir a las&hellip;\" \/>\n<meta property=\"og:url\" content=\"https:\/\/revistacongresodigital.com\/?p=13\" \/>\n<meta property=\"og:site_name\" content=\"Revista Congreso Digital\" \/>\n<meta property=\"article:published_time\" content=\"2022-02-14T09:23:57+00:00\" \/>\n<meta property=\"article:modified_time\" content=\"2022-04-12T22:01:58+00:00\" \/>\n<meta property=\"og:image\" content=\"https:\/\/revistacongresodigital.com\/wp-content\/uploads\/2015\/01\/images.jpg\" \/>\n\t<meta property=\"og:image:width\" content=\"300\" \/>\n\t<meta property=\"og:image:height\" content=\"168\" \/>\n\t<meta property=\"og:image:type\" content=\"image\/jpeg\" \/>\n<meta name=\"author\" content=\"Paola Pardo\" \/>\n<meta name=\"twitter:card\" content=\"summary_large_image\" \/>\n<meta name=\"twitter:label1\" content=\"Escrito por\" \/>\n\t<meta name=\"twitter:data1\" content=\"Paola Pardo\" \/>\n\t<meta name=\"twitter:label2\" content=\"Tiempo de lectura\" \/>\n\t<meta name=\"twitter:data2\" content=\"5 minutos\" \/>\n<script type=\"application\/ld+json\" class=\"yoast-schema-graph\">{\"@context\":\"https:\\\/\\\/schema.org\",\"@graph\":[{\"@type\":\"Article\",\"@id\":\"https:\\\/\\\/revistacongresodigital.com\\\/?p=13#article\",\"isPartOf\":{\"@id\":\"https:\\\/\\\/revistacongresodigital.com\\\/?p=13\"},\"author\":{\"name\":\"Paola Pardo\",\"@id\":\"https:\\\/\\\/www.revistacongresodigital.com\\\/#\\\/schema\\\/person\\\/48fdd26fc226b8cbb305dd638a8e6723\"},\"headline\":\"SECRETARIA GENERAL\",\"datePublished\":\"2022-02-14T09:23:57+00:00\",\"dateModified\":\"2022-04-12T22:01:58+00:00\",\"mainEntityOfPage\":{\"@id\":\"https:\\\/\\\/revistacongresodigital.com\\\/?p=13\"},\"wordCount\":1092,\"publisher\":{\"@id\":\"https:\\\/\\\/www.revistacongresodigital.com\\\/#organization\"},\"image\":{\"@id\":\"https:\\\/\\\/revistacongresodigital.com\\\/?p=13#primaryimage\"},\"thumbnailUrl\":\"https:\\\/\\\/revistacongresodigital.com\\\/wp-content\\\/uploads\\\/2015\\\/01\\\/images.jpg\",\"articleSection\":[\"CONGRESO\"],\"inLanguage\":\"es\"},{\"@type\":\"WebPage\",\"@id\":\"https:\\\/\\\/revistacongresodigital.com\\\/?p=13\",\"url\":\"https:\\\/\\\/revistacongresodigital.com\\\/?p=13\",\"name\":\"SECRETARIA GENERAL - Revista Congreso Digital\",\"isPartOf\":{\"@id\":\"https:\\\/\\\/www.revistacongresodigital.com\\\/#website\"},\"primaryImageOfPage\":{\"@id\":\"https:\\\/\\\/revistacongresodigital.com\\\/?p=13#primaryimage\"},\"image\":{\"@id\":\"https:\\\/\\\/revistacongresodigital.com\\\/?p=13#primaryimage\"},\"thumbnailUrl\":\"https:\\\/\\\/revistacongresodigital.com\\\/wp-content\\\/uploads\\\/2015\\\/01\\\/images.jpg\",\"datePublished\":\"2022-02-14T09:23:57+00:00\",\"dateModified\":\"2022-04-12T22:01:58+00:00\",\"breadcrumb\":{\"@id\":\"https:\\\/\\\/revistacongresodigital.com\\\/?p=13#breadcrumb\"},\"inLanguage\":\"es\",\"potentialAction\":[{\"@type\":\"ReadAction\",\"target\":[\"https:\\\/\\\/revistacongresodigital.com\\\/?p=13\"]}]},{\"@type\":\"ImageObject\",\"inLanguage\":\"es\",\"@id\":\"https:\\\/\\\/revistacongresodigital.com\\\/?p=13#primaryimage\",\"url\":\"https:\\\/\\\/revistacongresodigital.com\\\/wp-content\\\/uploads\\\/2015\\\/01\\\/images.jpg\",\"contentUrl\":\"https:\\\/\\\/revistacongresodigital.com\\\/wp-content\\\/uploads\\\/2015\\\/01\\\/images.jpg\",\"width\":300,\"height\":168},{\"@type\":\"BreadcrumbList\",\"@id\":\"https:\\\/\\\/revistacongresodigital.com\\\/?p=13#breadcrumb\",\"itemListElement\":[{\"@type\":\"ListItem\",\"position\":1,\"name\":\"Portada\",\"item\":\"https:\\\/\\\/www.revistacongresodigital.com\\\/\"},{\"@type\":\"ListItem\",\"position\":2,\"name\":\"SECRETARIA GENERAL\"}]},{\"@type\":\"WebSite\",\"@id\":\"https:\\\/\\\/www.revistacongresodigital.com\\\/#website\",\"url\":\"https:\\\/\\\/www.revistacongresodigital.com\\\/\",\"name\":\"Revista Congreso Digital\",\"description\":\"Revista Congreso Digital\",\"publisher\":{\"@id\":\"https:\\\/\\\/www.revistacongresodigital.com\\\/#organization\"},\"potentialAction\":[{\"@type\":\"SearchAction\",\"target\":{\"@type\":\"EntryPoint\",\"urlTemplate\":\"https:\\\/\\\/www.revistacongresodigital.com\\\/?s={search_term_string}\"},\"query-input\":{\"@type\":\"PropertyValueSpecification\",\"valueRequired\":true,\"valueName\":\"search_term_string\"}}],\"inLanguage\":\"es\"},{\"@type\":\"Organization\",\"@id\":\"https:\\\/\\\/www.revistacongresodigital.com\\\/#organization\",\"name\":\"Revista Congreso Digital\",\"url\":\"https:\\\/\\\/www.revistacongresodigital.com\\\/\",\"logo\":{\"@type\":\"ImageObject\",\"inLanguage\":\"es\",\"@id\":\"https:\\\/\\\/www.revistacongresodigital.com\\\/#\\\/schema\\\/logo\\\/image\\\/\",\"url\":\"https:\\\/\\\/revistacongresodigital.com\\\/wp-content\\\/uploads\\\/2022\\\/03\\\/cropped-FIRMA-JP-e1648679804884.png\",\"contentUrl\":\"https:\\\/\\\/revistacongresodigital.com\\\/wp-content\\\/uploads\\\/2022\\\/03\\\/cropped-FIRMA-JP-e1648679804884.png\",\"width\":512,\"height\":512,\"caption\":\"Revista Congreso Digital\"},\"image\":{\"@id\":\"https:\\\/\\\/www.revistacongresodigital.com\\\/#\\\/schema\\\/logo\\\/image\\\/\"}},{\"@type\":\"Person\",\"@id\":\"https:\\\/\\\/www.revistacongresodigital.com\\\/#\\\/schema\\\/person\\\/48fdd26fc226b8cbb305dd638a8e6723\",\"name\":\"Paola Pardo\",\"image\":{\"@type\":\"ImageObject\",\"inLanguage\":\"es\",\"@id\":\"https:\\\/\\\/revistacongresodigital.com\\\/wp-content\\\/litespeed\\\/avatar\\\/f533aab78141e009c40006efb62d3767.jpg?ver=1777169215\",\"url\":\"https:\\\/\\\/revistacongresodigital.com\\\/wp-content\\\/litespeed\\\/avatar\\\/f533aab78141e009c40006efb62d3767.jpg?ver=1777169215\",\"contentUrl\":\"https:\\\/\\\/revistacongresodigital.com\\\/wp-content\\\/litespeed\\\/avatar\\\/f533aab78141e009c40006efb62d3767.jpg?ver=1777169215\",\"caption\":\"Paola Pardo\"},\"url\":\"https:\\\/\\\/revistacongresodigital.com\\\/?author=2\"}]}<\/script>\n<!-- \/ Yoast SEO plugin. -->","yoast_head_json":{"title":"SECRETARIA GENERAL - Revista Congreso Digital","robots":{"index":"index","follow":"follow","max-snippet":"max-snippet:-1","max-image-preview":"max-image-preview:large","max-video-preview":"max-video-preview:-1"},"canonical":"https:\/\/revistacongresodigital.com\/?p=13","og_locale":"es_ES","og_type":"article","og_title":"SECRETARIA GENERAL - Revista Congreso Digital","og_description":"FUNCIONES SECRETAR\u00cdA GENERAL: La Secretar\u00eda General del Senado ejercer\u00e1 por intermedio del Secretario General, adem\u00e1s de las funciones establecidas en el Reglamento Interno del Congreso, las siguientes: Asistir a las&hellip;","og_url":"https:\/\/revistacongresodigital.com\/?p=13","og_site_name":"Revista Congreso Digital","article_published_time":"2022-02-14T09:23:57+00:00","article_modified_time":"2022-04-12T22:01:58+00:00","og_image":[{"width":300,"height":168,"url":"https:\/\/revistacongresodigital.com\/wp-content\/uploads\/2015\/01\/images.jpg","type":"image\/jpeg"}],"author":"Paola Pardo","twitter_card":"summary_large_image","twitter_misc":{"Escrito por":"Paola Pardo","Tiempo de lectura":"5 minutos"},"schema":{"@context":"https:\/\/schema.org","@graph":[{"@type":"Article","@id":"https:\/\/revistacongresodigital.com\/?p=13#article","isPartOf":{"@id":"https:\/\/revistacongresodigital.com\/?p=13"},"author":{"name":"Paola Pardo","@id":"https:\/\/www.revistacongresodigital.com\/#\/schema\/person\/48fdd26fc226b8cbb305dd638a8e6723"},"headline":"SECRETARIA GENERAL","datePublished":"2022-02-14T09:23:57+00:00","dateModified":"2022-04-12T22:01:58+00:00","mainEntityOfPage":{"@id":"https:\/\/revistacongresodigital.com\/?p=13"},"wordCount":1092,"publisher":{"@id":"https:\/\/www.revistacongresodigital.com\/#organization"},"image":{"@id":"https:\/\/revistacongresodigital.com\/?p=13#primaryimage"},"thumbnailUrl":"https:\/\/revistacongresodigital.com\/wp-content\/uploads\/2015\/01\/images.jpg","articleSection":["CONGRESO"],"inLanguage":"es"},{"@type":"WebPage","@id":"https:\/\/revistacongresodigital.com\/?p=13","url":"https:\/\/revistacongresodigital.com\/?p=13","name":"SECRETARIA GENERAL - Revista Congreso Digital","isPartOf":{"@id":"https:\/\/www.revistacongresodigital.com\/#website"},"primaryImageOfPage":{"@id":"https:\/\/revistacongresodigital.com\/?p=13#primaryimage"},"image":{"@id":"https:\/\/revistacongresodigital.com\/?p=13#primaryimage"},"thumbnailUrl":"https:\/\/revistacongresodigital.com\/wp-content\/uploads\/2015\/01\/images.jpg","datePublished":"2022-02-14T09:23:57+00:00","dateModified":"2022-04-12T22:01:58+00:00","breadcrumb":{"@id":"https:\/\/revistacongresodigital.com\/?p=13#breadcrumb"},"inLanguage":"es","potentialAction":[{"@type":"ReadAction","target":["https:\/\/revistacongresodigital.com\/?p=13"]}]},{"@type":"ImageObject","inLanguage":"es","@id":"https:\/\/revistacongresodigital.com\/?p=13#primaryimage","url":"https:\/\/revistacongresodigital.com\/wp-content\/uploads\/2015\/01\/images.jpg","contentUrl":"https:\/\/revistacongresodigital.com\/wp-content\/uploads\/2015\/01\/images.jpg","width":300,"height":168},{"@type":"BreadcrumbList","@id":"https:\/\/revistacongresodigital.com\/?p=13#breadcrumb","itemListElement":[{"@type":"ListItem","position":1,"name":"Portada","item":"https:\/\/www.revistacongresodigital.com\/"},{"@type":"ListItem","position":2,"name":"SECRETARIA GENERAL"}]},{"@type":"WebSite","@id":"https:\/\/www.revistacongresodigital.com\/#website","url":"https:\/\/www.revistacongresodigital.com\/","name":"Revista Congreso Digital","description":"Revista Congreso Digital","publisher":{"@id":"https:\/\/www.revistacongresodigital.com\/#organization"},"potentialAction":[{"@type":"SearchAction","target":{"@type":"EntryPoint","urlTemplate":"https:\/\/www.revistacongresodigital.com\/?s={search_term_string}"},"query-input":{"@type":"PropertyValueSpecification","valueRequired":true,"valueName":"search_term_string"}}],"inLanguage":"es"},{"@type":"Organization","@id":"https:\/\/www.revistacongresodigital.com\/#organization","name":"Revista Congreso Digital","url":"https:\/\/www.revistacongresodigital.com\/","logo":{"@type":"ImageObject","inLanguage":"es","@id":"https:\/\/www.revistacongresodigital.com\/#\/schema\/logo\/image\/","url":"https:\/\/revistacongresodigital.com\/wp-content\/uploads\/2022\/03\/cropped-FIRMA-JP-e1648679804884.png","contentUrl":"https:\/\/revistacongresodigital.com\/wp-content\/uploads\/2022\/03\/cropped-FIRMA-JP-e1648679804884.png","width":512,"height":512,"caption":"Revista Congreso Digital"},"image":{"@id":"https:\/\/www.revistacongresodigital.com\/#\/schema\/logo\/image\/"}},{"@type":"Person","@id":"https:\/\/www.revistacongresodigital.com\/#\/schema\/person\/48fdd26fc226b8cbb305dd638a8e6723","name":"Paola Pardo","image":{"@type":"ImageObject","inLanguage":"es","@id":"https:\/\/revistacongresodigital.com\/wp-content\/litespeed\/avatar\/f533aab78141e009c40006efb62d3767.jpg?ver=1777169215","url":"https:\/\/revistacongresodigital.com\/wp-content\/litespeed\/avatar\/f533aab78141e009c40006efb62d3767.jpg?ver=1777169215","contentUrl":"https:\/\/revistacongresodigital.com\/wp-content\/litespeed\/avatar\/f533aab78141e009c40006efb62d3767.jpg?ver=1777169215","caption":"Paola Pardo"},"url":"https:\/\/revistacongresodigital.com\/?author=2"}]}},"_links":{"self":[{"href":"https:\/\/revistacongresodigital.com\/index.php?rest_route=\/wp\/v2\/posts\/13","targetHints":{"allow":["GET"]}}],"collection":[{"href":"https:\/\/revistacongresodigital.com\/index.php?rest_route=\/wp\/v2\/posts"}],"about":[{"href":"https:\/\/revistacongresodigital.com\/index.php?rest_route=\/wp\/v2\/types\/post"}],"author":[{"embeddable":true,"href":"https:\/\/revistacongresodigital.com\/index.php?rest_route=\/wp\/v2\/users\/2"}],"replies":[{"embeddable":true,"href":"https:\/\/revistacongresodigital.com\/index.php?rest_route=%2Fwp%2Fv2%2Fcomments&post=13"}],"version-history":[{"count":19,"href":"https:\/\/revistacongresodigital.com\/index.php?rest_route=\/wp\/v2\/posts\/13\/revisions"}],"predecessor-version":[{"id":1568,"href":"https:\/\/revistacongresodigital.com\/index.php?rest_route=\/wp\/v2\/posts\/13\/revisions\/1568"}],"wp:featuredmedia":[{"embeddable":true,"href":"https:\/\/revistacongresodigital.com\/index.php?rest_route=\/wp\/v2\/media\/1202"}],"wp:attachment":[{"href":"https:\/\/revistacongresodigital.com\/index.php?rest_route=%2Fwp%2Fv2%2Fmedia&parent=13"}],"wp:term":[{"taxonomy":"category","embeddable":true,"href":"https:\/\/revistacongresodigital.com\/index.php?rest_route=%2Fwp%2Fv2%2Fcategories&post=13"},{"taxonomy":"post_tag","embeddable":true,"href":"https:\/\/revistacongresodigital.com\/index.php?rest_route=%2Fwp%2Fv2%2Ftags&post=13"}],"curies":[{"name":"wp","href":"https:\/\/api.w.org\/{rel}","templated":true}]}}