{"id":11,"date":"2022-01-24T09:23:35","date_gmt":"2022-01-24T09:23:35","guid":{"rendered":"http:\/\/themes.tielabs.com\/sahifa5\/?p=11"},"modified":"2022-04-12T19:07:47","modified_gmt":"2022-04-12T19:07:47","slug":"used-car-dealer-sales-tricks-exposed","status":"publish","type":"post","link":"https:\/\/revistacongresodigital.com\/?p=11","title":{"rendered":"AREA ADMINISTRATIVA"},"content":{"rendered":"\t\t<div data-elementor-type=\"wp-post\" data-elementor-id=\"11\" class=\"elementor elementor-11\">\n\t\t\t\t\t\t<section class=\"elementor-section elementor-top-section elementor-element elementor-element-6ce50ab9 elementor-section-boxed elementor-section-height-default elementor-section-height-default\" data-id=\"6ce50ab9\" data-element_type=\"section\" data-e-type=\"section\">\n\t\t\t\t\t\t<div class=\"elementor-container elementor-column-gap-default\">\n\t\t\t\t\t<div class=\"elementor-column elementor-col-100 elementor-top-column elementor-element elementor-element-646d37bf\" data-id=\"646d37bf\" data-element_type=\"column\" data-e-type=\"column\">\n\t\t\t<div class=\"elementor-widget-wrap elementor-element-populated\">\n\t\t\t\t\t\t<div class=\"elementor-element elementor-element-7d7ddf3a elementor-widget elementor-widget-text-editor\" data-id=\"7d7ddf3a\" data-element_type=\"widget\" data-e-type=\"widget\" data-widget_type=\"text-editor.default\">\n\t\t\t\t<div class=\"elementor-widget-container\">\n\t\t\t\t\t\t\t\t\t\n<p><strong>Astrid Salamanca Rahin<\/strong><br>Directora General<\/p>\n\n\n\n<p>La Direcci\u00f3n General Administrativa es el \u00f3rgano encargado de la administraci\u00f3n de recursos de la entidad. En \u00e9ste sentido tenemos que nuestra Misi\u00f3n es&nbsp;<strong class=\"\">\u201cGARANTIZAR EL FUNCIONAMIENTO DEL SENADO\u201d<\/strong>, apoyando y asegurando de esa forma la continuidad de la labor legislativa.<\/p>\n\n\n\n<p>La Direcci\u00f3n General Administrativa es el \u00f3rgano encargado de la administraci\u00f3n de recursos de la entidad. En \u00e9ste sentido tenemos que nuestra Misi\u00f3n es&nbsp;<strong>\u201cGARANTIZAR EL FUNCIONAMIENTO DEL SENADO\u201d<\/strong>, apoyando y asegurando de esa forma la continuidad de la labor legislativa.<\/p>\n\n\n\n<p>Como Visi\u00f3n se ha establecido la siguiente para los pr\u00f3ximos 4 a\u00f1os:&nbsp;<strong>\u201cSISTEMA EFICAZ EN LA SATISFACCION DE LOS CLIENTES\u201d<\/strong>, lo cual implica tener procesos expeditos, claros, contundentes, especializados, concentrados en lo fundamental; en aquello que produzca valor, con funcionarios competentes y objetivos claros.<\/p>\n\n\n\n<p>La Direcci\u00f3n General Administrativa cuenta entre otras funciones las de nombramiento, promoci\u00f3n y remoci\u00f3n del personal de la Entidad al igual que esta facultado para conformar grupos de trabajo y comit\u00e9s para el adecuado funcionamiento administrativo de la corporaci\u00f3n.<br>Propone a la Comisi\u00f3n de Administraci\u00f3n los planes y programas de ejecuci\u00f3n administrativa como el plan estrat\u00e9gico y el presupuesto de la entidad, emite las resoluciones y dem\u00e1s actos administrativos.<\/p>\n\n\n\n<p>Es el ordenador el gasto por delegaci\u00f3n y es representante legal de la entidad para efectos administrativos, de acuerdo con la normatividad vigente y dem\u00e1s funciones que se establecieron en los art\u00edculos 371, 376, 377 y 378 de la Ley 5\u00aa de 1992.<\/p>\n\n\n\n<p><strong>Controla la Direcci\u00f3n General Administrativa (DGA)<\/strong><br>El Control y vigilancia de las actuaciones dispuestas por la Direcci\u00f3n General Administrativa se encuentra a cargo de la Comisi\u00f3n de Administraci\u00f3n, de conformidad con las atribuciones conferidas por el art\u00edculo 374 de la Ley 5\u00aa de 1992.<\/p>\n\n\n\n<p>La Mesa Directiva de la Corporaci\u00f3n, en calidad de \u00f3rgano de orientaci\u00f3n y direcci\u00f3n de la C\u00e1mara Alta, se\u00f1ala derroteros cuya observancia debe ser acatada por la Direcci\u00f3n General Administrativa, de conformidad con lo establecido en el art\u00edculo 41 del Reglamento Interno del Congreso.<\/p>\n\n\n\n<p>As\u00ed mismo la vigilan las Autoridades de Control, como son La Contralor\u00eda General de Rep\u00fablica y la Procuradur\u00eda General de la Naci\u00f3n.<\/p>\n\n\n\n<p><strong>Dependencias de la Direcci\u00f3n General Administrativa<\/strong><br>Dependen de la Direcci\u00f3n General las Divisiones de: Jur\u00eddica, Planeaci\u00f3n y Sistemas, Financiera y de Presupuesto, Bienes y Servicios, Recursos Humanos y sus respectivas Secciones y Unidades<\/p>\n\n\n\n<p><strong>Funciones<\/strong>:<br>La Direcci\u00f3n General Administrativa del Senado tiene las siguientes funciones:<\/p>\n\n\n\n<p>1. Administrar los recursos humanos, financieros, materiales y t\u00e9cnicos que requiera el Senado para su funcionamiento.<br>2. Celebrar los contratos que demande el buen funcionamiento del Senado.&nbsp;<br>3. Publicar la Gaceta del Congreso, los documentos que la Ley ordene y los dem\u00e1s que autorice la Mesa Directiva del Senado, los cuales podr\u00e1n ser contratados conforme a la Ley.<br>4. Autorizar el pago de los emolumentos y dem\u00e1s prestaciones econ\u00f3micas que establezca la Ley para los Senadores y los empleados del Senado.<br>5. Las dem\u00e1s que se determinen por Resoluci\u00f3n de la Comisi\u00f3n de Administraci\u00f3n.<\/p>\n\n\n\n<p><strong>Equipo de Trabajo<\/strong><\/p>\n\n\n\n<p>Ana Beatriz Vargas T. \/ Asistente Administrativo \/&nbsp;<a href=\"mailto:ana.vargas@senado.gov.co\">ana.vargas@senado.gov.co<\/a><\/p>\n\n\n\n<p>Jos\u00e9 Madera \/ Mensajero \/&nbsp;<a href=\"mailto:jose.madera@senado.gov.co\">jose.madera@senado.gov.co<\/a><\/p>\n\n\n\n<p><a href=\"https:\/\/senado.gov.co\/index.php\/el-senado\/area-administrativa\">Directorio \u00c1rea Administrativa<\/a><\/p>\n\n\n\n<p><strong>Ubicaci\u00f3n:<\/strong>&nbsp; Antigua Casa de la Cultura. Carrera 5 # 10-69<\/p>\n\n\n\n<p><strong>Tel\u00e9fonos:<\/strong>&nbsp;&nbsp;(57)(1) 382 4362 &#8211; (57)(1) 382 4353<\/p>\n\n\n\n<p><strong>E-mail:&nbsp;<\/strong><a href=\"mailto:direccion.administrativa@senado.gov.co\">direccion.administrativa@senado.gov.co<\/a><\/p>\n\n\n\n<p><a href=\"http:\/\/www.senado.gov.co\/images\/stories\/Dependencias\/DGA\/convocatoria_direccion.pdf\" target=\"_blank\" rel=\"noreferrer noopener\">Convocatoria p\u00fablica para la elecci\u00f3n del director general<\/a><\/p>\n\n\n\n<p><a href=\"http:\/\/www.senado.gov.co\/images\/stories\/Dependencias\/DGA\/acta_cierre.pdf\" target=\"_blank\" rel=\"noreferrer noopener\">Acta cierre convocatoria<\/a><\/p>\n\n\n\n<p><a rel=\"noreferrer noopener\" href=\"http:\/\/www.senado.gov.co\/images\/stories\/Dependencias\/DGA\/Listado.pdf\" target=\"_blank\">Listado admitidos<\/a><\/p>\n\n\n\n<h2 class=\"wp-block-heading\">Divisi\u00f3n de Planeaci\u00f3n y Sistemas<\/h2>\n\n\n\n<figure class=\"wp-block-image size-full\"><img fetchpriority=\"high\" decoding=\"async\" width=\"589\" height=\"334\" src=\"https:\/\/revistacongresodigital.com\/wp-content\/uploads\/2022\/03\/JEFEPLANEACION.jpg\" alt=\"\" class=\"wp-image-730\" srcset=\"https:\/\/revistacongresodigital.com\/wp-content\/uploads\/2022\/03\/JEFEPLANEACION.jpg 589w, https:\/\/revistacongresodigital.com\/wp-content\/uploads\/2022\/03\/JEFEPLANEACION-300x170.jpg 300w\" sizes=\"(max-width: 589px) 100vw, 589px\" \/><figcaption><strong>Diana Roc\u00edo Plata Arango<br><br>Jefe Divisi\u00f3n Planeaci\u00f3n y Sistemas<\/strong><\/figcaption><\/figure>\n\n\n\n<p><strong>Funciones<\/strong><\/p>\n\n\n\n<p>&#8211; Fijar pol\u00edticas y orientar al Senado en materia de inform\u00e1tica y proponer los planes y programas de sistematizaci\u00f3n y dem\u00e1s actividades tendientes a mejorar este servicio.<\/p>\n\n\n\n<p>&nbsp;&#8211; Analizar, coordinar, evaluar, y recibir sistemas de informaci\u00f3n que apoyen las funciones legislativas y administrativas del Senado y evaluar y mantener las aplicaciones de apoyo que se adquieran, contraten o desarrollen en el Senado.<\/p>\n\n\n\n<p>&#8211; Determinar y coordinar los mecanismos que permitan un soporte en el \u00e1rea de comunicaciones eficiente tanto a nivel interno, como en las redes de servicios inform\u00e1ticos nacionales e internacionales.<\/p>\n\n\n\n<p>&#8211; Ofrecer y dar soporte t\u00e9cnico de usuarios a todas las dependencias del Senado, reglamentar el acceso, manejo y uso de la informaci\u00f3n que se procese en las dependencias del Senado, y reglamentar los niveles de acceso a la Informaci\u00f3n de acuerdo con las necesidades de cada usuario.<\/p>\n\n\n\n<p>&#8211; Desarrollar e implementar normas de seguridad que garanticen la integridad de la informaci\u00f3n en todas las dependencias del Senado. Coordinar y monitorear la capacitaci\u00f3n de los usuarios en relaci\u00f3n a las aplicaciones que en determinado momento se adquieran.<\/p>\n\n\n\n<p>&#8211; Proponer planes estrat\u00e9gicos institucionales y de Sistemas, y una vez aprobados, coordinarlos y evaluarlos.<\/p>\n\n\n\n<p>&#8211; Adelantar los programas de desarrollo organizacional que se requieran para la racionalizaci\u00f3n de los procedimientos administrativos, prestando asesor\u00eda a las dependencias del Senado en organizaci\u00f3n, procedimientos y formas de trabajo que optimicen la gesti\u00f3n de las mismas, con apoyo en los respectivos manuales.<\/p>\n\n\n\n<p>&#8211; Sugerir nuevos sistemas de organizaci\u00f3n y funcionamiento interno acordes con los adelantos t\u00e9cnicos y operativos, trabajar en forma mancomunada con la Divisi\u00f3n de Recursos Humanos en lo referente a las cargas de trabajo buscando optimizaci\u00f3n de funciones, y de plantas de personal.<\/p>\n\n\n\n<p>&#8211; Todas las dem\u00e1s que le conf\u00eden otras normas legales y reglamentarias.<\/p>\n\n\n\n<p><strong>Equipo de trabajo<\/strong><\/p>\n\n\n\n<p><strong>Planta<\/strong><\/p>\n\n\n\n<p>Juan Carlos Ramos Santacruz \/ Asesor II (e) \/&nbsp;<a href=\"mailto:juan.ramos@senado.gov.co\">juan.ramos@senado.gov.co<\/a><br>Guillermo vargas \/ Asistente administrativo \/&nbsp;<a href=\"mailto:guillermo.vargas@senado.gov.co\">guillermo.vargas@senado.gov.co<\/a><br>Pablo Eduardo Alzate Perez \/ Asesor II \/&nbsp;<a href=\"mailto:pablo.alzate@senado.gov.co\">pablo.alzate@senado.gov.co<\/a><\/p>\n\n\n\n<p>Luz Mireya D\u00edaz \/ Asistente administrativo VI \/&nbsp;<a href=\"mailto:luzmireya.diaz@senado.gov.co\">luzmireya.diaz@senado.gov.co<\/a><br>Aldair Suarez Roca \/ Profesional universitario VI \/&nbsp;<a href=\"mailto:aldair.suarez@senado.gov.co\">aldair.suarez@senado.gov.co<\/a>&nbsp;<br>Mary Alexandra Rodriguez \/ Profesional universitario VI \/&nbsp;<a href=\"mailto:mary.rodriguez@senado.gov.co\">mary.rodriguez@senado.gov.co<\/a><\/p>\n\n\n\n<p>Olga Yanira Gonz\u00e1lez \/ Profesional universitario VI \/&nbsp;<a href=\"mailto:olga.gonzalez@senado.gov.co\">olga.gonzalez@senado.gov.co&nbsp;<\/a><\/p>\n\n\n\n<p><strong>Ubicaci\u00f3n:&nbsp;<\/strong>Centro Cultural Gabriel Garcia M\u00e1quez Calle 11 N\u00b0 5-60, segundo piso.<strong><br>Tel\u00e9fonos: &nbsp;<\/strong>(57)(1)&nbsp;382 30 00 ext. 2340<br><strong>E-mail:&nbsp;<\/strong>&nbsp;<a href=\"mailto:planeacionysistemas@senado.gov.co\">planeacionysistemas@senado.gov.co<\/a><\/p>\n\n\n\n<h2 class=\"wp-block-heading\">Divisi\u00f3n de Recursos Humanos<\/h2>\n\n\n\n<p class=\"has-text-align-center\"><strong>Rub\u00e9n Dar\u00edo Iregui Gonz\u00e1lez<br>&nbsp;Jefe Divisi\u00f3n de Recursos Humanos<\/strong><\/p>\n\n\n\n<p><strong>Funciones<\/strong><\/p>\n\n\n\n<p>En instituciones como el Senado de la Rep\u00fablica, donde la gente es su capital m\u00e1s valioso, la Divisi\u00f3n de Recursos Humanos juega un papel primordial, ya que implementa las pol\u00edticas, planes y proyectos que permiten el desarrollo y promoci\u00f3n de sus funcionarios.<\/p>\n\n\n\n<p>Desarrolla planes, programas, proyectos, estudios e investigaciones relacionados con la administraci\u00f3n del recurso humano del Senado de la Rep\u00fablica de acuerdo a lo establecido en el Plan de Desarrollo Institucional.<\/p>\n\n\n\n<p>Junto con las Secciones de Registro y Control, Selecci\u00f3n y Capacitaci\u00f3n, y Bienestar y Urgencias M\u00e9dicas, la Divisi\u00f3n coordina importantes procesos como el de la elaboraci\u00f3n de la n\u00f3mina y el de posesi\u00f3n de nuevos funcionarios.<\/p>\n\n\n\n<p>Realiza las recomendaciones para la actualizaci\u00f3n o modificaci\u00f3n de los Manuales Especifico de Funciones y Requisitos y Procesos y Procedimientos, asegurando su estricta aplicaci\u00f3n y cumplimiento. Participa en la elaboraci\u00f3n del Presupuesto anual de la Corporaci\u00f3n en lo relacionado al \u00e1rea de su competencia.<\/p>\n\n\n\n<p>Notifica los actos administrativos relacionados con las actividades propias de la Dependencia para dar tr\u00e1mite oportuno a los requerimientos emanados por la Direcci\u00f3n General Administrativa. Y por otra parte, el jefe de esta divisi\u00f3n preside la Junta de Personal y el Grupo de Trabajo de Liquidaci\u00f3n de Sentencias y fallos en contra del Senado.<\/p>\n\n\n\n<p>Temas importantes que maneja el \u00e1rea:<\/p>\n\n\n\n<ul class=\"wp-block-list\"><li>Pol\u00edticas p\u00fablicas sobre y administraci\u00f3n de personal<\/li><li>Plan nacional de capacitaci\u00f3n, inducci\u00f3n y entrenamiento<\/li><li>Programa de salud ocupacional<\/li><li>Programas de evaluaci\u00f3n de desempe\u00f1o<\/li><li>Programas de bienestar e incentivos.<\/li><li>Normas de seguridad social y laboral<\/li><\/ul>\n\n\n\n<p><a href=\"https:\/\/senado.gov.co\/index.php\/component\/sppagebuilder\/?view=page&amp;amp;id=280&amp;amp;Itemid=0\">Secci\u00f3n de Registro y Control<\/a><\/p>\n\n\n\n<p><a href=\"https:\/\/senado.gov.co\/index.php\/component\/sppagebuilder\/?view=page&amp;amp;id=279&amp;amp;Itemid=0\">Secci\u00f3n de Selecci\u00f3n y Capacitaci\u00f3n<\/a><\/p>\n\n\n\n<p><a href=\"https:\/\/senado.gov.co\/index.php\/component\/sppagebuilder\/?view=page&amp;id=278&amp;Itemid=0\">Secci\u00f3n de Bienestar y Urgencias M\u00e9dicas<\/a><\/p>\n\n\n\n<p><strong>EQUIPO&nbsp;DE TRABAJO DE LA DIVISION DE RECURSOS HUMANOS<\/strong><\/p>\n\n\n\n<p><strong>FUNCIONARIOS:<\/strong><\/p>\n\n\n\n<p>Rub\u00e9n Dar\u00edo Iregui Gonz\u00e1lez \u2013 Jefe de la Divisi\u00f3n de Recursos Humanos&nbsp;<a href=\"mailto:ruben.iregui@senado.gov.co\">ruben.iregui@senado.gov.co<\/a><br>Luz Amanda Mu\u00f1oz R\u00edos \u2013 Secretaria Ejecutiva&nbsp;<a href=\"mailto:luzamanda.munoz@senado.gov.co\">luzamanda.munoz@senado.gov.co<\/a><br>Sonia Ubeli Paredes \u2013 Auxiliar Administrativo&nbsp;<a href=\"mailto:sonia.paredes@senado.gov.co\">sonia.paredes@senado.gov.co<\/a><br>Adgar Abad Garc\u00eda S\u00e1nchez &#8211; Auxiliar Administrativo&nbsp;<a href=\"mailto:adgar.garcia@senado.gov.co\">adgar.garcia@senado.gov.co<\/a><br>Leonel Jes\u00fas Quiroz Quiroz &#8211; Auxiliar Administrativo&nbsp;<a href=\"mailto:leonel.quiroz@senado.gov.co\">leonel.quiroz@senado.gov.co<\/a><br>Lina Mar\u00eda D\u00edaz Rivera &#8211; Mecan\u00f3grafa&nbsp;<a href=\"mailto:lina.diaz@senado.gov.co\">lina.diaz@senado.gov.co<\/a><br>Blanca Janeth Hern\u00e1ndez &#8211; Mecan\u00f3grafa&nbsp;<a href=\"mailto:blanca.hernandez@senado.gov.c\">blanca.hernandez@senado.gov.co<\/a>&nbsp;<br>Mar\u00eda Daniela Maldonado Barrios &#8211; Mensajero&nbsp;<a href=\"mailto:maria.maldonado@senado.gov.co\">maria.maldonado@senado.gov.co<\/a><br>Jhon Jairo Vega Aldana \u2013 Mensajero&nbsp;<a href=\"mailto:jhon.vega@senado.gov.co\">jhon.vega@senado.gov.co<\/a><\/p>\n\n\n\n<p><strong><a href=\"https:\/\/senado.gov.co\/images\/2021\/LISTADOS_INSCRITOS.pdf\" target=\"_blank\" rel=\"noreferrer noopener\">listado inscritos elecciones de Comit\u00e9<\/a>&nbsp;<\/strong><strong><a href=\"https:\/\/senado.gov.co\/images\/2021\/LISTADOS_INSCRITOS.pdf\" target=\"_blank\" rel=\"noreferrer noopener\">de Convivencia, Copasst, Junta de personal, Comisi\u00f3n de<\/a>&nbsp;<\/strong><strong><a href=\"https:\/\/senado.gov.co\/images\/2021\/LISTADOS_INSCRITOS.pdf\" target=\"_blank\" rel=\"noreferrer noopener\">personal<\/a><\/strong><\/p>\n\n\n\n<p><a href=\"https:\/\/senado.gov.co\/administrator\/index.php?option=com_docman&amp;view=file&amp;routed=1&amp;container=docman-files&amp;folder=pdf&amp;name=Consolidado+con+los+Resultados+de+la+Evaluaci%C3%B3n+de+hojas+de+vida.pdf\" target=\"_blank\" rel=\"noreferrer noopener\">Resultados evaluaci\u00f3n de hojas de vida de los funcionarios admitidos para provisi\u00f3n de cargos con funcionarios con nombramiento provisional<\/a><\/p>\n\n\n\n<p><a href=\"https:\/\/senado.gov.co\/administrator\/index.php?option=com_docman&amp;view=file&amp;routed=1&amp;container=docman-files&amp;folder=pdf&amp;name=RESOLUCION+814+DE+2021+%28CONVOCATORIA+COPASST%29+%281%29_compressed.pdf\" target=\"_blank\" rel=\"noreferrer noopener\">Resoluci\u00f3n 814 de 2021 (Convocatoria COPASST)<br><\/a><a href=\"https:\/\/senado.gov.co\/administrator\/index.php?option=com_docman&amp;view=file&amp;routed=1&amp;container=docman-files&amp;folder=pdf&amp;name=RESOLUCION+812+DE+2021-JUNTA+DE+PERSONAL.pdf\" target=\"_blank\" rel=\"noreferrer noopener\">Resoluci\u00f3n 812 de 2021 (Junta de Personal)<br><\/a><a href=\"https:\/\/senado.gov.co\/administrator\/index.php?option=com_docman&amp;view=file&amp;routed=1&amp;container=docman-files&amp;folder=pdf&amp;name=RESOLUCION+810+DE+2021+%28REPRESENTANTE+DE+LOS+EMPLEADOS%29.pdf\" target=\"_blank\" rel=\"noreferrer noopener\">Resoluci\u00f3n 810 de 2021 (Representantes de los Empleados)<\/a><br><a href=\"https:\/\/senado.gov.co\/administrator\/index.php?option=com_docman&amp;view=file&amp;routed=1&amp;container=docman-files&amp;folder=pdf&amp;name=RESOLUCION+813+DE+2021+%28CONVOCATORIA+COMISIN+DE+PERSONAL%29.pdf\" target=\"_blank\" rel=\"noreferrer noopener\">Resoluci\u00f3n 813 de 2021 (Comisi\u00f3n de Personal)<\/a><\/p>\n\n\n\n<p><a href=\"https:\/\/senado.gov.co\/images\/2021\/Recursos_Humanos\/INVITACION_CONCURSO_2021_1_compressed.pdf\" target=\"_blank\" rel=\"noreferrer noopener\">INVITACI\u00d3N POSTULACI\u00d3N HOJAS DE VIDAS PARA EMPLEOS VACANTES 2021<\/a><\/p>\n\n\n\n<p><a href=\"https:\/\/senado.gov.co\/images\/2021\/Recursos_Humanos\/Consolidado_admitidos_no_admitidos_y_rechazados_-_Invitaci%C3%B3n_16_de_julio_de_2021.pdf\" target=\"_blank\" rel=\"noreferrer noopener\">&#8211; RELACI\u00d3N DE ADMITIDOS, NO ADMITIDOS Y RECHAZADOS<\/a><\/p>\n\n\n\n<p><a href=\"https:\/\/senado.gov.co\/images\/2021\/Recursos_Humanos\/ACLARACI%C3%93N_PROCEDIMIENTO_asistente_05_atenci%C3%B3n_al_ciudadano.pdf\" target=\"_blank\" rel=\"noreferrer noopener\">&#8211;&nbsp;ACLARACI\u00d3N RELACIONADA CON EL PROCEDIMIENTO PARA LA EVALUACI\u00d3N DELAS HOJAS DE VIDA CARGO &#8211; ASISTENTE DE ATENCI\u00d3N AL USUARIO GRADO 05 DE LA UNIDADCOORDINADORA DE ATENCI\u00d3N CIUDADANA<\/a><\/p>\n\n\n\n<p><a href=\"https:\/\/senado.gov.co\/images\/2021\/Recursos_Humanos\/PROCEDIMIENTO_SECRETARIA_EJECUTIVA_GRADO_05_DE_LA_COMISI%C3%93N_TECERA_compressed.pdf\" target=\"_blank\" rel=\"noreferrer noopener\">&#8211;&nbsp;PROCEDIMIENTO PARA LA EVALUACI\u00d3N DE LAS HOJAS DE VIDA CARGO &#8211; SECRETARIA EJECUTIVA GRADO 05 DE LA COMISI\u00d3N TERCERA<\/a><\/p>\n\n\n\n<p><a href=\"https:\/\/senado.gov.co\/images\/2021\/Recursos_Humanos\/PROCEDIMIENTO_RECEPCIONISTA_GRADO_04_DE_LA_PRIMERA_VICEPRESIDENCIA_compressed.pdf\" target=\"_blank\" rel=\"noreferrer noopener\">&#8211;&nbsp;PROCEDIMIENTO PARA LA EVALUACI\u00d3N DE LAS HOJAS DE VIDA CARGO &#8211; RECEPCIONISTA GRADO 04 DE LA PRIMERA VICEPRESIDENCIA<\/a><\/p>\n\n\n\n<p><a href=\"https:\/\/senado.gov.co\/images\/2021\/Recursos_Humanos\/PROCEDIMIENTO_OPERADOR_DE_EQUIPO_GRADO_03_DE_LA_UNIDAD_DE_FOTOCOPIADO_compressed.pdf\" target=\"_blank\" rel=\"noreferrer noopener\">&#8211;&nbsp;PROCEDIMIENTO PARA LA EVALUACI\u00d3N DE LAS HOJAS DE VIDA CARGO &#8211; OPERADOR DE EQUIPO GRADO 03 DE LA UNIDAD DE FOTOCOPIADO<\/a><\/p>\n\n\n\n<p><a href=\"https:\/\/senado.gov.co\/images\/2021\/Recursos_Humanos\/PROCEDIMIENTO_SECRETARIA_EJECUTIVA_GRADO_05_DE_PLANEACI%C3%93N_Y_SISTEMAS_compressed.pdf\" target=\"_blank\" rel=\"noreferrer noopener\">&#8211;&nbsp;PROCEDIMIENTO PARA LA EVALUACI\u00d3N DE LAS HOJAS DE VIDA CARGO &#8211; SECRETARIA EJECUTIVA GRADO 05 DE PLANEACI\u00d3N Y SISTEMAS<\/a><\/p>\n\n\n\n<p><a href=\"https:\/\/senado.gov.co\/images\/2021\/Recursos_Humanos\/PROCEDIMIENTO_TRANSCRIPTOR_GRADO_04_DE_LA_SECCI%C3%93N_DE_GRABACI%C3%93N_compressed.pdf\" target=\"_blank\" rel=\"noreferrer noopener\">&#8211;&nbsp;PROCEDIMIENTO PARA LA EVALUACI\u00d3N DE LAS HOJAS DE VIDA CARGO &#8211; TRANSCRIPTOR GRADO 04 DE LA SECCI\u00d3N DE GRABACI\u00d3N.<\/a><\/p>\n\n\n\n<p><a href=\"https:\/\/senado.gov.co\/images\/2021\/Recursos_Humanos\/PROCEDIMIENTO_ASISTENTE_DE_ATENCI%C3%93N_AL_CIUDADANO_GRADO_05_DE_LA_UNIDAD_COORDINADORA_DE_ATENCI%C3%93N_CIUDADANA_compressed.pdf\" target=\"_blank\" rel=\"noreferrer noopener\">&#8211;&nbsp;PROCEDIMIENTO PARA LA EVALUACI\u00d3N DE LAS HOJAS DE VIDA CARGO &#8211; ASISTENTE DE ATENCI\u00d3N AL CIUDADANO GRADO 05 DE LA UNIDAD COORDINADORA DE ATENCI\u00d3N CIUDADANA<\/a><\/p>\n\n\n\n<p><a href=\"https:\/\/senado.gov.co\/images\/Archivospdf\/SSC-CS-CV19-0269-25-06-2021-_Estudio_de_historias_laborales_Asistente_de_Atenci%C3%B3n_al_Ciudadano_1.pdf\" target=\"_blank\" rel=\"noreferrer noopener\"><strong>&#8211;&nbsp;Estudio de historias laborales Asistente de Atenci\u00f3n al Ciudadano<\/strong><\/a>&nbsp;<\/p>\n\n\n\n<p><strong><a href=\"https:\/\/senado.gov.co\/images\/Archivospdf\/SSC-CS-CV19-0170-21-05-2021-Estudio_de_historias_laborales_para_cinco_cargos_vacantes_de_carrera_2_2_3.pdf\" target=\"_blank\" rel=\"noreferrer noopener\">&#8211; Estudio de historias laborales para cinco cargos vacantes de carrera<\/a><\/strong><\/p>\n\n\n\n<p><strong><a href=\"http:\/\/www.sigep.gov.co\/documents\/10179\/14527\/Paso+a+paso+actualizacion+hv+2\/5af8e2a5-d361-4792-b768-db496c1fb8c0\" target=\"_blank\" rel=\"noreferrer noopener\">-Instructivo SIGEP<\/a><\/strong><\/p>\n\n\n\n<p><a href=\"https:\/\/kactusweb.senado.gov.co\/kactusrl\/\" target=\"_blank\" rel=\"noreferrer noopener\"><strong>-Ingreso de informaci\u00f3n personal para hoja de vida<\/strong><\/a><\/p>\n\n\n\n<p><a href=\"https:\/\/senado.gov.co\/index.php\/documentos\/categoria-transparencia\/area-legislativa-historico\/area-legislativa\/oficina-de-control-interno\/evaluacion-de-desempeno\"><strong>Informes de evaluaci\u00f3n de desempe\u00f1o laboral<\/strong><\/a><strong><a href=\"https:\/\/senado.gov.co\/images\/stories\/Dependencias\/Recursos_Humanos\/comision_personal.pdf\" target=\"_blank\" rel=\"noreferrer noopener\"><\/a><\/strong><\/p>\n\n\n\n<p><a href=\"https:\/\/senado.gov.co\/images\/Archivospdf\/elsenado\/%C3%A1rea_Administrativa\/Recursos_Humanos\/resolucion_1336.pdf\" target=\"_blank\" rel=\"noreferrer noopener\"><strong>Resoluci\u00f3n #1336 del 05 de septiembre 2018, \u00abPor medio de la cual se convoca a las elecciones de los representantes de los empleados ante la comisi\u00f3n de personal del Senado de la Rep\u00fablica\u00bb.<\/strong><\/a><strong><\/strong><\/p>\n\n\n\n<p><strong><a href=\"https:\/\/senado.gov.co\/images\/Archivospdf\/elsenado\/%C3%A1rea_Administrativa\/Recursos_Humanos\/res_1717.pdf\">Resoluci\u00f3n&nbsp;<strong>#1707 del 14 de noviembre de 2018, \u00abPor medio de la cual se reconoce a los miembros de la comisi\u00f3n de personal para el periodo 2018-2020\u00bb<\/strong>&nbsp;<\/a><\/strong><\/p>\n\n\n\n<p><strong><a href=\"https:\/\/senado.gov.co\/images\/Archivospdf\/elsenado\/%C3%A1rea_Administrativa\/Recursos_Humanos\/invitacion_jefe_grado_09.rar\" target=\"_blank\" rel=\"noreferrer noopener\">Estudio de verificaci\u00f3n de requisitos para otorgamiento de encargo del empleo: Jefe grado 09 de la secci\u00f3n de contabilidad.<\/a><\/strong><\/p>\n\n\n\n<p><strong><a href=\"https:\/\/senado.gov.co\/images\/Archivospdf\/elsenado\/%C3%A1rea_Administrativa\/Recursos_Humanos\/lista_de_admitidos_y_no_admitidos.pdf\" target=\"_blank\" rel=\"noreferrer noopener\">Resultados de funcionarios admitidos y no admitidos de la convocatoria para proveer el empleo de auxiliar administrativo grado 04 de la unidad de almac\u00e9n<\/a><\/strong><\/p>\n\n\n\n<p><strong><a href=\"https:\/\/senado.gov.co\/images\/Res._No._079_del_29-01-2020.pdf\">Resoluci\u00f3n No. 079 del 29-01-2020<\/a><\/strong><\/p>\n\n\n\n<p><a href=\"https:\/\/senado.gov.co\/images\/Resultados_Finales_Evaluaci%C3%B3n_Hojas_de_Vida_Invitaci%C3%B3n_8_Noviembre_de_2021_Ajustado.pdf\" target=\"_blank\" rel=\"noreferrer noopener\">RESULTADO DEFINITIVO EVALUACI\u00d3N HOJAS DE VIDA (Invitaci\u00f3n 8 de Noviembre de 2021)<\/a><\/p>\n\n\n\n<p><a href=\"https:\/\/senado.gov.co\/images\/2021\/Resultados_Evaluaci%C3%B3n_Hojas_de_Vida._1.pdf\" target=\"_blank\" rel=\"noreferrer noopener\">Resultado de evaluaci\u00f3n de hojas de vida<\/a><\/p>\n\n\n\n<p><a href=\"https:\/\/senado.gov.co\/images\/2021\/Listado_Definitivo_de_Admitidos_y_no_admitidos.pdf\" target=\"_blank\" rel=\"noreferrer noopener\">Admitidos, no admitidos y rechazados (Invitaci\u00f3n del 8 de noviembre)<\/a><\/p>\n\n\n\n<p><a href=\"https:\/\/senado.gov.co\/images\/2021\/Procedimiento_Para_la_Evaluaci%C3%B3n_de_hojas_de_vida_2_1.pdf\" target=\"_blank\" rel=\"noreferrer noopener\">Procedimiento para la evaluaci\u00f3n de las hojas de vida de empleos en niveles t\u00e9cnicos y asistencial<\/a><\/p>\n\n\n\n<p><a href=\"https:\/\/senado.gov.co\/images\/2021\/SEGUNDA_INVITACI%C3%93N.pdf\" target=\"_blank\" rel=\"noreferrer noopener\">Postulaci\u00f3n hojas de vida para empleos vacantes<\/a><\/p>\n\n\n\n<p><a href=\"https:\/\/senado.gov.co\/index.php\/documentos\/pdf\/5741-resultado-estudio-de-historias-laborales-1\/file\" target=\"_blank\" rel=\"noreferrer noopener\">Resultados de estudio de historias laborales<\/a><\/p>\n\n\n\n<p><a href=\"https:\/\/senado.gov.co\/images\/Archivospdf\/PUBLICACI%C3%93N_RESULTADOS_compressed.pdf\" target=\"_blank\" rel=\"noreferrer noopener\">Resultados definitivos para la provisi\u00f3n de cargos vacantes<\/a><\/p>\n\n\n\n<p><strong><a href=\"https:\/\/senado.gov.co\/images\/2021\/LISTADOS_INSCRITOS.pdf\" target=\"_blank\" rel=\"noreferrer noopener\">listado inscritos elecciones de Comit\u00e9<\/a>&nbsp;<\/strong><strong><a href=\"https:\/\/senado.gov.co\/images\/2021\/LISTADOS_INSCRITOS.pdf\" target=\"_blank\" rel=\"noreferrer noopener\">de Convivencia, Copasst, Junta de personal, Comisi\u00f3n de<\/a>&nbsp;<\/strong><strong><a href=\"https:\/\/senado.gov.co\/images\/2021\/LISTADOS_INSCRITOS.pdf\" target=\"_blank\" rel=\"noreferrer noopener\">personal<\/a><\/strong><\/p>\n\n\n\n<p><a href=\"https:\/\/senado.gov.co\/administrator\/index.php?option=com_docman&amp;view=file&amp;routed=1&amp;container=docman-files&amp;folder=pdf&amp;name=Consolidado+con+los+Resultados+de+la+Evaluaci%C3%B3n+de+hojas+de+vida.pdf\" target=\"_blank\" rel=\"noreferrer noopener\">Resultados evaluaci\u00f3n de hojas de vida de los funcionarios admitidos para provisi\u00f3n de cargos con funcionarios con nombramiento provisional<\/a><\/p>\n\n\n\n<p><a href=\"https:\/\/senado.gov.co\/administrator\/index.php?option=com_docman&amp;view=file&amp;routed=1&amp;container=docman-files&amp;folder=pdf&amp;name=RESOLUCION+814+DE+2021+%28CONVOCATORIA+COPASST%29+%281%29_compressed.pdf\" target=\"_blank\" rel=\"noreferrer noopener\">Resoluci\u00f3n 814 de 2021 (Convocatoria COPASST)<br><\/a><a href=\"https:\/\/senado.gov.co\/administrator\/index.php?option=com_docman&amp;view=file&amp;routed=1&amp;container=docman-files&amp;folder=pdf&amp;name=RESOLUCION+812+DE+2021-JUNTA+DE+PERSONAL.pdf\" target=\"_blank\" rel=\"noreferrer noopener\">Resoluci\u00f3n 812 de 2021 (Junta de Personal)<br><\/a><a href=\"https:\/\/senado.gov.co\/administrator\/index.php?option=com_docman&amp;view=file&amp;routed=1&amp;container=docman-files&amp;folder=pdf&amp;name=RESOLUCION+810+DE+2021+%28REPRESENTANTE+DE+LOS+EMPLEADOS%29.pdf\" target=\"_blank\" rel=\"noreferrer noopener\">Resoluci\u00f3n 810 de 2021 (Representantes de los Empleados)<\/a><br><a href=\"https:\/\/senado.gov.co\/administrator\/index.php?option=com_docman&amp;view=file&amp;routed=1&amp;container=docman-files&amp;folder=pdf&amp;name=RESOLUCION+813+DE+2021+%28CONVOCATORIA+COMISIN+DE+PERSONAL%29.pdf\" target=\"_blank\" rel=\"noreferrer noopener\">Resoluci\u00f3n 813 de 2021 (Comisi\u00f3n de Personal)<\/a><\/p>\n\n\n\n<p><a href=\"https:\/\/senado.gov.co\/images\/2021\/Recursos_Humanos\/INVITACION_CONCURSO_2021_1_compressed.pdf\" target=\"_blank\" rel=\"noreferrer noopener\">INVITACI\u00d3N POSTULACI\u00d3N HOJAS DE VIDAS PARA EMPLEOS VACANTES 2021<\/a><\/p>\n\n\n\n<p><a href=\"https:\/\/senado.gov.co\/images\/2021\/Recursos_Humanos\/Consolidado_admitidos_no_admitidos_y_rechazados_-_Invitaci%C3%B3n_16_de_julio_de_2021.pdf\" target=\"_blank\" rel=\"noreferrer noopener\">&#8211; RELACI\u00d3N DE ADMITIDOS, NO ADMITIDOS Y RECHAZADOS<\/a><\/p>\n\n\n\n<p><a href=\"https:\/\/senado.gov.co\/images\/2021\/Recursos_Humanos\/ACLARACI%C3%93N_PROCEDIMIENTO_asistente_05_atenci%C3%B3n_al_ciudadano.pdf\" target=\"_blank\" rel=\"noreferrer noopener\">&#8211;&nbsp;ACLARACI\u00d3N RELACIONADA CON EL PROCEDIMIENTO PARA LA EVALUACI\u00d3N DELAS HOJAS DE VIDA CARGO &#8211; ASISTENTE DE ATENCI\u00d3N AL USUARIO GRADO 05 DE LA UNIDADCOORDINADORA DE ATENCI\u00d3N CIUDADANA<\/a><\/p>\n\n\n\n<p><a href=\"https:\/\/senado.gov.co\/images\/2021\/Recursos_Humanos\/PROCEDIMIENTO_SECRETARIA_EJECUTIVA_GRADO_05_DE_LA_COMISI%C3%93N_TECERA_compressed.pdf\" target=\"_blank\" rel=\"noreferrer noopener\">&#8211;&nbsp;PROCEDIMIENTO PARA LA EVALUACI\u00d3N DE LAS HOJAS DE VIDA CARGO &#8211; SECRETARIA EJECUTIVA GRADO 05 DE LA COMISI\u00d3N TERCERA<\/a><\/p>\n\n\n\n<p><a href=\"https:\/\/senado.gov.co\/images\/2021\/Recursos_Humanos\/PROCEDIMIENTO_RECEPCIONISTA_GRADO_04_DE_LA_PRIMERA_VICEPRESIDENCIA_compressed.pdf\" target=\"_blank\" rel=\"noreferrer noopener\">&#8211;&nbsp;PROCEDIMIENTO PARA LA EVALUACI\u00d3N DE LAS HOJAS DE VIDA CARGO &#8211; RECEPCIONISTA GRADO 04 DE LA PRIMERA VICEPRESIDENCIA<\/a><\/p>\n\n\n\n<p><a href=\"https:\/\/senado.gov.co\/images\/2021\/Recursos_Humanos\/PROCEDIMIENTO_OPERADOR_DE_EQUIPO_GRADO_03_DE_LA_UNIDAD_DE_FOTOCOPIADO_compressed.pdf\" target=\"_blank\" rel=\"noreferrer noopener\">&#8211;&nbsp;PROCEDIMIENTO PARA LA EVALUACI\u00d3N DE LAS HOJAS DE VIDA CARGO &#8211; OPERADOR DE EQUIPO GRADO 03 DE LA UNIDAD DE FOTOCOPIADO<\/a><\/p>\n\n\n\n<p><a href=\"https:\/\/senado.gov.co\/images\/2021\/Recursos_Humanos\/PROCEDIMIENTO_SECRETARIA_EJECUTIVA_GRADO_05_DE_PLANEACI%C3%93N_Y_SISTEMAS_compressed.pdf\" target=\"_blank\" rel=\"noreferrer noopener\">&#8211;&nbsp;PROCEDIMIENTO PARA LA EVALUACI\u00d3N DE LAS HOJAS DE VIDA CARGO &#8211; SECRETARIA EJECUTIVA GRADO 05 DE PLANEACI\u00d3N Y SISTEMAS<\/a><\/p>\n\n\n\n<p><a href=\"https:\/\/senado.gov.co\/images\/2021\/Recursos_Humanos\/PROCEDIMIENTO_TRANSCRIPTOR_GRADO_04_DE_LA_SECCI%C3%93N_DE_GRABACI%C3%93N_compressed.pdf\" target=\"_blank\" rel=\"noreferrer noopener\">&#8211;&nbsp;PROCEDIMIENTO PARA LA EVALUACI\u00d3N DE LAS HOJAS DE VIDA CARGO &#8211; TRANSCRIPTOR GRADO 04 DE LA SECCI\u00d3N DE GRABACI\u00d3N.<\/a><\/p>\n\n\n\n<p><a href=\"https:\/\/senado.gov.co\/images\/2021\/Recursos_Humanos\/PROCEDIMIENTO_ASISTENTE_DE_ATENCI%C3%93N_AL_CIUDADANO_GRADO_05_DE_LA_UNIDAD_COORDINADORA_DE_ATENCI%C3%93N_CIUDADANA_compressed.pdf\" target=\"_blank\" rel=\"noreferrer noopener\">&#8211;&nbsp;PROCEDIMIENTO PARA LA EVALUACI\u00d3N DE LAS HOJAS DE VIDA CARGO &#8211; ASISTENTE DE ATENCI\u00d3N AL CIUDADANO GRADO 05 DE LA UNIDAD COORDINADORA DE ATENCI\u00d3N CIUDADANA<\/a><\/p>\n\n\n\n<p><a href=\"https:\/\/senado.gov.co\/images\/Archivospdf\/SSC-CS-CV19-0269-25-06-2021-_Estudio_de_historias_laborales_Asistente_de_Atenci%C3%B3n_al_Ciudadano_1.pdf\" target=\"_blank\" rel=\"noreferrer noopener\"><strong>&#8211;&nbsp;Estudio de historias laborales Asistente de Atenci\u00f3n al Ciudadano<\/strong><\/a>&nbsp;<\/p>\n\n\n\n<p><strong><a href=\"https:\/\/senado.gov.co\/images\/Archivospdf\/SSC-CS-CV19-0170-21-05-2021-Estudio_de_historias_laborales_para_cinco_cargos_vacantes_de_carrera_2_2_3.pdf\" target=\"_blank\" rel=\"noreferrer noopener\">&#8211; Estudio de historias laborales para cinco cargos vacantes de carrera<\/a><\/strong><\/p>\n\n\n\n<p><strong><a href=\"http:\/\/www.sigep.gov.co\/documents\/10179\/14527\/Paso+a+paso+actualizacion+hv+2\/5af8e2a5-d361-4792-b768-db496c1fb8c0\" target=\"_blank\" rel=\"noreferrer noopener\">-Instructivo SIGEP<\/a><\/strong><\/p>\n\n\n\n<p><a href=\"https:\/\/kactusweb.senado.gov.co\/kactusrl\/\" target=\"_blank\" rel=\"noreferrer noopener\"><strong>-Ingreso de informaci\u00f3n personal para hoja de vida<\/strong><\/a><\/p>\n\n\n\n<p><a href=\"https:\/\/senado.gov.co\/index.php\/documentos\/categoria-transparencia\/area-legislativa-historico\/area-legislativa\/oficina-de-control-interno\/evaluacion-de-desempeno\"><strong>Informes de evaluaci\u00f3n de desempe\u00f1o laboral<\/strong><\/a><strong><a href=\"https:\/\/senado.gov.co\/images\/stories\/Dependencias\/Recursos_Humanos\/comision_personal.pdf\" target=\"_blank\" rel=\"noreferrer noopener\"><\/a><\/strong><\/p>\n\n\n\n<p><a href=\"https:\/\/senado.gov.co\/images\/Archivospdf\/elsenado\/%C3%A1rea_Administrativa\/Recursos_Humanos\/resolucion_1336.pdf\" target=\"_blank\" rel=\"noreferrer noopener\"><strong>Resoluci\u00f3n #1336 del 05 de septiembre 2018, \u00abPor medio de la cual se convoca a las elecciones de los representantes de los empleados ante la comisi\u00f3n de personal del Senado de la Rep\u00fablica\u00bb.<\/strong><\/a><strong><\/strong><\/p>\n\n\n\n<p><strong><a href=\"https:\/\/senado.gov.co\/images\/Archivospdf\/elsenado\/%C3%A1rea_Administrativa\/Recursos_Humanos\/res_1717.pdf\">Resoluci\u00f3n&nbsp;<strong>#1707 del 14 de noviembre de 2018, \u00abPor medio de la cual se reconoce a los miembros de la comisi\u00f3n de personal para el periodo 2018-2020\u00bb<\/strong>&nbsp;<\/a><\/strong><\/p>\n\n\n\n<p><strong><a href=\"https:\/\/senado.gov.co\/images\/Archivospdf\/elsenado\/%C3%A1rea_Administrativa\/Recursos_Humanos\/invitacion_jefe_grado_09.rar\" target=\"_blank\" rel=\"noreferrer noopener\">Estudio de verificaci\u00f3n de requisitos para otorgamiento de encargo del empleo: Jefe grado 09 de la secci\u00f3n de contabilidad.<\/a><\/strong><\/p>\n\n\n\n<p><strong><a href=\"https:\/\/senado.gov.co\/images\/Archivospdf\/elsenado\/%C3%A1rea_Administrativa\/Recursos_Humanos\/lista_de_admitidos_y_no_admitidos.pdf\" target=\"_blank\" rel=\"noreferrer noopener\">Resultados de funcionarios admitidos y no admitidos de la convocatoria para proveer el empleo de auxiliar administrativo grado 04 de la unidad de almac\u00e9n<\/a><\/strong><\/p>\n\n\n\n<p><strong><a href=\"https:\/\/senado.gov.co\/images\/Res._No._079_del_29-01-2020.pdf\">Resoluci\u00f3n No. 079 del 29-01-2020<\/a><\/strong><\/p>\n\n\n\n<p><strong>Ubicaci\u00f3n:<\/strong>&nbsp;<strong>Calle 12 No. 7-32 , P.H., Edificio Banco Comercial Antioque\u00f1o. Tel\u00e9fono: 3826211- fax 3826222<\/strong>.<\/p>\n\n\n\n<p><strong>Tel\u00e9fono:<\/strong>&nbsp;(57)(1) 382 6211 &#8211;&nbsp;(57)(1) 382 6228 &nbsp;&#8211;&nbsp;(57)(1) 382 6230<\/p>\n\n\n\n<p><strong>E-mail:&nbsp;&nbsp;<a href=\"mailto:recursoshumanos@senado.gov.co\">recursoshumanos@senado.gov.co<\/a><\/strong><\/p>\n\n\n\n<h2 class=\"wp-block-heading\">Divisi\u00f3n Financiera y Presupuesto<\/h2>\n\n\n\n<p class=\"has-text-align-center\"><strong>Zoraya Guti\u00e9rrez Sanabria<\/strong><\/p>\n\n\n\n<p class=\"has-text-align-center\"><strong>Jefe Division Financiera y Presupuesto<\/strong><\/p>\n\n\n\n<p><strong>Funciones<\/strong><\/p>\n\n\n\n<p>La Divisi\u00f3n Financiera y Presupuesto del Senado de la Rep\u00fablica en coordinaci\u00f3n con las Secciones de Contabilidad, Presupuesto y Pagadur\u00eda, desarrolla y ejecuta los planes, programas y proyectos que en materia financiera requiere la Corporaci\u00f3n, manteniendo permanentemente informado de ello a la Direcci\u00f3n General Administrativa.<\/p>\n\n\n\n<p>El jefe de \u00e9sta Divisi\u00f3n es miembro del Comit\u00e9 Evaluador para los procesos de contrataci\u00f3n y proyecta resoluciones para las modificaciones presupuestales.<\/p>\n\n\n\n<p>Esta divisi\u00f3n tiene como soporte para la ejecuci\u00f3n y control de las operaciones del Sistema Integrado de Informaci\u00f3n Financiera SIIF &#8211; Naci\u00f3n.<\/p>\n\n\n\n<p><a href=\"https:\/\/senado.gov.co\/index.php\/component\/sppagebuilder\/?view=page&amp;id=3018\">Secci\u00f3n Presupuesto<\/a><\/p>\n\n\n\n<p><a href=\"https:\/\/senado.gov.co\/index.php\/component\/sppagebuilder\/?view=page&amp;id=3019\">Secci\u00f3n de Contabilidad<\/a><\/p>\n\n\n\n<p><a href=\"https:\/\/senado.gov.co\/index.php\/component\/sppagebuilder\/?view=page&amp;id=3020\">Secci\u00f3n de Pagadur\u00eda<\/a><\/p>\n\n\n\n<ul class=\"wp-block-list\"><li><strong><a rel=\"noreferrer noopener\" href=\"https:\/\/senado.gov.co\/images\/2021\/Resolucion_781_de_20_de_enero_de_2005_1_compressed.pdf\" target=\"_blank\">Resoluci\u00f3n 781 de 20 de enero de 2005<\/a><\/strong><br><\/li><li><strong><a rel=\"noreferrer noopener\" href=\"https:\/\/senado.gov.co\/images\/2021\/Resolucion_956_2020_MdePC_-_RF-Ma01_Manual_de_politicas_contables_compressed.pdf\" target=\"_blank\">Resoluci\u00f3n 956 del 30 de diciembre de 2020<br><\/a><\/strong><\/li><li><a rel=\"noreferrer noopener\" href=\"https:\/\/senado.gov.co\/images\/Inicio\/Resolucion_1922_del_24_de_dic_2018.pdf\" target=\"_blank\"><strong>Resoluci\u00f3n 1922 del 24 diciembre 2018<\/strong><\/a><\/li><li><a rel=\"noreferrer noopener\" href=\"https:\/\/senado.gov.co\/images\/Inicio\/Resolucion_1926_del_27_dic_2018.pdf\" target=\"_blank\"><strong>Resoluci\u00f3n 1926 del 27 diciembre 2018<\/strong><\/a><\/li><li><a rel=\"noreferrer noopener\" href=\"https:\/\/senado.gov.co\/images\/Inicio\/Resolucion_1927_del_27_dic_2018.pdf\" target=\"_blank\"><strong>Resoluci\u00f3n 1927 del 27 diciembre 2018<\/strong><\/a><\/li><\/ul>\n\n\n\n<p><strong>Ubicaci\u00f3n:<\/strong>&nbsp;edificio&nbsp;<strong>BIC&nbsp;<\/strong>(Banco Industrial Colombiano) en la Cra. 8 No. 12B-61.<\/p>\n\n\n\n<p><strong>Tel\u00e9fonos:<\/strong>&nbsp;(57)(1)&nbsp;&nbsp;382&nbsp;6604 \u2013 6605 &nbsp;<\/p>\n\n\n\n<p><strong>E-mail:&nbsp;<a href=\"mailto:pagaduria@senado.gov.co\">pagaduria@senado.gov.co<\/a><\/strong><\/p>\n\n\n\n<h2 class=\"wp-block-heading\">Divisi\u00f3n de Bienes y Servicios<\/h2>\n\n\n\n<figure class=\"wp-block-image size-full\"><img decoding=\"async\" width=\"589\" height=\"328\" src=\"https:\/\/revistacongresodigital.com\/wp-content\/uploads\/2022\/03\/jefedivison.jpg\" alt=\"\" class=\"wp-image-738\" srcset=\"https:\/\/revistacongresodigital.com\/wp-content\/uploads\/2022\/03\/jefedivison.jpg 589w, https:\/\/revistacongresodigital.com\/wp-content\/uploads\/2022\/03\/jefedivison-300x167.jpg 300w\" sizes=\"(max-width: 589px) 100vw, 589px\" \/><\/figure>\n\n\n\n<p class=\"has-text-align-center\"><strong>Silvia Stella Meneses Camino<\/strong><\/p>\n\n\n\n<p class=\"has-text-align-center\"><strong>Jefe Divisi\u00f3n de Bienes y Servicios<\/strong>&nbsp;<\/p>\n\n\n\n<p><strong>Funciones<\/strong><\/p>\n\n\n\n<p>Para evitar el deterioro tanto de las instalaciones f\u00edsicas, como de los elementos devolutivos de propiedad del Senado, la Divisi\u00f3n de Bienes y Servicios coordina el mantenimiento y la reparaci\u00f3n de los equipos, los muebles, los edificios y el parque automotor entre otros. Igualmente adelanta los tr\u00e1mites necesarios para que en cada oficina se tengan los elementos de consumo para el quehacer cotidiano, en conjunto con la Secci\u00f3n de Suministros y las Unidades de Almac\u00e9n, Correspondencia, Fotocopiado y Archivo Administrativo.<\/p>\n\n\n\n<p>Para tener un adecuado control de recibo y entrega de los bienes adquiridos, se implement\u00f3 el software \u201cDin\u00e1mica Gerencial\u201d logrando la sistematizaci\u00f3n del almac\u00e9n y los inventarios.<\/p>\n\n\n\n<p><a href=\"https:\/\/senado.gov.co\/index.php\/component\/sppagebuilder\/?view=page&amp;id=500\">Secci\u00f3n de Suministros<\/a><\/p>\n\n\n\n<p><a href=\"https:\/\/senado.gov.co\/index.php\/component\/sppagebuilder\/?view=page&amp;id=501\">Unidad de Almac\u00e9n<\/a><\/p>\n\n\n\n<p><a href=\"https:\/\/senado.gov.co\/index.php\/component\/sppagebuilder\/?view=page&amp;id=502\">Unidad de Correspondencia<\/a><\/p>\n\n\n\n<p><a href=\"https:\/\/senado.gov.co\/index.php\/component\/sppagebuilder\/?view=page&amp;id=503\">Unidad de Fotocopiado<\/a><\/p>\n\n\n\n<p><a href=\"https:\/\/senado.gov.co\/index.php\/component\/sppagebuilder\/?view=page&amp;id=504\">Unidad de Archivo Administrativo<\/a><\/p>\n\n\n\n<p><strong>Ubicaci\u00f3n: Centro Cultural Gabriel Garcia M\u00e1quez&nbsp;Calle 11 N\u00b0 5-60 &#8211; Tercer piso<\/strong><\/p>\n\n\n\n<p><strong>Tel\u00e9fono:<\/strong>&nbsp;(57)(1)&nbsp;382 2332- (57)(1) 382 2331- (57)(1) 382 4105<\/p>\n\n\n\n<p><strong>E-mail:<\/strong>&nbsp;<a href=\"mailto:bienesyservicios@senado.gov.co\">bienesyservicios@senado.gov.co<\/a><\/p>\n\n\n\n<p><strong>Horario de atenci\u00f3n al p\u00fablico:<\/strong>&nbsp;Lunes a viernes de 8:00 a 12 M y 2:00 pm a 5:00 pm<\/p>\n\n\n\n<h2 class=\"wp-block-heading\">Divisi\u00f3n Jur\u00eddica<\/h2>\n\n\n\n<div class=\"wp-block-image\"><figure class=\"aligncenter size-full\"><img decoding=\"async\" width=\"589\" height=\"334\" src=\"https:\/\/revistacongresodigital.com\/wp-content\/uploads\/2022\/03\/fefedisiojuridica.jpg\" alt=\"\" class=\"wp-image-742\" srcset=\"https:\/\/revistacongresodigital.com\/wp-content\/uploads\/2022\/03\/fefedisiojuridica.jpg 589w, https:\/\/revistacongresodigital.com\/wp-content\/uploads\/2022\/03\/fefedisiojuridica-300x170.jpg 300w\" sizes=\"(max-width: 589px) 100vw, 589px\" \/><\/figure><\/div>\n\n\n\n<p class=\"has-text-align-center\"><strong>Julian Andr\u00e9s Prada Betancourt<\/strong><br><strong>Jefe Divisi\u00f3n Jur\u00eddica<\/strong><\/p>\n\n\n\n<p><strong>Funciones<\/strong><\/p>\n\n\n\n<p>Adelantar los procesos disciplinarios, asumir la defensa judicial y administrativa de la entidad, dar respuesta a los derechos de petici\u00f3n y control disciplinario, emitir conceptos jur\u00eddicos sobre las \u00e1reas de competencia de la Direcci\u00f3n General Administrativa del Senado de la Republica. Para atender esta importante misi\u00f3n cuenta con un grupo de profesionales tanto internos como externos, quienes brindan orientaci\u00f3n jur\u00eddica y apoyo t\u00e9cnico en las diferentes \u00e1reas dependiendo de las necesidades y seg\u00fan sea la especialidad.<br>De conformidad con el art\u00edculo 370 de la ley 5 de 1992 pertenece a los siguientes grupos de trabajo: Junta de licitaciones, en su calidad de Secretaria y Junta de personal. Adicionalmente es miembro del comit\u00e9 de conciliaciones, comit\u00e9 de saneamiento contable, comit\u00e9 PAC, plan de mejoramiento, plan de acci\u00f3n y el comit\u00e9 de evaluaci\u00f3n de propuestas.<\/p>\n\n\n\n<p><a rel=\"noreferrer noopener\" href=\"http:\/\/www.senado.gov.co\/images\/stories\/Dependencias\/Juridica\/PE01-S02-D02._Manual_practico_para_ejercer_la_supervision_de_los_contratos.pdf\" target=\"_blank\"><strong>MANUAL DE SUPERVISION Y CONTRATACION<\/strong><\/a><\/p>\n\n\n\n<p><strong>Equipo de trabajo:<\/strong><\/p>\n\n\n\n<p><strong>Planta<\/strong><\/p>\n\n\n\n<p>Jose Vargas \/ Asesor II<br>Lucila Rodriguez \/ Profesional Universitario&nbsp;<br>Adys Perez \/ Mecan\u00f3grafa<\/p>\n\n\n\n<p>Liliana D\u00edaz \/ Grado I<br>Cristo Calle \/ Relator&nbsp;<br>Jose Mestra \/ Mecan\u00f3grafo&nbsp;<br>Maritza Cardenas \/ Auxiliar Administrativa<\/p>\n\n\n\n<p><strong>Ubicaci\u00f3n:<\/strong>&nbsp;<strong>Centro Cultural Gabriel Garcia M\u00e1quez&nbsp;Calle 11 N\u00b0 5-60 &#8211; Tercer piso<\/strong><\/p>\n\n\n\n<p><strong>Tel\u00e9fonos:<\/strong>&nbsp;(57)(1) 382 2320 &#8211; (57)(1) 382 2317 &#8211; (57)(1) 382 2318<\/p>\n\n\n\n<p>Control interno disciplinario<strong>&nbsp;<\/strong>Tel\u00e9fonos:&nbsp;(57)(1) 382 2308 &#8211; (57)(1) 382 2309<\/p>\n\n\n\n<p><strong>E-mail:<\/strong>&nbsp;<a href=\"mailto:juridica@senado.gov.co\">juridica@senado.gov.co<\/a><\/p>\n\n\n\n<p><strong>Notificaciones judiciales:<\/strong>&nbsp;<a href=\"mailto:judiciales@senado.gov.co\">judiciales@senado.gov.co<\/a><\/p>\n\t\t\t\t\t\t\t\t<\/div>\n\t\t\t\t<\/div>\n\t\t\t\t\t<\/div>\n\t\t<\/div>\n\t\t\t\t\t<\/div>\n\t\t<\/section>\n\t\t\t\t<\/div>\n\t\t","protected":false},"excerpt":{"rendered":"<p>Astrid Salamanca RahinDirectora General La Direcci\u00f3n General Administrativa es el \u00f3rgano encargado de la administraci\u00f3n de recursos de la entidad. En \u00e9ste sentido tenemos que nuestra Misi\u00f3n es&nbsp;\u201cGARANTIZAR EL FUNCIONAMIENTO&hellip; <\/p>\n","protected":false},"author":3,"featured_media":1204,"comment_status":"open","ping_status":"open","sticky":false,"template":"","format":"standard","meta":{"footnotes":""},"categories":[45],"tags":[],"class_list":["post-11","post","type-post","status-publish","format-standard","has-post-thumbnail","hentry","category-congreso"],"yoast_head":"<!-- This site is optimized with the Yoast SEO plugin v27.3 - https:\/\/yoast.com\/product\/yoast-seo-wordpress\/ -->\n<title>AREA ADMINISTRATIVA - Revista Congreso Digital<\/title>\n<meta name=\"robots\" content=\"index, follow, max-snippet:-1, max-image-preview:large, max-video-preview:-1\" \/>\n<link rel=\"canonical\" href=\"https:\/\/revistacongresodigital.com\/?p=11\" \/>\n<meta property=\"og:locale\" content=\"es_ES\" \/>\n<meta property=\"og:type\" content=\"article\" \/>\n<meta property=\"og:title\" content=\"AREA ADMINISTRATIVA - Revista Congreso Digital\" \/>\n<meta property=\"og:description\" content=\"Astrid Salamanca RahinDirectora General La Direcci\u00f3n General Administrativa es el \u00f3rgano encargado de la administraci\u00f3n de recursos de la entidad. En \u00e9ste sentido tenemos que nuestra Misi\u00f3n es&nbsp;\u201cGARANTIZAR EL FUNCIONAMIENTO&hellip;\" \/>\n<meta property=\"og:url\" content=\"https:\/\/revistacongresodigital.com\/?p=11\" \/>\n<meta property=\"og:site_name\" content=\"Revista Congreso Digital\" \/>\n<meta property=\"article:published_time\" content=\"2022-01-24T09:23:35+00:00\" \/>\n<meta property=\"article:modified_time\" content=\"2022-04-12T19:07:47+00:00\" \/>\n<meta property=\"og:image\" content=\"https:\/\/revistacongresodigital.com\/wp-content\/uploads\/2015\/01\/60-1637266335.webp\" \/>\n\t<meta property=\"og:image:width\" content=\"600\" \/>\n\t<meta property=\"og:image:height\" content=\"450\" \/>\n\t<meta property=\"og:image:type\" content=\"image\/webp\" \/>\n<meta name=\"author\" content=\"victor llanos\" \/>\n<meta name=\"twitter:card\" content=\"summary_large_image\" \/>\n<meta name=\"twitter:label1\" content=\"Escrito por\" \/>\n\t<meta name=\"twitter:data1\" content=\"victor llanos\" \/>\n\t<meta name=\"twitter:label2\" content=\"Tiempo de lectura\" \/>\n\t<meta name=\"twitter:data2\" content=\"15 minutos\" \/>\n<script type=\"application\/ld+json\" class=\"yoast-schema-graph\">{\"@context\":\"https:\\\/\\\/schema.org\",\"@graph\":[{\"@type\":\"Article\",\"@id\":\"https:\\\/\\\/revistacongresodigital.com\\\/?p=11#article\",\"isPartOf\":{\"@id\":\"https:\\\/\\\/revistacongresodigital.com\\\/?p=11\"},\"author\":{\"name\":\"victor llanos\",\"@id\":\"https:\\\/\\\/www.revistacongresodigital.com\\\/#\\\/schema\\\/person\\\/248dac8d5a278ce133073b146973daeb\"},\"headline\":\"AREA ADMINISTRATIVA\",\"datePublished\":\"2022-01-24T09:23:35+00:00\",\"dateModified\":\"2022-04-12T19:07:47+00:00\",\"mainEntityOfPage\":{\"@id\":\"https:\\\/\\\/revistacongresodigital.com\\\/?p=11\"},\"wordCount\":3039,\"commentCount\":0,\"publisher\":{\"@id\":\"https:\\\/\\\/www.revistacongresodigital.com\\\/#organization\"},\"image\":{\"@id\":\"https:\\\/\\\/revistacongresodigital.com\\\/?p=11#primaryimage\"},\"thumbnailUrl\":\"https:\\\/\\\/revistacongresodigital.com\\\/wp-content\\\/uploads\\\/2015\\\/01\\\/60-1637266335.webp\",\"articleSection\":[\"CONGRESO\"],\"inLanguage\":\"es\",\"potentialAction\":[{\"@type\":\"CommentAction\",\"name\":\"Comment\",\"target\":[\"https:\\\/\\\/revistacongresodigital.com\\\/?p=11#respond\"]}]},{\"@type\":\"WebPage\",\"@id\":\"https:\\\/\\\/revistacongresodigital.com\\\/?p=11\",\"url\":\"https:\\\/\\\/revistacongresodigital.com\\\/?p=11\",\"name\":\"AREA ADMINISTRATIVA - Revista Congreso Digital\",\"isPartOf\":{\"@id\":\"https:\\\/\\\/www.revistacongresodigital.com\\\/#website\"},\"primaryImageOfPage\":{\"@id\":\"https:\\\/\\\/revistacongresodigital.com\\\/?p=11#primaryimage\"},\"image\":{\"@id\":\"https:\\\/\\\/revistacongresodigital.com\\\/?p=11#primaryimage\"},\"thumbnailUrl\":\"https:\\\/\\\/revistacongresodigital.com\\\/wp-content\\\/uploads\\\/2015\\\/01\\\/60-1637266335.webp\",\"datePublished\":\"2022-01-24T09:23:35+00:00\",\"dateModified\":\"2022-04-12T19:07:47+00:00\",\"breadcrumb\":{\"@id\":\"https:\\\/\\\/revistacongresodigital.com\\\/?p=11#breadcrumb\"},\"inLanguage\":\"es\",\"potentialAction\":[{\"@type\":\"ReadAction\",\"target\":[\"https:\\\/\\\/revistacongresodigital.com\\\/?p=11\"]}]},{\"@type\":\"ImageObject\",\"inLanguage\":\"es\",\"@id\":\"https:\\\/\\\/revistacongresodigital.com\\\/?p=11#primaryimage\",\"url\":\"https:\\\/\\\/revistacongresodigital.com\\\/wp-content\\\/uploads\\\/2015\\\/01\\\/60-1637266335.webp\",\"contentUrl\":\"https:\\\/\\\/revistacongresodigital.com\\\/wp-content\\\/uploads\\\/2015\\\/01\\\/60-1637266335.webp\",\"width\":600,\"height\":450},{\"@type\":\"BreadcrumbList\",\"@id\":\"https:\\\/\\\/revistacongresodigital.com\\\/?p=11#breadcrumb\",\"itemListElement\":[{\"@type\":\"ListItem\",\"position\":1,\"name\":\"Portada\",\"item\":\"https:\\\/\\\/www.revistacongresodigital.com\\\/\"},{\"@type\":\"ListItem\",\"position\":2,\"name\":\"AREA ADMINISTRATIVA\"}]},{\"@type\":\"WebSite\",\"@id\":\"https:\\\/\\\/www.revistacongresodigital.com\\\/#website\",\"url\":\"https:\\\/\\\/www.revistacongresodigital.com\\\/\",\"name\":\"Revista Congreso Digital\",\"description\":\"Revista Congreso Digital\",\"publisher\":{\"@id\":\"https:\\\/\\\/www.revistacongresodigital.com\\\/#organization\"},\"potentialAction\":[{\"@type\":\"SearchAction\",\"target\":{\"@type\":\"EntryPoint\",\"urlTemplate\":\"https:\\\/\\\/www.revistacongresodigital.com\\\/?s={search_term_string}\"},\"query-input\":{\"@type\":\"PropertyValueSpecification\",\"valueRequired\":true,\"valueName\":\"search_term_string\"}}],\"inLanguage\":\"es\"},{\"@type\":\"Organization\",\"@id\":\"https:\\\/\\\/www.revistacongresodigital.com\\\/#organization\",\"name\":\"Revista Congreso Digital\",\"url\":\"https:\\\/\\\/www.revistacongresodigital.com\\\/\",\"logo\":{\"@type\":\"ImageObject\",\"inLanguage\":\"es\",\"@id\":\"https:\\\/\\\/www.revistacongresodigital.com\\\/#\\\/schema\\\/logo\\\/image\\\/\",\"url\":\"https:\\\/\\\/revistacongresodigital.com\\\/wp-content\\\/uploads\\\/2022\\\/03\\\/cropped-FIRMA-JP-e1648679804884.png\",\"contentUrl\":\"https:\\\/\\\/revistacongresodigital.com\\\/wp-content\\\/uploads\\\/2022\\\/03\\\/cropped-FIRMA-JP-e1648679804884.png\",\"width\":512,\"height\":512,\"caption\":\"Revista Congreso Digital\"},\"image\":{\"@id\":\"https:\\\/\\\/www.revistacongresodigital.com\\\/#\\\/schema\\\/logo\\\/image\\\/\"}},{\"@type\":\"Person\",\"@id\":\"https:\\\/\\\/www.revistacongresodigital.com\\\/#\\\/schema\\\/person\\\/248dac8d5a278ce133073b146973daeb\",\"name\":\"victor llanos\",\"image\":{\"@type\":\"ImageObject\",\"inLanguage\":\"es\",\"@id\":\"https:\\\/\\\/revistacongresodigital.com\\\/wp-content\\\/litespeed\\\/avatar\\\/0aa58a63733ef2a778942c0043fd27a1.jpg?ver=1777151316\",\"url\":\"https:\\\/\\\/revistacongresodigital.com\\\/wp-content\\\/litespeed\\\/avatar\\\/0aa58a63733ef2a778942c0043fd27a1.jpg?ver=1777151316\",\"contentUrl\":\"https:\\\/\\\/revistacongresodigital.com\\\/wp-content\\\/litespeed\\\/avatar\\\/0aa58a63733ef2a778942c0043fd27a1.jpg?ver=1777151316\",\"caption\":\"victor llanos\"},\"url\":\"https:\\\/\\\/revistacongresodigital.com\\\/?author=3\"}]}<\/script>\n<!-- \/ Yoast SEO plugin. -->","yoast_head_json":{"title":"AREA ADMINISTRATIVA - Revista Congreso Digital","robots":{"index":"index","follow":"follow","max-snippet":"max-snippet:-1","max-image-preview":"max-image-preview:large","max-video-preview":"max-video-preview:-1"},"canonical":"https:\/\/revistacongresodigital.com\/?p=11","og_locale":"es_ES","og_type":"article","og_title":"AREA ADMINISTRATIVA - Revista Congreso Digital","og_description":"Astrid Salamanca RahinDirectora General La Direcci\u00f3n General Administrativa es el \u00f3rgano encargado de la administraci\u00f3n de recursos de la entidad. En \u00e9ste sentido tenemos que nuestra Misi\u00f3n es&nbsp;\u201cGARANTIZAR EL FUNCIONAMIENTO&hellip;","og_url":"https:\/\/revistacongresodigital.com\/?p=11","og_site_name":"Revista Congreso Digital","article_published_time":"2022-01-24T09:23:35+00:00","article_modified_time":"2022-04-12T19:07:47+00:00","og_image":[{"width":600,"height":450,"url":"https:\/\/revistacongresodigital.com\/wp-content\/uploads\/2015\/01\/60-1637266335.webp","type":"image\/webp"}],"author":"victor llanos","twitter_card":"summary_large_image","twitter_misc":{"Escrito por":"victor llanos","Tiempo de lectura":"15 minutos"},"schema":{"@context":"https:\/\/schema.org","@graph":[{"@type":"Article","@id":"https:\/\/revistacongresodigital.com\/?p=11#article","isPartOf":{"@id":"https:\/\/revistacongresodigital.com\/?p=11"},"author":{"name":"victor llanos","@id":"https:\/\/www.revistacongresodigital.com\/#\/schema\/person\/248dac8d5a278ce133073b146973daeb"},"headline":"AREA ADMINISTRATIVA","datePublished":"2022-01-24T09:23:35+00:00","dateModified":"2022-04-12T19:07:47+00:00","mainEntityOfPage":{"@id":"https:\/\/revistacongresodigital.com\/?p=11"},"wordCount":3039,"commentCount":0,"publisher":{"@id":"https:\/\/www.revistacongresodigital.com\/#organization"},"image":{"@id":"https:\/\/revistacongresodigital.com\/?p=11#primaryimage"},"thumbnailUrl":"https:\/\/revistacongresodigital.com\/wp-content\/uploads\/2015\/01\/60-1637266335.webp","articleSection":["CONGRESO"],"inLanguage":"es","potentialAction":[{"@type":"CommentAction","name":"Comment","target":["https:\/\/revistacongresodigital.com\/?p=11#respond"]}]},{"@type":"WebPage","@id":"https:\/\/revistacongresodigital.com\/?p=11","url":"https:\/\/revistacongresodigital.com\/?p=11","name":"AREA ADMINISTRATIVA - Revista Congreso Digital","isPartOf":{"@id":"https:\/\/www.revistacongresodigital.com\/#website"},"primaryImageOfPage":{"@id":"https:\/\/revistacongresodigital.com\/?p=11#primaryimage"},"image":{"@id":"https:\/\/revistacongresodigital.com\/?p=11#primaryimage"},"thumbnailUrl":"https:\/\/revistacongresodigital.com\/wp-content\/uploads\/2015\/01\/60-1637266335.webp","datePublished":"2022-01-24T09:23:35+00:00","dateModified":"2022-04-12T19:07:47+00:00","breadcrumb":{"@id":"https:\/\/revistacongresodigital.com\/?p=11#breadcrumb"},"inLanguage":"es","potentialAction":[{"@type":"ReadAction","target":["https:\/\/revistacongresodigital.com\/?p=11"]}]},{"@type":"ImageObject","inLanguage":"es","@id":"https:\/\/revistacongresodigital.com\/?p=11#primaryimage","url":"https:\/\/revistacongresodigital.com\/wp-content\/uploads\/2015\/01\/60-1637266335.webp","contentUrl":"https:\/\/revistacongresodigital.com\/wp-content\/uploads\/2015\/01\/60-1637266335.webp","width":600,"height":450},{"@type":"BreadcrumbList","@id":"https:\/\/revistacongresodigital.com\/?p=11#breadcrumb","itemListElement":[{"@type":"ListItem","position":1,"name":"Portada","item":"https:\/\/www.revistacongresodigital.com\/"},{"@type":"ListItem","position":2,"name":"AREA ADMINISTRATIVA"}]},{"@type":"WebSite","@id":"https:\/\/www.revistacongresodigital.com\/#website","url":"https:\/\/www.revistacongresodigital.com\/","name":"Revista Congreso Digital","description":"Revista Congreso Digital","publisher":{"@id":"https:\/\/www.revistacongresodigital.com\/#organization"},"potentialAction":[{"@type":"SearchAction","target":{"@type":"EntryPoint","urlTemplate":"https:\/\/www.revistacongresodigital.com\/?s={search_term_string}"},"query-input":{"@type":"PropertyValueSpecification","valueRequired":true,"valueName":"search_term_string"}}],"inLanguage":"es"},{"@type":"Organization","@id":"https:\/\/www.revistacongresodigital.com\/#organization","name":"Revista Congreso Digital","url":"https:\/\/www.revistacongresodigital.com\/","logo":{"@type":"ImageObject","inLanguage":"es","@id":"https:\/\/www.revistacongresodigital.com\/#\/schema\/logo\/image\/","url":"https:\/\/revistacongresodigital.com\/wp-content\/uploads\/2022\/03\/cropped-FIRMA-JP-e1648679804884.png","contentUrl":"https:\/\/revistacongresodigital.com\/wp-content\/uploads\/2022\/03\/cropped-FIRMA-JP-e1648679804884.png","width":512,"height":512,"caption":"Revista Congreso Digital"},"image":{"@id":"https:\/\/www.revistacongresodigital.com\/#\/schema\/logo\/image\/"}},{"@type":"Person","@id":"https:\/\/www.revistacongresodigital.com\/#\/schema\/person\/248dac8d5a278ce133073b146973daeb","name":"victor llanos","image":{"@type":"ImageObject","inLanguage":"es","@id":"https:\/\/revistacongresodigital.com\/wp-content\/litespeed\/avatar\/0aa58a63733ef2a778942c0043fd27a1.jpg?ver=1777151316","url":"https:\/\/revistacongresodigital.com\/wp-content\/litespeed\/avatar\/0aa58a63733ef2a778942c0043fd27a1.jpg?ver=1777151316","contentUrl":"https:\/\/revistacongresodigital.com\/wp-content\/litespeed\/avatar\/0aa58a63733ef2a778942c0043fd27a1.jpg?ver=1777151316","caption":"victor llanos"},"url":"https:\/\/revistacongresodigital.com\/?author=3"}]}},"_links":{"self":[{"href":"https:\/\/revistacongresodigital.com\/index.php?rest_route=\/wp\/v2\/posts\/11","targetHints":{"allow":["GET"]}}],"collection":[{"href":"https:\/\/revistacongresodigital.com\/index.php?rest_route=\/wp\/v2\/posts"}],"about":[{"href":"https:\/\/revistacongresodigital.com\/index.php?rest_route=\/wp\/v2\/types\/post"}],"author":[{"embeddable":true,"href":"https:\/\/revistacongresodigital.com\/index.php?rest_route=\/wp\/v2\/users\/3"}],"replies":[{"embeddable":true,"href":"https:\/\/revistacongresodigital.com\/index.php?rest_route=%2Fwp%2Fv2%2Fcomments&post=11"}],"version-history":[{"count":13,"href":"https:\/\/revistacongresodigital.com\/index.php?rest_route=\/wp\/v2\/posts\/11\/revisions"}],"predecessor-version":[{"id":1501,"href":"https:\/\/revistacongresodigital.com\/index.php?rest_route=\/wp\/v2\/posts\/11\/revisions\/1501"}],"wp:featuredmedia":[{"embeddable":true,"href":"https:\/\/revistacongresodigital.com\/index.php?rest_route=\/wp\/v2\/media\/1204"}],"wp:attachment":[{"href":"https:\/\/revistacongresodigital.com\/index.php?rest_route=%2Fwp%2Fv2%2Fmedia&parent=11"}],"wp:term":[{"taxonomy":"category","embeddable":true,"href":"https:\/\/revistacongresodigital.com\/index.php?rest_route=%2Fwp%2Fv2%2Fcategories&post=11"},{"taxonomy":"post_tag","embeddable":true,"href":"https:\/\/revistacongresodigital.com\/index.php?rest_route=%2Fwp%2Fv2%2Ftags&post=11"}],"curies":[{"name":"wp","href":"https:\/\/api.w.org\/{rel}","templated":true}]}}